{"id":12563,"date":"2009-02-28T18:58:29","date_gmt":"2009-02-28T17:58:29","guid":{"rendered":"http:\/\/www.visit-ulcinj.com\/blog\/?p=12563"},"modified":"2009-02-28T20:00:28","modified_gmt":"2009-02-28T19:00:28","slug":"adela-dhe-mimoza-komente-per-gjumin","status":"publish","type":"post","link":"https:\/\/www.visit-ulcinj.com\/blog\/2009\/02\/28\/adela-dhe-mimoza-komente-per-gjumin\/","title":{"rendered":"Adela dhe Mimoza : Komente p\u00ebr gjumin"},"content":{"rendered":"<p><a href=\"http:\/\/www.visit-ulcinj.com\/blog\/wp-content\/uploads\/2009\/02\/adelajdamoza.jpg\"><img loading=\"lazy\" class=\"alignleft size-full wp-image-12584\" title=\"adelajdamoza\" src=\"http:\/\/www.visit-ulcinj.com\/blog\/wp-content\/uploads\/2009\/02\/adelajdamoza.jpg\" alt=\"adelajdamoza\" width=\"300\" height=\"205\" \/><\/a>Adela dhe Mimoza : Komente p\u00ebr gjumin<br \/>\n<em><span class=\"newsdate\">28\/02\/09 11:25<\/span><\/em><\/p>\n<p>Adela dhe Moza zgjohen nga gjumi dhe komentojn\u00eb se si kan\u00eb fjetur gjat\u00eb nat\u00ebs. Ato ankohen se nuk kan\u00eb fjatur rehat t\u00eb dyja dhe se her\u00eb tjet\u00ebr nuk do flen\u00eb m\u00eb bashk\u00eb. Ato e diskutojn\u00eb k\u00ebt\u00eb edhe me Adin dhe Aid\u00ebn. Adela shprehet se e ka m\u00ebrzitur Arjoni gjith\u00eb nat\u00ebn, duke i prishur rehatin\u00eb dhe se krevati nuk i nxinte. Adi i thot\u00eb se ishte krevati i Erjol\u00ebs bosh dhe se Arjoni mund t\u00eb flinte aty, kurse vajzat mund t\u00eb flinin t\u00eb dyja tek krevati ku fjeti Arjoni. Adelajda ja kthen se ai donte t\u00eb flinte af\u00ebr Zhuljet\u00ebs. Adi i thot\u00eb se ai mund t\u00eb k\u00ebrkoj\u00eb dhe her\u00eb tjet\u00ebr t\u00eb flej\u00eb aty por Moza ja kthen se nuk do ta lejoj\u00eb m\u00eb. Edhe Aida u thot\u00eb vajzave se dhe ajo me Lirit\u00ebn me zor flen\u00eb bashk\u00eb por, tek krevati af\u00ebr murit e kan\u00eb m\u00eb t\u00eb leht\u00eb.<\/p>\n","protected":false},"excerpt":{"rendered":"<p>Adela dhe Mimoza : Komente p\u00ebr gjumin 28\/02\/09 11:25 Adela dhe Moza zgjohen nga gjumi dhe komentojn\u00eb se si kan\u00eb fjetur gjat\u00eb nat\u00ebs. Ato ankohen se nuk kan\u00eb fjatur rehat t\u00eb dyja dhe se her\u00eb tjet\u00ebr nuk do flen\u00eb m\u00eb bashk\u00eb. Ato e diskutojn\u00eb k\u00ebt\u00eb edhe me Adin dhe Aid\u00ebn. Adela shprehet se e ka [&hellip;]<\/p>\n","protected":false},"author":1,"featured_media":0,"comment_status":"open","ping_status":"closed","sticky":false,"template":"","format":"standard","meta":{"spay_email":"","jetpack_publicize_message":"","jetpack_is_tweetstorm":false,"jetpack_publicize_feature_enabled":true},"categories":[6502],"tags":[6736,6562,5057,6506,6712,7129,6568,7302,6891,6693,6887],"jetpack_publicize_connections":[],"yoast_head":"<!-- This site is optimized with the Yoast SEO plugin v19.1 - https:\/\/yoast.com\/wordpress\/plugins\/seo\/ -->\n<title>Adela dhe Mimoza : Komente p\u00c3\u00abr gjumin - Big Brother Albania<\/title>\n<meta name=\"description\" content=\"Big Brother Albania - Adela dhe Moza zgjohen nga gjumi dhe komentojn\u00c3\u00ab se si kan\u00c3\u00ab fjetur gjat\u00c3\u00ab nat\u00c3\u00abs.\" \/>\n<meta name=\"robots\" content=\"index, follow, max-snippet:-1, max-image-preview:large, max-video-preview:-1\" \/>\n<link rel=\"canonical\" href=\"https:\/\/www.visit-ulcinj.com\/blog\/2009\/02\/28\/adela-dhe-mimoza-komente-per-gjumin\/\" \/>\n<meta property=\"og:locale\" content=\"en_US\" \/>\n<meta property=\"og:type\" content=\"article\" \/>\n<meta property=\"og:title\" content=\"Adela dhe Mimoza : Komente p\u00c3\u00abr gjumin - Big Brother Albania\" \/>\n<meta property=\"og:description\" content=\"Big Brother Albania - Adela dhe Moza zgjohen nga gjumi dhe komentojn\u00c3\u00ab se si kan\u00c3\u00ab fjetur gjat\u00c3\u00ab nat\u00c3\u00abs.\" \/>\n<meta property=\"og:url\" content=\"https:\/\/www.visit-ulcinj.com\/blog\/2009\/02\/28\/adela-dhe-mimoza-komente-per-gjumin\/\" \/>\n<meta property=\"og:site_name\" content=\"Lajme nga Ulqini\" \/>\n<meta property=\"article:published_time\" content=\"2009-02-28T17:58:29+00:00\" \/>\n<meta property=\"article:modified_time\" content=\"2009-02-28T19:00:28+00:00\" \/>\n<meta property=\"og:image\" content=\"http:\/\/www.visit-ulcinj.com\/blog\/wp-content\/uploads\/2009\/02\/adelajdamoza.jpg\" \/>\n<meta name=\"twitter:label1\" content=\"Written by\" \/>\n\t<meta name=\"twitter:data1\" content=\"ulqini\" \/>\n\t<meta name=\"twitter:label2\" content=\"Est. reading time\" \/>\n\t<meta name=\"twitter:data2\" content=\"1 minute\" \/>\n<script type=\"application\/ld+json\" class=\"yoast-schema-graph\">{\"@context\":\"https:\/\/schema.org\",\"@graph\":[{\"@type\":\"WebSite\",\"@id\":\"https:\/\/www.visit-ulcinj.com\/blog\/#website\",\"url\":\"https:\/\/www.visit-ulcinj.com\/blog\/\",\"name\":\"Lajme nga Ulqini\",\"description\":\"Lajme,Vijesti,Ulqini,Ulqin,Crna Gora,Mali i Zi\",\"potentialAction\":[{\"@type\":\"SearchAction\",\"target\":{\"@type\":\"EntryPoint\",\"urlTemplate\":\"https:\/\/www.visit-ulcinj.com\/blog\/?s={search_term_string}\"},\"query-input\":\"required name=search_term_string\"}],\"inLanguage\":\"en-US\"},{\"@type\":\"ImageObject\",\"inLanguage\":\"en-US\",\"@id\":\"https:\/\/www.visit-ulcinj.com\/blog\/2009\/02\/28\/adela-dhe-mimoza-komente-per-gjumin\/#primaryimage\",\"url\":\"http:\/\/www.visit-ulcinj.com\/blog\/wp-content\/uploads\/2009\/02\/adelajdamoza.jpg\",\"contentUrl\":\"http:\/\/www.visit-ulcinj.com\/blog\/wp-content\/uploads\/2009\/02\/adelajdamoza.jpg\"},{\"@type\":\"WebPage\",\"@id\":\"https:\/\/www.visit-ulcinj.com\/blog\/2009\/02\/28\/adela-dhe-mimoza-komente-per-gjumin\/#webpage\",\"url\":\"https:\/\/www.visit-ulcinj.com\/blog\/2009\/02\/28\/adela-dhe-mimoza-komente-per-gjumin\/\",\"name\":\"Adela dhe Mimoza : Komente p\u00c3\u00abr gjumin - Big Brother Albania\",\"isPartOf\":{\"@id\":\"https:\/\/www.visit-ulcinj.com\/blog\/#website\"},\"primaryImageOfPage\":{\"@id\":\"https:\/\/www.visit-ulcinj.com\/blog\/2009\/02\/28\/adela-dhe-mimoza-komente-per-gjumin\/#primaryimage\"},\"datePublished\":\"2009-02-28T17:58:29+00:00\",\"dateModified\":\"2009-02-28T19:00:28+00:00\",\"author\":{\"@id\":\"https:\/\/www.visit-ulcinj.com\/blog\/#\/schema\/person\/dcab619c614d3038751c63bc2aadc06d\"},\"description\":\"Big Brother Albania - Adela dhe Moza zgjohen nga gjumi dhe komentojn\u00c3\u00ab se si kan\u00c3\u00ab fjetur gjat\u00c3\u00ab nat\u00c3\u00abs.\",\"breadcrumb\":{\"@id\":\"https:\/\/www.visit-ulcinj.com\/blog\/2009\/02\/28\/adela-dhe-mimoza-komente-per-gjumin\/#breadcrumb\"},\"inLanguage\":\"en-US\",\"potentialAction\":[{\"@type\":\"ReadAction\",\"target\":[\"https:\/\/www.visit-ulcinj.com\/blog\/2009\/02\/28\/adela-dhe-mimoza-komente-per-gjumin\/\"]}]},{\"@type\":\"BreadcrumbList\",\"@id\":\"https:\/\/www.visit-ulcinj.com\/blog\/2009\/02\/28\/adela-dhe-mimoza-komente-per-gjumin\/#breadcrumb\",\"itemListElement\":[{\"@type\":\"ListItem\",\"position\":1,\"name\":\"Adela dhe Mimoza : Komente p\u00ebr gjumin\"}]},{\"@type\":\"Person\",\"@id\":\"https:\/\/www.visit-ulcinj.com\/blog\/#\/schema\/person\/dcab619c614d3038751c63bc2aadc06d\",\"name\":\"ulqini\",\"sameAs\":[\"http:\/\/www.visit-ulcinj.com\"],\"url\":\"https:\/\/www.visit-ulcinj.com\/blog\/author\/admin\/\"}]}<\/script>\n<!-- \/ Yoast SEO plugin. -->","yoast_head_json":{"title":"Adela dhe Mimoza : Komente p\u00c3\u00abr gjumin - Big Brother Albania","description":"Big Brother Albania - Adela dhe Moza zgjohen nga gjumi dhe komentojn\u00c3\u00ab se si kan\u00c3\u00ab fjetur gjat\u00c3\u00ab nat\u00c3\u00abs.","robots":{"index":"index","follow":"follow","max-snippet":"max-snippet:-1","max-image-preview":"max-image-preview:large","max-video-preview":"max-video-preview:-1"},"canonical":"https:\/\/www.visit-ulcinj.com\/blog\/2009\/02\/28\/adela-dhe-mimoza-komente-per-gjumin\/","og_locale":"en_US","og_type":"article","og_title":"Adela dhe Mimoza : Komente p\u00c3\u00abr gjumin - Big Brother Albania","og_description":"Big Brother Albania - Adela dhe Moza zgjohen nga gjumi dhe komentojn\u00c3\u00ab se si kan\u00c3\u00ab fjetur gjat\u00c3\u00ab nat\u00c3\u00abs.","og_url":"https:\/\/www.visit-ulcinj.com\/blog\/2009\/02\/28\/adela-dhe-mimoza-komente-per-gjumin\/","og_site_name":"Lajme nga Ulqini","article_published_time":"2009-02-28T17:58:29+00:00","article_modified_time":"2009-02-28T19:00:28+00:00","og_image":[{"url":"http:\/\/www.visit-ulcinj.com\/blog\/wp-content\/uploads\/2009\/02\/adelajdamoza.jpg"}],"twitter_misc":{"Written by":"ulqini","Est. reading time":"1 minute"},"schema":{"@context":"https:\/\/schema.org","@graph":[{"@type":"WebSite","@id":"https:\/\/www.visit-ulcinj.com\/blog\/#website","url":"https:\/\/www.visit-ulcinj.com\/blog\/","name":"Lajme nga Ulqini","description":"Lajme,Vijesti,Ulqini,Ulqin,Crna Gora,Mali i Zi","potentialAction":[{"@type":"SearchAction","target":{"@type":"EntryPoint","urlTemplate":"https:\/\/www.visit-ulcinj.com\/blog\/?s={search_term_string}"},"query-input":"required name=search_term_string"}],"inLanguage":"en-US"},{"@type":"ImageObject","inLanguage":"en-US","@id":"https:\/\/www.visit-ulcinj.com\/blog\/2009\/02\/28\/adela-dhe-mimoza-komente-per-gjumin\/#primaryimage","url":"http:\/\/www.visit-ulcinj.com\/blog\/wp-content\/uploads\/2009\/02\/adelajdamoza.jpg","contentUrl":"http:\/\/www.visit-ulcinj.com\/blog\/wp-content\/uploads\/2009\/02\/adelajdamoza.jpg"},{"@type":"WebPage","@id":"https:\/\/www.visit-ulcinj.com\/blog\/2009\/02\/28\/adela-dhe-mimoza-komente-per-gjumin\/#webpage","url":"https:\/\/www.visit-ulcinj.com\/blog\/2009\/02\/28\/adela-dhe-mimoza-komente-per-gjumin\/","name":"Adela dhe Mimoza : Komente p\u00c3\u00abr gjumin - Big Brother Albania","isPartOf":{"@id":"https:\/\/www.visit-ulcinj.com\/blog\/#website"},"primaryImageOfPage":{"@id":"https:\/\/www.visit-ulcinj.com\/blog\/2009\/02\/28\/adela-dhe-mimoza-komente-per-gjumin\/#primaryimage"},"datePublished":"2009-02-28T17:58:29+00:00","dateModified":"2009-02-28T19:00:28+00:00","author":{"@id":"https:\/\/www.visit-ulcinj.com\/blog\/#\/schema\/person\/dcab619c614d3038751c63bc2aadc06d"},"description":"Big Brother Albania - Adela dhe Moza zgjohen nga gjumi dhe komentojn\u00c3\u00ab se si kan\u00c3\u00ab fjetur gjat\u00c3\u00ab nat\u00c3\u00abs.","breadcrumb":{"@id":"https:\/\/www.visit-ulcinj.com\/blog\/2009\/02\/28\/adela-dhe-mimoza-komente-per-gjumin\/#breadcrumb"},"inLanguage":"en-US","potentialAction":[{"@type":"ReadAction","target":["https:\/\/www.visit-ulcinj.com\/blog\/2009\/02\/28\/adela-dhe-mimoza-komente-per-gjumin\/"]}]},{"@type":"BreadcrumbList","@id":"https:\/\/www.visit-ulcinj.com\/blog\/2009\/02\/28\/adela-dhe-mimoza-komente-per-gjumin\/#breadcrumb","itemListElement":[{"@type":"ListItem","position":1,"name":"Adela dhe Mimoza : Komente p\u00ebr gjumin"}]},{"@type":"Person","@id":"https:\/\/www.visit-ulcinj.com\/blog\/#\/schema\/person\/dcab619c614d3038751c63bc2aadc06d","name":"ulqini","sameAs":["http:\/\/www.visit-ulcinj.com"],"url":"https:\/\/www.visit-ulcinj.com\/blog\/author\/admin\/"}]}},"jetpack_featured_media_url":"","jetpack_sharing_enabled":true,"jetpack_shortlink":"https:\/\/wp.me\/pe6lTn-3gD","_links":{"self":[{"href":"https:\/\/www.visit-ulcinj.com\/blog\/wp-json\/wp\/v2\/posts\/12563"}],"collection":[{"href":"https:\/\/www.visit-ulcinj.com\/blog\/wp-json\/wp\/v2\/posts"}],"about":[{"href":"https:\/\/www.visit-ulcinj.com\/blog\/wp-json\/wp\/v2\/types\/post"}],"author":[{"embeddable":true,"href":"https:\/\/www.visit-ulcinj.com\/blog\/wp-json\/wp\/v2\/users\/1"}],"replies":[{"embeddable":true,"href":"https:\/\/www.visit-ulcinj.com\/blog\/wp-json\/wp\/v2\/comments?post=12563"}],"version-history":[{"count":0,"href":"https:\/\/www.visit-ulcinj.com\/blog\/wp-json\/wp\/v2\/posts\/12563\/revisions"}],"wp:attachment":[{"href":"https:\/\/www.visit-ulcinj.com\/blog\/wp-json\/wp\/v2\/media?parent=12563"}],"wp:term":[{"taxonomy":"category","embeddable":true,"href":"https:\/\/www.visit-ulcinj.com\/blog\/wp-json\/wp\/v2\/categories?post=12563"},{"taxonomy":"post_tag","embeddable":true,"href":"https:\/\/www.visit-ulcinj.com\/blog\/wp-json\/wp\/v2\/tags?post=12563"}],"curies":[{"name":"wp","href":"https:\/\/api.w.org\/{rel}","templated":true}]}}