{"id":12565,"date":"2009-02-28T19:02:40","date_gmt":"2009-02-28T18:02:40","guid":{"rendered":"http:\/\/www.visit-ulcinj.com\/blog\/?p=12565"},"modified":"2009-02-28T19:02:40","modified_gmt":"2009-02-28T18:02:40","slug":"kryefamiljari-big-brother-albania","status":"publish","type":"post","link":"https:\/\/www.visit-ulcinj.com\/blog\/2009\/02\/28\/kryefamiljari-big-brother-albania\/","title":{"rendered":"Kryefamiljari &#8211; Big Brother Albania"},"content":{"rendered":"<p><em><span class=\"newsdate\"><a href=\"http:\/\/www.visit-ulcinj.com\/blog\/wp-content\/uploads\/2009\/02\/kryefamiljari.jpg\"><img loading=\"lazy\" class=\"alignleft size-full wp-image-12566\" title=\"kryefamiljari-big-brother-albania\" src=\"http:\/\/www.visit-ulcinj.com\/blog\/wp-content\/uploads\/2009\/02\/kryefamiljari.jpg\" alt=\"kryefamiljari-big-brother-albania\" width=\"300\" height=\"205\" \/><\/a>28\/02\/09 12:08<\/span><\/em><\/p>\n<p>Banor\u00ebt diskutojn\u00eb se cili do t\u00eb b\u00ebhet kryefamiljari p\u00ebr k\u00ebt\u00eb jav\u00eb. Dritani u tregon t\u00eb tjer\u00ebve se Sori ka dh\u00ebn\u00eb dor\u00ebheqjen nga kjo detyr\u00eb dhe se duhet t\u00eb zgjidhet nj\u00eb tjet\u00ebr. Kur Adelajda e kishte pyetur, Sori kishte th\u00ebn\u00eb se le t\u00eb b\u00ebhet Tani pasardh\u00ebsi i tij dhe Dritani \u00ebsht\u00eb dakord q\u00eb ta vazhdoj\u00eb por, duke marr\u00eb edhe p\u00eblqimin e t\u00eb tjer\u00ebve. Zhuljeta thot\u00eb se t\u00eb gjith\u00eb duan t\u00eb jen\u00eb kryefamiljar\u00eb. Dritani mendon se \u00ebsht\u00eb m\u00eb mir\u00eb q\u00eb p\u00ebr cdo jav\u00eb t\u00eb jet\u00eb nj\u00eb i ndrysh\u00ebm dhe n\u00eb k\u00ebt\u00eb m\u00ebnyr\u00eb t\u00eb gjith\u00eb e provojn\u00eb. Adelajda vendos se nuk do b\u00ebhet kryefamiljare sepse nuk e b\u00ebn dot. T\u00eb gjith\u00eb bien dakord q\u00eb ta provojn\u00eb me radh\u00eb duke e vendosur k\u00ebshtu me konsensus. Arjoni i thot\u00eb Aid\u00ebs se ata t\u00eb dy b\u00ebjn\u00eb mir\u00eb t\u00eb mos flasin e t\u00eb ulin kok\u00ebn sepse nuk i dihet do jen\u00eb m\u00eb apo jo n\u00eb sht\u00ebpin\u00eb e BigBrother. Dritani i thot\u00eb se duhet t\u00eb flasin sikur jan\u00eb k\u00ebtu sepse asgj\u00eb nuk dihet. Edhe Aida mendon se ashtu duhet t\u00eb flasin dhe se ashtu do t\u00eb flas\u00eb deri n\u00eb fund.<\/p>\n","protected":false},"excerpt":{"rendered":"<p>28\/02\/09 12:08 Banor\u00ebt diskutojn\u00eb se cili do t\u00eb b\u00ebhet kryefamiljari p\u00ebr k\u00ebt\u00eb jav\u00eb. Dritani u tregon t\u00eb tjer\u00ebve se Sori ka dh\u00ebn\u00eb dor\u00ebheqjen nga kjo detyr\u00eb dhe se duhet t\u00eb zgjidhet nj\u00eb tjet\u00ebr. Kur Adelajda e kishte pyetur, Sori kishte th\u00ebn\u00eb se le t\u00eb b\u00ebhet Tani pasardh\u00ebsi i tij dhe Dritani \u00ebsht\u00eb dakord q\u00eb ta [&hellip;]<\/p>\n","protected":false},"author":1,"featured_media":0,"comment_status":"open","ping_status":"closed","sticky":false,"template":"","format":"standard","meta":{"spay_email":"","jetpack_publicize_message":"","jetpack_is_tweetstorm":false,"jetpack_publicize_feature_enabled":true},"categories":[6502],"tags":[6562,6566,5057,6506,6712,7129,7305,7303,6900,7304,1389,6891,6693,6887],"jetpack_publicize_connections":[],"yoast_head":"<!-- This site is optimized with the Yoast SEO plugin v19.1 - https:\/\/yoast.com\/wordpress\/plugins\/seo\/ -->\n<title>Kryefamiljari - Big Brother Albania<\/title>\n<meta name=\"description\" content=\"Big Brother Albania - Banor\u00c3\u00abt diskutojn\u00c3\u00ab se cili do t\u00c3\u00ab b\u00c3\u00abhet kryefamiljari p\u00c3\u00abr k\u00c3\u00abt\u00c3\u00ab jav\u00c3\u00ab.\" \/>\n<meta name=\"robots\" content=\"index, follow, max-snippet:-1, max-image-preview:large, max-video-preview:-1\" \/>\n<link rel=\"canonical\" href=\"https:\/\/www.visit-ulcinj.com\/blog\/2009\/02\/28\/kryefamiljari-big-brother-albania\/\" \/>\n<meta property=\"og:locale\" content=\"en_US\" \/>\n<meta property=\"og:type\" content=\"article\" \/>\n<meta property=\"og:title\" content=\"Kryefamiljari - Big Brother Albania\" \/>\n<meta property=\"og:description\" content=\"Big Brother Albania - Banor\u00c3\u00abt diskutojn\u00c3\u00ab se cili do t\u00c3\u00ab b\u00c3\u00abhet kryefamiljari p\u00c3\u00abr k\u00c3\u00abt\u00c3\u00ab jav\u00c3\u00ab.\" \/>\n<meta property=\"og:url\" content=\"https:\/\/www.visit-ulcinj.com\/blog\/2009\/02\/28\/kryefamiljari-big-brother-albania\/\" \/>\n<meta property=\"og:site_name\" content=\"Lajme nga Ulqini\" \/>\n<meta property=\"article:published_time\" content=\"2009-02-28T18:02:40+00:00\" \/>\n<meta property=\"og:image\" content=\"http:\/\/www.visit-ulcinj.com\/blog\/wp-content\/uploads\/2009\/02\/kryefamiljari.jpg\" \/>\n<meta name=\"twitter:label1\" content=\"Written by\" \/>\n\t<meta name=\"twitter:data1\" content=\"ulqini\" \/>\n\t<meta name=\"twitter:label2\" content=\"Est. reading time\" \/>\n\t<meta name=\"twitter:data2\" content=\"1 minute\" \/>\n<script type=\"application\/ld+json\" class=\"yoast-schema-graph\">{\"@context\":\"https:\/\/schema.org\",\"@graph\":[{\"@type\":\"WebSite\",\"@id\":\"https:\/\/www.visit-ulcinj.com\/blog\/#website\",\"url\":\"https:\/\/www.visit-ulcinj.com\/blog\/\",\"name\":\"Lajme nga Ulqini\",\"description\":\"Lajme,Vijesti,Ulqini,Ulqin,Crna Gora,Mali i Zi\",\"potentialAction\":[{\"@type\":\"SearchAction\",\"target\":{\"@type\":\"EntryPoint\",\"urlTemplate\":\"https:\/\/www.visit-ulcinj.com\/blog\/?s={search_term_string}\"},\"query-input\":\"required name=search_term_string\"}],\"inLanguage\":\"en-US\"},{\"@type\":\"ImageObject\",\"inLanguage\":\"en-US\",\"@id\":\"https:\/\/www.visit-ulcinj.com\/blog\/2009\/02\/28\/kryefamiljari-big-brother-albania\/#primaryimage\",\"url\":\"http:\/\/www.visit-ulcinj.com\/blog\/wp-content\/uploads\/2009\/02\/kryefamiljari.jpg\",\"contentUrl\":\"http:\/\/www.visit-ulcinj.com\/blog\/wp-content\/uploads\/2009\/02\/kryefamiljari.jpg\"},{\"@type\":\"WebPage\",\"@id\":\"https:\/\/www.visit-ulcinj.com\/blog\/2009\/02\/28\/kryefamiljari-big-brother-albania\/#webpage\",\"url\":\"https:\/\/www.visit-ulcinj.com\/blog\/2009\/02\/28\/kryefamiljari-big-brother-albania\/\",\"name\":\"Kryefamiljari - Big Brother Albania\",\"isPartOf\":{\"@id\":\"https:\/\/www.visit-ulcinj.com\/blog\/#website\"},\"primaryImageOfPage\":{\"@id\":\"https:\/\/www.visit-ulcinj.com\/blog\/2009\/02\/28\/kryefamiljari-big-brother-albania\/#primaryimage\"},\"datePublished\":\"2009-02-28T18:02:40+00:00\",\"dateModified\":\"2009-02-28T18:02:40+00:00\",\"author\":{\"@id\":\"https:\/\/www.visit-ulcinj.com\/blog\/#\/schema\/person\/dcab619c614d3038751c63bc2aadc06d\"},\"description\":\"Big Brother Albania - Banor\u00c3\u00abt diskutojn\u00c3\u00ab se cili do t\u00c3\u00ab b\u00c3\u00abhet kryefamiljari p\u00c3\u00abr k\u00c3\u00abt\u00c3\u00ab jav\u00c3\u00ab.\",\"breadcrumb\":{\"@id\":\"https:\/\/www.visit-ulcinj.com\/blog\/2009\/02\/28\/kryefamiljari-big-brother-albania\/#breadcrumb\"},\"inLanguage\":\"en-US\",\"potentialAction\":[{\"@type\":\"ReadAction\",\"target\":[\"https:\/\/www.visit-ulcinj.com\/blog\/2009\/02\/28\/kryefamiljari-big-brother-albania\/\"]}]},{\"@type\":\"BreadcrumbList\",\"@id\":\"https:\/\/www.visit-ulcinj.com\/blog\/2009\/02\/28\/kryefamiljari-big-brother-albania\/#breadcrumb\",\"itemListElement\":[{\"@type\":\"ListItem\",\"position\":1,\"name\":\"Kryefamiljari &#8211; Big Brother Albania\"}]},{\"@type\":\"Person\",\"@id\":\"https:\/\/www.visit-ulcinj.com\/blog\/#\/schema\/person\/dcab619c614d3038751c63bc2aadc06d\",\"name\":\"ulqini\",\"sameAs\":[\"http:\/\/www.visit-ulcinj.com\"],\"url\":\"https:\/\/www.visit-ulcinj.com\/blog\/author\/admin\/\"}]}<\/script>\n<!-- \/ Yoast SEO plugin. -->","yoast_head_json":{"title":"Kryefamiljari - Big Brother Albania","description":"Big Brother Albania - Banor\u00c3\u00abt diskutojn\u00c3\u00ab se cili do t\u00c3\u00ab b\u00c3\u00abhet kryefamiljari p\u00c3\u00abr k\u00c3\u00abt\u00c3\u00ab jav\u00c3\u00ab.","robots":{"index":"index","follow":"follow","max-snippet":"max-snippet:-1","max-image-preview":"max-image-preview:large","max-video-preview":"max-video-preview:-1"},"canonical":"https:\/\/www.visit-ulcinj.com\/blog\/2009\/02\/28\/kryefamiljari-big-brother-albania\/","og_locale":"en_US","og_type":"article","og_title":"Kryefamiljari - Big Brother Albania","og_description":"Big Brother Albania - Banor\u00c3\u00abt diskutojn\u00c3\u00ab se cili do t\u00c3\u00ab b\u00c3\u00abhet kryefamiljari p\u00c3\u00abr k\u00c3\u00abt\u00c3\u00ab jav\u00c3\u00ab.","og_url":"https:\/\/www.visit-ulcinj.com\/blog\/2009\/02\/28\/kryefamiljari-big-brother-albania\/","og_site_name":"Lajme nga Ulqini","article_published_time":"2009-02-28T18:02:40+00:00","og_image":[{"url":"http:\/\/www.visit-ulcinj.com\/blog\/wp-content\/uploads\/2009\/02\/kryefamiljari.jpg"}],"twitter_misc":{"Written by":"ulqini","Est. reading time":"1 minute"},"schema":{"@context":"https:\/\/schema.org","@graph":[{"@type":"WebSite","@id":"https:\/\/www.visit-ulcinj.com\/blog\/#website","url":"https:\/\/www.visit-ulcinj.com\/blog\/","name":"Lajme nga Ulqini","description":"Lajme,Vijesti,Ulqini,Ulqin,Crna Gora,Mali i Zi","potentialAction":[{"@type":"SearchAction","target":{"@type":"EntryPoint","urlTemplate":"https:\/\/www.visit-ulcinj.com\/blog\/?s={search_term_string}"},"query-input":"required name=search_term_string"}],"inLanguage":"en-US"},{"@type":"ImageObject","inLanguage":"en-US","@id":"https:\/\/www.visit-ulcinj.com\/blog\/2009\/02\/28\/kryefamiljari-big-brother-albania\/#primaryimage","url":"http:\/\/www.visit-ulcinj.com\/blog\/wp-content\/uploads\/2009\/02\/kryefamiljari.jpg","contentUrl":"http:\/\/www.visit-ulcinj.com\/blog\/wp-content\/uploads\/2009\/02\/kryefamiljari.jpg"},{"@type":"WebPage","@id":"https:\/\/www.visit-ulcinj.com\/blog\/2009\/02\/28\/kryefamiljari-big-brother-albania\/#webpage","url":"https:\/\/www.visit-ulcinj.com\/blog\/2009\/02\/28\/kryefamiljari-big-brother-albania\/","name":"Kryefamiljari - Big Brother Albania","isPartOf":{"@id":"https:\/\/www.visit-ulcinj.com\/blog\/#website"},"primaryImageOfPage":{"@id":"https:\/\/www.visit-ulcinj.com\/blog\/2009\/02\/28\/kryefamiljari-big-brother-albania\/#primaryimage"},"datePublished":"2009-02-28T18:02:40+00:00","dateModified":"2009-02-28T18:02:40+00:00","author":{"@id":"https:\/\/www.visit-ulcinj.com\/blog\/#\/schema\/person\/dcab619c614d3038751c63bc2aadc06d"},"description":"Big Brother Albania - Banor\u00c3\u00abt diskutojn\u00c3\u00ab se cili do t\u00c3\u00ab b\u00c3\u00abhet kryefamiljari p\u00c3\u00abr k\u00c3\u00abt\u00c3\u00ab jav\u00c3\u00ab.","breadcrumb":{"@id":"https:\/\/www.visit-ulcinj.com\/blog\/2009\/02\/28\/kryefamiljari-big-brother-albania\/#breadcrumb"},"inLanguage":"en-US","potentialAction":[{"@type":"ReadAction","target":["https:\/\/www.visit-ulcinj.com\/blog\/2009\/02\/28\/kryefamiljari-big-brother-albania\/"]}]},{"@type":"BreadcrumbList","@id":"https:\/\/www.visit-ulcinj.com\/blog\/2009\/02\/28\/kryefamiljari-big-brother-albania\/#breadcrumb","itemListElement":[{"@type":"ListItem","position":1,"name":"Kryefamiljari &#8211; Big Brother Albania"}]},{"@type":"Person","@id":"https:\/\/www.visit-ulcinj.com\/blog\/#\/schema\/person\/dcab619c614d3038751c63bc2aadc06d","name":"ulqini","sameAs":["http:\/\/www.visit-ulcinj.com"],"url":"https:\/\/www.visit-ulcinj.com\/blog\/author\/admin\/"}]}},"jetpack_featured_media_url":"","jetpack_sharing_enabled":true,"jetpack_shortlink":"https:\/\/wp.me\/pe6lTn-3gF","_links":{"self":[{"href":"https:\/\/www.visit-ulcinj.com\/blog\/wp-json\/wp\/v2\/posts\/12565"}],"collection":[{"href":"https:\/\/www.visit-ulcinj.com\/blog\/wp-json\/wp\/v2\/posts"}],"about":[{"href":"https:\/\/www.visit-ulcinj.com\/blog\/wp-json\/wp\/v2\/types\/post"}],"author":[{"embeddable":true,"href":"https:\/\/www.visit-ulcinj.com\/blog\/wp-json\/wp\/v2\/users\/1"}],"replies":[{"embeddable":true,"href":"https:\/\/www.visit-ulcinj.com\/blog\/wp-json\/wp\/v2\/comments?post=12565"}],"version-history":[{"count":0,"href":"https:\/\/www.visit-ulcinj.com\/blog\/wp-json\/wp\/v2\/posts\/12565\/revisions"}],"wp:attachment":[{"href":"https:\/\/www.visit-ulcinj.com\/blog\/wp-json\/wp\/v2\/media?parent=12565"}],"wp:term":[{"taxonomy":"category","embeddable":true,"href":"https:\/\/www.visit-ulcinj.com\/blog\/wp-json\/wp\/v2\/categories?post=12565"},{"taxonomy":"post_tag","embeddable":true,"href":"https:\/\/www.visit-ulcinj.com\/blog\/wp-json\/wp\/v2\/tags?post=12565"}],"curies":[{"name":"wp","href":"https:\/\/api.w.org\/{rel}","templated":true}]}}