{"id":12570,"date":"2009-02-28T19:50:22","date_gmt":"2009-02-28T18:50:22","guid":{"rendered":"http:\/\/www.visit-ulcinj.com\/blog\/?p=12570"},"modified":"2009-02-28T19:50:22","modified_gmt":"2009-02-28T18:50:22","slug":"%e2%80%9culqini%e2%80%9d-fiton-katanen-cmimin-me-te-larte-te-turneut","status":"publish","type":"post","link":"https:\/\/www.visit-ulcinj.com\/blog\/2009\/02\/28\/%e2%80%9culqini%e2%80%9d-fiton-katanen-cmimin-me-te-larte-te-turneut\/","title":{"rendered":"\u201cUlqini\u201d fiton Katan\u00ebn, \u00e7mimin m\u00eb t\u00eb lart\u00eb t\u00eb Turneut"},"content":{"rendered":"<p><strong><a href=\"http:\/\/www.visit-ulcinj.com\/blog\/wp-content\/uploads\/2009\/02\/klubi-i-karates-ulqini.jpg\"><img loading=\"lazy\" class=\"alignleft size-full wp-image-12572\" title=\"klubi-i-karates-ulqini\" src=\"http:\/\/www.visit-ulcinj.com\/blog\/wp-content\/uploads\/2009\/02\/klubi-i-karates-ulqini.jpg\" alt=\"klubi-i-karates-ulqini\" width=\"570\" height=\"400\" \/><\/a>Klubi i karates\u00eb \u201cUlqini\u201d u kuror\u00ebzua me 103 medalje n\u00eb turneun e 3-t\u00eb t\u00eb karates\u00eb \u201cbambi cup 2009\u201d<\/strong><br \/>\nKK \u201cUlqini\u201d fitoi \u00e7mimin m\u00eb t\u00eb madh t\u00eb k\u00ebsaj gare &#8211; Katan\u00ebn, shpat\u00ebn e samuraj\u00ebve, si klubi m\u00eb i suksessh\u00ebm i gar\u00ebs. Garuesit e KK \u201cUlqini\u201d arrit\u00ebn t\u00eb fitojn\u00eb plot 103 medalje: 41 medalje t\u00eb arta, 26 t\u00eb argjendta, 36 t\u00eb bronzta dhe dy kupa. Sipas drejtuesve t\u00eb KK \u201cUlqini\u201d, ky rezultat p\u00ebrb\u00ebn nj\u00eb sukses t\u00eb madh, pasi q\u00eb n\u00eb k\u00ebt\u00eb gar\u00eb mor\u00ebn pjes\u00eb mbi 20 klube t\u00eb karates\u00eb me mbi 500 garues.<br \/>\nT\u00eb diel\u00ebn, m\u00eb 15 shkurt 2009, n\u00eb Podgoric\u00eb u mbajt Turneu i 3-t\u00eb i Karates\u00eb \u201cBambi Cup 2009\u201d, n\u00eb t\u00eb cilin Klubi i Karates\u00eb \u201cUlqini\u201d fitoi \u00e7mimin m\u00eb t\u00eb madh t\u00eb k\u00ebsaj gare &#8211; Katan\u00ebn, shpat\u00ebn e samuraj\u00ebve, si klubi m\u00eb i suksessh\u00ebm i gar\u00ebs.<br \/>\nSipas drejtuesve t\u00eb KK \u201cUlqini\u201d, ky rezultat p\u00ebrb\u00ebn nj\u00eb sukses t\u00eb madh, pasi q\u00eb n\u00eb k\u00ebt\u00eb gar\u00eb mor\u00ebn pjes\u00eb mbi 20 klube t\u00eb karates\u00eb me mbi 500 garues.<br \/>\nGaruesit e KK \u201cUlqini\u201d arrit\u00ebn t\u00eb fitojn\u00eb plot 103 medalje: 41 medalje t\u00eb arta, 26 t\u00eb argjendta, 36 t\u00eb bronzta dhe dy kupa.<br \/>\nN\u00eb k\u00ebt\u00eb m\u00ebnyr\u00eb KK \u201cUlqini\u201d filloi me sukses sezonin e par\u00eb n\u00eb garat vendore, pas Kampionatit Evropian.<br \/>\nKK \u201cUlqini\u201d mori pjes\u00eb n\u00eb k\u00ebt\u00eb gar\u00eb me 80 garues t\u00eb t\u00eb gjitha gjeneratave, prej fatosave deri te senior\u00ebt, t\u00eb cil\u00ebt mor\u00ebn pjes\u00eb n\u00eb disiplinat ekipore dhe individuale, duke p\u00ebrfshir\u00eb k\u00ebtu 10 ekipe, pes\u00eb prej t\u00eb cil\u00ebve zun\u00eb vendin e par\u00eb, dy vendin e dyt\u00eb dhe dy vendin e tretin, nd\u00ebrsa vet\u00ebm nj\u00eb ekip nuk arriti t\u00eb shp\u00ebrblehet me medalje.<br \/>\n\u201cEdhe k\u00ebt\u00eb sezon t\u00eb garave e kemi filluar me suksese t\u00eb shk\u00eblqyeshme si \u00e7do sezon tjet\u00ebr. Jemi t\u00eb bindur q\u00eb edhe ky vit do t\u00eb jet\u00eb vit i sukseseve t\u00eb arta dhe do t\u00eb tentojm\u00eb q\u00eb t\u00eb thyejm\u00eb rekordin e vitit t\u00eb kaluar, gjat\u00eb t\u00eb cilit fituam 71 kupa dhe 820 medalje: 244 t\u00eb arta, 275 t\u00eb argjendta dhe 301 t\u00eb bronzta n\u00eb garat shtet\u00ebrore dhe nd\u00ebrkomb\u00ebtare, n\u00eb disiplinat ekipore dhe individuale\u201d, shprehen kryetrajneri i KK \u201cUlqini\u201d, Ruzhdi Rama, dhe trajner\u00ebt Naim Duraku, Kujtim Sukaliqi dhe Mirsad Nasradini, q\u00eb fal\u00ebnderojn\u00eb sponsor\u00ebt q\u00eb mund\u00ebsuan pjes\u00ebmarrjen e tyre n\u00eb k\u00ebt\u00eb gar\u00eb: \u201cRexha Company\u201d, burektoren \u201cPelivan\u201d, prind\u00ebrit e garuesve, si dhe kryesin\u00eb e Klubit.<br \/>\n<strong>Medaljet<\/strong><br \/>\nShum\u00eb garues t\u00eb KK \u201cUlqini\u201d u shp\u00ebrblyen me medalje t\u00eb arta n\u00eb k\u00ebt\u00eb gar\u00eb. K\u00ebshtu me nga tri medalje t\u00eb arta u kuror\u00ebzuan Blerta Tahiri, Viktor Curoviq, Antigona Rama, me nga dy medalje t\u00eb arta u kuror\u00ebzuan Jehona Musliq, Xhemale Elezi, Gentiana Kuqi, Xhenis Rexhepi, Liridon Elezi dhe Seida Suma, nd\u00ebrsa nga nj\u00eb medalje t\u00eb art\u00eb fituan Dorian Veliq, Edisa Shaba, Ronald Jacoviq, Petar Barlloviq, Pavle Pecoviq, Bledar Kabashi, Rexhep Shaba, Tofik Shurdha, Darko Dashiq, Albion Duraku, Lumdita Paleviq, Angjella Marnikoviq, Branko Gjakonoviq, Jovan Gjakonoviq, Radisa Dashiq, Petar Maroviq, Dardan Ceka, Blerim Sukaliq, Granit Rexha dhe Ramazan Gjeka. P\u00ebrve\u00e7 medaljeve t\u00eb arta, k\u00ebta garues u kuror\u00ebzuan edhe me medalje t\u00eb tjera.<br \/>\nMe nga disa medalje t\u00eb argjendta dhe t\u00eb bronzta u shp\u00ebrblyen: Gentian Kaleziq, Mehmet Gjeka, Diell\u00ebza Rama, Aleksandar Jevriq, Ensar Marshiq, Nermin Suma, Adnan Kuqi, Arbenita \u00c7obi, Durim Kaleziq, Bledar Seferi, Enis Rexha, Ardit Boleviq, Mark Daboviq, Ibrahim Zogaj, Edon Ceka, Shp\u00ebtim Gjeka, Katarina Marnikoviq, Xheneta Gjekoviq, Izabela Ivanoviq, Andrea Llukiq, Enis Shaba, Jeton Luka, Nderim Cuca, Admir Luka, Ardita Gjeka, Ilirjana Paleviq, Edin Kraja, Ilir Muja, Lulzim Suma, Edmond Aliq, Liridon Tula, Dragoljub Dashiq, Ermal Musliq, Muhamet Kraja dhe Sandro Pecoviq.<\/p>\n<p><strong>Koahpress<\/strong><\/p>\n<p><strong>Kto Fotografi jan eskluzivitet t\u00eb web sajtit <a href=\"http:\/\/www.ulqini.de\/shqip.htm\" target=\"_blank\">www.ulqini.de<\/a><\/strong><strong><br \/>\n<\/strong><\/p>\n\n\t\t<style type=\"text\/css\">\n\t\t\t#gallery-1 {\n\t\t\t\tmargin: auto;\n\t\t\t}\n\t\t\t#gallery-1 .gallery-item {\n\t\t\t\tfloat: left;\n\t\t\t\tmargin-top: 10px;\n\t\t\t\ttext-align: center;\n\t\t\t\twidth: 33%;\n\t\t\t}\n\t\t\t#gallery-1 img {\n\t\t\t\tborder: 2px solid #cfcfcf;\n\t\t\t}\n\t\t\t#gallery-1 .gallery-caption {\n\t\t\t\tmargin-left: 0;\n\t\t\t}\n\t\t\t\/* see gallery_shortcode() in wp-includes\/media.php *\/\n\t\t<\/style>\n\t\t<div id='gallery-1' class='gallery galleryid-12570 gallery-columns-3 gallery-size-thumbnail'><dl class='gallery-item'>\n\t\t\t<dt class='gallery-icon landscape'>\n\t\t\t\t<a href='https:\/\/www.visit-ulcinj.com\/blog\/wp-content\/uploads\/2009\/02\/klubi-i-karates-ulqini.jpg'><img width=\"150\" height=\"150\" src=\"https:\/\/www.visit-ulcinj.com\/blog\/wp-content\/uploads\/2009\/02\/klubi-i-karates-ulqini-150x150.jpg\" class=\"attachment-thumbnail size-thumbnail\" alt=\"\" loading=\"lazy\" \/><\/a>\n\t\t\t<\/dt><\/dl><dl class='gallery-item'>\n\t\t\t<dt class='gallery-icon landscape'>\n\t\t\t\t<a href='https:\/\/www.visit-ulcinj.com\/blog\/wp-content\/uploads\/2009\/02\/klubi-i-karates-ulqini-fiton-katanen.jpg'><img width=\"150\" height=\"150\" src=\"https:\/\/www.visit-ulcinj.com\/blog\/wp-content\/uploads\/2009\/02\/klubi-i-karates-ulqini-fiton-katanen-150x150.jpg\" class=\"attachment-thumbnail size-thumbnail\" alt=\"\" loading=\"lazy\" \/><\/a>\n\t\t\t<\/dt><\/dl><dl class='gallery-item'>\n\t\t\t<dt class='gallery-icon landscape'>\n\t\t\t\t<a href='https:\/\/www.visit-ulcinj.com\/blog\/wp-content\/uploads\/2009\/02\/karate-klub-ulqini-_dubrovnikopen2007.jpg'><img width=\"150\" height=\"150\" src=\"https:\/\/www.visit-ulcinj.com\/blog\/wp-content\/uploads\/2009\/02\/karate-klub-ulqini-_dubrovnikopen2007-150x150.jpg\" class=\"attachment-thumbnail size-thumbnail\" alt=\"\" loading=\"lazy\" \/><\/a>\n\t\t\t<\/dt><\/dl><br style=\"clear: both\" \/><dl class='gallery-item'>\n\t\t\t<dt class='gallery-icon landscape'>\n\t\t\t\t<a href='https:\/\/www.visit-ulcinj.com\/blog\/wp-content\/uploads\/2009\/02\/karate-klub-ulqini2.jpg'><img width=\"150\" height=\"150\" src=\"https:\/\/www.visit-ulcinj.com\/blog\/wp-content\/uploads\/2009\/02\/karate-klub-ulqini2-150x150.jpg\" class=\"attachment-thumbnail size-thumbnail\" alt=\"\" loading=\"lazy\" \/><\/a>\n\t\t\t<\/dt><\/dl><dl class='gallery-item'>\n\t\t\t<dt class='gallery-icon landscape'>\n\t\t\t\t<a href='https:\/\/www.visit-ulcinj.com\/blog\/wp-content\/uploads\/2009\/02\/klubi-i-karates-ulqini1.jpg'><img width=\"150\" height=\"150\" src=\"https:\/\/www.visit-ulcinj.com\/blog\/wp-content\/uploads\/2009\/02\/klubi-i-karates-ulqini1-150x150.jpg\" class=\"attachment-thumbnail size-thumbnail\" alt=\"\" loading=\"lazy\" \/><\/a>\n\t\t\t<\/dt><\/dl><dl class='gallery-item'>\n\t\t\t<dt class='gallery-icon landscape'>\n\t\t\t\t<a href='https:\/\/www.visit-ulcinj.com\/blog\/wp-content\/uploads\/2009\/02\/karate-klub-ulqini3.jpg'><img width=\"150\" height=\"150\" src=\"https:\/\/www.visit-ulcinj.com\/blog\/wp-content\/uploads\/2009\/02\/karate-klub-ulqini3-150x150.jpg\" class=\"attachment-thumbnail size-thumbnail\" alt=\"\" loading=\"lazy\" \/><\/a>\n\t\t\t<\/dt><\/dl><br style=\"clear: both\" \/>\n\t\t<\/div>\n\n<!--YouTube Error: bad URL entered-->\n","protected":false},"excerpt":{"rendered":"<p>Klubi i karates\u00eb \u201cUlqini\u201d u kuror\u00ebzua me 103 medalje n\u00eb turneun e 3-t\u00eb t\u00eb karates\u00eb \u201cbambi cup 2009\u201d KK \u201cUlqini\u201d fitoi \u00e7mimin m\u00eb t\u00eb madh t\u00eb k\u00ebsaj gare &#8211; Katan\u00ebn, shpat\u00ebn e samuraj\u00ebve, si klubi m\u00eb i suksessh\u00ebm i gar\u00ebs. Garuesit e KK \u201cUlqini\u201d arrit\u00ebn t\u00eb fitojn\u00eb plot 103 medalje: 41 medalje t\u00eb arta, 26 [&hellip;]<\/p>\n","protected":false},"author":1,"featured_media":0,"comment_status":"open","ping_status":"closed","sticky":false,"template":"","format":"standard","meta":{"spay_email":"","jetpack_publicize_message":"","jetpack_is_tweetstorm":false,"jetpack_publicize_feature_enabled":true},"categories":[3],"tags":[5848,5834,2906,5832,5844,5829,2065,7330,5839,7332,2925,5836,7326,7323,7315,5821,7322,7312,5831,7334,7331,7317,2920,2931,5853,2927,5838,5827,2917,2924,7328,5828,7327,5840,2921,5849,5843,5845,7324,5841,7310,7311,7313,7318,7333,2934,5830,2929,7329,7335,5846,7319,7309,2915,7320,2073,5826,7325,2933,5822,2076,7307,2928,7308,7321,7316,2621,2066,5842,5825,7314,7306],"jetpack_publicize_connections":[],"yoast_head":"<!-- This site is optimized with the Yoast SEO plugin v19.1 - https:\/\/yoast.com\/wordpress\/plugins\/seo\/ -->\n<title>\u201cUlqini\u201d fiton Katan\u00ebn, \u00e7mimin m\u00eb t\u00eb lart\u00eb t\u00eb Turneut - Lajme nga Ulqini<\/title>\n<meta name=\"description\" content=\"Klubi i karates\u00eb \u201cUlqini\u201d u kuror\u00ebzua me 103 medalje n\u00eb turneun e 3-t\u00eb t\u00eb karates\u00eb \u201cbambi cup 2009\u201d KK \u201cUlqini\u201d fitoi \u00e7mimin m\u00eb t\u00eb madh t\u00eb k\u00ebsaj gare -\" \/>\n<meta name=\"robots\" content=\"index, follow, max-snippet:-1, max-image-preview:large, max-video-preview:-1\" \/>\n<link rel=\"canonical\" href=\"https:\/\/www.visit-ulcinj.com\/blog\/2009\/02\/28\/\u201culqini\u201d-fiton-katanen-cmimin-me-te-larte-te-turneut\/\" \/>\n<meta property=\"og:locale\" content=\"en_US\" \/>\n<meta property=\"og:type\" content=\"article\" \/>\n<meta property=\"og:title\" content=\"\u201cUlqini\u201d fiton Katan\u00ebn, \u00e7mimin m\u00eb t\u00eb lart\u00eb t\u00eb Turneut - Lajme nga Ulqini\" \/>\n<meta property=\"og:description\" content=\"Klubi i karates\u00eb \u201cUlqini\u201d u kuror\u00ebzua me 103 medalje n\u00eb turneun e 3-t\u00eb t\u00eb karates\u00eb \u201cbambi cup 2009\u201d KK \u201cUlqini\u201d fitoi \u00e7mimin m\u00eb t\u00eb madh t\u00eb k\u00ebsaj gare -\" \/>\n<meta property=\"og:url\" content=\"https:\/\/www.visit-ulcinj.com\/blog\/2009\/02\/28\/\u201culqini\u201d-fiton-katanen-cmimin-me-te-larte-te-turneut\/\" \/>\n<meta property=\"og:site_name\" content=\"Lajme nga Ulqini\" \/>\n<meta property=\"article:published_time\" content=\"2009-02-28T18:50:22+00:00\" \/>\n<meta property=\"og:image\" content=\"https:\/\/www.visit-ulcinj.com\/blog\/wp-content\/uploads\/2009\/02\/klubi-i-karates-ulqini-150x150.jpg\" \/>\n<meta name=\"twitter:label1\" content=\"Written by\" \/>\n\t<meta name=\"twitter:data1\" content=\"ulqini\" \/>\n\t<meta name=\"twitter:label2\" content=\"Est. reading time\" \/>\n\t<meta name=\"twitter:data2\" content=\"3 minutes\" \/>\n<script type=\"application\/ld+json\" class=\"yoast-schema-graph\">{\"@context\":\"https:\/\/schema.org\",\"@graph\":[{\"@type\":\"WebSite\",\"@id\":\"https:\/\/www.visit-ulcinj.com\/blog\/#website\",\"url\":\"https:\/\/www.visit-ulcinj.com\/blog\/\",\"name\":\"Lajme nga Ulqini\",\"description\":\"Lajme,Vijesti,Ulqini,Ulqin,Crna Gora,Mali i Zi\",\"potentialAction\":[{\"@type\":\"SearchAction\",\"target\":{\"@type\":\"EntryPoint\",\"urlTemplate\":\"https:\/\/www.visit-ulcinj.com\/blog\/?s={search_term_string}\"},\"query-input\":\"required name=search_term_string\"}],\"inLanguage\":\"en-US\"},{\"@type\":\"ImageObject\",\"inLanguage\":\"en-US\",\"@id\":\"https:\/\/www.visit-ulcinj.com\/blog\/2009\/02\/28\/%e2%80%9culqini%e2%80%9d-fiton-katanen-cmimin-me-te-larte-te-turneut\/#primaryimage\",\"url\":\"https:\/\/www.visit-ulcinj.com\/blog\/wp-content\/uploads\/2009\/02\/klubi-i-karates-ulqini.jpg\",\"contentUrl\":\"https:\/\/www.visit-ulcinj.com\/blog\/wp-content\/uploads\/2009\/02\/klubi-i-karates-ulqini.jpg\",\"width\":\"800\",\"height\":\"600\"},{\"@type\":\"WebPage\",\"@id\":\"https:\/\/www.visit-ulcinj.com\/blog\/2009\/02\/28\/%e2%80%9culqini%e2%80%9d-fiton-katanen-cmimin-me-te-larte-te-turneut\/#webpage\",\"url\":\"https:\/\/www.visit-ulcinj.com\/blog\/2009\/02\/28\/%e2%80%9culqini%e2%80%9d-fiton-katanen-cmimin-me-te-larte-te-turneut\/\",\"name\":\"\u201cUlqini\u201d fiton Katan\u00ebn, \u00e7mimin m\u00eb t\u00eb lart\u00eb t\u00eb Turneut - Lajme nga Ulqini\",\"isPartOf\":{\"@id\":\"https:\/\/www.visit-ulcinj.com\/blog\/#website\"},\"primaryImageOfPage\":{\"@id\":\"https:\/\/www.visit-ulcinj.com\/blog\/2009\/02\/28\/%e2%80%9culqini%e2%80%9d-fiton-katanen-cmimin-me-te-larte-te-turneut\/#primaryimage\"},\"datePublished\":\"2009-02-28T18:50:22+00:00\",\"dateModified\":\"2009-02-28T18:50:22+00:00\",\"author\":{\"@id\":\"https:\/\/www.visit-ulcinj.com\/blog\/#\/schema\/person\/dcab619c614d3038751c63bc2aadc06d\"},\"description\":\"Klubi i karates\u00eb \u201cUlqini\u201d u kuror\u00ebzua me 103 medalje n\u00eb turneun e 3-t\u00eb t\u00eb karates\u00eb \u201cbambi cup 2009\u201d KK \u201cUlqini\u201d fitoi \u00e7mimin m\u00eb t\u00eb madh t\u00eb k\u00ebsaj gare -\",\"breadcrumb\":{\"@id\":\"https:\/\/www.visit-ulcinj.com\/blog\/2009\/02\/28\/%e2%80%9culqini%e2%80%9d-fiton-katanen-cmimin-me-te-larte-te-turneut\/#breadcrumb\"},\"inLanguage\":\"en-US\",\"potentialAction\":[{\"@type\":\"ReadAction\",\"target\":[\"https:\/\/www.visit-ulcinj.com\/blog\/2009\/02\/28\/%e2%80%9culqini%e2%80%9d-fiton-katanen-cmimin-me-te-larte-te-turneut\/\"]}]},{\"@type\":\"BreadcrumbList\",\"@id\":\"https:\/\/www.visit-ulcinj.com\/blog\/2009\/02\/28\/%e2%80%9culqini%e2%80%9d-fiton-katanen-cmimin-me-te-larte-te-turneut\/#breadcrumb\",\"itemListElement\":[{\"@type\":\"ListItem\",\"position\":1,\"name\":\"\u201cUlqini\u201d fiton Katan\u00ebn, \u00e7mimin m\u00eb t\u00eb lart\u00eb t\u00eb Turneut\"}]},{\"@type\":\"Person\",\"@id\":\"https:\/\/www.visit-ulcinj.com\/blog\/#\/schema\/person\/dcab619c614d3038751c63bc2aadc06d\",\"name\":\"ulqini\",\"sameAs\":[\"http:\/\/www.visit-ulcinj.com\"],\"url\":\"https:\/\/www.visit-ulcinj.com\/blog\/author\/admin\/\"}]}<\/script>\n<!-- \/ Yoast SEO plugin. -->","yoast_head_json":{"title":"\u201cUlqini\u201d fiton Katan\u00ebn, \u00e7mimin m\u00eb t\u00eb lart\u00eb t\u00eb Turneut - Lajme nga Ulqini","description":"Klubi i karates\u00eb \u201cUlqini\u201d u kuror\u00ebzua me 103 medalje n\u00eb turneun e 3-t\u00eb t\u00eb karates\u00eb \u201cbambi cup 2009\u201d KK \u201cUlqini\u201d fitoi \u00e7mimin m\u00eb t\u00eb madh t\u00eb k\u00ebsaj gare -","robots":{"index":"index","follow":"follow","max-snippet":"max-snippet:-1","max-image-preview":"max-image-preview:large","max-video-preview":"max-video-preview:-1"},"canonical":"https:\/\/www.visit-ulcinj.com\/blog\/2009\/02\/28\/\u201culqini\u201d-fiton-katanen-cmimin-me-te-larte-te-turneut\/","og_locale":"en_US","og_type":"article","og_title":"\u201cUlqini\u201d fiton Katan\u00ebn, \u00e7mimin m\u00eb t\u00eb lart\u00eb t\u00eb Turneut - Lajme nga Ulqini","og_description":"Klubi i karates\u00eb \u201cUlqini\u201d u kuror\u00ebzua me 103 medalje n\u00eb turneun e 3-t\u00eb t\u00eb karates\u00eb \u201cbambi cup 2009\u201d KK \u201cUlqini\u201d fitoi \u00e7mimin m\u00eb t\u00eb madh t\u00eb k\u00ebsaj gare -","og_url":"https:\/\/www.visit-ulcinj.com\/blog\/2009\/02\/28\/\u201culqini\u201d-fiton-katanen-cmimin-me-te-larte-te-turneut\/","og_site_name":"Lajme nga Ulqini","article_published_time":"2009-02-28T18:50:22+00:00","og_image":[{"url":"https:\/\/www.visit-ulcinj.com\/blog\/wp-content\/uploads\/2009\/02\/klubi-i-karates-ulqini-150x150.jpg"}],"twitter_misc":{"Written by":"ulqini","Est. reading time":"3 minutes"},"schema":{"@context":"https:\/\/schema.org","@graph":[{"@type":"WebSite","@id":"https:\/\/www.visit-ulcinj.com\/blog\/#website","url":"https:\/\/www.visit-ulcinj.com\/blog\/","name":"Lajme nga Ulqini","description":"Lajme,Vijesti,Ulqini,Ulqin,Crna Gora,Mali i Zi","potentialAction":[{"@type":"SearchAction","target":{"@type":"EntryPoint","urlTemplate":"https:\/\/www.visit-ulcinj.com\/blog\/?s={search_term_string}"},"query-input":"required name=search_term_string"}],"inLanguage":"en-US"},{"@type":"ImageObject","inLanguage":"en-US","@id":"https:\/\/www.visit-ulcinj.com\/blog\/2009\/02\/28\/%e2%80%9culqini%e2%80%9d-fiton-katanen-cmimin-me-te-larte-te-turneut\/#primaryimage","url":"https:\/\/www.visit-ulcinj.com\/blog\/wp-content\/uploads\/2009\/02\/klubi-i-karates-ulqini.jpg","contentUrl":"https:\/\/www.visit-ulcinj.com\/blog\/wp-content\/uploads\/2009\/02\/klubi-i-karates-ulqini.jpg","width":"800","height":"600"},{"@type":"WebPage","@id":"https:\/\/www.visit-ulcinj.com\/blog\/2009\/02\/28\/%e2%80%9culqini%e2%80%9d-fiton-katanen-cmimin-me-te-larte-te-turneut\/#webpage","url":"https:\/\/www.visit-ulcinj.com\/blog\/2009\/02\/28\/%e2%80%9culqini%e2%80%9d-fiton-katanen-cmimin-me-te-larte-te-turneut\/","name":"\u201cUlqini\u201d fiton Katan\u00ebn, \u00e7mimin m\u00eb t\u00eb lart\u00eb t\u00eb Turneut - Lajme nga Ulqini","isPartOf":{"@id":"https:\/\/www.visit-ulcinj.com\/blog\/#website"},"primaryImageOfPage":{"@id":"https:\/\/www.visit-ulcinj.com\/blog\/2009\/02\/28\/%e2%80%9culqini%e2%80%9d-fiton-katanen-cmimin-me-te-larte-te-turneut\/#primaryimage"},"datePublished":"2009-02-28T18:50:22+00:00","dateModified":"2009-02-28T18:50:22+00:00","author":{"@id":"https:\/\/www.visit-ulcinj.com\/blog\/#\/schema\/person\/dcab619c614d3038751c63bc2aadc06d"},"description":"Klubi i karates\u00eb \u201cUlqini\u201d u kuror\u00ebzua me 103 medalje n\u00eb turneun e 3-t\u00eb t\u00eb karates\u00eb \u201cbambi cup 2009\u201d KK \u201cUlqini\u201d fitoi \u00e7mimin m\u00eb t\u00eb madh t\u00eb k\u00ebsaj gare -","breadcrumb":{"@id":"https:\/\/www.visit-ulcinj.com\/blog\/2009\/02\/28\/%e2%80%9culqini%e2%80%9d-fiton-katanen-cmimin-me-te-larte-te-turneut\/#breadcrumb"},"inLanguage":"en-US","potentialAction":[{"@type":"ReadAction","target":["https:\/\/www.visit-ulcinj.com\/blog\/2009\/02\/28\/%e2%80%9culqini%e2%80%9d-fiton-katanen-cmimin-me-te-larte-te-turneut\/"]}]},{"@type":"BreadcrumbList","@id":"https:\/\/www.visit-ulcinj.com\/blog\/2009\/02\/28\/%e2%80%9culqini%e2%80%9d-fiton-katanen-cmimin-me-te-larte-te-turneut\/#breadcrumb","itemListElement":[{"@type":"ListItem","position":1,"name":"\u201cUlqini\u201d fiton Katan\u00ebn, \u00e7mimin m\u00eb t\u00eb lart\u00eb t\u00eb Turneut"}]},{"@type":"Person","@id":"https:\/\/www.visit-ulcinj.com\/blog\/#\/schema\/person\/dcab619c614d3038751c63bc2aadc06d","name":"ulqini","sameAs":["http:\/\/www.visit-ulcinj.com"],"url":"https:\/\/www.visit-ulcinj.com\/blog\/author\/admin\/"}]}},"jetpack_featured_media_url":"","jetpack_sharing_enabled":true,"jetpack_shortlink":"https:\/\/wp.me\/pe6lTn-3gK","_links":{"self":[{"href":"https:\/\/www.visit-ulcinj.com\/blog\/wp-json\/wp\/v2\/posts\/12570"}],"collection":[{"href":"https:\/\/www.visit-ulcinj.com\/blog\/wp-json\/wp\/v2\/posts"}],"about":[{"href":"https:\/\/www.visit-ulcinj.com\/blog\/wp-json\/wp\/v2\/types\/post"}],"author":[{"embeddable":true,"href":"https:\/\/www.visit-ulcinj.com\/blog\/wp-json\/wp\/v2\/users\/1"}],"replies":[{"embeddable":true,"href":"https:\/\/www.visit-ulcinj.com\/blog\/wp-json\/wp\/v2\/comments?post=12570"}],"version-history":[{"count":0,"href":"https:\/\/www.visit-ulcinj.com\/blog\/wp-json\/wp\/v2\/posts\/12570\/revisions"}],"wp:attachment":[{"href":"https:\/\/www.visit-ulcinj.com\/blog\/wp-json\/wp\/v2\/media?parent=12570"}],"wp:term":[{"taxonomy":"category","embeddable":true,"href":"https:\/\/www.visit-ulcinj.com\/blog\/wp-json\/wp\/v2\/categories?post=12570"},{"taxonomy":"post_tag","embeddable":true,"href":"https:\/\/www.visit-ulcinj.com\/blog\/wp-json\/wp\/v2\/tags?post=12570"}],"curies":[{"name":"wp","href":"https:\/\/api.w.org\/{rel}","templated":true}]}}