{"id":1262,"date":"2008-04-16T15:43:08","date_gmt":"2008-04-16T20:43:08","guid":{"rendered":"http:\/\/www.visit-ulcinj.com\/blog\/?p=1262"},"modified":"2008-04-16T15:43:08","modified_gmt":"2008-04-16T20:43:08","slug":"bisede-me-tahir-gjonbalaj-keshilltar-per-ndertim-ne-komunen-e-plaves","status":"publish","type":"post","link":"https:\/\/www.visit-ulcinj.com\/blog\/2008\/04\/16\/bisede-me-tahir-gjonbalaj-keshilltar-per-ndertim-ne-komunen-e-plaves\/","title":{"rendered":"Bised\u00eb me Tahir Gjonbalaj, k\u00ebshilltar p\u00ebr nd\u00ebrtim n\u00eb komun\u00ebn e Plav\u00ebs"},"content":{"rendered":"<p><a href=\"http:\/\/www.visit-ulcinj.com\/blog\/wp-content\/uploads\/2008\/04\/tahir-gjonbalaj5-2.jpg\"><img loading=\"lazy\" class=\"alignleft attachment wp-att-1260\" style=\"float: left;\" src=\"http:\/\/www.visit-ulcinj.com\/blog\/wp-content\/uploads\/2008\/04\/tahir-gjonbalaj5-2.thumbnail.jpg\" alt=\"Tahir Gjonbalaj\" width=\"200\" height=\"199\" \/><\/a><strong>Park Nacional e jo tampon zon\u00eb<\/strong><br \/>\nTahir Gjonbalaj \u00ebsht\u00eb i lindur n\u00eb Vuthaj n\u00eb vitin 1962. Ka kryer fakultetin e nd\u00ebrtimtaris\u00eb n\u00eb Prishtin\u00eb. \u00cbsht\u00eb n\u00ebnkryetar i LD n\u00eb MZ. Punon si k\u00ebshilltar p\u00ebr nd\u00ebrtim n\u00eb Komun\u00ebn e Plav\u00ebs .<br \/>\n<strong>Koha javore:<\/strong> Koh\u00eb m\u00eb par\u00eb subjektet politike shqiptare dhe p\u00ebrfaq\u00ebsuesit e Bashk\u00ebsive Lokale t\u00eb Gucis\u00eb dhe Vuthajve si dhe OJQ &#8220;Alpet Shqiptare&#8221; dhe &#8220;Ma jep dor\u00ebn&#8221; kan\u00eb l\u00ebshuar nj\u00eb komunikat\u00eb t\u00eb p\u00ebrbashk\u00ebt lidhur me shpalljen e Parkut Nacional &#8220;Prokletije&#8221;. Cili ishte vendimi i k\u00ebtyre subjekteve?<br \/>\n<strong>T. Gjonbalaj:<\/strong> Reagimi yn\u00eb ka qen\u00eb unik lidhur me nd\u00ebrrimin dhe plot\u00ebsimin e ligjit p\u00ebr parqet nacionale, q\u00eb do t\u00eb thot\u00eb ndryshimet q\u00eb po ndodhin n\u00eb paragrafin 2. dhe 8 n\u00eb lidhje me nenin 12 t\u00eb k\u00ebtij ligji, e me k\u00ebt\u00eb rast edhe Studimi mbi aplikimin dhe menaxhimin e &#8220;mbrojtjen&#8221; e zon\u00ebs n\u00eb territorin e Bjeshk\u00ebve t\u00eb N\u00ebmura n\u00eb Plav\u00eb dhe Guci. Me vet\u00eb aktin e propozimit t\u00eb Parkut Nacional &#8220;Prokletije &#8221; dhe analiz\u00ebn e k\u00ebtyre dy akteve normative, kemi ardhur bashk\u00ebrisht n\u00eb p\u00ebrfundim,se projekti n\u00eb fjal\u00eb \u00ebsht\u00eb plot\u00ebsisht tendencioz, q\u00ebllimkeq dhe i papranuesh\u00ebm p\u00ebr popullat\u00ebn shqiptare autoktone t\u00eb k\u00ebsaj treve. Ky konstatim bazohet kryek\u00ebput n\u00eb faktin se ky ligj, qytetar\u00ebve t\u00eb k\u00ebsaj treve u pamund\u00ebson shfryt\u00ebzimin e t\u00eb mirave natyrore, t\u00eb mirave t\u00eb pron\u00ebs private dhe paprekshm\u00ebrin\u00eb e patundshm\u00ebris\u00eb q\u00eb ata e kan\u00eb trash\u00ebguar brez pas brezi, q\u00eb do t\u00eb thot\u00eb se ka ndikim negativ n\u00eb mir\u00ebqenien e qytetare n\u00eb radh\u00eb t\u00eb par\u00eb n\u00eb an\u00ebn ekonomike e me k\u00ebt\u00eb edhe n\u00eb an\u00ebn sociale e kulturore dhe \u00ebsht\u00eb penges\u00eb serioze n\u00eb ngritjen e objekteve familjare , afariste etj. K\u00ebto ligje,n\u00eb radh\u00eb t\u00eb par\u00eb jan\u00eb diskriminuese p\u00ebr vet\u00eb faktin se kufijt\u00eb e k\u00ebtij parku jan\u00eb kufijt\u00eb t\u00eb ndarjes s\u00eb struktur\u00ebs etnike. N\u00eb mendojm\u00eb se avancimi i nj\u00eb politike t\u00eb till\u00eb, po e them prap\u00eb diskriminuese, nuk \u00ebsht\u00eb asgj\u00eb tjet\u00ebr ve\u00e7 vazhdim i projekteve fam\u00ebkeqe, si ajo &#8220;reforma agrare&#8221; t\u00eb cil\u00ebn e kishte zbatuar mbret\u00ebria jugosllave, reform\u00eb k\u00ebt\u00eb q\u00eb epoka komuniste e pat avancuar me nacionalizimin e pasurive t\u00eb shqiptareve dhe qytetar\u00ebve tjer\u00eb n\u00eb vitet 1955- 1961,ku n\u00eb m\u00ebnyr\u00eb p\u00ebrfide qytetarit iu muar patundshm\u00ebria, dhe shih sot vazhdon avazi i vjet\u00ebr me metoda t\u00eb reja &#8220;demokratike&#8221;p\u00ebr aneksimin e s\u00eb drejt\u00ebs mbi pron\u00eb,e me ket\u00eb akt avancon shp\u00ebrnguljen e popullat\u00ebs q\u00eb ka ngelur k\u00ebtu. Me shpalljen e Parkut Nacional arrihet q\u00eb nj\u00eb e treta e popullat\u00ebs nuk ka t\u00eb drejt\u00eb elementare t\u00eb punoj\u00eb e g\u00ebzoj\u00eb tok\u00ebn e vet. Jemi t\u00eb bindur se nj\u00eb aprovim i projektit t\u00eb till\u00eb suprimon t\u00eb drejt\u00ebn e qytetar\u00ebve p\u00ebr privatizimin e pronave t\u00eb uzurpuara, parandalon dhe asgj\u00ebson blegtorin\u00eb, varf\u00ebron dhe shuan bujq\u00ebsin\u00eb, me nj\u00eb fjal\u00eb skajshm\u00ebrishi i varf\u00ebron bujkun e blegtorin e k\u00ebsaj zone.<a href=\"http:\/\/www.visit-ulcinj.com\/blog\/wp-content\/uploads\/2008\/04\/tahir-gjonbalaj1.jpg\"><img loading=\"lazy\" class=\"alignright attachment wp-att-1261\" style=\"float: right;\" src=\"http:\/\/www.visit-ulcinj.com\/blog\/wp-content\/uploads\/2008\/04\/tahir-gjonbalaj1.thumbnail.jpg\" alt=\"Tahir Gjonbalaj1\" width=\"200\" height=\"150\" \/><\/a><br \/>\n<strong>Koja javore :<\/strong> Ju keni k\u00ebrkuar nga presidenti , kryeparlamentari e shefi i qeveris\u00eb dhe nga strukturat relevante demokratike n\u00eb Mal t\u00eb Zi q\u00eb popullat\u00ebs s\u00eb k\u00ebsaj trev\u00eb t`i dali n\u00eb mbrojtje t\u00eb pasuris\u00eb se tyre, ku e kund\u00ebrta do t\u00eb sillte shp\u00ebrngulje nga trojet etnike. A keni marr p\u00ebrgjigje ende dhe \u00e7ka prisni nga kompetentet ?<br \/>\n<strong>T. Gjonbalaj :<\/strong> Ne i kemi sugjeruar me nj\u00eb kumtes\u00eb p\u00ebr opinion strukturat n\u00eb fjal\u00eb, Komun\u00ebn e Plav\u00ebs, dhe ua kemi b\u00ebr\u00eb t\u00eb ditur se me breng\u00ebn ton\u00eb t\u00eb p\u00ebrgjithshme do t`i njoftojm\u00eb institucionet nd\u00ebrkomb\u00ebtare relevante, ambasadat e shteteve me ndikim, se OJQ-t\u00eb dhe partit\u00eb politike shqiptare q\u00eb veprojn\u00eb n\u00eb k\u00ebt\u00eb komun\u00eb jan\u00eb kund\u00ebr shpalljes s\u00eb Parkut Nacional me emrin n\u00ebn\u00e7mues t\u00eb Cvijiqit &#8220;Prokletije&#8221; dhe elaborateve famkeqe t\u00eb Vasa \u00c7ubrilloviqit dhe kund\u00ebr ndryshimit t\u00eb ligjit p\u00ebr parqet nacionale, dhe kemi k\u00ebrkuar po ashtu q\u00eb t\u00eb ndalohet procesi i shpalljes s\u00eb k\u00ebtij parku. Ne, p\u00ebrkundrazi kemi pritur nga Qeveria se do t\u00eb aprovoj\u00eb ligjet p\u00ebr zhvillimin e turizmit dim\u00ebror, pylltaris\u00eb, blegtoris\u00eb e bujq\u00ebsis\u00eb, e jo nj\u00eb ligj t\u00eb till\u00eb q\u00eb dhunsh\u00ebm, tin\u00ebzisht, do ta shp\u00ebrngul\u00eb popullat\u00ebn nga k\u00ebtu. E gjith\u00eb kjo e keqe po ndodh\u00eb pa konsultimin e popullat\u00ebs vendase dhe pa p\u00eblqimin e dijen e udh\u00ebheqjes lokale. Kjo s` \u00ebsht\u00eb asgj\u00eb tjet\u00ebr ve\u00e7 uzurpim i pron\u00ebs private. Me heqjen e nenit 2, ku pas emrit Liqeni i Shkodr\u00ebs shtohet &#8220;Prokletije&#8221; dhe lidhur me nenin 12, me t\u00eb cilin verifikohen kufijt\u00eb e parkut t\u00eb ri i cili p\u00ebrfshin\u00eb gati gjysm\u00ebn e territorit t\u00eb komun\u00ebs se Plav\u00ebs, ne jemi t\u00eb zhg\u00ebnjyer. Kufijt\u00eb e Parkut t\u00eb ri jan\u00eb pjes\u00ebt m\u00eb atraktive p\u00ebr zhvillimin e turizmit dhe blegtoris\u00eb e bujq\u00ebsis\u00eb, troje k\u00ebto t\u00eb populluara me shumic\u00eb shqiptare .V\u00ebrejtjet p\u00ebr ligjin n\u00eb aprovim, komuna e Plav\u00ebs ia ka d\u00ebrguar edhe Ministris\u00eb p\u00ebr Turiz\u00ebm dhe Mbrojtje t\u00eb Mjedisit Jet\u00ebsor. Po ashtu kemi njoftuar ministrin\u00eb p\u00ebrkat\u00ebse se nga 48.600 hektar\u00eb sa ka komuna e Plav\u00ebs, Parku Nacional &#8220;Prokletije&#8221; i merr 21.647 ari, gjegj\u00ebsisht 46.3 p\u00ebr qind t\u00eb gjith\u00eb territorit q\u00eb ka. Hap\u00ebsira gjith\u00ebp\u00ebrfshir\u00ebse e Parkut Nacional s\u00eb bashku me rezervatin natyror p\u00ebrfshin 49.8 perqind , faktikisht 50 p\u00ebr qind t\u00eb territorit t\u00eb Plav\u00ebs. Kur k\u00ebsaj t\u00ebr\u00ebsie i shtojm\u00eb edhe zon\u00ebn e kontaktit t\u00eb parkut dhe monumentin natyror Liqeni e Plav\u00ebs, na del se, Parku &#8220;Prokletije &#8221; do t\u00eb ket\u00eb 30.667 ari apo 63.1 t\u00eb territorit komunal. N\u00eb kuad\u00ebr t\u00eb k\u00ebtij parku pa dyshim se b\u00ebjn\u00eb pjes\u00eb edhe fshatrat e banuara shqiptare si Vuthajt, Hoti, Doli ,Krusheva, Vishnjeva, Zabeli, Jasenica etj.<br \/>\n<strong>Koha javore :<\/strong> Plani Hapsinor u votua n\u00eb parlamentin e Malit t\u00eb Zi. Si e komentoni Ju votimin pro t\u00eb deputeteve boshnjak t\u00eb k\u00ebsaj treve dhe deputetit t\u00eb UDSH-\u00eb ?A ka k\u00ebrkesa p\u00ebr kthimin e pronave private dhe a ka konteste gjyq\u00ebsore lidhur me k\u00ebto prona ?<br \/>\n<strong>T. Gjonbalaj :<\/strong> S\u00eb pari, fatkeq\u00ebsisht, planin hapsinor e votoi edhe p\u00ebrfaq\u00ebsuesi dhe mbrojt\u00ebsi i interesave nacionale t\u00eb shqiptar\u00ebve, Ferhat Dinosha (plan q\u00eb drejtp\u00ebrs\u00ebdrejti ishte kund\u00ebr interesava t\u00eb qytetar\u00ebve t\u00eb Komunave Plav\u00eb, Ulqin dhe Bashksis\u00eb Lokale t\u00eb Mal\u00ebsis\u00eb \/&#8221;KOMUN\u00cbS URBANE T\u00cb TUZIT&#8221;), deputeti i Partis\u00eb Boshnjake, Kemal Purishiq, i cili edhe ishte kreatori kryesor p\u00ebr t`u p\u00ebrfshir\u00eb n\u00eb kuad\u00ebr t\u00eb planit hapsinor Parku Nacional &#8220;Prokletije&#8221;, veprimet e te cilit koh\u00ebve t\u00eb fundit jan\u00eb shum\u00eb t\u00eb tejdukshme, n\u00eb d\u00ebm t\u00eb pronave t\u00eb shqiptar\u00ebve!? Un\u00eb personalisht kam menduer se deputeti i partis\u00eb s\u00eb pakic\u00ebs nacionale \u00ebsht\u00eb zgjedhur p\u00ebr mbrojtjen e interesave t\u00eb atij grupi etnik e kurrsesi t\u00eb punoj\u00eb p\u00ebr realizimin e projekteve famkeqe p\u00ebr zhdukjen e pakicave tjera dhe kund\u00ebr interesave t\u00eb tyre po ashtu edhe kund\u00ebr interesit t\u00eb popullat\u00ebs prej nga vjen, ka deklaruar se pronat private nuk do t\u00eb preken me shpalljen e Parkut Nacional. Duhet t`ia kujtoi zot\u00ebriut se pik\u00ebrisht n\u00eb k\u00ebto prona jan\u00eb kufijt\u00eb dhe shembull konkret \u00ebsht\u00eb Lugina e Ropojanit, lugin\u00eb kjo q\u00eb padrejt\u00ebsisht ju muar Shpend Qerim Gjonbaljat edhe pas Luft\u00ebrave Ballkanike u shpron\u00ebsua pronari legjitim,ku mbret\u00ebria jugosllave e pranoi dhe d\u00ebshmoi se ndaj pronarit ishte b\u00ebr\u00eb krim dhe prona iu kthye atij n\u00eb vitin 1933. Prona e k\u00ebtij qytetari nuk \u00ebsht\u00eb p\u00ebr t`u injoruar, ajo kap shifr\u00ebn e 1000,06 hektar\u00ebve kullota dhe male. Hiq m\u00eb pak se dyzet vjet, vet\u00eb Rexhep Shpendi Gjonbalaj me duart e veta e ka kositur dhe shfryt\u00ebzuar pron\u00ebn e tij. N\u00eb vitin 1954 komuna e merr malin dhe tok\u00ebn e Gjonbalajve. N\u00eb vitin 1949 b\u00ebhet kooperimi dhe n\u00eb vitin 1952 nd\u00ebrpriten kooperativat. Pastaj e di e gjith\u00eb krahina se si u b\u00eb nacionalizimi i pronave private, ku pronat e qytetar\u00ebve u uzurpuan dhe u prun\u00eb nga hektar\u00ebt e tjer\u00eb n\u00eb disa ari q\u00eb turpsh\u00ebm u sh\u00ebnuan n\u00eb flet\u00ebt poseduese. K\u00ebrkesat p\u00ebr kthimin e pronave jan\u00eb t\u00eb shumta. Ato p\u00ebrfshijn\u00eb nj\u00eb hap\u00ebsi nga 13 mije hektar\u00ebsh. Komisioni komunal p\u00ebr kthimin e pronave n\u00eb Plav\u00eb,nuk e ka luajtur asnj\u00eb gur nga vendi lidhur me kthimin e pronave n\u00eb k\u00ebt\u00eb komun\u00eb. Ata kan\u00eb qen\u00eb shum\u00eb lojal ndaj shtetit dhe se nuk kan\u00eb arritur q\u00eb as nj\u00eb pron\u00eb private padrejt\u00ebsisht t\u00eb marrua t`i kthej pronarit legjitim edhe pse tapit\u00eb i kan\u00eb njer\u00ebzit n\u00eb dor\u00eb. Prona k\u00ebto t\u00eb qytetareve te Plav\u00ebs e Gucis\u00eb. Synimi yn\u00eb \u00ebsht\u00eb q\u00eb t\u00eb kthehen pronat private, dhe pastaj t\u00eb formohet Parku Nacional. Pronat n\u00eb kontest duhet t`u kthehen shqiptareve dhe kujt do tjet\u00ebr q\u00eb ka t\u00eb drejt\u00ebn mbi to. \u00c7ka \u00ebsht\u00eb m\u00eb e keqja menaxhimin e k\u00ebtij parku pritet qe ne te ardhmen ta kontrolloj mbik\u00ebqyr\u00ebsi i cili ka t\u00eb drejt\u00ebn e policit, i cili ka mund\u00ebsi q\u00eb t\u00eb merr vendim mbi personat q\u00eb veprojn\u00eb a jetojn\u00eb n\u00eb territorin e k\u00ebtij parku.<br \/>\nKoha javore: Cilat jan\u00eb kushtet e shpalljes s\u00eb Parkut Nacional dhe si duhet t\u00eb funksionoj\u00eb ai?<br \/>\n<strong>T. Gjonbalaj :<\/strong> Shpallja Bjeshk\u00ebve t\u00eb Nemuna Park Nacional \u00ebsht\u00eb e aplikueshme vet\u00ebm at\u00ebher\u00eb kur t\u00eb rregullohen specifikat si prona private, infrastruktura e vendbanimeve, pun\u00ebsimi i komunitetit etj. Banoret e zon\u00ebs jan\u00eb baz\u00eb e zhvillimit te q\u00ebndruesh\u00ebm, p\u00ebr te cil\u00ebn gj\u00eb shoq\u00ebria duhet t\u00eb punoj. Bart\u00ebsit e projektit duhet t\u00eb mendojn\u00eb mire, p\u00ebrfshir\u00eb k\u00ebtu emrin e zon\u00ebs se mbrojtur si t\u00eb tille. Identitetin e lart\u00ebsuar m\u00eb t\u00eb cilin shoq\u00ebrohen t\u00ebrheqja e turisteve dhe konsumimi i prodhimeve vendore dhe sh\u00ebrbime q\u00eb lidhen me turizmin e t\u00eb tjera aktivitete, e gjitha k\u00ebto n\u00ebn logon e parkut, e n\u00eb aspekt regjional, kjo do ishte nj\u00eb krijim i identitetit t\u00eb ri, do t\u00eb ishte baze e ndalimit t\u00eb zhvillimeve destruktive dhe \u00e7rr\u00ebnjosja e pasuris\u00eb natyrore dhe posht\u00ebrimi i an\u00ebs njer\u00ebzore nuk duhet t\u00eb ndodh, ligje k\u00ebto q\u00eb jan\u00eb t\u00eb vetmet e me t\u00eb r\u00ebnd\u00ebsishmet p\u00ebr regjionin tone &#8211; vargmalet e Alpeve Shqiptare\/Bjeshk\u00ebt e Nemuna \/Prokletije, q\u00eb un\u00eb ju kam referuar n\u00eb anglisht &#8220;cursed Mountains&#8221; edhe p\u00ebr t\u00eb evituar konfuzionin dhe keqinterpretimet. Natyrisht se kjo do t\u00eb arrihet me nj\u00eb proces t\u00eb kujdessh\u00ebm planifikues me baz\u00eb t\u00eb komunitetit, m\u00eb pjes\u00ebmarrjen e tij t\u00eb mir\u00ebfillt\u00eb (jo vet\u00ebm n\u00eb form\u00eb) duke ofruar faktet dhe garancit\u00eb e duhura,e kjo \u00ebsht\u00eb m\u00eb rend\u00ebsi se pari p\u00ebr vete hartuesit e projektit e pastaj p\u00ebr shtetin dhe regjionin n\u00eb t\u00ebr\u00ebsi. Parku Nacional e jo ( Nacionalist ), duhet t\u00eb formohet pasi q\u00eb hartuesi ta b\u00ebj\u00eb at\u00eb shk\u00ebputje nga e kaluara duke ofruar negociata e kompromise t\u00eb nd\u00ebrsjella me komunitetin dhe me shtetin e anasjelltas, si p\u00ebr shembull zoonimi i parkut n\u00eb baz\u00eb t\u00eb shkall\u00ebs s\u00eb mbrojtj\u00ebs n\u00eb raport me demografin\u00eb n\u00eb zonat e banuara, ato t\u00eb industris\u00eb s\u00eb leht\u00eb eventuale, pjesa strikt e mbrojtur dhe zonat ku zhvillohet jeta, natyrisht brenda nj\u00eb planifikimi hap\u00ebsinor. E k\u00ebto zona strikt t\u00eb mbrojtura, dedikuar mbrojtjes s\u00eb llojllojshm\u00ebris\u00eb bimore e shtazore (biodiversitetit) m\u00eb natyr\u00eb konservuese e shkencore, ku zakonisht p\u00ebrfshihen kullosat e malet e larta e t\u00eb thella. Parku Naconal duhet t\u00eb kuptohet si zon\u00eb sociale ku lejohet jeta n\u00eb harmonin e njeriut m\u00eb natyr\u00ebn, lejohen ecjet e ngjitjet malore.Zona e banueshme ku shtrihen sht\u00ebpit\u00eb me infrastrukture publike e private duhet t\u00eb jen\u00eb t\u00eb planifikuar mire,duhet t\u00eb punohet toka, sidomos bujq\u00ebsia organike e produktet autoktone t\u00eb artit, zejeve, produkteve dhe sh\u00ebrbimeve turistike, etj. Natyrisht se zonat kan\u00eb dhe mbivendosje- difuzion,ku nuk ka vije strikte, por q\u00eb n\u00eb p\u00ebrgjith\u00ebsi ka nj\u00eb orientim; pastaj se ku mund t\u00eb zhvillohet industria e lehte miq\u00ebsore p\u00ebr mjedisin e me standardet, pastaj ku mund t\u00eb zhvillohet turizmi komercial, ku ai familjar, e ku shtigjet e skijimit, shtigjet e ecjes n\u00eb teren, alpinizmit, speleologjise, e pushimit e aktiviteteve tjera rekreative e jet\u00ebsore q\u00eb do t\u00eb rregulloheshin e koordinoheshin nga qendra administrative menaxhuese t\u00eb parkut ne nivel lokal, por brenda parkut (jo ne kryeqytete) dhe zyra informimi n\u00eb qytete, si dhe ne aspekte nd\u00ebrkufitar\u00eb n\u00eb nivel regjional, si\u00e7 flitet p\u00ebr mbrojtjen dhe zhvillimin e q\u00ebndruesh\u00ebm regjional t\u00eb Alpeve Shqiptare. Pra k\u00ebto jan\u00eb parakushte q\u00eb popullata jo vet\u00ebm t\u00eb mos refuzoj e dyshoj n\u00eb shtetin, por t\u00eb p\u00ebrkrah nj\u00eb iniciative t\u00eb till\u00eb dhe t\u00eb jet\u00eb bart\u00ebse dhe garantuese e saj me pjes\u00ebmarrjen aktive q\u00eb n\u00eb fazat e hershme t\u00eb zhvillimeve si konsultimeve, planifikimit, shpalljes dhe operimit t\u00eb nj\u00eb parku, n\u00eb k\u00ebt\u00eb rast Parkut Nacional, Alpet Shqiptare n\u00eb Shqip\u00ebri, Bjeshk\u00ebt e Nemuna n\u00eb Kosove, dhe Prokletije ne Mal te Zi, si parqe individuale apo si nj\u00eb i t\u00ebr\u00eb n\u00eb nivel regjional, q\u00eb kishte dhe mendime t\u00eb shpallej Park Paqeje, disa t\u00eb tjer\u00eb mund ta quajn\u00eb &#8220;Rezerve Biosfere&#8221; etj.<\/p>\n<p>Bisedoi: Ali Daci<br \/>\nKOHA JAVORE<\/p>\n","protected":false},"excerpt":{"rendered":"<p><img loading=\"lazy\" class=\"alignleft attachment wp-att-1260\" style=\"float: left;\" src=\"http:\/\/www.visit-ulcinj.com\/blog\/wp-content\/uploads\/2008\/04\/tahir-gjonbalaj5-2.thumbnail.jpg\" alt=\"Tahir Gjonbalaj\" width=\"140\" height=\"140\" \/><\/p>\n","protected":false},"author":1,"featured_media":0,"comment_status":"open","ping_status":"closed","sticky":false,"template":"","format":"standard","meta":{"spay_email":"","jetpack_publicize_message":"","jetpack_is_tweetstorm":false,"jetpack_publicize_feature_enabled":true},"categories":[1,12],"tags":[2505,500,897],"jetpack_publicize_connections":[],"yoast_head":"<!-- This site is optimized with the Yoast SEO plugin v19.1 - https:\/\/yoast.com\/wordpress\/plugins\/seo\/ -->\n<title>Bised\u00eb me Tahir Gjonbalaj, k\u00ebshilltar p\u00ebr nd\u00ebrtim n\u00eb komun\u00ebn e Plav\u00ebs - Lajme nga Ulqini<\/title>\n<meta name=\"robots\" content=\"index, follow, max-snippet:-1, max-image-preview:large, max-video-preview:-1\" \/>\n<link rel=\"canonical\" href=\"https:\/\/www.visit-ulcinj.com\/blog\/2008\/04\/16\/bisede-me-tahir-gjonbalaj-keshilltar-per-ndertim-ne-komunen-e-plaves\/\" \/>\n<meta property=\"og:locale\" content=\"en_US\" \/>\n<meta property=\"og:type\" content=\"article\" \/>\n<meta property=\"og:title\" content=\"Bised\u00eb me Tahir Gjonbalaj, k\u00ebshilltar p\u00ebr nd\u00ebrtim n\u00eb komun\u00ebn e Plav\u00ebs - Lajme nga Ulqini\" \/>\n<meta property=\"og:url\" content=\"https:\/\/www.visit-ulcinj.com\/blog\/2008\/04\/16\/bisede-me-tahir-gjonbalaj-keshilltar-per-ndertim-ne-komunen-e-plaves\/\" \/>\n<meta property=\"og:site_name\" content=\"Lajme nga Ulqini\" \/>\n<meta property=\"article:published_time\" content=\"2008-04-16T20:43:08+00:00\" \/>\n<meta property=\"og:image\" content=\"http:\/\/www.visit-ulcinj.com\/blog\/wp-content\/uploads\/2008\/04\/tahir-gjonbalaj5-2.thumbnail.jpg\" \/>\n<meta name=\"twitter:label1\" content=\"Written by\" \/>\n\t<meta name=\"twitter:data1\" content=\"ulqini\" \/>\n\t<meta name=\"twitter:label2\" content=\"Est. reading time\" \/>\n\t<meta name=\"twitter:data2\" content=\"11 minutes\" \/>\n<script type=\"application\/ld+json\" class=\"yoast-schema-graph\">{\"@context\":\"https:\/\/schema.org\",\"@graph\":[{\"@type\":\"WebSite\",\"@id\":\"https:\/\/www.visit-ulcinj.com\/blog\/#website\",\"url\":\"https:\/\/www.visit-ulcinj.com\/blog\/\",\"name\":\"Lajme nga Ulqini\",\"description\":\"Lajme,Vijesti,Ulqini,Ulqin,Crna Gora,Mali i Zi\",\"potentialAction\":[{\"@type\":\"SearchAction\",\"target\":{\"@type\":\"EntryPoint\",\"urlTemplate\":\"https:\/\/www.visit-ulcinj.com\/blog\/?s={search_term_string}\"},\"query-input\":\"required name=search_term_string\"}],\"inLanguage\":\"en-US\"},{\"@type\":\"ImageObject\",\"inLanguage\":\"en-US\",\"@id\":\"https:\/\/www.visit-ulcinj.com\/blog\/2008\/04\/16\/bisede-me-tahir-gjonbalaj-keshilltar-per-ndertim-ne-komunen-e-plaves\/#primaryimage\",\"url\":\"http:\/\/www.visit-ulcinj.com\/blog\/wp-content\/uploads\/2008\/04\/tahir-gjonbalaj5-2.thumbnail.jpg\",\"contentUrl\":\"http:\/\/www.visit-ulcinj.com\/blog\/wp-content\/uploads\/2008\/04\/tahir-gjonbalaj5-2.thumbnail.jpg\"},{\"@type\":\"WebPage\",\"@id\":\"https:\/\/www.visit-ulcinj.com\/blog\/2008\/04\/16\/bisede-me-tahir-gjonbalaj-keshilltar-per-ndertim-ne-komunen-e-plaves\/#webpage\",\"url\":\"https:\/\/www.visit-ulcinj.com\/blog\/2008\/04\/16\/bisede-me-tahir-gjonbalaj-keshilltar-per-ndertim-ne-komunen-e-plaves\/\",\"name\":\"Bised\u00eb me Tahir Gjonbalaj, k\u00ebshilltar p\u00ebr nd\u00ebrtim n\u00eb komun\u00ebn e Plav\u00ebs - Lajme nga Ulqini\",\"isPartOf\":{\"@id\":\"https:\/\/www.visit-ulcinj.com\/blog\/#website\"},\"primaryImageOfPage\":{\"@id\":\"https:\/\/www.visit-ulcinj.com\/blog\/2008\/04\/16\/bisede-me-tahir-gjonbalaj-keshilltar-per-ndertim-ne-komunen-e-plaves\/#primaryimage\"},\"datePublished\":\"2008-04-16T20:43:08+00:00\",\"dateModified\":\"2008-04-16T20:43:08+00:00\",\"author\":{\"@id\":\"https:\/\/www.visit-ulcinj.com\/blog\/#\/schema\/person\/dcab619c614d3038751c63bc2aadc06d\"},\"breadcrumb\":{\"@id\":\"https:\/\/www.visit-ulcinj.com\/blog\/2008\/04\/16\/bisede-me-tahir-gjonbalaj-keshilltar-per-ndertim-ne-komunen-e-plaves\/#breadcrumb\"},\"inLanguage\":\"en-US\",\"potentialAction\":[{\"@type\":\"ReadAction\",\"target\":[\"https:\/\/www.visit-ulcinj.com\/blog\/2008\/04\/16\/bisede-me-tahir-gjonbalaj-keshilltar-per-ndertim-ne-komunen-e-plaves\/\"]}]},{\"@type\":\"BreadcrumbList\",\"@id\":\"https:\/\/www.visit-ulcinj.com\/blog\/2008\/04\/16\/bisede-me-tahir-gjonbalaj-keshilltar-per-ndertim-ne-komunen-e-plaves\/#breadcrumb\",\"itemListElement\":[{\"@type\":\"ListItem\",\"position\":1,\"name\":\"Bised\u00eb me Tahir Gjonbalaj, k\u00ebshilltar p\u00ebr nd\u00ebrtim n\u00eb komun\u00ebn e Plav\u00ebs\"}]},{\"@type\":\"Person\",\"@id\":\"https:\/\/www.visit-ulcinj.com\/blog\/#\/schema\/person\/dcab619c614d3038751c63bc2aadc06d\",\"name\":\"ulqini\",\"sameAs\":[\"http:\/\/www.visit-ulcinj.com\"],\"url\":\"https:\/\/www.visit-ulcinj.com\/blog\/author\/admin\/\"}]}<\/script>\n<!-- \/ Yoast SEO plugin. -->","yoast_head_json":{"title":"Bised\u00eb me Tahir Gjonbalaj, k\u00ebshilltar p\u00ebr nd\u00ebrtim n\u00eb komun\u00ebn e Plav\u00ebs - Lajme nga Ulqini","robots":{"index":"index","follow":"follow","max-snippet":"max-snippet:-1","max-image-preview":"max-image-preview:large","max-video-preview":"max-video-preview:-1"},"canonical":"https:\/\/www.visit-ulcinj.com\/blog\/2008\/04\/16\/bisede-me-tahir-gjonbalaj-keshilltar-per-ndertim-ne-komunen-e-plaves\/","og_locale":"en_US","og_type":"article","og_title":"Bised\u00eb me Tahir Gjonbalaj, k\u00ebshilltar p\u00ebr nd\u00ebrtim n\u00eb komun\u00ebn e Plav\u00ebs - Lajme nga Ulqini","og_url":"https:\/\/www.visit-ulcinj.com\/blog\/2008\/04\/16\/bisede-me-tahir-gjonbalaj-keshilltar-per-ndertim-ne-komunen-e-plaves\/","og_site_name":"Lajme nga Ulqini","article_published_time":"2008-04-16T20:43:08+00:00","og_image":[{"url":"http:\/\/www.visit-ulcinj.com\/blog\/wp-content\/uploads\/2008\/04\/tahir-gjonbalaj5-2.thumbnail.jpg"}],"twitter_misc":{"Written by":"ulqini","Est. reading time":"11 minutes"},"schema":{"@context":"https:\/\/schema.org","@graph":[{"@type":"WebSite","@id":"https:\/\/www.visit-ulcinj.com\/blog\/#website","url":"https:\/\/www.visit-ulcinj.com\/blog\/","name":"Lajme nga Ulqini","description":"Lajme,Vijesti,Ulqini,Ulqin,Crna Gora,Mali i Zi","potentialAction":[{"@type":"SearchAction","target":{"@type":"EntryPoint","urlTemplate":"https:\/\/www.visit-ulcinj.com\/blog\/?s={search_term_string}"},"query-input":"required name=search_term_string"}],"inLanguage":"en-US"},{"@type":"ImageObject","inLanguage":"en-US","@id":"https:\/\/www.visit-ulcinj.com\/blog\/2008\/04\/16\/bisede-me-tahir-gjonbalaj-keshilltar-per-ndertim-ne-komunen-e-plaves\/#primaryimage","url":"http:\/\/www.visit-ulcinj.com\/blog\/wp-content\/uploads\/2008\/04\/tahir-gjonbalaj5-2.thumbnail.jpg","contentUrl":"http:\/\/www.visit-ulcinj.com\/blog\/wp-content\/uploads\/2008\/04\/tahir-gjonbalaj5-2.thumbnail.jpg"},{"@type":"WebPage","@id":"https:\/\/www.visit-ulcinj.com\/blog\/2008\/04\/16\/bisede-me-tahir-gjonbalaj-keshilltar-per-ndertim-ne-komunen-e-plaves\/#webpage","url":"https:\/\/www.visit-ulcinj.com\/blog\/2008\/04\/16\/bisede-me-tahir-gjonbalaj-keshilltar-per-ndertim-ne-komunen-e-plaves\/","name":"Bised\u00eb me Tahir Gjonbalaj, k\u00ebshilltar p\u00ebr nd\u00ebrtim n\u00eb komun\u00ebn e Plav\u00ebs - Lajme nga Ulqini","isPartOf":{"@id":"https:\/\/www.visit-ulcinj.com\/blog\/#website"},"primaryImageOfPage":{"@id":"https:\/\/www.visit-ulcinj.com\/blog\/2008\/04\/16\/bisede-me-tahir-gjonbalaj-keshilltar-per-ndertim-ne-komunen-e-plaves\/#primaryimage"},"datePublished":"2008-04-16T20:43:08+00:00","dateModified":"2008-04-16T20:43:08+00:00","author":{"@id":"https:\/\/www.visit-ulcinj.com\/blog\/#\/schema\/person\/dcab619c614d3038751c63bc2aadc06d"},"breadcrumb":{"@id":"https:\/\/www.visit-ulcinj.com\/blog\/2008\/04\/16\/bisede-me-tahir-gjonbalaj-keshilltar-per-ndertim-ne-komunen-e-plaves\/#breadcrumb"},"inLanguage":"en-US","potentialAction":[{"@type":"ReadAction","target":["https:\/\/www.visit-ulcinj.com\/blog\/2008\/04\/16\/bisede-me-tahir-gjonbalaj-keshilltar-per-ndertim-ne-komunen-e-plaves\/"]}]},{"@type":"BreadcrumbList","@id":"https:\/\/www.visit-ulcinj.com\/blog\/2008\/04\/16\/bisede-me-tahir-gjonbalaj-keshilltar-per-ndertim-ne-komunen-e-plaves\/#breadcrumb","itemListElement":[{"@type":"ListItem","position":1,"name":"Bised\u00eb me Tahir Gjonbalaj, k\u00ebshilltar p\u00ebr nd\u00ebrtim n\u00eb komun\u00ebn e Plav\u00ebs"}]},{"@type":"Person","@id":"https:\/\/www.visit-ulcinj.com\/blog\/#\/schema\/person\/dcab619c614d3038751c63bc2aadc06d","name":"ulqini","sameAs":["http:\/\/www.visit-ulcinj.com"],"url":"https:\/\/www.visit-ulcinj.com\/blog\/author\/admin\/"}]}},"jetpack_featured_media_url":"","jetpack_sharing_enabled":true,"jetpack_shortlink":"https:\/\/wp.me\/pe6lTn-km","_links":{"self":[{"href":"https:\/\/www.visit-ulcinj.com\/blog\/wp-json\/wp\/v2\/posts\/1262"}],"collection":[{"href":"https:\/\/www.visit-ulcinj.com\/blog\/wp-json\/wp\/v2\/posts"}],"about":[{"href":"https:\/\/www.visit-ulcinj.com\/blog\/wp-json\/wp\/v2\/types\/post"}],"author":[{"embeddable":true,"href":"https:\/\/www.visit-ulcinj.com\/blog\/wp-json\/wp\/v2\/users\/1"}],"replies":[{"embeddable":true,"href":"https:\/\/www.visit-ulcinj.com\/blog\/wp-json\/wp\/v2\/comments?post=1262"}],"version-history":[{"count":0,"href":"https:\/\/www.visit-ulcinj.com\/blog\/wp-json\/wp\/v2\/posts\/1262\/revisions"}],"wp:attachment":[{"href":"https:\/\/www.visit-ulcinj.com\/blog\/wp-json\/wp\/v2\/media?parent=1262"}],"wp:term":[{"taxonomy":"category","embeddable":true,"href":"https:\/\/www.visit-ulcinj.com\/blog\/wp-json\/wp\/v2\/categories?post=1262"},{"taxonomy":"post_tag","embeddable":true,"href":"https:\/\/www.visit-ulcinj.com\/blog\/wp-json\/wp\/v2\/tags?post=1262"}],"curies":[{"name":"wp","href":"https:\/\/api.w.org\/{rel}","templated":true}]}}