{"id":12628,"date":"2009-03-01T00:04:21","date_gmt":"2009-02-28T23:04:21","guid":{"rendered":"http:\/\/www.visit-ulcinj.com\/blog\/?p=12628"},"modified":"2009-03-01T00:04:21","modified_gmt":"2009-02-28T23:04:21","slug":"agnesa-vuthaj-e-bukur-e-realizuar-e-qete%e2%80%a6","status":"publish","type":"post","link":"https:\/\/www.visit-ulcinj.com\/blog\/2009\/03\/01\/agnesa-vuthaj-e-bukur-e-realizuar-e-qete%e2%80%a6\/","title":{"rendered":"Agnesa Vuthaj, e bukur, e realizuar, e qet\u00eb\u2026"},"content":{"rendered":"<p><strong><a href=\"http:\/\/www.visit-ulcinj.com\/blog\/wp-content\/uploads\/2009\/02\/agnesa-vuthaj12.jpg\"><img loading=\"lazy\" class=\"alignleft size-full wp-image-12642\" title=\"agnesa-vuthaj12\" src=\"http:\/\/www.visit-ulcinj.com\/blog\/wp-content\/uploads\/2009\/02\/agnesa-vuthaj12.jpg\" alt=\"agnesa-vuthaj12\" width=\"570\" height=\"417\" \/><\/a>Vasha vuthjane Agnesa Vuthaj as q\u00eb ka menduar ndonj\u00ebher\u00eb se bukuria e saj do t\u00eb zyrtarizohet dhe t\u00eb b\u00ebhet publike, madje duke u ngritur n\u00eb fronin e m\u00eb t\u00eb bukur\u00ebs n\u00eb Kosov\u00eb dhe Shqip\u00ebri, por edhe m\u00eb larg. Ajo, megjithat\u00eb ka \u00ebnd\u00ebrruar t\u00eb b\u00ebhet e famshme dhe e respektuar nga t\u00eb gjith\u00eb. Por, a \u00ebsht\u00eb bukuria mallkim, apo fat, kjo \u00ebsht\u00eb \u00e7\u00ebshtja? A ka privilegje e bukura dhe e ka pengesa p\u00ebr t\u00eb bukur\u00ebn. \u00c7ka \u00ebsht\u00eb, n\u00eb t\u00eb v\u00ebrtet bukuria dhe si duhet t\u00eb menaxhohet ajo. N\u00eb k\u00ebto dhe \u00e7\u00ebshtje t\u00eb tjera ka folur miss Agnesa Vuthaj p\u00ebr &#8220;VIP Press&#8221;. Vasha q\u00eb t\u00eb pushton me bukuri, pa kufi.<\/strong><\/p>\n<p><strong>Agnesa, njiheni si missi m\u00eb i merituar i Kosov\u00ebs dhe i Shqip\u00ebris\u00eb. Thuhet se bukuria vazhdimisht triumfon. A ka triumfuar tek ju? <\/strong><\/p>\n<p>-Edhe tek un\u00eb ka triumfuar bukuria, por meritat e nj\u00eb missi nuk jan\u00eb vet\u00ebm tek e bukura, ka shum\u00eb vlera q\u00eb nd\u00ebrthuren n\u00eb kuror\u00ebzimin e nj\u00eb bukurie.<\/p>\n<p><strong>Si e kuptoni ju bukurin\u00eb, si pamje, apo si men\u00e7uri? <\/strong><\/p>\n<p>Bukuria ne rend t\u00eb par\u00eb \u00ebsht\u00eb pamja, dukja e jashtme por gjithmon\u00eb e kombinuar nga ajo q\u00eb reflektohet nga brenda. Men\u00e7uria krahas bukuris\u00eb \u00ebsht\u00eb ideali i paraqitjes s\u00eb mir\u00ebfillt\u00eb t\u00eb s bukures.<\/p>\n<p><strong>Nuk thuhet kot se t\u00eb bukur\u00ebs nuk i shihen t\u00eb metat (eventuale)?<\/strong><\/p>\n<p>Bukuria vet\u00ebm n\u00eb shikim t\u00eb par\u00eb mund t\u00eb mbuloj t\u00eb metat e tjera, por edhe me fiton me p\u00ebrshtypjen e par\u00eb, do t\u00eb thoja.<\/p>\n<p><strong>A e pranoni vler\u00ebsimin se, bukuria e mashkullit q\u00ebndron n\u00eb men\u00e7urin\u00eb e tij, kurse men\u00e7uria e femr\u00ebs n\u00eb bukurin\u00eb e saj? <\/strong><\/p>\n<p>Pajtohem&#8230; megjithat\u00eb as tek femrat bukuria pa men\u00e7uri nuk mund t\u00eb jet\u00eb e vler\u00ebsuar lart\u00eb, derisa tek meshkujt men\u00e7uria vler\u00ebsohet edhe kur bukuria mungon, madje vihet edhe m\u00eb shum\u00eb n\u00eb pah.<\/p>\n<p><strong>E keni provuar veten n\u00eb politike, art dhe menaxhment. Ku ndiheni m\u00eb komode?<\/strong><\/p>\n<p>Jam ndjer\u00eb mir\u00eb n\u00eb politik\u00eb, por artin e kam pasion dhe m\u00eb p\u00eblqen t\u00eb menaxhoj aktivitete artistike.<\/p>\n<p><strong>Keni mbaruar dy fakultete, a keni dilema se kush do t\u00eb jet\u00eb vokacioni i juaj jet\u00ebsor? <\/strong><\/p>\n<p>Nd\u00ebrmjet Komunikimit Masiv dhe Shkencave politike, dy fakultete q\u00eb i kam studiuar me shum\u00eb k\u00ebnaq\u00ebsi, secila nga k\u00ebto profesione do t\u00eb ishte ideale p\u00ebr mua, megjithat\u00eb karriera n\u00eb fush\u00ebn e bukuris\u00eb po m\u00eb mban akoma peng&#8230; p\u00ebr momentin m\u00eb shum\u00eb e shoh veten n\u00eb art, prezantim, mod\u00eb, menaxhim e organizime bukurie.<\/p>\n<p><strong>Ju shohim tek l\u00ebvizni n\u00eb trek\u00ebnd\u00ebshin Kosov\u00eb-Shqip\u00ebri-Emiratet e Bashkuara?<\/strong><\/p>\n<p>Un\u00eb fillova karrier\u00ebn n\u00eb bot\u00ebn e bukuris\u00eb duke u kuror\u00ebzuar Miss Kosova, por titulli i ardhsh\u00ebm Miss Albania ishte nj\u00eb rrug\u00eb e re dhe shum\u00eb e suksesshme p\u00ebr fillimin e karrier\u00ebs time n\u00eb Shqip\u00ebri dhe n\u00eb bot\u00eb. Pjes\u00ebmarrja ime n\u00eb Miss World rezultoi me n\u00ebnshkrimin e nj\u00eb kontrate pune si modele n\u00eb Dubai dhe m\u00eb von\u00eb p\u00ebrmes meje ju dha shansi edhe modeleve tjera nga Kosova e Shqip\u00ebria t\u00eb udh\u00ebtojn\u00eb p\u00ebr Dubai, p\u00ebr t\u2019u prezantuar n\u00eb ngjarjet m\u00eb t\u00eb r\u00ebnd\u00ebsishme t\u00eb mod\u00ebs atje.<\/p>\n<p><strong>Cilat jan\u00eb preokupimet tuaja aktuale?<\/strong><\/p>\n<p>K\u00ebto dit\u00eb do t\u00eb jem n\u00eb jav\u00ebn e mod\u00ebs n\u00eb Dubai. Sapo t\u00eb kthehem n\u00eb Kosov\u00eb, me kompanin\u00eb time \u201cAgnesa Vuthaj Association\u201d do t\u00eb fillojm\u00eb p\u00ebrgatitjet p\u00ebr organizimin e spektaklit \u201cMiss Kosova 2009\u201d. Gjithashtu jam duke punuar n\u00eb iden\u00eb e realizimit t\u00eb nj\u00eb projekti televiziv.<\/p>\n<p><strong>Po preokupimet n\u00eb planin dashuror?<\/strong><\/p>\n<p>Edhepse dashuria nuk planifikohet, ndoshta 2009-ta do t\u00eb jet\u00eb vit i rezultateve edhe n\u00eb dashuri.<\/p>\n<p><strong>Kur iu b\u00ebhet kjo pyetje, shpesh nuk keni p\u00ebrgjigje, ose keni p\u00ebrgjigje lakonike, nuk jeni e drejtp\u00ebrdrejt\u00eb?<\/strong><\/p>\n<p>Ka ndodhur k\u00ebshtu, sepse jeta ime dashurore ka qen\u00eb shum\u00eb e varf\u00ebr n\u00eb krahasim me karrier\u00ebn time. Ndon\u00ebse kam qen\u00eb shum\u00eb me fat n\u00eb zhvillimin e karrier\u00ebs time, n\u00eb sfer\u00ebn e dashuris\u00eb, nuk ka ndodhur e nj\u00ebjta.<\/p>\n<p><strong>Kik boksieri Elvir Muriqi ka deklaruar se ka nj\u00eb lidhje emotive me ju. A ka di\u00e7ka t\u00eb v\u00ebrtet, apo ndaj t\u00eb bukur\u00ebs t\u00eb gjith\u00eb kan\u00eb pretendime? <\/strong><\/p>\n<p>\u00cbsht\u00eb e v\u00ebrtet\u00eb q\u00eb p\u00ebr t\u00eb bukur\u00ebn t\u00eb gjith\u00eb kan\u00eb pretendime dhe rasti konkret ishte m\u00ebnyra m\u00eb dob\u00ebt p\u00ebr t\u00eb shprehur nj\u00eb pretendim t\u00eb till\u00eb. Mua me vjen keq q\u00eb \u00ebsht\u00eb p\u00ebrfolur aq shum\u00eb kjo tem\u00eb, qoft\u00eb n\u00eb media ashtu mes njer\u00ebzve derisa n\u00eb at\u00eb deklarat\u00eb nuk ka pasur asgj\u00eb t\u00eb v\u00ebrtet\u00eb.<\/p>\n<p><strong>Megjithat\u00eb, nj\u00eb dit\u00eb dikujt do t\u201dia fal\u00ebsh zemr\u00ebn dhe bukurin\u00eb, apo jo?<\/strong><\/p>\n<p>Sigurisht q\u00eb po, do t\u00eb vij\u00eb edhe ajo koh\u00eb.<\/p>\n<p><strong>\u00c7far\u00eb shihni n\u00eb fillim te nj\u00eb mashkull?<\/strong><\/p>\n<p>Intelekti tek nj\u00eb mashkull m\u00eb t\u00ebrheq m\u00eb shum\u00eb.<\/p>\n<p><strong>\u00c7far\u00eb do t\u00eb doje q\u00eb nj\u00eb mashkull t\u00eb vler\u00ebsonte tek ti? <\/strong><\/p>\n<p>Do doja t\u00eb vler\u00ebsonte karakterin tim, thjesht\u00eb t\u00eb m\u00eb vler\u00ebson p\u00ebr at\u00eb q\u00eb jam.<\/p>\n<p><strong>Prej \u00e7far\u00eb do t\u00eb hiqnit dor\u00eb p\u00ebr dashurin\u00eb?<\/strong><\/p>\n<p>Nuk e shoh dashurin\u00eb si kusht, mendoj q\u00eb krahas jet\u00ebs sime private dhe karrier\u00ebs sime, dashuria do t\u00eb ishte vet\u00ebm nj\u00eb plus, nj\u00eb plot\u00ebsim.<\/p>\n<p><strong>Jeni me prejardhje nga Vuthaj. A e vizitoni vendlindjen e t\u00eb par\u00ebve tuaj dhe si ndjeheni atje? <\/strong><\/p>\n<p>Paraardh\u00ebsit e familjes sime jan\u00eb shp\u00ebrngulur nga Vuthaj n\u00eb Istog, vazhdojm\u00eb ta ruajm\u00eb mbiemrin p\u00ebr rreth 300 vite, edhe pse nuk kemi familje n\u00eb Vuthaj. Me keqardhje e pranoj q\u00eb nuk kam qen\u00eb asnj\u00ebher\u00eb p\u00ebr t\u00eb vizituar vendin e origjin\u00ebs sime, megjithat\u00eb d\u00ebshira \u00ebsht\u00eb shum\u00eb e madhe p\u00ebr t\u00eb realizuar nj\u00eb vizit\u00eb n\u00eb Vuthaj, aq me tep\u00ebr p\u00ebr t\u00eb par\u00eb gjith\u00eb ato bukuri, p\u00ebr t\u00eb cilat deri me tani vet\u00ebm kam d\u00ebgjuar.<\/p>\n<p><strong>Nga Vuthajt \u00ebsht\u00eb edhe Emine \u00c7unmulaj, duket se nga ai mjedis dalin shum\u00eb femra t\u00eb bukura?<\/strong><\/p>\n<p>Ky \u00ebsht\u00eb vet\u00ebm nj\u00eb fakt m\u00eb shum\u00eb q\u00eb d\u00ebshmon bukurin\u00eb e banor\u00ebve t\u00eb asaj ane, megjithat\u00eb ai mjedis \u00ebsht\u00eb i njohur edhe p\u00ebr njer\u00ebz t\u00eb men\u00e7ur dhe shum\u00eb akademik kan\u00eb origjin\u00ebn nga Vuthaj<\/p>\n<p><strong>Thuhet se njeriu p\u00ebr nga natyra \u00ebsht\u00eb pesimist dhe se pesimizmi \u00ebsht\u00eb b\u00ebr\u00eb pjes\u00eb e p\u00ebrditshm\u00ebris\u00eb s\u00eb njeriut. A keni ju telashe me k\u00ebt\u00eb kategori, apo edhe bukuroshet jan\u00eb pesimiste? <\/strong><\/p>\n<p>Ne kosovar\u00ebt jemi populli m\u00eb optimist n\u00eb bot\u00eb. Un\u00eb nuk jam fare pesimiste, ndoshta edhe nga fakti q\u00eb jeta m\u00eb ka ecur mbar\u00eb, jam me fat q\u00eb kam mund\u00ebsi t\u00eb realizoj at\u00eb \u00e7ka dua, edhepse k\u00ebrkesat e mia jan\u00eb gjithmon\u00eb n\u00eb proporcion me at\u00eb \u00e7far\u00eb mund t\u00eb arrij.<\/p>\n<p><strong>Ndoshta b\u00ebhen pesimiste kur t\u2019ju mbaroj\u00eb mosha dhe kur iu rikthehen kujtimeve?<\/strong><\/p>\n<p>Gjith\u00e7ka n\u00eb jet\u00eb ka koh\u00ebn e vet, si momentet kulminante, poashtu edhe uljet&#8230;nuk mendoj q\u00eb do t\u00eb b\u00ebhem pesimiste as kur t\u00eb plakem, besoj q\u00eb t\u00eb kaluar\u00ebs do t\u2019i rikthehem m\u00eb \u00ebndje<\/p>\n<p><strong>Si e mendoni dhe ku e mendoni Agnes\u00ebn pas shtat\u00ebdhjet\u00eb vjet\u00ebsh?<\/strong><\/p>\n<p>Shpresoj t\u00eb jem akoma n\u00eb jet\u00eb pas shtat\u00ebdhjet\u00eb vjet\u00ebsh. N\u00ebse po at\u00ebher\u00eb e shoh vet\u00ebn t\u00eb realizuar n\u00eb shum\u00eb sfera, me nj\u00eb karrier\u00eb te bujshme prapa vetes, nj\u00eb familje te madhe dhe t\u00eb sh\u00ebndosh. D\u00ebshira ime do t\u00eb ishte t\u00eb b\u00ebhem nj\u00eb motiv p\u00ebr gjeneratat n\u00eb zhvillim.<\/p>\n<p><strong>Keni deklaruar se do te merreni edhe me \u00e7\u00ebshtje humane?<\/strong><\/p>\n<p>Un\u00eb qysh n\u00eb mosh\u00eb t\u00eb re kam filluar t\u00eb angazhohem p\u00ebr \u00e7\u00ebshtje humane, jam an\u00ebtar\u00ebsuar n\u00eb Kryqin e Kuq dhe kam marr\u00eb pjes\u00eb n\u00eb shum\u00eb aktivitete t\u00eb k\u00ebsaj organizate, pastaj me OJQ jam angazhuar shum\u00eb n\u00eb k\u00ebt\u00eb aspekt, nd\u00ebrkaq m\u00eb von\u00eb duke u kuror\u00ebzuar Miss dhe duke organizuar Miss Kosov\u00ebn, mund\u00ebsit\u00eb e mia p\u00ebr t\u00eb ndihmuar njer\u00ebzit n\u00eb nevoj\u00eb jan\u00eb rritur. P\u00ebrve\u00e7 aktiviteteve humanitare n\u00eb Kosov\u00eb, kam qen\u00eb pjes\u00eb e shum\u00eb aktiviteteve humane edhe n\u00eb vende tjera t\u00eb bot\u00ebs.<\/p>\n<p><strong>K\u00ebshtu veprojn\u00eb t\u00eb gjith\u00eb Vipat pas p\u00ebrfundimit t\u00eb karrier\u00ebs? <\/strong><\/p>\n<p>Do t\u00eb thoja q\u00eb me aktivitete humane Vip-at merren edhe gjat\u00eb karrier\u00ebs s\u00eb tyre, ndoshta n\u00eb p\u00ebrfundim t\u00eb karrier\u00ebs ke m\u00eb shum\u00eb koh\u00eb p\u00ebr aktivitete t\u00eb tilla, megjithat\u00eb mendoj q\u00eb kurdoqoft\u00eb, k\u00ebto aktivitetet jan\u00eb t\u00eb frytshme.<\/p>\n<p><strong>A e keni provuar veten n\u00eb film dhe a keni d\u00ebshir\u00eb t\u2019i hyni k\u00ebsaj &#8216;sakrifice&#8217;? <\/strong><\/p>\n<p>N\u00eb film e kam provuar veten nj\u00eb her\u00eb, vitin e kaluar kam interpretuar n\u00eb filmin shqiptar \u201cShkall\u00ebt\u201d, film q\u00eb rezultoi shum\u00eb i suksessh\u00ebm duke u shp\u00ebrblyer me \u00e7mime n\u00eb festivale nd\u00ebrkomb\u00ebtare, si dhe n\u00eb Shqip\u00ebri u vler\u00ebsua si filmi m\u00eb i mir\u00eb i vitit 2008. Interpretimi im ishte nj\u00eb sfid\u00eb e re, p\u00ebrvoj\u00eb shum\u00eb e bukur dhe qe do doja ta b\u00ebja prap\u00eb.<\/p>\n<p><strong>Cila \u00ebsht\u00eb dhurata m\u00eb e bukur q\u00eb keni marr\u00eb?<\/strong><\/p>\n<p>Kam marr\u00eb shum\u00eb dhurata n\u00eb jet\u00eb, secila nga ato ka ve\u00e7anti, bukuri dhe vler\u00eb p\u00ebr mua. Jam shum\u00eb mir\u00ebnjoh\u00ebse p\u00ebr dhuratat q\u00eb marr dhe, poashtu, kam shum\u00eb d\u00ebshir\u00eb edhe t\u00eb b\u00ebj dhurata. Bukuria m\u00eb e madhe e dhuratave besoj q\u00ebndron n\u00eb momentin e k\u00ebmbimit t\u00eb tyre \u201cmarrje \u2013 dhurim\u201d.<\/p>\n<p><strong>Po m\u00eb e sikletshmja?<\/strong><\/p>\n<p>Dhurata q\u00eb v\u00ebrtet\u00eb m\u00eb ka b\u00ebr\u00eb t\u00eb ndjehem n\u00eb siklet ishte nj\u00eb dhurat\u00eb shum\u00eb e \u00e7mueshme nga d\u00ebrgues i panjohur q\u00eb gjeta nj\u00eb m\u00ebngjes jasht\u00eb der\u00ebs s\u00eb banes\u00ebs time.<\/p>\n<p><strong>Telegrafi<\/strong><\/p>\n<p><strong><br \/>\n<\/strong><\/p>\n<!--YouTube Error: bad URL entered-->\n","protected":false},"excerpt":{"rendered":"<p>Vasha vuthjane Agnesa Vuthaj as q\u00eb ka menduar ndonj\u00ebher\u00eb se bukuria e saj do t\u00eb zyrtarizohet dhe t\u00eb b\u00ebhet publike, madje duke u ngritur n\u00eb fronin e m\u00eb t\u00eb bukur\u00ebs n\u00eb Kosov\u00eb dhe Shqip\u00ebri, por edhe m\u00eb larg. Ajo, megjithat\u00eb ka \u00ebnd\u00ebrruar t\u00eb b\u00ebhet e famshme dhe e respektuar nga t\u00eb gjith\u00eb. Por, a \u00ebsht\u00eb [&hellip;]<\/p>\n","protected":false},"author":1,"featured_media":0,"comment_status":"open","ping_status":"closed","sticky":false,"template":"","format":"standard","meta":{"spay_email":"","jetpack_publicize_message":"","jetpack_is_tweetstorm":false,"jetpack_publicize_feature_enabled":true},"categories":[1],"tags":[7350,7355,7352,7354,7351,7353],"jetpack_publicize_connections":[],"yoast_head":"<!-- This site is optimized with the Yoast SEO plugin v19.1 - https:\/\/yoast.com\/wordpress\/plugins\/seo\/ -->\n<title>Agnesa Vuthaj, e bukur, e realizuar, e qet\u00eb\u2026 - Lajme nga Ulqini<\/title>\n<meta name=\"description\" content=\"Vasha vuthjane Agnesa Vuthaj as q\u00eb ka menduar ndonj\u00ebher\u00eb se bukuria e saj do t\u00eb zyrtarizohet dhe t\u00eb b\u00ebhet publike, madje duke u ngritur n\u00eb fronin e m\u00eb t\u00eb\" \/>\n<meta name=\"robots\" content=\"index, follow, max-snippet:-1, max-image-preview:large, max-video-preview:-1\" \/>\n<link rel=\"canonical\" href=\"https:\/\/www.visit-ulcinj.com\/blog\/2009\/03\/01\/agnesa-vuthaj-e-bukur-e-realizuar-e-qete\u2026\/\" \/>\n<meta property=\"og:locale\" content=\"en_US\" \/>\n<meta property=\"og:type\" content=\"article\" \/>\n<meta property=\"og:title\" content=\"Agnesa Vuthaj, e bukur, e realizuar, e qet\u00eb\u2026 - Lajme nga Ulqini\" \/>\n<meta property=\"og:description\" content=\"Vasha vuthjane Agnesa Vuthaj as q\u00eb ka menduar ndonj\u00ebher\u00eb se bukuria e saj do t\u00eb zyrtarizohet dhe t\u00eb b\u00ebhet publike, madje duke u ngritur n\u00eb fronin e m\u00eb t\u00eb\" \/>\n<meta property=\"og:url\" content=\"https:\/\/www.visit-ulcinj.com\/blog\/2009\/03\/01\/agnesa-vuthaj-e-bukur-e-realizuar-e-qete\u2026\/\" \/>\n<meta property=\"og:site_name\" content=\"Lajme nga Ulqini\" \/>\n<meta property=\"article:published_time\" content=\"2009-02-28T23:04:21+00:00\" \/>\n<meta property=\"og:image\" content=\"https:\/\/www.visit-ulcinj.com\/blog\/wp-content\/uploads\/2009\/02\/agnesa_vuthaj1-150x150.jpg\" \/>\n<meta name=\"twitter:label1\" content=\"Written by\" \/>\n\t<meta name=\"twitter:data1\" content=\"ulqini\" \/>\n\t<meta name=\"twitter:label2\" content=\"Est. reading time\" \/>\n\t<meta name=\"twitter:data2\" content=\"8 minutes\" \/>\n<script type=\"application\/ld+json\" class=\"yoast-schema-graph\">{\"@context\":\"https:\/\/schema.org\",\"@graph\":[{\"@type\":\"WebSite\",\"@id\":\"https:\/\/www.visit-ulcinj.com\/blog\/#website\",\"url\":\"https:\/\/www.visit-ulcinj.com\/blog\/\",\"name\":\"Lajme nga Ulqini\",\"description\":\"Lajme,Vijesti,Ulqini,Ulqin,Crna Gora,Mali i Zi\",\"potentialAction\":[{\"@type\":\"SearchAction\",\"target\":{\"@type\":\"EntryPoint\",\"urlTemplate\":\"https:\/\/www.visit-ulcinj.com\/blog\/?s={search_term_string}\"},\"query-input\":\"required name=search_term_string\"}],\"inLanguage\":\"en-US\"},{\"@type\":\"ImageObject\",\"inLanguage\":\"en-US\",\"@id\":\"https:\/\/www.visit-ulcinj.com\/blog\/2009\/03\/01\/agnesa-vuthaj-e-bukur-e-realizuar-e-qete%e2%80%a6\/#primaryimage\",\"url\":\"http:\/\/www.visit-ulcinj.com\/blog\/wp-content\/uploads\/2009\/02\/agnesa-vuthaj12.jpg\",\"contentUrl\":\"http:\/\/www.visit-ulcinj.com\/blog\/wp-content\/uploads\/2009\/02\/agnesa-vuthaj12.jpg\"},{\"@type\":\"WebPage\",\"@id\":\"https:\/\/www.visit-ulcinj.com\/blog\/2009\/03\/01\/agnesa-vuthaj-e-bukur-e-realizuar-e-qete%e2%80%a6\/#webpage\",\"url\":\"https:\/\/www.visit-ulcinj.com\/blog\/2009\/03\/01\/agnesa-vuthaj-e-bukur-e-realizuar-e-qete%e2%80%a6\/\",\"name\":\"Agnesa Vuthaj, e bukur, e realizuar, e qet\u00eb\u2026 - Lajme nga Ulqini\",\"isPartOf\":{\"@id\":\"https:\/\/www.visit-ulcinj.com\/blog\/#website\"},\"primaryImageOfPage\":{\"@id\":\"https:\/\/www.visit-ulcinj.com\/blog\/2009\/03\/01\/agnesa-vuthaj-e-bukur-e-realizuar-e-qete%e2%80%a6\/#primaryimage\"},\"datePublished\":\"2009-02-28T23:04:21+00:00\",\"dateModified\":\"2009-02-28T23:04:21+00:00\",\"author\":{\"@id\":\"https:\/\/www.visit-ulcinj.com\/blog\/#\/schema\/person\/dcab619c614d3038751c63bc2aadc06d\"},\"description\":\"Vasha vuthjane Agnesa Vuthaj as q\u00eb ka menduar ndonj\u00ebher\u00eb se bukuria e saj do t\u00eb zyrtarizohet dhe t\u00eb b\u00ebhet publike, madje duke u ngritur n\u00eb fronin e m\u00eb t\u00eb\",\"breadcrumb\":{\"@id\":\"https:\/\/www.visit-ulcinj.com\/blog\/2009\/03\/01\/agnesa-vuthaj-e-bukur-e-realizuar-e-qete%e2%80%a6\/#breadcrumb\"},\"inLanguage\":\"en-US\",\"potentialAction\":[{\"@type\":\"ReadAction\",\"target\":[\"https:\/\/www.visit-ulcinj.com\/blog\/2009\/03\/01\/agnesa-vuthaj-e-bukur-e-realizuar-e-qete%e2%80%a6\/\"]}]},{\"@type\":\"BreadcrumbList\",\"@id\":\"https:\/\/www.visit-ulcinj.com\/blog\/2009\/03\/01\/agnesa-vuthaj-e-bukur-e-realizuar-e-qete%e2%80%a6\/#breadcrumb\",\"itemListElement\":[{\"@type\":\"ListItem\",\"position\":1,\"name\":\"Agnesa Vuthaj, e bukur, e realizuar, e qet\u00eb\u2026\"}]},{\"@type\":\"Person\",\"@id\":\"https:\/\/www.visit-ulcinj.com\/blog\/#\/schema\/person\/dcab619c614d3038751c63bc2aadc06d\",\"name\":\"ulqini\",\"sameAs\":[\"http:\/\/www.visit-ulcinj.com\"],\"url\":\"https:\/\/www.visit-ulcinj.com\/blog\/author\/admin\/\"}]}<\/script>\n<!-- \/ Yoast SEO plugin. -->","yoast_head_json":{"title":"Agnesa Vuthaj, e bukur, e realizuar, e qet\u00eb\u2026 - Lajme nga Ulqini","description":"Vasha vuthjane Agnesa Vuthaj as q\u00eb ka menduar ndonj\u00ebher\u00eb se bukuria e saj do t\u00eb zyrtarizohet dhe t\u00eb b\u00ebhet publike, madje duke u ngritur n\u00eb fronin e m\u00eb t\u00eb","robots":{"index":"index","follow":"follow","max-snippet":"max-snippet:-1","max-image-preview":"max-image-preview:large","max-video-preview":"max-video-preview:-1"},"canonical":"https:\/\/www.visit-ulcinj.com\/blog\/2009\/03\/01\/agnesa-vuthaj-e-bukur-e-realizuar-e-qete\u2026\/","og_locale":"en_US","og_type":"article","og_title":"Agnesa Vuthaj, e bukur, e realizuar, e qet\u00eb\u2026 - Lajme nga Ulqini","og_description":"Vasha vuthjane Agnesa Vuthaj as q\u00eb ka menduar ndonj\u00ebher\u00eb se bukuria e saj do t\u00eb zyrtarizohet dhe t\u00eb b\u00ebhet publike, madje duke u ngritur n\u00eb fronin e m\u00eb t\u00eb","og_url":"https:\/\/www.visit-ulcinj.com\/blog\/2009\/03\/01\/agnesa-vuthaj-e-bukur-e-realizuar-e-qete\u2026\/","og_site_name":"Lajme nga Ulqini","article_published_time":"2009-02-28T23:04:21+00:00","og_image":[{"url":"https:\/\/www.visit-ulcinj.com\/blog\/wp-content\/uploads\/2009\/02\/agnesa_vuthaj1-150x150.jpg"}],"twitter_misc":{"Written by":"ulqini","Est. reading time":"8 minutes"},"schema":{"@context":"https:\/\/schema.org","@graph":[{"@type":"WebSite","@id":"https:\/\/www.visit-ulcinj.com\/blog\/#website","url":"https:\/\/www.visit-ulcinj.com\/blog\/","name":"Lajme nga Ulqini","description":"Lajme,Vijesti,Ulqini,Ulqin,Crna Gora,Mali i Zi","potentialAction":[{"@type":"SearchAction","target":{"@type":"EntryPoint","urlTemplate":"https:\/\/www.visit-ulcinj.com\/blog\/?s={search_term_string}"},"query-input":"required name=search_term_string"}],"inLanguage":"en-US"},{"@type":"ImageObject","inLanguage":"en-US","@id":"https:\/\/www.visit-ulcinj.com\/blog\/2009\/03\/01\/agnesa-vuthaj-e-bukur-e-realizuar-e-qete%e2%80%a6\/#primaryimage","url":"http:\/\/www.visit-ulcinj.com\/blog\/wp-content\/uploads\/2009\/02\/agnesa-vuthaj12.jpg","contentUrl":"http:\/\/www.visit-ulcinj.com\/blog\/wp-content\/uploads\/2009\/02\/agnesa-vuthaj12.jpg"},{"@type":"WebPage","@id":"https:\/\/www.visit-ulcinj.com\/blog\/2009\/03\/01\/agnesa-vuthaj-e-bukur-e-realizuar-e-qete%e2%80%a6\/#webpage","url":"https:\/\/www.visit-ulcinj.com\/blog\/2009\/03\/01\/agnesa-vuthaj-e-bukur-e-realizuar-e-qete%e2%80%a6\/","name":"Agnesa Vuthaj, e bukur, e realizuar, e qet\u00eb\u2026 - Lajme nga Ulqini","isPartOf":{"@id":"https:\/\/www.visit-ulcinj.com\/blog\/#website"},"primaryImageOfPage":{"@id":"https:\/\/www.visit-ulcinj.com\/blog\/2009\/03\/01\/agnesa-vuthaj-e-bukur-e-realizuar-e-qete%e2%80%a6\/#primaryimage"},"datePublished":"2009-02-28T23:04:21+00:00","dateModified":"2009-02-28T23:04:21+00:00","author":{"@id":"https:\/\/www.visit-ulcinj.com\/blog\/#\/schema\/person\/dcab619c614d3038751c63bc2aadc06d"},"description":"Vasha vuthjane Agnesa Vuthaj as q\u00eb ka menduar ndonj\u00ebher\u00eb se bukuria e saj do t\u00eb zyrtarizohet dhe t\u00eb b\u00ebhet publike, madje duke u ngritur n\u00eb fronin e m\u00eb t\u00eb","breadcrumb":{"@id":"https:\/\/www.visit-ulcinj.com\/blog\/2009\/03\/01\/agnesa-vuthaj-e-bukur-e-realizuar-e-qete%e2%80%a6\/#breadcrumb"},"inLanguage":"en-US","potentialAction":[{"@type":"ReadAction","target":["https:\/\/www.visit-ulcinj.com\/blog\/2009\/03\/01\/agnesa-vuthaj-e-bukur-e-realizuar-e-qete%e2%80%a6\/"]}]},{"@type":"BreadcrumbList","@id":"https:\/\/www.visit-ulcinj.com\/blog\/2009\/03\/01\/agnesa-vuthaj-e-bukur-e-realizuar-e-qete%e2%80%a6\/#breadcrumb","itemListElement":[{"@type":"ListItem","position":1,"name":"Agnesa Vuthaj, e bukur, e realizuar, e qet\u00eb\u2026"}]},{"@type":"Person","@id":"https:\/\/www.visit-ulcinj.com\/blog\/#\/schema\/person\/dcab619c614d3038751c63bc2aadc06d","name":"ulqini","sameAs":["http:\/\/www.visit-ulcinj.com"],"url":"https:\/\/www.visit-ulcinj.com\/blog\/author\/admin\/"}]}},"jetpack_featured_media_url":"","jetpack_sharing_enabled":true,"jetpack_shortlink":"https:\/\/wp.me\/pe6lTn-3hG","_links":{"self":[{"href":"https:\/\/www.visit-ulcinj.com\/blog\/wp-json\/wp\/v2\/posts\/12628"}],"collection":[{"href":"https:\/\/www.visit-ulcinj.com\/blog\/wp-json\/wp\/v2\/posts"}],"about":[{"href":"https:\/\/www.visit-ulcinj.com\/blog\/wp-json\/wp\/v2\/types\/post"}],"author":[{"embeddable":true,"href":"https:\/\/www.visit-ulcinj.com\/blog\/wp-json\/wp\/v2\/users\/1"}],"replies":[{"embeddable":true,"href":"https:\/\/www.visit-ulcinj.com\/blog\/wp-json\/wp\/v2\/comments?post=12628"}],"version-history":[{"count":0,"href":"https:\/\/www.visit-ulcinj.com\/blog\/wp-json\/wp\/v2\/posts\/12628\/revisions"}],"wp:attachment":[{"href":"https:\/\/www.visit-ulcinj.com\/blog\/wp-json\/wp\/v2\/media?parent=12628"}],"wp:term":[{"taxonomy":"category","embeddable":true,"href":"https:\/\/www.visit-ulcinj.com\/blog\/wp-json\/wp\/v2\/categories?post=12628"},{"taxonomy":"post_tag","embeddable":true,"href":"https:\/\/www.visit-ulcinj.com\/blog\/wp-json\/wp\/v2\/tags?post=12628"}],"curies":[{"name":"wp","href":"https:\/\/api.w.org\/{rel}","templated":true}]}}