{"id":1263,"date":"2008-04-16T15:53:54","date_gmt":"2008-04-16T20:53:54","guid":{"rendered":"http:\/\/www.visit-ulcinj.com\/blog\/?p=1263"},"modified":"2008-04-16T15:53:54","modified_gmt":"2008-04-16T20:53:54","slug":"preadrag-nenezic-eko-naknadu-svi-placaju","status":"publish","type":"post","link":"https:\/\/www.visit-ulcinj.com\/blog\/2008\/04\/16\/preadrag-nenezic-eko-naknadu-svi-placaju\/","title":{"rendered":"Preadrag Nenezi?: Eko naknadu svi pla?aju"},"content":{"rendered":"<p><a href=\"http:\/\/www.visit-ulcinj.com\/blog\/wp-content\/uploads\/2008\/02\/logo_turizam_b.jpg\"><img loading=\"lazy\" class=\"alignleft attachment wp-att-521\" style=\"float: left;\" src=\"http:\/\/www.visit-ulcinj.com\/blog\/wp-content\/uploads\/2008\/02\/logo_turizam_b.thumbnail.jpg\" alt=\"TURISTICKI SAJAM \" width=\"128\" height=\"108\" \/><\/a>Ministar turizma i za\u0161tite \u017eivotne sredine Predrag Nenezi? odr\u017eao je danas konferenciju za novinare u beogradskom Media centru, povodom promocije turisti?ke ponude Crne Gore na tr\u017ei\u0161tu Srbije.<br \/>\nNa konferenciji je prisustvovalo preko 40 najtira\u017enijih \u0161tampanih i elektronskih medija u Srbiji, a Nenezi? je govorio o aktuelnostima i novitetima kada je u pitanju ovogodi\u0161nja turisti?ka ponuda.<br \/>\n\u201dPosebna pa\u017enja bila je posve?ena pitanjima koja se ti?u uvo?enja eko naknade, koju ?e od ove godine pla?ati doma?a i strana fizi?ka i pravna lica za kori\u0161?enje drumskih motornih vozila. Nenezi? je istakao eko naknadu pla?aju svi. Doma?a pravna i fizi?ka lica naknadu pla?aju prilikom registracije vozila, a strana pravna i fizi?ka lica du\u017ena su da eko naknadu plate prilikom ulaska na teritoriju Crne Gore, i va\u017ei?e godinu dana\u201d, saop\u0161teno je iz ministarstva turizma i za\u0161tite \u017eivotne sredine.<br \/>\nTako?e, predstavnici medija informisani su o po?etku primjene novog Pravlnika o bezbjednosti hrane, kojim se ure?uju osnove i na?ela za obezbje?ivanje visokog nivoa za\u0161tite \u017eivota i zdravlja ljudi, koji se primjenjuju u skladu sa principima slobodne trgovine.<a href=\"http:\/\/www.visit-ulcinj.com\/blog\/wp-content\/uploads\/2008\/02\/predrag-nenezic.jpg\"><img loading=\"lazy\" class=\"alignright attachment wp-att-467\" style=\"float: right;\" src=\"http:\/\/www.visit-ulcinj.com\/blog\/wp-content\/uploads\/2008\/02\/predrag-nenezic.thumbnail.jpg\" alt=\"predrag nenezic\" width=\"90\" height=\"128\" \/><\/a><br \/>\nOvaj Zakon uskla?en je sa me?unarodnim pozitivnim propisima i iskustvima i usagla\u0161en sa standardima EU i njegov osnovni cilj je da za\u0161titi zdravlje ljudi koje je naro?ito ugro\u017eeno u toku ljetnje turisti?ke sezone, kada usljed visokih temperatura dolazi do brzog kvarnje hrane koja se neadekvatno transportuje.<br \/>\nMinistar Nenzi? je govorio i o unapre?enju saobra?ajne infrastrukture i op\u0161tih uslova saobra?aja, izgradnji tre?ih traka, rekonstrukcija i modernizaciji dijela saobra?ajnica koje vode od Podgorice ka Srbiji, sa ciljem bolje saobra?ajne dostupnosti, unapre?enja kvaliteta odvijanja saobra?aja, cijenama smje\u0161taja, novom kvalitetu hotelsko-ugostiteljskih objekata i drugim projektima koji se ti?u unapre?enja turisti?kog proizvoda Crne Gore.<br \/>\nGostima iz Srbije ukazano je na obavezu da prijave svoj borvak, u skladu sa novom zakonskom regulativom u Crnoj Gori.<br \/>\nI ove godine crnogorska turisti?ka ponuda, na tr\u017ei\u0161tu Srbije, bi?e predstavljena kroz medijske i promotivne prezentacije.<br \/>\n\u201cPromotivnu kampanju ?e pratiti poruka i poziv za ljetovanje u Crnoj Gori, a kampanja ?e se sastojati iz roadshow-a, koji je zapo?eo pro\u0161le nedelje, outdoor, TV kampanje, posjete studijskih i press grupa, kao i kampanje kroz naj?itanije \u0161tampane medije\u201d, ka\u017eu u ovom ministarstvu.<br \/>\nTuristi?ka ponuda Crne Gore predstavlja se u periodu od 9. do 23. aprila, u osam srbijanskih gradova ?a?ku, Kraljevu, Ni\u0161u, Kragujevcu, Subotici, Somboru, Zrenjaninu i Novom Sadu.<br \/>\nKoncepcija programa obuhvata prezentacije noviteta u turisti?koj ponudi, cijena za sezonu 2008. kao i susrete sa zvani?nicima lokalnih samouprava, medija i turisti?kih agencija i organizacija.<br \/>\nMinistarstvo turizma i za\u0161tite \u017eivotne sredine i Nacionalna Turisti?ka Organizacija Crne Gore prethodnih nekoliko godina promovi\u0161u Crnu Goru na tr\u017ei\u0161tu Srbije kroz razli?ite vidove marketing komunikacije.<br \/>\nOve godine, o?ekuje se oko 400 hiljada turista iz ove susjedne dr\u017eave.<\/p>\n<p><strong>Cafemontenegro<\/strong><\/p>\n","protected":false},"excerpt":{"rendered":"<p><img loading=\"lazy\" class=\"alignleft attachment wp-att-521\" style=\"float: left;\" src=\"http:\/\/www.visit-ulcinj.com\/blog\/wp-content\/uploads\/2008\/02\/logo_turizam_b.thumbnail.jpg\" alt=\"TURISTICKI SAJAM \" width=\"140\" height=\"140\" \/><\/p>\n","protected":false},"author":1,"featured_media":0,"comment_status":"open","ping_status":"closed","sticky":false,"template":"","format":"standard","meta":{"spay_email":"","jetpack_publicize_message":"","jetpack_is_tweetstorm":false,"jetpack_publicize_feature_enabled":true},"categories":[15],"tags":[2506,2509,2507,2508,2448,2511,2510,2512],"jetpack_publicize_connections":[],"yoast_head":"<!-- This site is optimized with the Yoast SEO plugin v19.1 - https:\/\/yoast.com\/wordpress\/plugins\/seo\/ -->\n<title>Preadrag Nenezi?: Eko naknadu svi pla?aju - Lajme nga Ulqini<\/title>\n<meta name=\"robots\" content=\"index, follow, max-snippet:-1, max-image-preview:large, max-video-preview:-1\" \/>\n<link rel=\"canonical\" href=\"https:\/\/www.visit-ulcinj.com\/blog\/2008\/04\/16\/preadrag-nenezic-eko-naknadu-svi-placaju\/\" \/>\n<meta property=\"og:locale\" content=\"en_US\" \/>\n<meta property=\"og:type\" content=\"article\" \/>\n<meta property=\"og:title\" content=\"Preadrag Nenezi?: Eko naknadu svi pla?aju - Lajme nga Ulqini\" \/>\n<meta property=\"og:url\" content=\"https:\/\/www.visit-ulcinj.com\/blog\/2008\/04\/16\/preadrag-nenezic-eko-naknadu-svi-placaju\/\" \/>\n<meta property=\"og:site_name\" content=\"Lajme nga Ulqini\" \/>\n<meta property=\"article:published_time\" content=\"2008-04-16T20:53:54+00:00\" \/>\n<meta property=\"og:image\" content=\"http:\/\/www.visit-ulcinj.com\/blog\/wp-content\/uploads\/2008\/02\/logo_turizam_b.thumbnail.jpg\" \/>\n<meta name=\"twitter:label1\" content=\"Written by\" \/>\n\t<meta name=\"twitter:data1\" content=\"ulqini\" \/>\n\t<meta name=\"twitter:label2\" content=\"Est. reading time\" \/>\n\t<meta name=\"twitter:data2\" content=\"3 minutes\" \/>\n<script type=\"application\/ld+json\" class=\"yoast-schema-graph\">{\"@context\":\"https:\/\/schema.org\",\"@graph\":[{\"@type\":\"WebSite\",\"@id\":\"https:\/\/www.visit-ulcinj.com\/blog\/#website\",\"url\":\"https:\/\/www.visit-ulcinj.com\/blog\/\",\"name\":\"Lajme nga Ulqini\",\"description\":\"Lajme,Vijesti,Ulqini,Ulqin,Crna Gora,Mali i Zi\",\"potentialAction\":[{\"@type\":\"SearchAction\",\"target\":{\"@type\":\"EntryPoint\",\"urlTemplate\":\"https:\/\/www.visit-ulcinj.com\/blog\/?s={search_term_string}\"},\"query-input\":\"required name=search_term_string\"}],\"inLanguage\":\"en-US\"},{\"@type\":\"ImageObject\",\"inLanguage\":\"en-US\",\"@id\":\"https:\/\/www.visit-ulcinj.com\/blog\/2008\/04\/16\/preadrag-nenezic-eko-naknadu-svi-placaju\/#primaryimage\",\"url\":\"http:\/\/www.visit-ulcinj.com\/blog\/wp-content\/uploads\/2008\/02\/logo_turizam_b.thumbnail.jpg\",\"contentUrl\":\"http:\/\/www.visit-ulcinj.com\/blog\/wp-content\/uploads\/2008\/02\/logo_turizam_b.thumbnail.jpg\"},{\"@type\":\"WebPage\",\"@id\":\"https:\/\/www.visit-ulcinj.com\/blog\/2008\/04\/16\/preadrag-nenezic-eko-naknadu-svi-placaju\/#webpage\",\"url\":\"https:\/\/www.visit-ulcinj.com\/blog\/2008\/04\/16\/preadrag-nenezic-eko-naknadu-svi-placaju\/\",\"name\":\"Preadrag Nenezi?: Eko naknadu svi pla?aju - Lajme nga Ulqini\",\"isPartOf\":{\"@id\":\"https:\/\/www.visit-ulcinj.com\/blog\/#website\"},\"primaryImageOfPage\":{\"@id\":\"https:\/\/www.visit-ulcinj.com\/blog\/2008\/04\/16\/preadrag-nenezic-eko-naknadu-svi-placaju\/#primaryimage\"},\"datePublished\":\"2008-04-16T20:53:54+00:00\",\"dateModified\":\"2008-04-16T20:53:54+00:00\",\"author\":{\"@id\":\"https:\/\/www.visit-ulcinj.com\/blog\/#\/schema\/person\/dcab619c614d3038751c63bc2aadc06d\"},\"breadcrumb\":{\"@id\":\"https:\/\/www.visit-ulcinj.com\/blog\/2008\/04\/16\/preadrag-nenezic-eko-naknadu-svi-placaju\/#breadcrumb\"},\"inLanguage\":\"en-US\",\"potentialAction\":[{\"@type\":\"ReadAction\",\"target\":[\"https:\/\/www.visit-ulcinj.com\/blog\/2008\/04\/16\/preadrag-nenezic-eko-naknadu-svi-placaju\/\"]}]},{\"@type\":\"BreadcrumbList\",\"@id\":\"https:\/\/www.visit-ulcinj.com\/blog\/2008\/04\/16\/preadrag-nenezic-eko-naknadu-svi-placaju\/#breadcrumb\",\"itemListElement\":[{\"@type\":\"ListItem\",\"position\":1,\"name\":\"Preadrag Nenezi?: Eko naknadu svi pla?aju\"}]},{\"@type\":\"Person\",\"@id\":\"https:\/\/www.visit-ulcinj.com\/blog\/#\/schema\/person\/dcab619c614d3038751c63bc2aadc06d\",\"name\":\"ulqini\",\"sameAs\":[\"http:\/\/www.visit-ulcinj.com\"],\"url\":\"https:\/\/www.visit-ulcinj.com\/blog\/author\/admin\/\"}]}<\/script>\n<!-- \/ Yoast SEO plugin. -->","yoast_head_json":{"title":"Preadrag Nenezi?: Eko naknadu svi pla?aju - Lajme nga Ulqini","robots":{"index":"index","follow":"follow","max-snippet":"max-snippet:-1","max-image-preview":"max-image-preview:large","max-video-preview":"max-video-preview:-1"},"canonical":"https:\/\/www.visit-ulcinj.com\/blog\/2008\/04\/16\/preadrag-nenezic-eko-naknadu-svi-placaju\/","og_locale":"en_US","og_type":"article","og_title":"Preadrag Nenezi?: Eko naknadu svi pla?aju - Lajme nga Ulqini","og_url":"https:\/\/www.visit-ulcinj.com\/blog\/2008\/04\/16\/preadrag-nenezic-eko-naknadu-svi-placaju\/","og_site_name":"Lajme nga Ulqini","article_published_time":"2008-04-16T20:53:54+00:00","og_image":[{"url":"http:\/\/www.visit-ulcinj.com\/blog\/wp-content\/uploads\/2008\/02\/logo_turizam_b.thumbnail.jpg"}],"twitter_misc":{"Written by":"ulqini","Est. reading time":"3 minutes"},"schema":{"@context":"https:\/\/schema.org","@graph":[{"@type":"WebSite","@id":"https:\/\/www.visit-ulcinj.com\/blog\/#website","url":"https:\/\/www.visit-ulcinj.com\/blog\/","name":"Lajme nga Ulqini","description":"Lajme,Vijesti,Ulqini,Ulqin,Crna Gora,Mali i Zi","potentialAction":[{"@type":"SearchAction","target":{"@type":"EntryPoint","urlTemplate":"https:\/\/www.visit-ulcinj.com\/blog\/?s={search_term_string}"},"query-input":"required name=search_term_string"}],"inLanguage":"en-US"},{"@type":"ImageObject","inLanguage":"en-US","@id":"https:\/\/www.visit-ulcinj.com\/blog\/2008\/04\/16\/preadrag-nenezic-eko-naknadu-svi-placaju\/#primaryimage","url":"http:\/\/www.visit-ulcinj.com\/blog\/wp-content\/uploads\/2008\/02\/logo_turizam_b.thumbnail.jpg","contentUrl":"http:\/\/www.visit-ulcinj.com\/blog\/wp-content\/uploads\/2008\/02\/logo_turizam_b.thumbnail.jpg"},{"@type":"WebPage","@id":"https:\/\/www.visit-ulcinj.com\/blog\/2008\/04\/16\/preadrag-nenezic-eko-naknadu-svi-placaju\/#webpage","url":"https:\/\/www.visit-ulcinj.com\/blog\/2008\/04\/16\/preadrag-nenezic-eko-naknadu-svi-placaju\/","name":"Preadrag Nenezi?: Eko naknadu svi pla?aju - Lajme nga Ulqini","isPartOf":{"@id":"https:\/\/www.visit-ulcinj.com\/blog\/#website"},"primaryImageOfPage":{"@id":"https:\/\/www.visit-ulcinj.com\/blog\/2008\/04\/16\/preadrag-nenezic-eko-naknadu-svi-placaju\/#primaryimage"},"datePublished":"2008-04-16T20:53:54+00:00","dateModified":"2008-04-16T20:53:54+00:00","author":{"@id":"https:\/\/www.visit-ulcinj.com\/blog\/#\/schema\/person\/dcab619c614d3038751c63bc2aadc06d"},"breadcrumb":{"@id":"https:\/\/www.visit-ulcinj.com\/blog\/2008\/04\/16\/preadrag-nenezic-eko-naknadu-svi-placaju\/#breadcrumb"},"inLanguage":"en-US","potentialAction":[{"@type":"ReadAction","target":["https:\/\/www.visit-ulcinj.com\/blog\/2008\/04\/16\/preadrag-nenezic-eko-naknadu-svi-placaju\/"]}]},{"@type":"BreadcrumbList","@id":"https:\/\/www.visit-ulcinj.com\/blog\/2008\/04\/16\/preadrag-nenezic-eko-naknadu-svi-placaju\/#breadcrumb","itemListElement":[{"@type":"ListItem","position":1,"name":"Preadrag Nenezi?: Eko naknadu svi pla?aju"}]},{"@type":"Person","@id":"https:\/\/www.visit-ulcinj.com\/blog\/#\/schema\/person\/dcab619c614d3038751c63bc2aadc06d","name":"ulqini","sameAs":["http:\/\/www.visit-ulcinj.com"],"url":"https:\/\/www.visit-ulcinj.com\/blog\/author\/admin\/"}]}},"jetpack_featured_media_url":"","jetpack_sharing_enabled":true,"jetpack_shortlink":"https:\/\/wp.me\/pe6lTn-kn","_links":{"self":[{"href":"https:\/\/www.visit-ulcinj.com\/blog\/wp-json\/wp\/v2\/posts\/1263"}],"collection":[{"href":"https:\/\/www.visit-ulcinj.com\/blog\/wp-json\/wp\/v2\/posts"}],"about":[{"href":"https:\/\/www.visit-ulcinj.com\/blog\/wp-json\/wp\/v2\/types\/post"}],"author":[{"embeddable":true,"href":"https:\/\/www.visit-ulcinj.com\/blog\/wp-json\/wp\/v2\/users\/1"}],"replies":[{"embeddable":true,"href":"https:\/\/www.visit-ulcinj.com\/blog\/wp-json\/wp\/v2\/comments?post=1263"}],"version-history":[{"count":0,"href":"https:\/\/www.visit-ulcinj.com\/blog\/wp-json\/wp\/v2\/posts\/1263\/revisions"}],"wp:attachment":[{"href":"https:\/\/www.visit-ulcinj.com\/blog\/wp-json\/wp\/v2\/media?parent=1263"}],"wp:term":[{"taxonomy":"category","embeddable":true,"href":"https:\/\/www.visit-ulcinj.com\/blog\/wp-json\/wp\/v2\/categories?post=1263"},{"taxonomy":"post_tag","embeddable":true,"href":"https:\/\/www.visit-ulcinj.com\/blog\/wp-json\/wp\/v2\/tags?post=1263"}],"curies":[{"name":"wp","href":"https:\/\/api.w.org\/{rel}","templated":true}]}}