{"id":1264,"date":"2008-04-16T16:02:46","date_gmt":"2008-04-16T21:02:46","guid":{"rendered":"http:\/\/www.visit-ulcinj.com\/blog\/?p=1264"},"modified":"2008-04-18T10:59:17","modified_gmt":"2008-04-18T15:59:17","slug":"permiresohet-padrejtesia-e-ulqinit","status":"publish","type":"post","link":"https:\/\/www.visit-ulcinj.com\/blog\/2008\/04\/16\/permiresohet-padrejtesia-e-ulqinit\/","title":{"rendered":"P\u00ebrmir\u00ebsohet padrejt\u00ebsia e Ulqinit"},"content":{"rendered":"<p><a href=\"http:\/\/www.visit-ulcinj.com\/blog\/wp-content\/uploads\/2008\/04\/temelet-e-xhamis-se-marinareve.jpg\"><img loading=\"lazy\" class=\"alignleft attachment wp-att-1265\" style=\"float: left;\" src=\"http:\/\/www.visit-ulcinj.com\/blog\/wp-content\/uploads\/2008\/04\/temelet-e-xhamis-se-marinareve.thumbnail.jpg\" alt=\"Delegacioni islamik ne ulqin\" width=\"200\" height=\"146\" \/><\/a>N\u00eb prani t\u00eb autoriteteve m\u00eb t\u00eb larta fetare, p\u00ebrfaq\u00ebsuesve t\u00eb pushtetit lokal dhe republican, kreu i Komun\u00ebs s\u00eb Ulqinit, G\u00ebzim Hajdinaga dhe Reisi i Bashk\u00ebsis\u00eb Islame t\u00eb Malit t\u00eb Zi, Rifat Fejziq vendos\u00ebn t\u00eb enjten gurthemelin p\u00ebr rind\u00ebrtimin e Xhamis\u00eb s\u00eb Detar\u00ebve, e cila u rr\u00ebnua para 77 vjet\u00ebsh nga autoritetet e at\u00ebhershme shtet\u00ebrore malazeze. Avdo Gorana, kryetar i Bashk\u00ebsis\u00eb Islame t\u00eb Ulqinit, n\u00eb fjal\u00ebn e tij p\u00ebrsh\u00ebndet\u00ebse tha se fillimi i rind\u00ebrtimit t\u00eb Xhamis\u00eb s\u00eb Detar\u00ebve, e cila sipas goj\u00ebdh\u00ebn\u00ebs \u00ebsht\u00eb nd\u00ebrtuar para ardhjes s\u00eb turqve n\u00eb k\u00ebto treva nga tregtar\u00eb dhe detar\u00eb t\u00eb shteteve myslimane t\u00eb mesdheut, \u00ebsht\u00eb ngjarje e madhe civilizuese p\u00ebr t\u00eb gjith\u00eb qytetar\u00ebt e komun\u00ebs s\u00eb Ulqinit, ve\u00e7mas p\u00ebr besimtar\u00ebt mysliman\u00eb. Sipas Goran\u00ebs rind\u00ebrtimi Xhamis\u00eb do t\u00eb b\u00ebhet me kontributin e besimtar\u00ebve, prandaj u b\u00ebri thirrje t\u00eb gjithj\u00eb qytetar\u00ebve q\u00eb n\u00eb num\u00ebr sa m\u00eb t\u00eb madh t\u00eb japin kontributin e<a href=\"http:\/\/www.visit-ulcinj.com\/blog\/wp-content\/uploads\/2008\/04\/kamen-temeljac-ulcinj.jpg\"><img loading=\"lazy\" class=\"alignright attachment wp-att-1205\" style=\"float: right;\" src=\"http:\/\/www.visit-ulcinj.com\/blog\/wp-content\/uploads\/2008\/04\/kamen-temeljac-ulcinj.thumbnail.jpg\" alt=\"kamen temeljac ulcinj\" width=\"150\" height=\"200\" \/><\/a> tyre. Reisi i Bashk\u00ebsis\u00eb Islame t\u00eb Malit t\u00eb Zi, Rifat Fejziq fal\u00ebnderoi t\u00eb gjith\u00eb ata q\u00eb kan\u00eb kontribuar n\u00eb rind\u00ebrtimin e k\u00ebsaj xhamie, e cila sipas tij nuk ka qen\u00eb thjesht\u00eb vet\u00ebm objekt kulti, por edhe vend pushimi p\u00ebr detar\u00ebt q\u00eb kan\u00eb ardhur n\u00eb Ulqin. Ai k\u00ebt\u00eb dit\u00eb e cil\u00ebsoi si dit\u00eb t\u00eb drejt\u00ebsis\u00eb, e cila, si\u00e7 theksoi ai, &#8220;erdhi pak me vones\u00eb, por me vullnetin e Zotit u p\u00ebrmir\u00ebsua nj\u00eb padrejt\u00ebsi&#8221;. Fejziq u shpreh i bindur se me k\u00ebt\u00eb xhami bregdeti malazez dhe Mali i Zi do t\u00eb zbukuroj\u00eb hart\u00ebn e vet turistike. Kryetari i Komun\u00ebs s\u00eb Ulqinit, G\u00ebzim Hjadinaga, pohoi se me rind\u00ebrtimin e Xhamis\u00eb s\u00eb Detar\u00ebve n\u00eb Ulqin asaj do t`i kthehet p\u00ebrs\u00ebri shk\u00eblqimi i saj i dikursh\u00ebm, p\u00ebr t\u00eb cil\u00ebn kronikan\u00ebt dhe historian\u00ebt thon\u00eb se ka qen\u00eb nj\u00ebra nd\u00ebr m\u00eb t\u00eb bukurat n\u00eb rajon. Ceremonis\u00eb s\u00eb hedhjes s\u00eb gurthemelit t\u00eb Xhamis\u00eb i parapriu nj\u00eb takim i kryetarit t\u00eb Komun\u00ebs s\u00eb Ulqinit, G\u00ebzim Hajdinaga, q\u00eb pati n\u00eb kabinetin e tij me p\u00ebrfaq\u00ebsuesit e t\u00eb tri komuniteteve fetare n\u00eb Ulqin, me \u00e7`rast u konstatua bashk\u00ebjetesa dhe komunikimi i mir\u00eb nd\u00ebrfetar i qytetar\u00ebve t\u00eb k\u00ebsaj komune.<br \/>\n<strong><br \/>\nGj. Gjonaj<br \/>\nKoha javore<\/strong><\/p>\n<h2 class=\"style2\">Takim me intelektual<span lang=\"sq\">\u00eb t\u00eb  \t\t\t\tUlqinit<\/span><\/h2>\n<p><a href=\"http:\/\/www.visit-ulcinj.com\/blog\/wp-content\/uploads\/2008\/04\/muhamed-sytari.jpg\"><img loading=\"lazy\" class=\"alignleft attachment wp-att-1305\" style=\"float: left;\" src=\"http:\/\/www.visit-ulcinj.com\/blog\/wp-content\/uploads\/2008\/04\/muhamed-sytari.thumbnail.jpg\" alt=\"Muhamed Sytari_ULQIN\" width=\"200\" height=\"149\" \/><\/a>N\u00eb ambientet e hotel \u201cDolcino\u201d, kryesia e Bashk\u00ebsis\u00eb Islame t\u00eb Ulqinit, ka organizuar nj\u00eb takim me elit\u00ebn e intelektual\u00ebve dhe biznesmen\u00ebve t\u00eb Ulqinit. N\u00eb k\u00ebt\u00eb takim t\u00eb ngroht\u00eb, i ftuar nderi ka qen\u00eb thirr\u00ebsi islam Muhamed Sytari, i cili ka marr\u00eb pjes\u00eb edhe n\u00eb ceremonin\u00eb e Mevludit Sherif\u00eb t\u00eb organizuar pas namazit t\u00eb iqindis\u00eb s\u00eb dit\u00ebs s\u00eb sotme n\u00eb xhamin\u00eb e Mezjahut.<br \/>\nN\u00eb fjal\u00ebn e tij hyr\u00ebse, z. Avdo Gorani, kryetar i porsazgjedhur i Bashk\u00ebsis\u00eb Islame t\u00eb Ulqinit ka p\u00ebrsh\u00ebndetur pjes\u00ebmarr\u00ebsit dhe nj\u00ebkoh\u00ebsisht ka fal\u00ebnderuar gatishm\u00ebrin\u00eb e tyre p\u00ebr t\u00eb qen\u00eb s\u00ebbashku n\u00eb k\u00ebt\u00eb mbr\u00ebmje t\u00eb ve\u00e7ant\u00eb. M\u00eb pas ai ka prezantuar edhe mikun e mbr\u00ebmjes, t\u00eb ftuarin nga Shkodra, thirr\u00ebsin islam Muhamed Sytari.<a href=\"http:\/\/www.visit-ulcinj.com\/blog\/wp-content\/uploads\/2008\/04\/muhamed-sytari1.jpg\"><img loading=\"lazy\" class=\"alignright attachment wp-att-1306\" style=\"float: right;\" src=\"http:\/\/www.visit-ulcinj.com\/blog\/wp-content\/uploads\/2008\/04\/muhamed-sytari1.thumbnail.jpg\" alt=\"Muhamed Sytari_ulqini\" width=\"200\" height=\"149\" \/><\/a><br \/>\nN\u00eb fjal\u00ebn e tij, miku nga Shkodra \u00ebsht\u00eb ndalur te haku i Resulull-llahit (a.s) n\u00eb veten e secilit musliman, duke marr\u00eb shkak edhe nga data e p\u00ebrkujtimit t\u00eb lindjes s\u00eb zot\u00ebris\u00eb s\u00eb bijve t\u00eb Ademit, Muhammedit (a.s). Ai ka nxitur t\u00eb pranishmit p\u00ebr t\u00eb kontribuar n\u00eb \u00e7do koh\u00eb p\u00ebr t\u00eb mir\u00ebn e fes\u00eb islame dhe harmonis\u00eb s\u00eb saj me shoq\u00ebrin\u00eb.<br \/>\nNj\u00ebkoh\u00ebsisht ai ka p\u00ebrsh\u00ebndetur projektet e shumta t\u00eb Bashk\u00ebsis\u00eb Islame t\u00eb Ulqinit, t\u00eb b\u00ebra publike nga kryeimami i Ulqinit, H. Rexhep ef. Lika, gjat\u00eb ceremonis\u00eb s\u00eb pasdites n\u00eb xhamin\u00eb e Mezjahut.<br \/>\n<a href=\"http:\/\/www.visit-ulcinj.com\/blog\/wp-content\/uploads\/2008\/04\/muhamed-sytari2.jpg\"><img loading=\"lazy\" class=\"alignleft attachment wp-att-1307\" style=\"float: left;\" src=\"http:\/\/www.visit-ulcinj.com\/blog\/wp-content\/uploads\/2008\/04\/muhamed-sytari2.thumbnail.jpg\" alt=\"Muhamed Sytari_mbledhja\" width=\"200\" height=\"149\" \/><\/a>Takimi \u00ebsht\u00eb p\u00ebrsh\u00ebndetur edhe nga kryetari i komun\u00ebs s\u00eb Ulqinit, z. G\u00ebzim Hajdinaga, kryeimami i Ulqinit, H. Rexhep ef. Lika, dr. Gani Karamanaga, studiuesi Ismet Karamanaga e shum\u00eb intelektual\u00eb t\u00eb tjer\u00eb t\u00eb pranish\u00ebm.<br \/>\nT\u00eb pranish\u00ebmve n\u00eb k\u00ebt\u00eb takim i \u00ebsht\u00eb shp\u00ebrndar\u00eb edhe monografia: \u201cHafiz Qamil Tresi- n\u00eb gjurm\u00ebt e nj\u00eb biblioteke q\u00eb sfidon heshtjen e koh\u00ebs&#8230;\u201d, t\u00eb thirr\u00ebsit islam Muhamed Sytari.<br \/>\nN\u00eb fund t\u00eb diskutimeve, nga t\u00eb pranishmit jan\u00eb drejtuar pyetje t\u00eb shumta p\u00ebr mikun nga Shkodra.<br \/>\n<a href=\"http:\/\/www.visit-ulcinj.com\/blog\/wp-admin\/www.muhamedsytari.net\" target=\"_blank\">www.muhamedsytari.net<\/a><\/p>\n<h2 class=\"style1\">Thirr<span lang=\"sq\">\u00ebsi islam Muhamed  \t\t\t\tSytari, mysafir i B.I. Ulqin<\/span><\/h2>\n<p><a href=\"http:\/\/www.visit-ulcinj.com\/blog\/wp-content\/uploads\/2008\/04\/mevludi-ulqin-20308-balline.jpg\"><img loading=\"lazy\" class=\"alignleft attachment wp-att-1308\" style=\"float: left;\" src=\"http:\/\/www.visit-ulcinj.com\/blog\/wp-content\/uploads\/2008\/04\/mevludi-ulqin-20308-balline.thumbnail.jpg\" alt=\"Bashk\u00ebsia Islame e Ulqinit\" width=\"200\" height=\"149\" \/><\/a>Me ftes\u00eb t\u00eb Bashk\u00ebsis\u00eb Islame t\u00eb Ulqinit, thirr\u00ebsi islam Muhamed Sytari ka marr\u00eb pjes\u00eb n\u00eb ceremonin\u00eb e p\u00ebrvitshme t\u00eb organizuar n\u00eb xhamin\u00eb e Mezjahut, n\u00eb qend\u00ebr t\u00eb Ulqinit, me rastin e p\u00ebrkujtimit t\u00eb dit\u00ebs s\u00eb lindjes s\u00eb hazreti Muhammedit (a.s), Mevludi Sherif\u00eb.<br \/>\nPas faljes s\u00eb namazit t\u00eb iqindis\u00eb, kryeimami i Ulqinit, H. Rexhep ef. Lika, ka prezantuar t\u00eb ftuarin e Bashk\u00ebsis\u00eb Islame n\u00eb k\u00ebt\u00eb aktivitet duke theksuar se: \u201cDuke filluar me k\u00ebt\u00eb aktivitet, Bashk\u00ebsia Islame e Ulqinit, ka vendosur q\u00eb p\u00ebr \u00e7do muaj do t\u00eb ket\u00eb nga nj\u00eb t\u00eb ftuar p\u00ebr t\u00eb folur mbi vlerat dhe mesazhet e fes\u00eb ton\u00eb\u201d.<br \/>\nN\u00eb ligj\u00ebrat\u00ebn e tij, thirr\u00ebsi islam Muhamed Sytari, ka folur mbi dashurin\u00eb dhe respektin q\u00eb duhet t\u00eb shpreh\u00eb secili musliman p\u00ebr t\u00eb d\u00ebrguarin e All-llahut. Ai ka nxitur ndjekjen dhe pasimin e tradit\u00ebs muhamedane, si rrug\u00eb shembullore e t\u00eb jetuarit t\u00eb jet\u00ebs me besim e dashuri.<a href=\"http:\/\/www.visit-ulcinj.com\/blog\/wp-content\/uploads\/2008\/04\/ulqin-mevlud-20308.jpg\"><img loading=\"lazy\" class=\"alignright attachment wp-att-1309\" style=\"float: right;\" src=\"http:\/\/www.visit-ulcinj.com\/blog\/wp-content\/uploads\/2008\/04\/ulqin-mevlud-20308.thumbnail.jpg\" alt=\"Bashk\u00ebsia Islame e Ulqin1\" width=\"200\" height=\"149\" \/><\/a><br \/>\nPas ligj\u00ebrat\u00ebs s\u00eb t\u00eb ftuarit nga Shkodra, \u00ebsht\u00eb k\u00ebnduar Mevludi Sherif\u00eb dhe \u00ebsht\u00eb b\u00ebr\u00eb duaja e k\u00ebsaj ceremonie.<br \/>\nN\u00eb k\u00ebt\u00eb aktivitet binte n\u00eb sy pjes\u00ebmarrja e dendur e hoxhallar\u00ebve t\u00eb k\u00ebsaj zone, t\u00eb cil\u00ebt ishin edhe pjes\u00ebmarr\u00ebs n\u00eb k\u00ebndimin e pjes\u00ebve t\u00eb ndryshme t\u00eb mevludit.<br \/>\nI gjith\u00eb aktiviteti \u00ebsht\u00eb regjistruar nga kamerat e tv teuta, p\u00ebr t\u2019u transmetuar m\u00eb pas n\u00eb nj\u00eb program special t\u00eb tij.<br \/>\n<strong>Lavdrim Hamja<\/strong><\/p>\n<p><a href=\"http:\/\/www.visit-ulcinj.com\/blog\/wp-admin\/www.muhamedsytari.net\" target=\"_blank\">www.muhamedsytari.net<\/a><\/p>\n","protected":false},"excerpt":{"rendered":"<p><img loading=\"lazy\" class=\"alignleft attachment wp-att-1265\" style=\"float: left;\" src=\"http:\/\/www.visit-ulcinj.com\/blog\/wp-content\/uploads\/2008\/04\/temelet-e-xhamis-se-marinareve.thumbnail.jpg\" alt=\"Delegacioni islamik ne ulqin\" width=\"140\" height=\"140\" \/><\/p>\n","protected":false},"author":1,"featured_media":0,"comment_status":"open","ping_status":"closed","sticky":false,"template":"","format":"standard","meta":{"spay_email":"","jetpack_publicize_message":"","jetpack_is_tweetstorm":false,"jetpack_publicize_feature_enabled":true},"categories":[4,11,12],"tags":[222,2515,2564,2514,2513],"jetpack_publicize_connections":[],"yoast_head":"<!-- This site is optimized with the Yoast SEO plugin v19.1 - https:\/\/yoast.com\/wordpress\/plugins\/seo\/ -->\n<title>P\u00ebrmir\u00ebsohet padrejt\u00ebsia e Ulqinit - Lajme nga Ulqini<\/title>\n<meta name=\"robots\" content=\"index, follow, max-snippet:-1, max-image-preview:large, max-video-preview:-1\" \/>\n<link rel=\"canonical\" href=\"https:\/\/www.visit-ulcinj.com\/blog\/2008\/04\/16\/permiresohet-padrejtesia-e-ulqinit\/\" \/>\n<meta property=\"og:locale\" content=\"en_US\" \/>\n<meta property=\"og:type\" content=\"article\" \/>\n<meta property=\"og:title\" content=\"P\u00ebrmir\u00ebsohet padrejt\u00ebsia e Ulqinit - Lajme nga Ulqini\" \/>\n<meta property=\"og:url\" content=\"https:\/\/www.visit-ulcinj.com\/blog\/2008\/04\/16\/permiresohet-padrejtesia-e-ulqinit\/\" \/>\n<meta property=\"og:site_name\" content=\"Lajme nga Ulqini\" \/>\n<meta property=\"article:published_time\" content=\"2008-04-16T21:02:46+00:00\" \/>\n<meta property=\"article:modified_time\" content=\"2008-04-18T15:59:17+00:00\" \/>\n<meta property=\"og:image\" content=\"http:\/\/www.visit-ulcinj.com\/blog\/wp-content\/uploads\/2008\/04\/temelet-e-xhamis-se-marinareve.thumbnail.jpg\" \/>\n<meta name=\"twitter:label1\" content=\"Written by\" \/>\n\t<meta name=\"twitter:data1\" content=\"ulqini\" \/>\n\t<meta name=\"twitter:label2\" content=\"Est. reading time\" \/>\n\t<meta name=\"twitter:data2\" content=\"5 minutes\" \/>\n<script type=\"application\/ld+json\" class=\"yoast-schema-graph\">{\"@context\":\"https:\/\/schema.org\",\"@graph\":[{\"@type\":\"WebSite\",\"@id\":\"https:\/\/www.visit-ulcinj.com\/blog\/#website\",\"url\":\"https:\/\/www.visit-ulcinj.com\/blog\/\",\"name\":\"Lajme nga Ulqini\",\"description\":\"Lajme,Vijesti,Ulqini,Ulqin,Crna Gora,Mali i Zi\",\"potentialAction\":[{\"@type\":\"SearchAction\",\"target\":{\"@type\":\"EntryPoint\",\"urlTemplate\":\"https:\/\/www.visit-ulcinj.com\/blog\/?s={search_term_string}\"},\"query-input\":\"required name=search_term_string\"}],\"inLanguage\":\"en-US\"},{\"@type\":\"ImageObject\",\"inLanguage\":\"en-US\",\"@id\":\"https:\/\/www.visit-ulcinj.com\/blog\/2008\/04\/16\/permiresohet-padrejtesia-e-ulqinit\/#primaryimage\",\"url\":\"http:\/\/www.visit-ulcinj.com\/blog\/wp-content\/uploads\/2008\/04\/temelet-e-xhamis-se-marinareve.thumbnail.jpg\",\"contentUrl\":\"http:\/\/www.visit-ulcinj.com\/blog\/wp-content\/uploads\/2008\/04\/temelet-e-xhamis-se-marinareve.thumbnail.jpg\"},{\"@type\":\"WebPage\",\"@id\":\"https:\/\/www.visit-ulcinj.com\/blog\/2008\/04\/16\/permiresohet-padrejtesia-e-ulqinit\/#webpage\",\"url\":\"https:\/\/www.visit-ulcinj.com\/blog\/2008\/04\/16\/permiresohet-padrejtesia-e-ulqinit\/\",\"name\":\"P\u00ebrmir\u00ebsohet padrejt\u00ebsia e Ulqinit - Lajme nga Ulqini\",\"isPartOf\":{\"@id\":\"https:\/\/www.visit-ulcinj.com\/blog\/#website\"},\"primaryImageOfPage\":{\"@id\":\"https:\/\/www.visit-ulcinj.com\/blog\/2008\/04\/16\/permiresohet-padrejtesia-e-ulqinit\/#primaryimage\"},\"datePublished\":\"2008-04-16T21:02:46+00:00\",\"dateModified\":\"2008-04-18T15:59:17+00:00\",\"author\":{\"@id\":\"https:\/\/www.visit-ulcinj.com\/blog\/#\/schema\/person\/dcab619c614d3038751c63bc2aadc06d\"},\"breadcrumb\":{\"@id\":\"https:\/\/www.visit-ulcinj.com\/blog\/2008\/04\/16\/permiresohet-padrejtesia-e-ulqinit\/#breadcrumb\"},\"inLanguage\":\"en-US\",\"potentialAction\":[{\"@type\":\"ReadAction\",\"target\":[\"https:\/\/www.visit-ulcinj.com\/blog\/2008\/04\/16\/permiresohet-padrejtesia-e-ulqinit\/\"]}]},{\"@type\":\"BreadcrumbList\",\"@id\":\"https:\/\/www.visit-ulcinj.com\/blog\/2008\/04\/16\/permiresohet-padrejtesia-e-ulqinit\/#breadcrumb\",\"itemListElement\":[{\"@type\":\"ListItem\",\"position\":1,\"name\":\"P\u00ebrmir\u00ebsohet padrejt\u00ebsia e Ulqinit\"}]},{\"@type\":\"Person\",\"@id\":\"https:\/\/www.visit-ulcinj.com\/blog\/#\/schema\/person\/dcab619c614d3038751c63bc2aadc06d\",\"name\":\"ulqini\",\"sameAs\":[\"http:\/\/www.visit-ulcinj.com\"],\"url\":\"https:\/\/www.visit-ulcinj.com\/blog\/author\/admin\/\"}]}<\/script>\n<!-- \/ Yoast SEO plugin. -->","yoast_head_json":{"title":"P\u00ebrmir\u00ebsohet padrejt\u00ebsia e Ulqinit - Lajme nga Ulqini","robots":{"index":"index","follow":"follow","max-snippet":"max-snippet:-1","max-image-preview":"max-image-preview:large","max-video-preview":"max-video-preview:-1"},"canonical":"https:\/\/www.visit-ulcinj.com\/blog\/2008\/04\/16\/permiresohet-padrejtesia-e-ulqinit\/","og_locale":"en_US","og_type":"article","og_title":"P\u00ebrmir\u00ebsohet padrejt\u00ebsia e Ulqinit - Lajme nga Ulqini","og_url":"https:\/\/www.visit-ulcinj.com\/blog\/2008\/04\/16\/permiresohet-padrejtesia-e-ulqinit\/","og_site_name":"Lajme nga Ulqini","article_published_time":"2008-04-16T21:02:46+00:00","article_modified_time":"2008-04-18T15:59:17+00:00","og_image":[{"url":"http:\/\/www.visit-ulcinj.com\/blog\/wp-content\/uploads\/2008\/04\/temelet-e-xhamis-se-marinareve.thumbnail.jpg"}],"twitter_misc":{"Written by":"ulqini","Est. reading time":"5 minutes"},"schema":{"@context":"https:\/\/schema.org","@graph":[{"@type":"WebSite","@id":"https:\/\/www.visit-ulcinj.com\/blog\/#website","url":"https:\/\/www.visit-ulcinj.com\/blog\/","name":"Lajme nga Ulqini","description":"Lajme,Vijesti,Ulqini,Ulqin,Crna Gora,Mali i Zi","potentialAction":[{"@type":"SearchAction","target":{"@type":"EntryPoint","urlTemplate":"https:\/\/www.visit-ulcinj.com\/blog\/?s={search_term_string}"},"query-input":"required name=search_term_string"}],"inLanguage":"en-US"},{"@type":"ImageObject","inLanguage":"en-US","@id":"https:\/\/www.visit-ulcinj.com\/blog\/2008\/04\/16\/permiresohet-padrejtesia-e-ulqinit\/#primaryimage","url":"http:\/\/www.visit-ulcinj.com\/blog\/wp-content\/uploads\/2008\/04\/temelet-e-xhamis-se-marinareve.thumbnail.jpg","contentUrl":"http:\/\/www.visit-ulcinj.com\/blog\/wp-content\/uploads\/2008\/04\/temelet-e-xhamis-se-marinareve.thumbnail.jpg"},{"@type":"WebPage","@id":"https:\/\/www.visit-ulcinj.com\/blog\/2008\/04\/16\/permiresohet-padrejtesia-e-ulqinit\/#webpage","url":"https:\/\/www.visit-ulcinj.com\/blog\/2008\/04\/16\/permiresohet-padrejtesia-e-ulqinit\/","name":"P\u00ebrmir\u00ebsohet padrejt\u00ebsia e Ulqinit - Lajme nga Ulqini","isPartOf":{"@id":"https:\/\/www.visit-ulcinj.com\/blog\/#website"},"primaryImageOfPage":{"@id":"https:\/\/www.visit-ulcinj.com\/blog\/2008\/04\/16\/permiresohet-padrejtesia-e-ulqinit\/#primaryimage"},"datePublished":"2008-04-16T21:02:46+00:00","dateModified":"2008-04-18T15:59:17+00:00","author":{"@id":"https:\/\/www.visit-ulcinj.com\/blog\/#\/schema\/person\/dcab619c614d3038751c63bc2aadc06d"},"breadcrumb":{"@id":"https:\/\/www.visit-ulcinj.com\/blog\/2008\/04\/16\/permiresohet-padrejtesia-e-ulqinit\/#breadcrumb"},"inLanguage":"en-US","potentialAction":[{"@type":"ReadAction","target":["https:\/\/www.visit-ulcinj.com\/blog\/2008\/04\/16\/permiresohet-padrejtesia-e-ulqinit\/"]}]},{"@type":"BreadcrumbList","@id":"https:\/\/www.visit-ulcinj.com\/blog\/2008\/04\/16\/permiresohet-padrejtesia-e-ulqinit\/#breadcrumb","itemListElement":[{"@type":"ListItem","position":1,"name":"P\u00ebrmir\u00ebsohet padrejt\u00ebsia e Ulqinit"}]},{"@type":"Person","@id":"https:\/\/www.visit-ulcinj.com\/blog\/#\/schema\/person\/dcab619c614d3038751c63bc2aadc06d","name":"ulqini","sameAs":["http:\/\/www.visit-ulcinj.com"],"url":"https:\/\/www.visit-ulcinj.com\/blog\/author\/admin\/"}]}},"jetpack_featured_media_url":"","jetpack_sharing_enabled":true,"jetpack_shortlink":"https:\/\/wp.me\/pe6lTn-ko","_links":{"self":[{"href":"https:\/\/www.visit-ulcinj.com\/blog\/wp-json\/wp\/v2\/posts\/1264"}],"collection":[{"href":"https:\/\/www.visit-ulcinj.com\/blog\/wp-json\/wp\/v2\/posts"}],"about":[{"href":"https:\/\/www.visit-ulcinj.com\/blog\/wp-json\/wp\/v2\/types\/post"}],"author":[{"embeddable":true,"href":"https:\/\/www.visit-ulcinj.com\/blog\/wp-json\/wp\/v2\/users\/1"}],"replies":[{"embeddable":true,"href":"https:\/\/www.visit-ulcinj.com\/blog\/wp-json\/wp\/v2\/comments?post=1264"}],"version-history":[{"count":1,"href":"https:\/\/www.visit-ulcinj.com\/blog\/wp-json\/wp\/v2\/posts\/1264\/revisions"}],"predecessor-version":[{"id":61085,"href":"https:\/\/www.visit-ulcinj.com\/blog\/wp-json\/wp\/v2\/posts\/1264\/revisions\/61085"}],"wp:attachment":[{"href":"https:\/\/www.visit-ulcinj.com\/blog\/wp-json\/wp\/v2\/media?parent=1264"}],"wp:term":[{"taxonomy":"category","embeddable":true,"href":"https:\/\/www.visit-ulcinj.com\/blog\/wp-json\/wp\/v2\/categories?post=1264"},{"taxonomy":"post_tag","embeddable":true,"href":"https:\/\/www.visit-ulcinj.com\/blog\/wp-json\/wp\/v2\/tags?post=1264"}],"curies":[{"name":"wp","href":"https:\/\/api.w.org\/{rel}","templated":true}]}}