{"id":1266,"date":"2008-04-16T16:15:25","date_gmt":"2008-04-16T21:15:25","guid":{"rendered":"http:\/\/www.visit-ulcinj.com\/blog\/?p=1266"},"modified":"2008-04-16T16:15:25","modified_gmt":"2008-04-16T21:15:25","slug":"andrej-nikolaidiskako-se-mjeri-dusevna-bol","status":"publish","type":"post","link":"https:\/\/www.visit-ulcinj.com\/blog\/2008\/04\/16\/andrej-nikolaidiskako-se-mjeri-dusevna-bol\/","title":{"rendered":"Andrej Nikolaidis:Kako se mjeri du\u0161evna bol?"},"content":{"rendered":"<p><a href=\"http:\/\/www.visit-ulcinj.com\/blog\/wp-content\/uploads\/2008\/01\/nikolaidis_andrej.jpg\"><img loading=\"lazy\" class=\"alignleft attachment wp-att-346\" style=\"float: left;\" src=\"http:\/\/www.visit-ulcinj.com\/blog\/wp-content\/uploads\/2008\/01\/nikolaidis_andrej.jpg\" alt=\"Nikolaidis Andrej\" width=\"150\" height=\"104\" \/><\/a>&#8220;Ja bih zaista volio da mi neko objasni kako se mjeri ne?ija du\u0161evna bol. Ko ?e meni da plati sve du\u0161evne boli koje sam pretrpio za vrijeme ratova na prostoru biv\u0161e Jugoslavije, dok su ljudi poput Kusturice bili predano uz one koji su vodili te ratove&#8221;, ka\u017ee za RSE crnogorski knji\u017eevnik, Andrej Nikolaidis.<\/p>\n<p>RSE: Gospodine Nikolaidis, Vi\u0161i sud u Pogorici nalo\u017eio je Vama i nedjeljniku Monitor da solidarno isplatite 12 hiljada eura re\u017eiseru Emiru Kusturici na ime pretrpljenih du\u0161evnih bolova zbog teksta &#8220;D\u017eelatov \u0161egrt&#8221; u kome se bavite re\u017eiserovim vezama sa Milo\u0161evi?evim re\u017eimom. Kako ste do\u017eivjeli tu presudu?<\/p>\n<p>NIKOLAIDIS: Prili?no mu?an proces koji je trajao ?etiri godine. Nije bila samo jedna tu\u017eba. Ovo je bila gra?anska parnica protiv mene i Monitora. Protiv mene je bila i krivi?na, jer je u Crnoj Gori kleveta i dalje krivi?no djelo, jer postoji izvjesna prijetnja zatvorom. On je dakako mo?an ?ovjek s ?itavom ma\u0161inerijom mo?i iza sebe i bilo je prili?no te\u0161ko, ?ak i fizi?ki, jer su me vucarali po sudu. Pet ili \u0161est puta sam dolazio iz Ulcinja u Podgoricu, na su?enja na kojima se on nije pojavljivao i onda se napokon udostojio da se pojavi, pa je kao Fidel Kastro odr\u017eao vi\u0161esatni govor. Nakon toga su me osudili i onda je stigla i ova presuda. ?itavo to vrijeme, ne?u re?i cjelokupna javnost nego dio javnosti, onaj dio javnosti koji mene interesuje i onaj koji je meni ideolo\u0161ki po svom vrijednosnom sistemu bitan, je bio zgro\u017een zato \u0161to se radilo o nasilju ne nad pojedincem i nad medijem nego, izme?u ostalog i nad nasiljem nad logikom i nad na\u0161im sje?anjem, jer presude su donesene protiv mene i Monitora, a da nije pobijeno ?injeni?no stanje, da niko nije doveo u pitanje da taj ?ovjek jeste bio na toj strani u ratu u Bosni, za koji ja ka\u017eem da jeste, da je bio u tom okru\u017eenju, da je davao izjave koje je davao uprkos tom ?injeni?nom stanju ja i Monitor smo ka\u017enjeni, te ja jasno da smo ka\u017enjeni za vrednosne sudove. Bilo je tu i prate?ih krivi?nih neprijatnih stvari, tako da je se ?itava stvar otegla i za mene je bila najmu?nije iskustvo u \u017eivotu.<img loading=\"lazy\" class=\"alignright\" style=\"float: right;\" src=\"http:\/\/www.monitor.cg.yu\/images\/backh.jpg\" alt=\"\" width=\"189\" height=\"58\" \/><\/p>\n<p>RSE: Poznato je da je stav suda u Strazburu da izdava? ne mora dokazivati vrednosne sudove, a dio javnosti ove doma?i i iz regiona koja je stala iza Vas, ovu presudu tuma?i kao atak na slobodnu misao i poku\u0161aj u?utkivanja kao nezgodnog svjedoka.<\/p>\n<p>NIKOLAIDIS: Mi nijesmo osu?eni samo za vrednosne sudove nego ?ak i za estetske sudove, jer u presudi stoji, izme?u ostalog, zato \u0161to sam sa podsmijehom govorio o Kusturi?inim umjetni?kim dostignu?ima. Ja naro?ito insistiram na tom dijelu presude koji dr\u017eim da doista je nevi?eno skandalozan, jer tako ne\u0161to se ne bi napravilo ni u Sjevernoj Koreji, jer ako po?nete da osu?ujete ljude i da dosu?ujete pare rediteljima za du\u0161evne bolove svaki put kada neko izrazi nezadovoljstvo na?inom na koji su oni snimili film ili ?ak kada kao ja ne mislite da su njegovi filmovi filmovi postignu?a nego potonu?a onda ulazimo u jednu zonu koja je apsolutno totalitarna i osim toga znate da je pro\u0161le godine zavr\u0161en proces Hanke je tu\u017eio francuski nedjeljnik Nuvelle observateur, za vrlo sli?nu stvar. Taj nedjeljnik je tvrdio da je Henke podr\u017eavao genocid u Srebrenici i ostale sli?ne zlo?ine. Hanke je dobio proces, ali je nedjeljnik, bogati francuski nedjeljnik osu?en da plati jedan euro, jer kada nekome ho?ete nadomjestiti du\u0161evne boli to morate u?initi jednim simboli?nim aktom, a ne procijeniti 12, 15 ili 50 hiljada eura. Uostalom, ja bih zaista volio da mi neko objasni kako se mjeri ne?ija du\u0161evna bol. Ko ?e meni da plati sve du\u0161evne boli koje sam pretrpio za vrijeme ratova na prostoru biv\u0161e Jugoslavije, dok su ljudi poput Kusturice bili predano uz one koji su vodili te ratove.<\/p>\n<p>RSE: Da li mislite da su ovakve presude, iako se sudstvo u Crnoj Gori vodi kao nezavisno, posljedica nedostatka politi?ke volje da se ozbiljno suo?imo sa sramotnim detaljima iz svoje pro\u0161losti i da jasno identifikujemo inspiratora, organizatore i hu\u0161ka?e iz ratnih devedesetih?<\/p>\n<p><img loading=\"lazy\" class=\"alignleft\" style=\"float: left;\" src=\"http:\/\/upload.wikimedia.org\/wikipedia\/commons\/thumb\/0\/09\/Emir_Kusturica_Bruxelles05.jpg\/180px-Emir_Kusturica_Bruxelles05.jpg\" alt=\"\" width=\"180\" height=\"232\" \/>NIKOLAIDIS: \u0160to se mene ti?e dr\u017eava Crna Gora se preko svog suda koji se ovoga puta zvao Vi\u0161i sud u Podgorici jasno izjasnila o tome \u0161ta se de\u0161avalo na prostoru biv\u0161e Jugoslavije i Kusturi?inu verziju tog rata po kojoj nije bilo napada?a i napadnitih, nije bilo d\u017eelata i \u017ertve i svi su jednako krivi i svi su jednako \u017ertve prihvatila za svoje jer je to dr\u017eavni organ, a dr\u017eava ?e imati priliku ponovo da se izjasni jer ?emo mi podnijeti tu\u017ebu Vrhovnom sudu i onda ?e gospoda i gospo?e iz Vrhovnoga suda, a nedvojbeno te \u017eene i ti ljudi jesu bliski sa vrhom DPS-a, sa vla\u0161?u u Crnoj Gori i jo\u0161 jednom imati priliku da se izjasne o tome \u0161ta i kako je bilo, pa da niko u Crnoj Gori nema nikakve zabune  oko toga. To prosto ja razumijem u jednom momentu, 80 odsto Crne Gore je bilo kao i Emir Kusturica, mislili su isto kao i on. Problem dana\u0161nje Crne Gore nije u tome \u0161to 80 odsto i dalje misli kao i on, nego u tome \u0161to o tome uop\u0161te ne misli i taj programirani zaborav je uspostavljen i ovakve presude treba tome i da slu\u017ee da se suzbije svaki poku\u0161aj i da se taj programirani zaborav razbije i da se kazne ljudi koji ga se sje?aju.<\/p>\n<p>RSE: U svom iskazu na prethodnom su?enju re\u017eiser Emir Kusturica je objelodanio da se prije nego \u0161to je podnio tu\u017ebu protiv Vas konsultovao sa crnogorskim dr\u017eavnim vrhom. \u0160to Vam to govori?<\/p>\n<p>NIKOLAIDIS: \u0160to to mo?e da govori. ?ovjek do?e na sud i saop\u0161ti da se povodom mog pisanja konsultovao sa svojim prijateljima iz crnogorskog dr\u017eavnog vrha i da su mu oni rekli da je to ta grupa ljudi koja i nas napada, ali mi im ni\u0161ta ne mo\u017eemo. U tom trenutku je moralo biti prekinuto su?enje, jer je ?ovjek napravio takav faul nad pravosu?em, napravio takvu politi?ku \u0161tetu tim ljudima koje je pomenuo, a ja nakon toga da li postoji na ovoj planeti ili bilo koje misle?e bi?e koje smatra da taj dr\u017eavni vrh nije involviran u ?itav ovaj proces nakon \u0161to je tu\u017eilac sam rekao da jeste, da ih je kontaktirao.<\/p>\n<p>RSE: Urednici glasila protiv kojih se podi\u017eu tu\u017ebe i kojima se izri?u drakonske nov?ane kazne, tvrde da iza svega stoji namjera vlasti da disciplinuje, pa i da ugasi neposlu\u0161ne medije.<\/p>\n<p>NIKOLAIDIS: Ja mogu da ka\u017eem da mi stvar li?i na to, ali ne mogu da tvrdim da jeste tako, izme?u ostaog i zato \u0161to bi me mogli jo\u0161 jednom tu\u017eiti, ali ako sada postavljamo pitanje da li i ako vrlo brzo ?emo znati za sigurno jer pored ove tu\u017ebe protiv Monitora i Vijesti su podnijete i brojne druge. Koliko ja znam Monitoru se prijeti tu\u017ebama u vrijednosti od 200 hiljada eura. Taj list ne mo\u017ee podnijeti ni deseti dio toga, a kamoli sve to, dok mislim da tu\u017ebe  protiv Vijesti dose\u017eu nevjerovatnih milion i trista hiljada eura. Tako da ako to nije pritisak na medije onda znam \u0161to jeste.<\/p>\n<p>RSE: Kada danas analizirate crnogorsku medijsku zajednicu i dru\u0161tvo uop\u0161te da li primije?ujete o\u0161tru polarizaciju i podijeljenost koja, dodu\u0161e, vi\u0161e nije kao u predreferendumskom periodu uslovljena razli?itim nacionalnim osje?ajem gra?ana i identitetskim pitanjem.<\/p>\n<p>NIKOLAIDIS: Crna Gora vi\u0161e nije bipolarna. Sada, imamo tri pola. Imate politi?ka scena i vrijednosni sistem u Crnoj Gori je postavljen ovako. Imate dvije vladaju?e grupacije i unutar tog vladaju?eg diskursa dva pola, jedan pozicioni i jedan opozicioni. Na jednom polu je suverena DPS i SDP i u zajedni?kom projektu sa njima je Srpska lista koja je opzicioni pol tog pokreta. Oni dijele jedan vrednosni sistem, a to je bipolarna Crna Gora, o\u0161tre podjele i \u0161to u krajnjem proizvodi vladavinu DPS-a i postoji tre?i pol, na neki na?in vrlo labavo okupljen oko nezavisnih medija i Pokreta za promjene koji \u017eeli da prevazi?e te podjele i \u017eeli da rekonstrui\u0161e nekakvu drugu Crnu Goru. To obi?no biva kada su jake podjele na djelu najvi\u0161e stradaju oni koji se postave izme?u. I to je ono \u0161to danas imate u Crnoj Gori. Zato stradaju nezavisni mediji i zato je Pokret za promjene lo\u0161e pro\u0161ao na tim izborima zato \u0161to se postavio izme?u.<\/p>\n<p>RSE: Nedavno su se zavr\u0161ili ovi predsjedni?ki izbori na kojima su vladaju?e partije utvrdile apsolutnu vlast. Kakav Vi zaklju?ak izvla?ite iz tog izbornog rezultata i ove izborne trke koju su mnogi do\u017eivljavali kao klju?nu za budu?nost Crne Gore?<\/p>\n<p>NIKOLAIDIS: Mislim da je izborni rezultat ovih predsjedni?kih izbora unaprijed odredio i rezultat parlamentarnih izbora. Mislim da je gotovo izvjesno da ?e DPS i SDP trijumfovati i na parlamentarnim izborima jer je sada politi?ka scena konstituisana tako da su ljudi iz Srpske liste najja?a opoziciona snaga i otud ne ?udi radost predstavnika vlasti zbog toga i njihovo isticanje da je sada Andrija Mandi? lider opozicije jer oni apsolutno znaju da oni ne mogu izbore izgubiti od Srpske liste budu?i da je stvar sad konstituisana tako. Poznat je i pobjednik narednih izbora, a to prakti?no zna?i da se mogu?nost promjene u Crnoj Gori odla\u017ee za narednih pet godina.<\/p>\n<p>RSE: Tokom ratnih de\u0161avanja po?etkom devedesetih u Crnoj Gori, iako u ubjedljivoj manjini, postojalo je neko intelektualno jezgro koje se zalagalo za vra?anje vrijednosnog sistema i za izno\u0161enje neke, ako to uop\u0161te postoji, apsolutne istine. Da li to jezgro danas postoji u Crnoj Gori, da li je ono po Vama u Crnoj Gori danas oslabilo ili oja?alo?<\/p>\n<p>NIKOLAIDIS: Ja mislim da je uloga intelektualaca i njihov uticaj na javno mnjenje u Crnoj Gori apsolutno precijenjena. Ovo \u0161to se de\u0161ava i meni i Monitoru vam govori sljede?e, ako se bavite stvarima koje nerviraju centre mo?i jedino \u0161to mo\u017eete posti?i jeste da dobijete po glavi po\u0161to uzdrmate te centre mo?i. Potom, vi vidite da sada na javnoj sceni postoji ?itav niz intelektualaca i medija koji ne da ne podr\u017eavaju vlast nego su vrlo otvoreni u svojoj kritici, podr\u0161ci pojedinim kandidatima opozicije, a to opet nije uticalo na rezultat izbora. Tako da je jasno da u Crnoj Gori neke druge stvari odlu?uju o rezultatima izbora i neke druge stvari odlu?uju o tome ko ?e dr\u017eati poluge mo?i. Tako da mislim da ?itav taj folklor sa intelektualcima i njihovim uticajem mi vu?emo iz vremena komunizma gdje su intelektualci bili razli?iti prosto zbog toga \u0161to su imali priliku da budu disidenti. Mogli su napisati ili re?i ne\u0161to \u0161to su u sukobu sa vladaju?om istinom i onda biti ka\u017enjeni zbog toga. Imamo isti slu?aj i sada. Vidite \u0161to se desi kada ka\u017eete ne\u0161to \u0161to je u suprotnosti sa vladaju?om strukturom u Crnoj Gori.<br \/>\nRSE: Kada ka\u017eete da su neke druge stvari odlu?uju?e, na \u0161ta konkretno mislite?<\/p>\n<p>NIKOLAIDIS: O?ito da partijsku infrastrukturu na dru\u0161tveni uticaj koji partije imaju i intelektualci koji ga nemaju, uostalom, nemojte zaboraviti da postoji samo jedan na?in da intelektualac postane dru\u0161tveno uticajan i dru\u0161tveno relevatan u Crnoj Gori, a to je da se bavi politikom. Ovdje niko nije uticajan zbog toga \u0161to je sjajan pijanista, sjajan pisac ili sjajan slikar. Tek onog momenta kada po?ne da se bavi golom politikom on ostvaruje izvjesni stepen uticaja koji, me?utim, nikada ne prevazilazi stepen \u0161efa DPS-a  u nekoj mjesnoj zajednici u Podgorici. Tako da ta pri?a i svaljivanje odgovornosti na intelaktualce i stavljanje za njih doista prete\u0161kog bremena mislim da ne funkcioni\u0161e. Naravno da postoji i treba da postoji izvjestan intelektualni otpor, naravno da je on bitan zbog toga \u0161to postavlja temelje za neke budu?e politi?ke akcije, me?utim, u sada\u0161njosti u realnom vremenu crnogorski intelektualci nijesu u stanju da u?ine mnogo kada su pitanju konkretne promjene sada i ovdje.<\/p>\n<p>Petar Komneni?<br \/>\ncafemontenegro<\/p>\n","protected":false},"excerpt":{"rendered":"<p><img loading=\"lazy\" class=\"alignleft attachment wp-att-346\" style=\"float: left;\" src=\"http:\/\/www.visit-ulcinj.com\/blog\/wp-content\/uploads\/2008\/01\/nikolaidis_andrej.jpg\" alt=\"Nikolaidis Andrej\" width=\"140\" height=\"140\" \/><\/p>\n","protected":false},"author":1,"featured_media":0,"comment_status":"open","ping_status":"closed","sticky":false,"template":"","format":"standard","meta":{"spay_email":"","jetpack_publicize_message":"","jetpack_is_tweetstorm":false,"jetpack_publicize_feature_enabled":true},"categories":[4],"tags":[2517,2516,2518],"jetpack_publicize_connections":[],"yoast_head":"<!-- This site is optimized with the Yoast SEO plugin v19.1 - https:\/\/yoast.com\/wordpress\/plugins\/seo\/ -->\n<title>Andrej Nikolaidis:Kako se mjeri du\u0161evna bol? - Lajme nga Ulqini<\/title>\n<meta name=\"robots\" content=\"index, follow, max-snippet:-1, max-image-preview:large, max-video-preview:-1\" \/>\n<link rel=\"canonical\" href=\"https:\/\/www.visit-ulcinj.com\/blog\/2008\/04\/16\/andrej-nikolaidiskako-se-mjeri-dusevna-bol\/\" \/>\n<meta property=\"og:locale\" content=\"en_US\" \/>\n<meta property=\"og:type\" content=\"article\" \/>\n<meta property=\"og:title\" content=\"Andrej Nikolaidis:Kako se mjeri du\u0161evna bol? - Lajme nga Ulqini\" \/>\n<meta property=\"og:url\" content=\"https:\/\/www.visit-ulcinj.com\/blog\/2008\/04\/16\/andrej-nikolaidiskako-se-mjeri-dusevna-bol\/\" \/>\n<meta property=\"og:site_name\" content=\"Lajme nga Ulqini\" \/>\n<meta property=\"article:published_time\" content=\"2008-04-16T21:15:25+00:00\" \/>\n<meta property=\"og:image\" content=\"http:\/\/www.visit-ulcinj.com\/blog\/wp-content\/uploads\/2008\/01\/nikolaidis_andrej.jpg\" \/>\n<meta name=\"twitter:label1\" content=\"Written by\" \/>\n\t<meta name=\"twitter:data1\" content=\"ulqini\" \/>\n\t<meta name=\"twitter:label2\" content=\"Est. reading time\" \/>\n\t<meta name=\"twitter:data2\" content=\"11 minutes\" \/>\n<script type=\"application\/ld+json\" class=\"yoast-schema-graph\">{\"@context\":\"https:\/\/schema.org\",\"@graph\":[{\"@type\":\"WebSite\",\"@id\":\"https:\/\/www.visit-ulcinj.com\/blog\/#website\",\"url\":\"https:\/\/www.visit-ulcinj.com\/blog\/\",\"name\":\"Lajme nga Ulqini\",\"description\":\"Lajme,Vijesti,Ulqini,Ulqin,Crna Gora,Mali i Zi\",\"potentialAction\":[{\"@type\":\"SearchAction\",\"target\":{\"@type\":\"EntryPoint\",\"urlTemplate\":\"https:\/\/www.visit-ulcinj.com\/blog\/?s={search_term_string}\"},\"query-input\":\"required name=search_term_string\"}],\"inLanguage\":\"en-US\"},{\"@type\":\"ImageObject\",\"inLanguage\":\"en-US\",\"@id\":\"https:\/\/www.visit-ulcinj.com\/blog\/2008\/04\/16\/andrej-nikolaidiskako-se-mjeri-dusevna-bol\/#primaryimage\",\"url\":\"http:\/\/www.visit-ulcinj.com\/blog\/wp-content\/uploads\/2008\/01\/nikolaidis_andrej.jpg\",\"contentUrl\":\"http:\/\/www.visit-ulcinj.com\/blog\/wp-content\/uploads\/2008\/01\/nikolaidis_andrej.jpg\"},{\"@type\":\"WebPage\",\"@id\":\"https:\/\/www.visit-ulcinj.com\/blog\/2008\/04\/16\/andrej-nikolaidiskako-se-mjeri-dusevna-bol\/#webpage\",\"url\":\"https:\/\/www.visit-ulcinj.com\/blog\/2008\/04\/16\/andrej-nikolaidiskako-se-mjeri-dusevna-bol\/\",\"name\":\"Andrej Nikolaidis:Kako se mjeri du\u0161evna bol? - Lajme nga Ulqini\",\"isPartOf\":{\"@id\":\"https:\/\/www.visit-ulcinj.com\/blog\/#website\"},\"primaryImageOfPage\":{\"@id\":\"https:\/\/www.visit-ulcinj.com\/blog\/2008\/04\/16\/andrej-nikolaidiskako-se-mjeri-dusevna-bol\/#primaryimage\"},\"datePublished\":\"2008-04-16T21:15:25+00:00\",\"dateModified\":\"2008-04-16T21:15:25+00:00\",\"author\":{\"@id\":\"https:\/\/www.visit-ulcinj.com\/blog\/#\/schema\/person\/dcab619c614d3038751c63bc2aadc06d\"},\"breadcrumb\":{\"@id\":\"https:\/\/www.visit-ulcinj.com\/blog\/2008\/04\/16\/andrej-nikolaidiskako-se-mjeri-dusevna-bol\/#breadcrumb\"},\"inLanguage\":\"en-US\",\"potentialAction\":[{\"@type\":\"ReadAction\",\"target\":[\"https:\/\/www.visit-ulcinj.com\/blog\/2008\/04\/16\/andrej-nikolaidiskako-se-mjeri-dusevna-bol\/\"]}]},{\"@type\":\"BreadcrumbList\",\"@id\":\"https:\/\/www.visit-ulcinj.com\/blog\/2008\/04\/16\/andrej-nikolaidiskako-se-mjeri-dusevna-bol\/#breadcrumb\",\"itemListElement\":[{\"@type\":\"ListItem\",\"position\":1,\"name\":\"Andrej Nikolaidis:Kako se mjeri du\u0161evna bol?\"}]},{\"@type\":\"Person\",\"@id\":\"https:\/\/www.visit-ulcinj.com\/blog\/#\/schema\/person\/dcab619c614d3038751c63bc2aadc06d\",\"name\":\"ulqini\",\"sameAs\":[\"http:\/\/www.visit-ulcinj.com\"],\"url\":\"https:\/\/www.visit-ulcinj.com\/blog\/author\/admin\/\"}]}<\/script>\n<!-- \/ Yoast SEO plugin. -->","yoast_head_json":{"title":"Andrej Nikolaidis:Kako se mjeri du\u0161evna bol? - Lajme nga Ulqini","robots":{"index":"index","follow":"follow","max-snippet":"max-snippet:-1","max-image-preview":"max-image-preview:large","max-video-preview":"max-video-preview:-1"},"canonical":"https:\/\/www.visit-ulcinj.com\/blog\/2008\/04\/16\/andrej-nikolaidiskako-se-mjeri-dusevna-bol\/","og_locale":"en_US","og_type":"article","og_title":"Andrej Nikolaidis:Kako se mjeri du\u0161evna bol? - Lajme nga Ulqini","og_url":"https:\/\/www.visit-ulcinj.com\/blog\/2008\/04\/16\/andrej-nikolaidiskako-se-mjeri-dusevna-bol\/","og_site_name":"Lajme nga Ulqini","article_published_time":"2008-04-16T21:15:25+00:00","og_image":[{"url":"http:\/\/www.visit-ulcinj.com\/blog\/wp-content\/uploads\/2008\/01\/nikolaidis_andrej.jpg"}],"twitter_misc":{"Written by":"ulqini","Est. reading time":"11 minutes"},"schema":{"@context":"https:\/\/schema.org","@graph":[{"@type":"WebSite","@id":"https:\/\/www.visit-ulcinj.com\/blog\/#website","url":"https:\/\/www.visit-ulcinj.com\/blog\/","name":"Lajme nga Ulqini","description":"Lajme,Vijesti,Ulqini,Ulqin,Crna Gora,Mali i Zi","potentialAction":[{"@type":"SearchAction","target":{"@type":"EntryPoint","urlTemplate":"https:\/\/www.visit-ulcinj.com\/blog\/?s={search_term_string}"},"query-input":"required name=search_term_string"}],"inLanguage":"en-US"},{"@type":"ImageObject","inLanguage":"en-US","@id":"https:\/\/www.visit-ulcinj.com\/blog\/2008\/04\/16\/andrej-nikolaidiskako-se-mjeri-dusevna-bol\/#primaryimage","url":"http:\/\/www.visit-ulcinj.com\/blog\/wp-content\/uploads\/2008\/01\/nikolaidis_andrej.jpg","contentUrl":"http:\/\/www.visit-ulcinj.com\/blog\/wp-content\/uploads\/2008\/01\/nikolaidis_andrej.jpg"},{"@type":"WebPage","@id":"https:\/\/www.visit-ulcinj.com\/blog\/2008\/04\/16\/andrej-nikolaidiskako-se-mjeri-dusevna-bol\/#webpage","url":"https:\/\/www.visit-ulcinj.com\/blog\/2008\/04\/16\/andrej-nikolaidiskako-se-mjeri-dusevna-bol\/","name":"Andrej Nikolaidis:Kako se mjeri du\u0161evna bol? - Lajme nga Ulqini","isPartOf":{"@id":"https:\/\/www.visit-ulcinj.com\/blog\/#website"},"primaryImageOfPage":{"@id":"https:\/\/www.visit-ulcinj.com\/blog\/2008\/04\/16\/andrej-nikolaidiskako-se-mjeri-dusevna-bol\/#primaryimage"},"datePublished":"2008-04-16T21:15:25+00:00","dateModified":"2008-04-16T21:15:25+00:00","author":{"@id":"https:\/\/www.visit-ulcinj.com\/blog\/#\/schema\/person\/dcab619c614d3038751c63bc2aadc06d"},"breadcrumb":{"@id":"https:\/\/www.visit-ulcinj.com\/blog\/2008\/04\/16\/andrej-nikolaidiskako-se-mjeri-dusevna-bol\/#breadcrumb"},"inLanguage":"en-US","potentialAction":[{"@type":"ReadAction","target":["https:\/\/www.visit-ulcinj.com\/blog\/2008\/04\/16\/andrej-nikolaidiskako-se-mjeri-dusevna-bol\/"]}]},{"@type":"BreadcrumbList","@id":"https:\/\/www.visit-ulcinj.com\/blog\/2008\/04\/16\/andrej-nikolaidiskako-se-mjeri-dusevna-bol\/#breadcrumb","itemListElement":[{"@type":"ListItem","position":1,"name":"Andrej Nikolaidis:Kako se mjeri du\u0161evna bol?"}]},{"@type":"Person","@id":"https:\/\/www.visit-ulcinj.com\/blog\/#\/schema\/person\/dcab619c614d3038751c63bc2aadc06d","name":"ulqini","sameAs":["http:\/\/www.visit-ulcinj.com"],"url":"https:\/\/www.visit-ulcinj.com\/blog\/author\/admin\/"}]}},"jetpack_featured_media_url":"","jetpack_sharing_enabled":true,"jetpack_shortlink":"https:\/\/wp.me\/pe6lTn-kq","_links":{"self":[{"href":"https:\/\/www.visit-ulcinj.com\/blog\/wp-json\/wp\/v2\/posts\/1266"}],"collection":[{"href":"https:\/\/www.visit-ulcinj.com\/blog\/wp-json\/wp\/v2\/posts"}],"about":[{"href":"https:\/\/www.visit-ulcinj.com\/blog\/wp-json\/wp\/v2\/types\/post"}],"author":[{"embeddable":true,"href":"https:\/\/www.visit-ulcinj.com\/blog\/wp-json\/wp\/v2\/users\/1"}],"replies":[{"embeddable":true,"href":"https:\/\/www.visit-ulcinj.com\/blog\/wp-json\/wp\/v2\/comments?post=1266"}],"version-history":[{"count":0,"href":"https:\/\/www.visit-ulcinj.com\/blog\/wp-json\/wp\/v2\/posts\/1266\/revisions"}],"wp:attachment":[{"href":"https:\/\/www.visit-ulcinj.com\/blog\/wp-json\/wp\/v2\/media?parent=1266"}],"wp:term":[{"taxonomy":"category","embeddable":true,"href":"https:\/\/www.visit-ulcinj.com\/blog\/wp-json\/wp\/v2\/categories?post=1266"},{"taxonomy":"post_tag","embeddable":true,"href":"https:\/\/www.visit-ulcinj.com\/blog\/wp-json\/wp\/v2\/tags?post=1266"}],"curies":[{"name":"wp","href":"https:\/\/api.w.org\/{rel}","templated":true}]}}