{"id":12667,"date":"2009-03-01T11:21:42","date_gmt":"2009-03-01T10:21:42","guid":{"rendered":"http:\/\/www.visit-ulcinj.com\/blog\/?p=12667"},"modified":"2009-03-01T19:58:59","modified_gmt":"2009-03-01T18:58:59","slug":"nike-gjeloshaj-zgjidhet-bartes-i-listes-se-alternatives-shqiptare","status":"publish","type":"post","link":"https:\/\/www.visit-ulcinj.com\/blog\/2009\/03\/01\/nike-gjeloshaj-zgjidhet-bartes-i-listes-se-alternatives-shqiptare\/","title":{"rendered":"Nik\u00eb Gjeloshaj zgjidh\u00ebt bart\u00ebs i list\u00ebs s\u00eb Alternativ\u00ebs Shqiptare"},"content":{"rendered":"<p><a href=\"http:\/\/www.visit-ulcinj.com\/blog\/wp-content\/uploads\/2009\/03\/nike-gjeloshaj1.jpg\"><img loading=\"lazy\" class=\"alignleft size-full wp-image-12671\" title=\"nike-gjeloshaj1\" src=\"http:\/\/www.visit-ulcinj.com\/blog\/wp-content\/uploads\/2009\/03\/nike-gjeloshaj1.jpg\" alt=\"nike-gjeloshaj1\" width=\"570\" height=\"375\" \/><\/a>K\u00ebshilli Qendror i Alternatives Shqiptare zgjodhi Nik\u00eb Gjeloshaj bart\u00ebs t\u00eb list\u00ebs i k\u00ebsaj parti p\u00ebr zgjedhjet e 29 marsit, njoftojn\u00eb mediet malazeze.Alternativa Shqiptare sot do t\u00eb vazhdoj bisedimet p\u00ebr arritjen e koalicionit parazgjedhor me Forcen dhe l\u00ebvizjen qytetare \u201cAleanca e Re\u201d.<br \/>\nP\u00ebr koalicionin parazgjedhor n\u00eb bisedime me ASH, Forcen dhe Aleancen e Re \u00ebsht\u00eb edhe Lidhja Demokratike.<br \/>\nK\u00ebto subjekte politike deri me tani nuk kan\u00eb mundur t\u00eb merren vesh se kush do t\u00eb jet\u00eb bart\u00ebs n\u00eb list\u00ebn e koalicionit eventual.<\/p>\n<p>Problemi i formimit t\u00eb koalicionit duket se nuk ka t\u00eb b\u00ebj\u00eb me programin e koalicionit por pik\u00ebrisht se kush do t\u00eb gjendet n\u00eb vendin\u00a0 pare n\u00eb liste. \u00c7do subjekt k\u00ebrkon q\u00eb atyre t\u00eb u takoj vendi i par\u00eb n\u00eb list\u00eb.<\/p>\n<p>Pra, pik\u00ebrisht problemi m\u00eb i madh \u00ebsht\u00eb interesi partiak, dhe kjo mund t\u00eb rezultoj\u00eb me mos formimin e koalicionit.<br \/>\nA do t\u00eb jen\u00eb edhe k\u00ebto zgjedhje ku votuesit shqiptar\u00eb do t\u00eb ken\u00eb zgjedhje n\u00eb mes 6-7 partive shqiptare (e mos t\u00eb harrojm\u00eb se votat e shqiptar\u00ebve shkojn\u00eb edhe n\u00eb 3-4 parti malazeze), varet\u00a0 nga marr\u00ebveshja; interesi nd\u00ebrpartiak q\u00eb edhe k\u00ebsaj her\u00eb duket primarja.<\/p>\n<p><strong>R. Ivezaj<br \/>\nMALESIA.ORG<\/strong><\/p>\n<p><!--YouTube Error: bad URL entered--><strong><br \/>\n<\/strong><\/p>\n<p><strong><\/strong><\/p>\n<p><strong><\/strong><\/p>\n","protected":false},"excerpt":{"rendered":"<p>K\u00ebshilli Qendror i Alternatives Shqiptare zgjodhi Nik\u00eb Gjeloshaj bart\u00ebs t\u00eb list\u00ebs i k\u00ebsaj parti p\u00ebr zgjedhjet e 29 marsit, njoftojn\u00eb mediet malazeze.Alternativa Shqiptare sot do t\u00eb vazhdoj bisedimet p\u00ebr arritjen e koalicionit parazgjedhor me Forcen dhe l\u00ebvizjen qytetare \u201cAleanca e Re\u201d. P\u00ebr koalicionin parazgjedhor n\u00eb bisedime me ASH, Forcen dhe Aleancen e Re \u00ebsht\u00eb edhe [&hellip;]<\/p>\n","protected":false},"author":1,"featured_media":0,"comment_status":"open","ping_status":"closed","sticky":false,"template":"","format":"standard","meta":{"spay_email":"","jetpack_publicize_message":"","jetpack_is_tweetstorm":false,"jetpack_publicize_feature_enabled":true},"categories":[6],"tags":[7362,7361,7360,7363,5905],"jetpack_publicize_connections":[],"yoast_head":"<!-- This site is optimized with the Yoast SEO plugin v19.1 - https:\/\/yoast.com\/wordpress\/plugins\/seo\/ -->\n<title>Nik\u00eb Gjeloshaj zgjidh\u00ebt bart\u00ebs i list\u00ebs s\u00eb Alternativ\u00ebs Shqiptare - Lajme nga Ulqini<\/title>\n<meta name=\"description\" content=\"K\u00ebshilli Qendror i Alternatives Shqiptare zgjodhi Nik\u00eb Gjeloshaj bart\u00ebs t\u00eb list\u00ebs i k\u00ebsaj parti p\u00ebr zgjedhjet e 29 marsit, njoftojn\u00eb mediet\" \/>\n<meta name=\"robots\" content=\"index, follow, max-snippet:-1, max-image-preview:large, max-video-preview:-1\" \/>\n<link rel=\"canonical\" href=\"https:\/\/www.visit-ulcinj.com\/blog\/2009\/03\/01\/nike-gjeloshaj-zgjidhet-bartes-i-listes-se-alternatives-shqiptare\/\" \/>\n<meta property=\"og:locale\" content=\"en_US\" \/>\n<meta property=\"og:type\" content=\"article\" \/>\n<meta property=\"og:title\" content=\"Nik\u00eb Gjeloshaj zgjidh\u00ebt bart\u00ebs i list\u00ebs s\u00eb Alternativ\u00ebs Shqiptare - Lajme nga Ulqini\" \/>\n<meta property=\"og:description\" content=\"K\u00ebshilli Qendror i Alternatives Shqiptare zgjodhi Nik\u00eb Gjeloshaj bart\u00ebs t\u00eb list\u00ebs i k\u00ebsaj parti p\u00ebr zgjedhjet e 29 marsit, njoftojn\u00eb mediet\" \/>\n<meta property=\"og:url\" content=\"https:\/\/www.visit-ulcinj.com\/blog\/2009\/03\/01\/nike-gjeloshaj-zgjidhet-bartes-i-listes-se-alternatives-shqiptare\/\" \/>\n<meta property=\"og:site_name\" content=\"Lajme nga Ulqini\" \/>\n<meta property=\"article:published_time\" content=\"2009-03-01T10:21:42+00:00\" \/>\n<meta property=\"article:modified_time\" content=\"2009-03-01T18:58:59+00:00\" \/>\n<meta property=\"og:image\" content=\"http:\/\/www.visit-ulcinj.com\/blog\/wp-content\/uploads\/2009\/03\/nike-gjeloshaj1.jpg\" \/>\n<meta name=\"twitter:label1\" content=\"Written by\" \/>\n\t<meta name=\"twitter:data1\" content=\"ulqini\" \/>\n\t<meta name=\"twitter:label2\" content=\"Est. reading time\" \/>\n\t<meta name=\"twitter:data2\" content=\"1 minute\" \/>\n<script type=\"application\/ld+json\" class=\"yoast-schema-graph\">{\"@context\":\"https:\/\/schema.org\",\"@graph\":[{\"@type\":\"WebSite\",\"@id\":\"https:\/\/www.visit-ulcinj.com\/blog\/#website\",\"url\":\"https:\/\/www.visit-ulcinj.com\/blog\/\",\"name\":\"Lajme nga Ulqini\",\"description\":\"Lajme,Vijesti,Ulqini,Ulqin,Crna Gora,Mali i Zi\",\"potentialAction\":[{\"@type\":\"SearchAction\",\"target\":{\"@type\":\"EntryPoint\",\"urlTemplate\":\"https:\/\/www.visit-ulcinj.com\/blog\/?s={search_term_string}\"},\"query-input\":\"required name=search_term_string\"}],\"inLanguage\":\"en-US\"},{\"@type\":\"ImageObject\",\"inLanguage\":\"en-US\",\"@id\":\"https:\/\/www.visit-ulcinj.com\/blog\/2009\/03\/01\/nike-gjeloshaj-zgjidhet-bartes-i-listes-se-alternatives-shqiptare\/#primaryimage\",\"url\":\"https:\/\/www.visit-ulcinj.com\/blog\/wp-content\/uploads\/2009\/03\/nike-gjeloshaj1.jpg\",\"contentUrl\":\"https:\/\/www.visit-ulcinj.com\/blog\/wp-content\/uploads\/2009\/03\/nike-gjeloshaj1.jpg\",\"width\":\"939\",\"height\":\"636\"},{\"@type\":\"WebPage\",\"@id\":\"https:\/\/www.visit-ulcinj.com\/blog\/2009\/03\/01\/nike-gjeloshaj-zgjidhet-bartes-i-listes-se-alternatives-shqiptare\/#webpage\",\"url\":\"https:\/\/www.visit-ulcinj.com\/blog\/2009\/03\/01\/nike-gjeloshaj-zgjidhet-bartes-i-listes-se-alternatives-shqiptare\/\",\"name\":\"Nik\u00eb Gjeloshaj zgjidh\u00ebt bart\u00ebs i list\u00ebs s\u00eb Alternativ\u00ebs Shqiptare - Lajme nga Ulqini\",\"isPartOf\":{\"@id\":\"https:\/\/www.visit-ulcinj.com\/blog\/#website\"},\"primaryImageOfPage\":{\"@id\":\"https:\/\/www.visit-ulcinj.com\/blog\/2009\/03\/01\/nike-gjeloshaj-zgjidhet-bartes-i-listes-se-alternatives-shqiptare\/#primaryimage\"},\"datePublished\":\"2009-03-01T10:21:42+00:00\",\"dateModified\":\"2009-03-01T18:58:59+00:00\",\"author\":{\"@id\":\"https:\/\/www.visit-ulcinj.com\/blog\/#\/schema\/person\/dcab619c614d3038751c63bc2aadc06d\"},\"description\":\"K\u00ebshilli Qendror i Alternatives Shqiptare zgjodhi Nik\u00eb Gjeloshaj bart\u00ebs t\u00eb list\u00ebs i k\u00ebsaj parti p\u00ebr zgjedhjet e 29 marsit, njoftojn\u00eb mediet\",\"breadcrumb\":{\"@id\":\"https:\/\/www.visit-ulcinj.com\/blog\/2009\/03\/01\/nike-gjeloshaj-zgjidhet-bartes-i-listes-se-alternatives-shqiptare\/#breadcrumb\"},\"inLanguage\":\"en-US\",\"potentialAction\":[{\"@type\":\"ReadAction\",\"target\":[\"https:\/\/www.visit-ulcinj.com\/blog\/2009\/03\/01\/nike-gjeloshaj-zgjidhet-bartes-i-listes-se-alternatives-shqiptare\/\"]}]},{\"@type\":\"BreadcrumbList\",\"@id\":\"https:\/\/www.visit-ulcinj.com\/blog\/2009\/03\/01\/nike-gjeloshaj-zgjidhet-bartes-i-listes-se-alternatives-shqiptare\/#breadcrumb\",\"itemListElement\":[{\"@type\":\"ListItem\",\"position\":1,\"name\":\"Nik\u00eb Gjeloshaj zgjidh\u00ebt bart\u00ebs i list\u00ebs s\u00eb Alternativ\u00ebs Shqiptare\"}]},{\"@type\":\"Person\",\"@id\":\"https:\/\/www.visit-ulcinj.com\/blog\/#\/schema\/person\/dcab619c614d3038751c63bc2aadc06d\",\"name\":\"ulqini\",\"sameAs\":[\"http:\/\/www.visit-ulcinj.com\"],\"url\":\"https:\/\/www.visit-ulcinj.com\/blog\/author\/admin\/\"}]}<\/script>\n<!-- \/ Yoast SEO plugin. -->","yoast_head_json":{"title":"Nik\u00eb Gjeloshaj zgjidh\u00ebt bart\u00ebs i list\u00ebs s\u00eb Alternativ\u00ebs Shqiptare - Lajme nga Ulqini","description":"K\u00ebshilli Qendror i Alternatives Shqiptare zgjodhi Nik\u00eb Gjeloshaj bart\u00ebs t\u00eb list\u00ebs i k\u00ebsaj parti p\u00ebr zgjedhjet e 29 marsit, njoftojn\u00eb mediet","robots":{"index":"index","follow":"follow","max-snippet":"max-snippet:-1","max-image-preview":"max-image-preview:large","max-video-preview":"max-video-preview:-1"},"canonical":"https:\/\/www.visit-ulcinj.com\/blog\/2009\/03\/01\/nike-gjeloshaj-zgjidhet-bartes-i-listes-se-alternatives-shqiptare\/","og_locale":"en_US","og_type":"article","og_title":"Nik\u00eb Gjeloshaj zgjidh\u00ebt bart\u00ebs i list\u00ebs s\u00eb Alternativ\u00ebs Shqiptare - Lajme nga Ulqini","og_description":"K\u00ebshilli Qendror i Alternatives Shqiptare zgjodhi Nik\u00eb Gjeloshaj bart\u00ebs t\u00eb list\u00ebs i k\u00ebsaj parti p\u00ebr zgjedhjet e 29 marsit, njoftojn\u00eb mediet","og_url":"https:\/\/www.visit-ulcinj.com\/blog\/2009\/03\/01\/nike-gjeloshaj-zgjidhet-bartes-i-listes-se-alternatives-shqiptare\/","og_site_name":"Lajme nga Ulqini","article_published_time":"2009-03-01T10:21:42+00:00","article_modified_time":"2009-03-01T18:58:59+00:00","og_image":[{"url":"http:\/\/www.visit-ulcinj.com\/blog\/wp-content\/uploads\/2009\/03\/nike-gjeloshaj1.jpg"}],"twitter_misc":{"Written by":"ulqini","Est. reading time":"1 minute"},"schema":{"@context":"https:\/\/schema.org","@graph":[{"@type":"WebSite","@id":"https:\/\/www.visit-ulcinj.com\/blog\/#website","url":"https:\/\/www.visit-ulcinj.com\/blog\/","name":"Lajme nga Ulqini","description":"Lajme,Vijesti,Ulqini,Ulqin,Crna Gora,Mali i Zi","potentialAction":[{"@type":"SearchAction","target":{"@type":"EntryPoint","urlTemplate":"https:\/\/www.visit-ulcinj.com\/blog\/?s={search_term_string}"},"query-input":"required name=search_term_string"}],"inLanguage":"en-US"},{"@type":"ImageObject","inLanguage":"en-US","@id":"https:\/\/www.visit-ulcinj.com\/blog\/2009\/03\/01\/nike-gjeloshaj-zgjidhet-bartes-i-listes-se-alternatives-shqiptare\/#primaryimage","url":"https:\/\/www.visit-ulcinj.com\/blog\/wp-content\/uploads\/2009\/03\/nike-gjeloshaj1.jpg","contentUrl":"https:\/\/www.visit-ulcinj.com\/blog\/wp-content\/uploads\/2009\/03\/nike-gjeloshaj1.jpg","width":"939","height":"636"},{"@type":"WebPage","@id":"https:\/\/www.visit-ulcinj.com\/blog\/2009\/03\/01\/nike-gjeloshaj-zgjidhet-bartes-i-listes-se-alternatives-shqiptare\/#webpage","url":"https:\/\/www.visit-ulcinj.com\/blog\/2009\/03\/01\/nike-gjeloshaj-zgjidhet-bartes-i-listes-se-alternatives-shqiptare\/","name":"Nik\u00eb Gjeloshaj zgjidh\u00ebt bart\u00ebs i list\u00ebs s\u00eb Alternativ\u00ebs Shqiptare - Lajme nga Ulqini","isPartOf":{"@id":"https:\/\/www.visit-ulcinj.com\/blog\/#website"},"primaryImageOfPage":{"@id":"https:\/\/www.visit-ulcinj.com\/blog\/2009\/03\/01\/nike-gjeloshaj-zgjidhet-bartes-i-listes-se-alternatives-shqiptare\/#primaryimage"},"datePublished":"2009-03-01T10:21:42+00:00","dateModified":"2009-03-01T18:58:59+00:00","author":{"@id":"https:\/\/www.visit-ulcinj.com\/blog\/#\/schema\/person\/dcab619c614d3038751c63bc2aadc06d"},"description":"K\u00ebshilli Qendror i Alternatives Shqiptare zgjodhi Nik\u00eb Gjeloshaj bart\u00ebs t\u00eb list\u00ebs i k\u00ebsaj parti p\u00ebr zgjedhjet e 29 marsit, njoftojn\u00eb mediet","breadcrumb":{"@id":"https:\/\/www.visit-ulcinj.com\/blog\/2009\/03\/01\/nike-gjeloshaj-zgjidhet-bartes-i-listes-se-alternatives-shqiptare\/#breadcrumb"},"inLanguage":"en-US","potentialAction":[{"@type":"ReadAction","target":["https:\/\/www.visit-ulcinj.com\/blog\/2009\/03\/01\/nike-gjeloshaj-zgjidhet-bartes-i-listes-se-alternatives-shqiptare\/"]}]},{"@type":"BreadcrumbList","@id":"https:\/\/www.visit-ulcinj.com\/blog\/2009\/03\/01\/nike-gjeloshaj-zgjidhet-bartes-i-listes-se-alternatives-shqiptare\/#breadcrumb","itemListElement":[{"@type":"ListItem","position":1,"name":"Nik\u00eb Gjeloshaj zgjidh\u00ebt bart\u00ebs i list\u00ebs s\u00eb Alternativ\u00ebs Shqiptare"}]},{"@type":"Person","@id":"https:\/\/www.visit-ulcinj.com\/blog\/#\/schema\/person\/dcab619c614d3038751c63bc2aadc06d","name":"ulqini","sameAs":["http:\/\/www.visit-ulcinj.com"],"url":"https:\/\/www.visit-ulcinj.com\/blog\/author\/admin\/"}]}},"jetpack_featured_media_url":"","jetpack_sharing_enabled":true,"jetpack_shortlink":"https:\/\/wp.me\/pe6lTn-3ij","_links":{"self":[{"href":"https:\/\/www.visit-ulcinj.com\/blog\/wp-json\/wp\/v2\/posts\/12667"}],"collection":[{"href":"https:\/\/www.visit-ulcinj.com\/blog\/wp-json\/wp\/v2\/posts"}],"about":[{"href":"https:\/\/www.visit-ulcinj.com\/blog\/wp-json\/wp\/v2\/types\/post"}],"author":[{"embeddable":true,"href":"https:\/\/www.visit-ulcinj.com\/blog\/wp-json\/wp\/v2\/users\/1"}],"replies":[{"embeddable":true,"href":"https:\/\/www.visit-ulcinj.com\/blog\/wp-json\/wp\/v2\/comments?post=12667"}],"version-history":[{"count":0,"href":"https:\/\/www.visit-ulcinj.com\/blog\/wp-json\/wp\/v2\/posts\/12667\/revisions"}],"wp:attachment":[{"href":"https:\/\/www.visit-ulcinj.com\/blog\/wp-json\/wp\/v2\/media?parent=12667"}],"wp:term":[{"taxonomy":"category","embeddable":true,"href":"https:\/\/www.visit-ulcinj.com\/blog\/wp-json\/wp\/v2\/categories?post=12667"},{"taxonomy":"post_tag","embeddable":true,"href":"https:\/\/www.visit-ulcinj.com\/blog\/wp-json\/wp\/v2\/tags?post=12667"}],"curies":[{"name":"wp","href":"https:\/\/api.w.org\/{rel}","templated":true}]}}