{"id":1267,"date":"2008-04-16T16:28:37","date_gmt":"2008-04-16T21:28:37","guid":{"rendered":"http:\/\/www.visit-ulcinj.com\/blog\/?p=1267"},"modified":"2008-04-16T16:28:37","modified_gmt":"2008-04-16T21:28:37","slug":"ulqinin-e-pret-zhvillim-i-hovshem-ekonomik","status":"publish","type":"post","link":"https:\/\/www.visit-ulcinj.com\/blog\/2008\/04\/16\/ulqinin-e-pret-zhvillim-i-hovshem-ekonomik\/","title":{"rendered":"Ulqinin e pret zhvillim i hovsh\u00ebm ekonomik"},"content":{"rendered":"<p><a href=\"http:\/\/www.visit-ulcinj.com\/blog\/wp-content\/uploads\/2008\/04\/gzim-hajdinaga_ferhat-dinosha.jpg\"><img loading=\"lazy\" class=\"alignleft attachment wp-att-1268\" style=\"float: left;\" src=\"http:\/\/www.visit-ulcinj.com\/blog\/wp-content\/uploads\/2008\/04\/gzim-hajdinaga_ferhat-dinosha.thumbnail.jpg\" alt=\"Gzim hajdinaga_Ferhat dinosha\" width=\"200\" height=\"150\" \/><\/a>Kryetari i Komun\u00ebs s\u00eb Ulqinit, G\u00ebzim Hajdinaga, n\u00eb fjal\u00ebn p\u00ebrsh\u00ebndet\u00ebse tha se &#8220;Ulqinin e pret nj\u00eb zhvillim i hovsh\u00ebm ekonomik, ve\u00e7mas n\u00eb valorizmin e zonave turistike m\u00eb atraktive t\u00eb qytetit, si\u00e7 jan\u00eb Plazhi i Madh, Ada, Valdanosi dhe Shasi&#8221;.<br \/>\nAi tha se investitor\u00eb t\u00eb fuqish\u00ebm kan\u00eb shprehur dhe vazhdojn\u00eb t\u00eb shprehin interesim p\u00ebr resurset e Ulqinit. Hajdinaga theksoi se prioritet i tij n\u00eb t\u00eb ardhmen do t\u00eb jet\u00eb turizmi.<br \/>\nDita e Komun\u00ebs s\u00eb Ulqinit, e shtuna e par\u00eb e muajit prill, u kremtua me manifestime t\u00eb shumta.<br \/>\nAktivitetet p\u00ebr nder t\u00eb k\u00ebsaj feste filluan t\u00eb enjten me pranimin e klerik\u00ebve t\u00eb tri feve nga kryetari i Komun\u00ebs s\u00eb Ulqinit, G\u00ebzim Hajdinaga, e m\u00eb pas vendosjen e gurthemelimit t\u00eb Xhamis\u00eb s\u00eb Detar\u00ebve n\u00eb Ran\u00eb.<br \/>\nCeremonit\u00eb vazhduan me p\u00ebrurimin e faz\u00ebs s\u00eb dyt\u00eb t\u00eb ndri\u00e7imit publik n\u00eb aksin rrugor nga pika e karburantit Eco e deri te kryq\u00ebzimi q\u00eb t\u00eb \u00e7on p\u00ebr Valdanos.<br \/>\nPo t\u00eb nj\u00ebjt\u00ebn dit\u00eb n\u00eb stadiumin &#8220;Olympic&#8221; n\u00eb Plazhin e Madh u mbajt turneu nd\u00ebrkomb\u00ebtar n\u00eb futboll, kurse n\u00eb mbr\u00ebmje, n\u00eb Shkoll\u00ebn e Muzik\u00ebs u shfaq koncerti nga nx\u00ebn\u00ebsit e k\u00ebsaj shkolle.<br \/>\nT\u00eb premten n\u00eb Shtoj u b\u00eb p\u00ebrurimi i aparaturave t\u00eb Shoqat\u00ebs CINS p\u00ebr p\u00ebrmir\u00ebsimin e prodhimit t\u00eb agrumeve, kurse n\u00eb mbr\u00ebmje, n\u00eb Qendr\u00ebn e Kultur\u00ebs u ndan\u00eb mir\u00ebnjohjet dhe shp\u00ebrblimet p\u00ebr nx\u00ebn\u00ebsit dhe studentin m\u00eb t\u00eb mir\u00eb t\u00eb qytetit.<br \/>\nProgrami i s\u00eb shtun\u00ebs filloi me Turneun IX Nd\u00ebrkomb\u00ebtar n\u00eb Karate &#8220;Ulqini Open 2008&#8221;, i cili u mbajt n\u00eb Shkoll\u00ebn fillore &#8220;Mareshali Tito&#8221;. M\u00eb pas n\u00eb Qendr\u00ebn e Kultur\u00ebs u mbajt Kuvendi solemn dhe Akademia solemne.<a href=\"http:\/\/www.visit-ulcinj.com\/blog\/wp-content\/uploads\/2008\/04\/ulqini-open2008.jpg\"><img loading=\"lazy\" class=\"alignright attachment wp-att-1184\" style=\"float: right;\" src=\"http:\/\/www.visit-ulcinj.com\/blog\/wp-content\/uploads\/2008\/04\/ulqini-open2008-150x150.jpg\" alt=\"ulqini-open2008\" width=\"150\" height=\"150\" \/><\/a><br \/>\nN\u00eb k\u00ebt\u00eb ceremoni mor\u00ebn pjes\u00eb personalitete t\u00eb shumta, n\u00eb mesin e t\u00eb cil\u00ebve n\u00ebnkryetari i Qeveris\u00eb s\u00eb Malit t\u00eb Zi, Vujica Llazoviq, ministri p\u00ebr Mbrojtjen e t\u00eb Drejtave t\u00eb Njeriut dhe Pakicave, Fuad Nimani, deputet\u00eb t\u00eb Parlamentit t\u00eb Malit t\u00eb Zi dhe atij shqiptar, p\u00ebrfaq\u00ebsues t\u00eb ambasadave t\u00eb ndryshme dhe disa institucioneve nd\u00ebrkomb\u00ebtare n\u00eb Mal t\u00eb Zi, kryetar\u00ebt e disa partive, kryetar\u00ebt e Nj\u00ebsis\u00eb 21 t\u00eb Vjen\u00ebs, i Bashkis\u00eb dhe i Prefektur\u00ebs s\u00eb Shkodr\u00ebs, dhe t\u00eb disa komunave n\u00eb Mal t\u00eb Zi, etj.<br \/>\nT\u00eb pranish\u00ebm n\u00eb k\u00ebt\u00eb ceremoni ishin edhe ish president\u00ebt e Shqip\u00ebris\u00eb, prof. dr. Rexhep Mejdani dhe Alfred Moisiu.<br \/>\nN\u00eb fjal\u00ebn p\u00ebrsh\u00ebndet\u00ebse, kryetari i Komun\u00ebs s\u00eb Ulqinit, G\u00ebzim Hajdinaga, b\u00ebri nj\u00eb retrospektiv\u00eb t\u00eb pun\u00ebs s\u00eb pushtetit lokal, foli p\u00ebr situat\u00ebn aktuale n\u00eb Komun\u00ebn e Ulqinit dhe t\u00eb ardhmen e saj.<br \/>\nAi tha se buxheti i sivjetsh\u00ebm i planifikuar i Komun\u00ebs s\u00eb Ulqinit do t\u00eb jet\u00eb pak m\u00eb shum\u00eb se 11 milion\u00eb euro, q\u00eb krahasuar me at\u00eb t\u00eb vitit 2006 \u00ebsht\u00eb 4.5 her\u00eb m\u00eb i lart\u00eb.<br \/>\nHajdinaga vler\u00ebsoi pun\u00ebn n\u00eb fush\u00ebn e urbanistik\u00ebs, ku sipas tij, situata nuk ka qen\u00eb e volitshme.<br \/>\n&#8220;Kishte m\u00eb se dy dekada q\u00eb nuk ishin punuar plane urbanistike q\u00eb jan\u00eb parakusht p\u00ebr zhvillimin e \u00e7do qyteti. T\u00eb ndodhur n\u00eb nj\u00eb situat\u00eb t\u00eb till\u00eb menj\u00ebher\u00eb i jemi p\u00ebrveshur pun\u00ebs p\u00ebr ndryshimin e Planit t\u00eb P\u00ebrgjithsh\u00ebm Urbanistik, q\u00eb do t\u00eb gjendet s\u00eb shpejti p\u00ebr miratim para k\u00ebshilltar\u00ebve t\u00eb Kuvendit t\u00eb Komun\u00ebs s\u00eb Ulqinit. Hartimi i planeve urbanistike ishte k\u00ebrkes\u00eb p\u00ebr zhvillimin e Ulqinit&#8221;, tha ai.<br \/>\nNd\u00ebr arritjet e tjera, kryetari i Komun\u00ebs s\u00eb Ulqinit n\u00ebnvizoi asfaltimin e rrug\u00ebve n\u00eb qytet, ndri\u00e7imin publik, sensibilizimin e \u00e7\u00ebshtjes s\u00eb ndryshimit t\u00eb Ligjit p\u00ebr t\u00eb Mirat Detare, q\u00eb sipas tij, do t\u00eb ket\u00eb p\u00ebr pasoj\u00eb &#8220;ridefinimin e vij\u00ebs kufitare dhe kthimin e saj n\u00eb suaz\u00ebn ligjore konform p\u00ebrvoj\u00ebs europiane&#8221;.<br \/>\nNd\u00ebrkaq duke folur p\u00ebr t\u00eb ardhmen, kryetari Hajdinaga tha se &#8220;Ulqinin e pret nj\u00eb zhvillim i hovsh\u00ebm ekonomik, ve\u00e7mas n\u00eb valorizmin e zonave turistike m\u00eb atraktive t\u00eb qytetit, si\u00e7 jan\u00eb Plazhi i Madh, Ada, Valdanosi dhe Shasi&#8221;.<br \/>\nAi tha se investitor\u00eb t\u00eb fuqish\u00ebm kan\u00eb shprehur dhe vazhdojn\u00eb t\u00eb shprehin interesim p\u00ebr resurset e Ulqinit.<br \/>\nKryetari i Komun\u00ebs s\u00eb Ulqinit theksoi se prioritet i tij n\u00eb t\u00eb ardhmen do t\u00eb jet\u00eb turizmi.<br \/>\n&#8220;Parashikojm\u00eb q\u00eb viti 2008 do t`i tejkaloj\u00eb shifrat e vitit 2007&#8221;, tha ai duke i b\u00ebr\u00eb thirrje p\u00ebr t\u00eb investuar diaspor\u00ebs shqiptare.<br \/>\nHajdinaga vler\u00ebsoi pun\u00ebn e Parlamentit lokal, gj\u00eb q\u00eb sipas tij ka b\u00ebr\u00eb q\u00eb &#8220;n\u00eb Kuvendin e Komun\u00ebs s\u00eb Ulqinit t\u00eb miratohen nj\u00eb s\u00ebr\u00eb vendimesh n\u00eb t\u00eb mir\u00eb t\u00eb qytetar\u00ebve&#8221;.<br \/>\nNd\u00ebrsa kryetari i Kuvendit t\u00eb Komun\u00ebs s\u00eb Ulqinit, Muhamet Nika, tha se p\u00ebrb\u00ebrjes aktuale t\u00eb k\u00ebtij kuvendi i &#8220;mbetet t\u00eb b\u00ebj\u00eb nj\u00eb pun\u00eb t\u00eb madhe p\u00ebr t\u00eb evituar \u00e7do padrejt\u00ebsi t\u00eb s\u00eb kaluar\u00ebs p\u00ebrmes miratimit t\u00eb vendimeve n\u00eb pajtim me ligjet e vendit dhe standardet europiane&#8221;.<br \/>\nM\u00eb pas p\u00ebr t\u00eb pranishmit u dha nj\u00eb program artistik ku mor\u00ebn pjes\u00eb orkestra e harqeve e Akademis\u00eb s\u00eb Arteve n\u00eb Tiran\u00eb, n\u00ebn drejtimin e dirigjentit Ermir Dizdari, tenori Kastriot Tusha, mezzosopranoja Manjola Nallbani, sopranoja Sara Vujosheviq, si dhe koreografi venda Musa Hoxha.<br \/>\nN\u00eb vazhdim t\u00eb ceremonive, n\u00eb ambientet e kompanis\u00eb &#8220;Hollegro&#8221; u mbajt Panairi i prodhimeve ushqimore.<br \/>\nN\u00eb mbr\u00ebmje n\u00eb sall\u00ebn e Qendr\u00ebs s\u00eb Kultur\u00ebs u shfaq koncerti me k\u00ebng\u00eb t\u00eb vjetra qytetare i tenorit Kastriot Tusha dhe mezzosopranos Manjola Nallbani, kurse n\u00eb Ran\u00eb u shfaq koncerti i Ansamblit nga Tirana dhe grupit &#8220;Plevalski Tamburashi&#8221;.<br \/>\nCeremonit\u00eb p\u00ebrfunduan me performanc\u00ebn me fishekzjarre n\u00eb Ran\u00eb.<br \/>\nI. Kallaba<br \/>\nKOHA JAVORE<\/p>\n","protected":false},"excerpt":{"rendered":"<p><img loading=\"lazy\" class=\"alignleft attachment wp-att-1268\" style=\"float: left;\" src=\"http:\/\/www.visit-ulcinj.com\/blog\/wp-content\/uploads\/2008\/04\/gzim-hajdinaga_ferhat-dinosha.thumbnail.jpg\" alt=\"Gzim hajdinaga_Ferhat dinosha\" width=\"140\" height=\"140\" \/><\/p>\n","protected":false},"author":1,"featured_media":0,"comment_status":"open","ping_status":"closed","sticky":false,"template":"","format":"standard","meta":{"spay_email":"","jetpack_publicize_message":"","jetpack_is_tweetstorm":false,"jetpack_publicize_feature_enabled":true},"categories":[4,12],"tags":[],"jetpack_publicize_connections":[],"yoast_head":"<!-- This site is optimized with the Yoast SEO plugin v19.1 - https:\/\/yoast.com\/wordpress\/plugins\/seo\/ -->\n<title>Ulqinin e pret zhvillim i hovsh\u00ebm ekonomik - Lajme nga Ulqini<\/title>\n<meta name=\"robots\" content=\"index, follow, max-snippet:-1, max-image-preview:large, max-video-preview:-1\" \/>\n<link rel=\"canonical\" href=\"https:\/\/www.visit-ulcinj.com\/blog\/2008\/04\/16\/ulqinin-e-pret-zhvillim-i-hovshem-ekonomik\/\" \/>\n<meta property=\"og:locale\" content=\"en_US\" \/>\n<meta property=\"og:type\" content=\"article\" \/>\n<meta property=\"og:title\" content=\"Ulqinin e pret zhvillim i hovsh\u00ebm ekonomik - Lajme nga Ulqini\" \/>\n<meta property=\"og:url\" content=\"https:\/\/www.visit-ulcinj.com\/blog\/2008\/04\/16\/ulqinin-e-pret-zhvillim-i-hovshem-ekonomik\/\" \/>\n<meta property=\"og:site_name\" content=\"Lajme nga Ulqini\" \/>\n<meta property=\"article:published_time\" content=\"2008-04-16T21:28:37+00:00\" \/>\n<meta property=\"og:image\" content=\"http:\/\/www.visit-ulcinj.com\/blog\/wp-content\/uploads\/2008\/04\/gzim-hajdinaga_ferhat-dinosha.thumbnail.jpg\" \/>\n<meta name=\"twitter:label1\" content=\"Written by\" \/>\n\t<meta name=\"twitter:data1\" content=\"ulqini\" \/>\n\t<meta name=\"twitter:label2\" content=\"Est. reading time\" \/>\n\t<meta name=\"twitter:data2\" content=\"5 minutes\" \/>\n<script type=\"application\/ld+json\" class=\"yoast-schema-graph\">{\"@context\":\"https:\/\/schema.org\",\"@graph\":[{\"@type\":\"WebSite\",\"@id\":\"https:\/\/www.visit-ulcinj.com\/blog\/#website\",\"url\":\"https:\/\/www.visit-ulcinj.com\/blog\/\",\"name\":\"Lajme nga Ulqini\",\"description\":\"Lajme,Vijesti,Ulqini,Ulqin,Crna Gora,Mali i Zi\",\"potentialAction\":[{\"@type\":\"SearchAction\",\"target\":{\"@type\":\"EntryPoint\",\"urlTemplate\":\"https:\/\/www.visit-ulcinj.com\/blog\/?s={search_term_string}\"},\"query-input\":\"required name=search_term_string\"}],\"inLanguage\":\"en-US\"},{\"@type\":\"ImageObject\",\"inLanguage\":\"en-US\",\"@id\":\"https:\/\/www.visit-ulcinj.com\/blog\/2008\/04\/16\/ulqinin-e-pret-zhvillim-i-hovshem-ekonomik\/#primaryimage\",\"url\":\"http:\/\/www.visit-ulcinj.com\/blog\/wp-content\/uploads\/2008\/04\/gzim-hajdinaga_ferhat-dinosha.thumbnail.jpg\",\"contentUrl\":\"http:\/\/www.visit-ulcinj.com\/blog\/wp-content\/uploads\/2008\/04\/gzim-hajdinaga_ferhat-dinosha.thumbnail.jpg\"},{\"@type\":\"WebPage\",\"@id\":\"https:\/\/www.visit-ulcinj.com\/blog\/2008\/04\/16\/ulqinin-e-pret-zhvillim-i-hovshem-ekonomik\/#webpage\",\"url\":\"https:\/\/www.visit-ulcinj.com\/blog\/2008\/04\/16\/ulqinin-e-pret-zhvillim-i-hovshem-ekonomik\/\",\"name\":\"Ulqinin e pret zhvillim i hovsh\u00ebm ekonomik - Lajme nga Ulqini\",\"isPartOf\":{\"@id\":\"https:\/\/www.visit-ulcinj.com\/blog\/#website\"},\"primaryImageOfPage\":{\"@id\":\"https:\/\/www.visit-ulcinj.com\/blog\/2008\/04\/16\/ulqinin-e-pret-zhvillim-i-hovshem-ekonomik\/#primaryimage\"},\"datePublished\":\"2008-04-16T21:28:37+00:00\",\"dateModified\":\"2008-04-16T21:28:37+00:00\",\"author\":{\"@id\":\"https:\/\/www.visit-ulcinj.com\/blog\/#\/schema\/person\/dcab619c614d3038751c63bc2aadc06d\"},\"breadcrumb\":{\"@id\":\"https:\/\/www.visit-ulcinj.com\/blog\/2008\/04\/16\/ulqinin-e-pret-zhvillim-i-hovshem-ekonomik\/#breadcrumb\"},\"inLanguage\":\"en-US\",\"potentialAction\":[{\"@type\":\"ReadAction\",\"target\":[\"https:\/\/www.visit-ulcinj.com\/blog\/2008\/04\/16\/ulqinin-e-pret-zhvillim-i-hovshem-ekonomik\/\"]}]},{\"@type\":\"BreadcrumbList\",\"@id\":\"https:\/\/www.visit-ulcinj.com\/blog\/2008\/04\/16\/ulqinin-e-pret-zhvillim-i-hovshem-ekonomik\/#breadcrumb\",\"itemListElement\":[{\"@type\":\"ListItem\",\"position\":1,\"name\":\"Ulqinin e pret zhvillim i hovsh\u00ebm ekonomik\"}]},{\"@type\":\"Person\",\"@id\":\"https:\/\/www.visit-ulcinj.com\/blog\/#\/schema\/person\/dcab619c614d3038751c63bc2aadc06d\",\"name\":\"ulqini\",\"sameAs\":[\"http:\/\/www.visit-ulcinj.com\"],\"url\":\"https:\/\/www.visit-ulcinj.com\/blog\/author\/admin\/\"}]}<\/script>\n<!-- \/ Yoast SEO plugin. -->","yoast_head_json":{"title":"Ulqinin e pret zhvillim i hovsh\u00ebm ekonomik - Lajme nga Ulqini","robots":{"index":"index","follow":"follow","max-snippet":"max-snippet:-1","max-image-preview":"max-image-preview:large","max-video-preview":"max-video-preview:-1"},"canonical":"https:\/\/www.visit-ulcinj.com\/blog\/2008\/04\/16\/ulqinin-e-pret-zhvillim-i-hovshem-ekonomik\/","og_locale":"en_US","og_type":"article","og_title":"Ulqinin e pret zhvillim i hovsh\u00ebm ekonomik - Lajme nga Ulqini","og_url":"https:\/\/www.visit-ulcinj.com\/blog\/2008\/04\/16\/ulqinin-e-pret-zhvillim-i-hovshem-ekonomik\/","og_site_name":"Lajme nga Ulqini","article_published_time":"2008-04-16T21:28:37+00:00","og_image":[{"url":"http:\/\/www.visit-ulcinj.com\/blog\/wp-content\/uploads\/2008\/04\/gzim-hajdinaga_ferhat-dinosha.thumbnail.jpg"}],"twitter_misc":{"Written by":"ulqini","Est. reading time":"5 minutes"},"schema":{"@context":"https:\/\/schema.org","@graph":[{"@type":"WebSite","@id":"https:\/\/www.visit-ulcinj.com\/blog\/#website","url":"https:\/\/www.visit-ulcinj.com\/blog\/","name":"Lajme nga Ulqini","description":"Lajme,Vijesti,Ulqini,Ulqin,Crna Gora,Mali i Zi","potentialAction":[{"@type":"SearchAction","target":{"@type":"EntryPoint","urlTemplate":"https:\/\/www.visit-ulcinj.com\/blog\/?s={search_term_string}"},"query-input":"required name=search_term_string"}],"inLanguage":"en-US"},{"@type":"ImageObject","inLanguage":"en-US","@id":"https:\/\/www.visit-ulcinj.com\/blog\/2008\/04\/16\/ulqinin-e-pret-zhvillim-i-hovshem-ekonomik\/#primaryimage","url":"http:\/\/www.visit-ulcinj.com\/blog\/wp-content\/uploads\/2008\/04\/gzim-hajdinaga_ferhat-dinosha.thumbnail.jpg","contentUrl":"http:\/\/www.visit-ulcinj.com\/blog\/wp-content\/uploads\/2008\/04\/gzim-hajdinaga_ferhat-dinosha.thumbnail.jpg"},{"@type":"WebPage","@id":"https:\/\/www.visit-ulcinj.com\/blog\/2008\/04\/16\/ulqinin-e-pret-zhvillim-i-hovshem-ekonomik\/#webpage","url":"https:\/\/www.visit-ulcinj.com\/blog\/2008\/04\/16\/ulqinin-e-pret-zhvillim-i-hovshem-ekonomik\/","name":"Ulqinin e pret zhvillim i hovsh\u00ebm ekonomik - Lajme nga Ulqini","isPartOf":{"@id":"https:\/\/www.visit-ulcinj.com\/blog\/#website"},"primaryImageOfPage":{"@id":"https:\/\/www.visit-ulcinj.com\/blog\/2008\/04\/16\/ulqinin-e-pret-zhvillim-i-hovshem-ekonomik\/#primaryimage"},"datePublished":"2008-04-16T21:28:37+00:00","dateModified":"2008-04-16T21:28:37+00:00","author":{"@id":"https:\/\/www.visit-ulcinj.com\/blog\/#\/schema\/person\/dcab619c614d3038751c63bc2aadc06d"},"breadcrumb":{"@id":"https:\/\/www.visit-ulcinj.com\/blog\/2008\/04\/16\/ulqinin-e-pret-zhvillim-i-hovshem-ekonomik\/#breadcrumb"},"inLanguage":"en-US","potentialAction":[{"@type":"ReadAction","target":["https:\/\/www.visit-ulcinj.com\/blog\/2008\/04\/16\/ulqinin-e-pret-zhvillim-i-hovshem-ekonomik\/"]}]},{"@type":"BreadcrumbList","@id":"https:\/\/www.visit-ulcinj.com\/blog\/2008\/04\/16\/ulqinin-e-pret-zhvillim-i-hovshem-ekonomik\/#breadcrumb","itemListElement":[{"@type":"ListItem","position":1,"name":"Ulqinin e pret zhvillim i hovsh\u00ebm ekonomik"}]},{"@type":"Person","@id":"https:\/\/www.visit-ulcinj.com\/blog\/#\/schema\/person\/dcab619c614d3038751c63bc2aadc06d","name":"ulqini","sameAs":["http:\/\/www.visit-ulcinj.com"],"url":"https:\/\/www.visit-ulcinj.com\/blog\/author\/admin\/"}]}},"jetpack_featured_media_url":"","jetpack_sharing_enabled":true,"jetpack_shortlink":"https:\/\/wp.me\/pe6lTn-kr","_links":{"self":[{"href":"https:\/\/www.visit-ulcinj.com\/blog\/wp-json\/wp\/v2\/posts\/1267"}],"collection":[{"href":"https:\/\/www.visit-ulcinj.com\/blog\/wp-json\/wp\/v2\/posts"}],"about":[{"href":"https:\/\/www.visit-ulcinj.com\/blog\/wp-json\/wp\/v2\/types\/post"}],"author":[{"embeddable":true,"href":"https:\/\/www.visit-ulcinj.com\/blog\/wp-json\/wp\/v2\/users\/1"}],"replies":[{"embeddable":true,"href":"https:\/\/www.visit-ulcinj.com\/blog\/wp-json\/wp\/v2\/comments?post=1267"}],"version-history":[{"count":0,"href":"https:\/\/www.visit-ulcinj.com\/blog\/wp-json\/wp\/v2\/posts\/1267\/revisions"}],"wp:attachment":[{"href":"https:\/\/www.visit-ulcinj.com\/blog\/wp-json\/wp\/v2\/media?parent=1267"}],"wp:term":[{"taxonomy":"category","embeddable":true,"href":"https:\/\/www.visit-ulcinj.com\/blog\/wp-json\/wp\/v2\/categories?post=1267"},{"taxonomy":"post_tag","embeddable":true,"href":"https:\/\/www.visit-ulcinj.com\/blog\/wp-json\/wp\/v2\/tags?post=1267"}],"curies":[{"name":"wp","href":"https:\/\/api.w.org\/{rel}","templated":true}]}}