{"id":1269,"date":"2008-04-17T00:17:40","date_gmt":"2008-04-17T05:17:40","guid":{"rendered":"http:\/\/www.visit-ulcinj.com\/blog\/?p=1269"},"modified":"2008-04-17T00:33:39","modified_gmt":"2008-04-17T05:33:39","slug":"bojana-na-udaru-divljih-graditelja","status":"publish","type":"post","link":"https:\/\/www.visit-ulcinj.com\/blog\/2008\/04\/17\/bojana-na-udaru-divljih-graditelja\/","title":{"rendered":"Bojana na udaru divljih graditelja"},"content":{"rendered":"<p><img loading=\"lazy\" class=\"alignleft\" style=\"float: left;\" src=\"http:\/\/www.morskodobro.com\/slike\/s10130_4.jpg\" alt=\"\" width=\"350\" height=\"263\" \/><strong>Morsko dobro za sedam dana zabilje\u017eilo devet novih slu?ajeva nelegalne gradnje<\/strong><br \/>\nBudva \u2013 Obale rijeke Bojane, na\u0161le su se na udaru divljih graditelja, a javno preduze?e Morsko dobro samo tokom minule sedmice prijavilo je devet novih slu?ajeva izgradnje ribarskih ku?ica i nelegalnog uzurpiranja zone kojom gazduju.<br \/>\nMada se i ranijih godina spekulisalo da se na obalama ove naju\u017enije crnogorske rijeke nalazi vi\u0161e stotina nelegalnih gra?evina i dan-danas Bojana je neodoljiva za nelegalne graditelje.<br \/>\nMorsko dobro prijavilo je nadle\u017enoj urbanisti?koj inspekciji novih devet slu?ajeva, \u0161to je ukupno 97 ataka na zonu morskog dobra, za proteklih godinu dana, od kada je ovo javno preduze?e pokrenulo veliku akciju suzbijanja divlje gradnje.<br \/>\n&#8211; Kontrolom zone morskog dobra na podru?ju op\u0161tine Ulcinj, slu\u017ebenici Javnog preduze?a su konstatovali da na lokaciji Kru?e, zapadno od restorana &#8220;Barakuda nepoznata osoba izvodi zemljane radove usljed ?ega mo\u017ee do?i do odrona i ugro\u017eavanja postoje?eg puta. Izvode?i radove na iskopu vr\u0161i se i sje?a stabala \u2013 drve?a koje je spre?avalo odrone i eroziju zemlji\u0161ta, a iskopana zemlja se odvozi i nasipa uz samu obalu. Slu?aj smo prijavili republi?koj urbanisti?koj inspekciji. Na lokaciji desne obale rijeke Bojane, bez saglasnosti Javnog preduze?a, nepoznati investitor je postavio platformu povr\u0161ine oko 100 kvadrata, a na susjednoj lokaciji, drugi nepoznati investitor je postavio platformu povr\u0161ine oko 35 kvadrata \u2013 navodi se u prijavi Morskog dobra.<img loading=\"lazy\" class=\"alignright\" style=\"float: right;\" src=\"http:\/\/www.morskodobro.com\/slike\/s10129_4.jpg\" alt=\"\" width=\"350\" height=\"263\" \/><br \/>\nU prijavi proslije?enoj urbanisti?koj inspekciji, slu\u017ebenici Javnog preduze?a su konstatovali da je na lokaciji desne obale rijeke Bojane, bez saglasnosti, na rijeci Bojani, nepoznati investitor postavio platformu, povr\u0161ine od oko 120 kvadrata, a u neposrednoj blizini nikla je nova gra?evina povr\u0161ine 20 kvadrata.<br \/>\n&#8211; Kontrolom zone morskog dobra na podru?ju op\u0161tine Ulcinj, na lokaciji desne obale rijeke Bojane, zabilje\u017een je jo\u0161 jedan slu?aj gdje je nepoznati investitor postavio platformu od drvene konstrukcije, povr\u0161ine 140 kvadrata, a u susjedstvu, tako?e na obali rijeke postavljena je platforma povr\u0161ine 240 kvadrata, a na njoj privremeni objekat od drveta u osnovi 64 kvadrata. Zabilje\u017een je i slu?aj postavljanja \u0161ipova, povr\u0161ine oko 400m kvadrata \u2013 navodi se u prijavama Morskog dobra proslije?enim inspekcijama.<br \/>\nN.L.<br \/>\nDAN<\/p>\n<p><a title=\"ADA BOJANA\" href=\"http:\/\/wikimapia.org\/#lat=41.869928&amp;lon=19.346511&amp;z=18&amp;l=0&amp;m=a&amp;v=2\" target=\"_blank\"><strong>GLEDAJTE MAPU SATELITA DA ADA BOJANA LI?I NA GRAD KOJI SE RAZVIJA SVAKI DAN&#8230;&#8230;&#8230;<\/strong><\/a><\/p>\n<p><strong><a title=\"ADA BOJANA\" href=\"http:\/\/wikimapia.org\/#lat=41.869928&amp;lon=19.346511&amp;z=18&amp;l=0&amp;m=a&amp;v=2\" target=\"_blank\">http:\/\/wikimapia.org\/<\/a><\/strong><\/p>\n<!-- vimeo error: not a vimeo video -->\n","protected":false},"excerpt":{"rendered":"<p><img loading=\"lazy\" class=\"alignleft\" style=\"float: left;\" src=\"http:\/\/www.morskodobro.com\/slike\/s10130_4.jpg\" alt=\"\" width=\"140\" height=\"140\" \/><\/p>\n","protected":false},"author":1,"featured_media":0,"comment_status":"open","ping_status":"closed","sticky":false,"template":"","format":"standard","meta":{"spay_email":"","jetpack_publicize_message":"","jetpack_is_tweetstorm":false,"jetpack_publicize_feature_enabled":true},"categories":[10,11,12],"tags":[138,2520,2519,19],"jetpack_publicize_connections":[],"yoast_head":"<!-- This site is optimized with the Yoast SEO plugin v19.1 - https:\/\/yoast.com\/wordpress\/plugins\/seo\/ -->\n<title>Bojana na udaru divljih graditelja - Lajme nga Ulqini<\/title>\n<meta name=\"robots\" content=\"index, follow, max-snippet:-1, max-image-preview:large, max-video-preview:-1\" \/>\n<link rel=\"canonical\" href=\"https:\/\/www.visit-ulcinj.com\/blog\/2008\/04\/17\/bojana-na-udaru-divljih-graditelja\/\" \/>\n<meta property=\"og:locale\" content=\"en_US\" \/>\n<meta property=\"og:type\" content=\"article\" \/>\n<meta property=\"og:title\" content=\"Bojana na udaru divljih graditelja - Lajme nga Ulqini\" \/>\n<meta property=\"og:url\" content=\"https:\/\/www.visit-ulcinj.com\/blog\/2008\/04\/17\/bojana-na-udaru-divljih-graditelja\/\" \/>\n<meta property=\"og:site_name\" content=\"Lajme nga Ulqini\" \/>\n<meta property=\"article:published_time\" content=\"2008-04-17T05:17:40+00:00\" \/>\n<meta property=\"article:modified_time\" content=\"2008-04-17T05:33:39+00:00\" \/>\n<meta property=\"og:image\" content=\"http:\/\/www.morskodobro.com\/slike\/s10130_4.jpg\" \/>\n<meta name=\"twitter:label1\" content=\"Written by\" \/>\n\t<meta name=\"twitter:data1\" content=\"ulqini\" \/>\n\t<meta name=\"twitter:label2\" content=\"Est. reading time\" \/>\n\t<meta name=\"twitter:data2\" content=\"2 minutes\" \/>\n<script type=\"application\/ld+json\" class=\"yoast-schema-graph\">{\"@context\":\"https:\/\/schema.org\",\"@graph\":[{\"@type\":\"WebSite\",\"@id\":\"https:\/\/www.visit-ulcinj.com\/blog\/#website\",\"url\":\"https:\/\/www.visit-ulcinj.com\/blog\/\",\"name\":\"Lajme nga Ulqini\",\"description\":\"Lajme,Vijesti,Ulqini,Ulqin,Crna Gora,Mali i Zi\",\"potentialAction\":[{\"@type\":\"SearchAction\",\"target\":{\"@type\":\"EntryPoint\",\"urlTemplate\":\"https:\/\/www.visit-ulcinj.com\/blog\/?s={search_term_string}\"},\"query-input\":\"required name=search_term_string\"}],\"inLanguage\":\"en-US\"},{\"@type\":\"ImageObject\",\"inLanguage\":\"en-US\",\"@id\":\"https:\/\/www.visit-ulcinj.com\/blog\/2008\/04\/17\/bojana-na-udaru-divljih-graditelja\/#primaryimage\",\"url\":\"http:\/\/www.morskodobro.com\/slike\/s10130_4.jpg\",\"contentUrl\":\"http:\/\/www.morskodobro.com\/slike\/s10130_4.jpg\"},{\"@type\":\"WebPage\",\"@id\":\"https:\/\/www.visit-ulcinj.com\/blog\/2008\/04\/17\/bojana-na-udaru-divljih-graditelja\/#webpage\",\"url\":\"https:\/\/www.visit-ulcinj.com\/blog\/2008\/04\/17\/bojana-na-udaru-divljih-graditelja\/\",\"name\":\"Bojana na udaru divljih graditelja - Lajme nga Ulqini\",\"isPartOf\":{\"@id\":\"https:\/\/www.visit-ulcinj.com\/blog\/#website\"},\"primaryImageOfPage\":{\"@id\":\"https:\/\/www.visit-ulcinj.com\/blog\/2008\/04\/17\/bojana-na-udaru-divljih-graditelja\/#primaryimage\"},\"datePublished\":\"2008-04-17T05:17:40+00:00\",\"dateModified\":\"2008-04-17T05:33:39+00:00\",\"author\":{\"@id\":\"https:\/\/www.visit-ulcinj.com\/blog\/#\/schema\/person\/dcab619c614d3038751c63bc2aadc06d\"},\"breadcrumb\":{\"@id\":\"https:\/\/www.visit-ulcinj.com\/blog\/2008\/04\/17\/bojana-na-udaru-divljih-graditelja\/#breadcrumb\"},\"inLanguage\":\"en-US\",\"potentialAction\":[{\"@type\":\"ReadAction\",\"target\":[\"https:\/\/www.visit-ulcinj.com\/blog\/2008\/04\/17\/bojana-na-udaru-divljih-graditelja\/\"]}]},{\"@type\":\"BreadcrumbList\",\"@id\":\"https:\/\/www.visit-ulcinj.com\/blog\/2008\/04\/17\/bojana-na-udaru-divljih-graditelja\/#breadcrumb\",\"itemListElement\":[{\"@type\":\"ListItem\",\"position\":1,\"name\":\"Bojana na udaru divljih graditelja\"}]},{\"@type\":\"Person\",\"@id\":\"https:\/\/www.visit-ulcinj.com\/blog\/#\/schema\/person\/dcab619c614d3038751c63bc2aadc06d\",\"name\":\"ulqini\",\"sameAs\":[\"http:\/\/www.visit-ulcinj.com\"],\"url\":\"https:\/\/www.visit-ulcinj.com\/blog\/author\/admin\/\"}]}<\/script>\n<!-- \/ Yoast SEO plugin. -->","yoast_head_json":{"title":"Bojana na udaru divljih graditelja - Lajme nga Ulqini","robots":{"index":"index","follow":"follow","max-snippet":"max-snippet:-1","max-image-preview":"max-image-preview:large","max-video-preview":"max-video-preview:-1"},"canonical":"https:\/\/www.visit-ulcinj.com\/blog\/2008\/04\/17\/bojana-na-udaru-divljih-graditelja\/","og_locale":"en_US","og_type":"article","og_title":"Bojana na udaru divljih graditelja - Lajme nga Ulqini","og_url":"https:\/\/www.visit-ulcinj.com\/blog\/2008\/04\/17\/bojana-na-udaru-divljih-graditelja\/","og_site_name":"Lajme nga Ulqini","article_published_time":"2008-04-17T05:17:40+00:00","article_modified_time":"2008-04-17T05:33:39+00:00","og_image":[{"url":"http:\/\/www.morskodobro.com\/slike\/s10130_4.jpg"}],"twitter_misc":{"Written by":"ulqini","Est. reading time":"2 minutes"},"schema":{"@context":"https:\/\/schema.org","@graph":[{"@type":"WebSite","@id":"https:\/\/www.visit-ulcinj.com\/blog\/#website","url":"https:\/\/www.visit-ulcinj.com\/blog\/","name":"Lajme nga Ulqini","description":"Lajme,Vijesti,Ulqini,Ulqin,Crna Gora,Mali i Zi","potentialAction":[{"@type":"SearchAction","target":{"@type":"EntryPoint","urlTemplate":"https:\/\/www.visit-ulcinj.com\/blog\/?s={search_term_string}"},"query-input":"required name=search_term_string"}],"inLanguage":"en-US"},{"@type":"ImageObject","inLanguage":"en-US","@id":"https:\/\/www.visit-ulcinj.com\/blog\/2008\/04\/17\/bojana-na-udaru-divljih-graditelja\/#primaryimage","url":"http:\/\/www.morskodobro.com\/slike\/s10130_4.jpg","contentUrl":"http:\/\/www.morskodobro.com\/slike\/s10130_4.jpg"},{"@type":"WebPage","@id":"https:\/\/www.visit-ulcinj.com\/blog\/2008\/04\/17\/bojana-na-udaru-divljih-graditelja\/#webpage","url":"https:\/\/www.visit-ulcinj.com\/blog\/2008\/04\/17\/bojana-na-udaru-divljih-graditelja\/","name":"Bojana na udaru divljih graditelja - Lajme nga Ulqini","isPartOf":{"@id":"https:\/\/www.visit-ulcinj.com\/blog\/#website"},"primaryImageOfPage":{"@id":"https:\/\/www.visit-ulcinj.com\/blog\/2008\/04\/17\/bojana-na-udaru-divljih-graditelja\/#primaryimage"},"datePublished":"2008-04-17T05:17:40+00:00","dateModified":"2008-04-17T05:33:39+00:00","author":{"@id":"https:\/\/www.visit-ulcinj.com\/blog\/#\/schema\/person\/dcab619c614d3038751c63bc2aadc06d"},"breadcrumb":{"@id":"https:\/\/www.visit-ulcinj.com\/blog\/2008\/04\/17\/bojana-na-udaru-divljih-graditelja\/#breadcrumb"},"inLanguage":"en-US","potentialAction":[{"@type":"ReadAction","target":["https:\/\/www.visit-ulcinj.com\/blog\/2008\/04\/17\/bojana-na-udaru-divljih-graditelja\/"]}]},{"@type":"BreadcrumbList","@id":"https:\/\/www.visit-ulcinj.com\/blog\/2008\/04\/17\/bojana-na-udaru-divljih-graditelja\/#breadcrumb","itemListElement":[{"@type":"ListItem","position":1,"name":"Bojana na udaru divljih graditelja"}]},{"@type":"Person","@id":"https:\/\/www.visit-ulcinj.com\/blog\/#\/schema\/person\/dcab619c614d3038751c63bc2aadc06d","name":"ulqini","sameAs":["http:\/\/www.visit-ulcinj.com"],"url":"https:\/\/www.visit-ulcinj.com\/blog\/author\/admin\/"}]}},"jetpack_featured_media_url":"","jetpack_sharing_enabled":true,"jetpack_shortlink":"https:\/\/wp.me\/pe6lTn-kt","_links":{"self":[{"href":"https:\/\/www.visit-ulcinj.com\/blog\/wp-json\/wp\/v2\/posts\/1269"}],"collection":[{"href":"https:\/\/www.visit-ulcinj.com\/blog\/wp-json\/wp\/v2\/posts"}],"about":[{"href":"https:\/\/www.visit-ulcinj.com\/blog\/wp-json\/wp\/v2\/types\/post"}],"author":[{"embeddable":true,"href":"https:\/\/www.visit-ulcinj.com\/blog\/wp-json\/wp\/v2\/users\/1"}],"replies":[{"embeddable":true,"href":"https:\/\/www.visit-ulcinj.com\/blog\/wp-json\/wp\/v2\/comments?post=1269"}],"version-history":[{"count":0,"href":"https:\/\/www.visit-ulcinj.com\/blog\/wp-json\/wp\/v2\/posts\/1269\/revisions"}],"wp:attachment":[{"href":"https:\/\/www.visit-ulcinj.com\/blog\/wp-json\/wp\/v2\/media?parent=1269"}],"wp:term":[{"taxonomy":"category","embeddable":true,"href":"https:\/\/www.visit-ulcinj.com\/blog\/wp-json\/wp\/v2\/categories?post=1269"},{"taxonomy":"post_tag","embeddable":true,"href":"https:\/\/www.visit-ulcinj.com\/blog\/wp-json\/wp\/v2\/tags?post=1269"}],"curies":[{"name":"wp","href":"https:\/\/api.w.org\/{rel}","templated":true}]}}