{"id":1270,"date":"2008-04-17T00:48:14","date_gmt":"2008-04-17T05:48:14","guid":{"rendered":"http:\/\/www.visit-ulcinj.com\/blog\/?p=1270"},"modified":"2008-04-17T00:48:14","modified_gmt":"2008-04-17T05:48:14","slug":"origjinaliteti-i-fiksimit-fotografik","status":"publish","type":"post","link":"https:\/\/www.visit-ulcinj.com\/blog\/2008\/04\/17\/origjinaliteti-i-fiksimit-fotografik\/","title":{"rendered":"Origjinaliteti i fiksimit fotografik"},"content":{"rendered":"<p><img loading=\"lazy\" class=\"alignleft\" style=\"float: left;\" src=\"http:\/\/www.visit-ulcinj.com\/blog\/wp-content\/uploads\/2008\/03\/qazim-muja1.thumbnail.jpg\" alt=\"\" width=\"194\" height=\"200\" \/>Edhe pse t\u00eb gjitha fotografit\u00eb e ekspozuara na duken si t\u00eb nj\u00eb t\u00ebr\u00ebsie duke u realizuar n\u00eb eksterier, prapseprap ato mund t\u00eb sistemohen n\u00eb disa n\u00ebncikle t\u00eb ve\u00e7anta, duke filluar nga ato me sens konceptual dhe deri tek ato t\u00eb stilit panoramik. Origjinaliteti i tij mund t\u00eb v\u00ebrehet n\u00eb zgjedhjen e atmosfer\u00ebs s\u00eb pazakonshme p\u00ebr fiksim fotografik si qielli plot re, deti i val\u00ebzuar, per\u00ebndimi i diellit duke zgjedhur objektivin adekuat p\u00ebr t\u00eb paraqitur thell\u00ebsin\u00eb dhe gj\u00ebr\u00ebsin\u00eb e ekspozicionit.<br \/>\nP\u00ebr fotograf\u00ebt shqiptar\u00eb t\u00eb koh\u00ebs m\u00eb t\u00eb re mund t\u00eb thuhet se jan\u00eb t\u00eb lindur me nj\u00eb privilegj t\u00eb paracaktuar. E konstatoj k\u00ebt\u00eb duke patur parasysh tradit\u00ebn prej afro 150-vje\u00e7are, nisur nga themeluesi i fotografis\u00eb shqiptare dhe asaj ballkanike Pjetro Marubi dhe pasuesit e tij Kel Marubi, dhe m\u00eb pastaj Geg\u00eb Marubi, t\u00eb cil\u00ebt artin e fotografis\u00eb shqiptare e b\u00ebn\u00eb nd\u00ebr burimet kryesore evropiane n\u00eb rrafshin e fotografis\u00eb publike dhe kronikale t\u00eb koh\u00ebs.<br \/>\nP\u00ebr t\u00eb kuptuar r\u00ebnd\u00ebsin\u00eb e nj\u00eb ekspozite fotografike, \u00ebsht\u00eb e nevojshme t\u00eb v\u00ebhet n\u00eb pah llojllojshm\u00ebria e trajtimit t\u00eb fotografis\u00eb n\u00eb artin pamor bashk\u00ebkohor. Por \u00e7far\u00eb n\u00eb t\u00eb v\u00ebrtet\u00eb \u00ebsht\u00eb fotografia?<br \/>\nFotografia \u00ebsht\u00eb nj\u00eb moment magjik q\u00eb mbetet i sh\u00ebnuar, moment q\u00eb \u00ebsht\u00eb par\u00eb dhe \u00ebsht\u00eb fiksuar poashtu magjish\u00ebm. Vet\u00ebvetiu ajo nj\u00ebkoh\u00ebsisht \u00ebsht\u00eb edhe histori, edhe nj\u00eb e dh\u00ebn\u00eb, nj\u00eb informacion, p\u00ebrshtypje, por edhe nj\u00eb v\u00ebshtrim i realitetit p\u00ebrmes shpirti t\u00eb dikujt. N\u00eb k\u00ebt\u00eb m\u00ebnyr\u00eb shohim nj\u00eb t\u00eb dh\u00ebn\u00eb t\u00eb zgjedhur p\u00ebrmes syrit t\u00eb dikujt tjet\u00ebr, andaj edhe thuhet se rrall\u00eb ndonj\u00eb art pamor mund t\u00eb lavd\u00ebrohet me t\u00eb gjitha k\u00ebto atribute n\u00eb kuptimin real.<img loading=\"lazy\" class=\"alignright\" style=\"float: right;\" src=\"http:\/\/www.visit-ulcinj.com\/blog\/wp-content\/uploads\/2008\/04\/bilali-ne-expozit-te-isuf-gjoni.jpg\" alt=\"\" width=\"379\" height=\"266\" \/><br \/>\nVler\u00ebsuar nga k\u00ebndi artistik fotografi bot\u00ebn rreth vetes e shiqon n\u00eb m\u00ebnyr\u00eb tjet\u00ebr nga ajo e zakonshmja. Ai nga nj\u00eb mori detajesh, n\u00eb kuad\u00ebr vendos vet\u00ebm disa prej tyre, t\u00eb cilat sipas mendimit t\u00eb tij jan\u00eb t\u00eb r\u00ebnd\u00ebsishme dhe t\u00eb cil\u00ebt patjet\u00ebr jan\u00eb n\u00eb harmoni me rrethin dhe poashtu me nj\u00ebri tjetrin. Ato flasin shum\u00eb m\u00eb tep\u00ebr p\u00ebr autorin dhe p\u00ebr k\u00ebndv\u00ebshtrimin e tij t\u00eb realitetit, p\u00ebr sensibilitetin e tij sesa p\u00ebr vet\u00eb objektin e fotografuar.<br \/>\nKjo v\u00ebrehet qart\u00eb edhe n\u00eb fotografit\u00eb q\u00eb autori Isuf Gjoni paraqet n\u00eb ekspozit\u00ebn e tij t\u00eb par\u00eb. Edhe pse t\u00eb gjitha fotografit\u00eb e ekspozuara na duken si t\u00eb nj\u00eb t\u00ebr\u00ebsie duke u realizuar n\u00eb eksterier, prapseprap ato mund t\u00eb sistemohen n\u00eb disa n\u00ebncikle t\u00eb ve\u00e7anta, duke filluar nga ato me sens konceptual dhe deri tek ato t\u00eb stilit panoramik. Origjinaliteti i tij mund t\u00eb v\u00ebrehet n\u00eb zgjedhjen e atmosfer\u00ebs s\u00eb pazakonshme p\u00ebr fiksim fotografik si qielli plot re, deti i val\u00ebzuar, per\u00ebndimi i diellit duke zgjedhur objektivin adekuat p\u00ebr t\u00eb paraqitur thell\u00ebsin\u00eb dhe gj\u00ebr\u00ebsin\u00eb e ekspozicionit. Duke u nisur nga nj\u00eb bank\u00eb e vetmuar n\u00eb mes t\u00eb pyllit (me p\u00ebrmbajtje konceptuale) autori fillon t\u00eb shpalos\u00eb ndjenjat e veta, nga ato m\u00eb intimet, t\u00eb momentit t\u00eb vetmis\u00eb, pastaj duke fiksuar monumentet e ndryshme t\u00eb krijuara nga dora e njeriut (Ura e Mesit, Kalaja, Shasi) dhe monumentet e natyr\u00ebs (shk\u00ebmbinjt\u00eb monumnetal), simbole t\u00eb q\u00ebndres\u00ebs, dhe m\u00eb pastaj me detin, val\u00ebt, uj\u00ebvarat na sugjeron iden\u00eb mbi dinamizmin dhe ndryshueshm\u00ebrin\u00eb e p\u00ebrhershme, teorin\u00eb se \u00e7dogj\u00eb rrjedh, \u00e7dogj\u00eb ndryshon. Rrjedh dhe ndryshon ashtu si edhe vet\u00eb jeta e njeriut, ashtu si dielli q\u00eb lind dhe per\u00ebndon duke na l\u00ebn\u00eb pas nostalgjin\u00eb e pashmangshme, e autori duke e fiksuar k\u00ebt\u00eb ndjenj\u00eb, rrug\u00ebtimin na e b\u00ebn t\u00eb q\u00ebndruesh\u00ebm. Dhe m\u00eb n\u00eb fund, autori na ofron fotografin\u00eb e cila n\u00eb praktik\u00eb mund t\u00eb ket\u00eb rolin e nj\u00eb mjeti mediatik me t\u00eb cil\u00ebn sqaron apo dokumenton iden\u00eb q\u00eb don ta prezentoj\u00eb &#8211; metropolin e Njujorkut dhe Kullat binjake n\u00eb t\u00eb, q\u00eb ishin dhe nuk jan\u00eb m\u00eb. Ato jetojn\u00eb vet\u00ebm n\u00eb fotografit\u00eb e autorit, p\u00ebr t\u00eb p\u00ebrfunduar mandej me fotografit\u00eb panoramike t\u00eb realizuara nga ajri.<br \/>\nN\u00ebse na \u00ebsht\u00eb e njohur ligjshm\u00ebria e projekteve profesionale t\u00eb nj\u00eb krijuesi, nism\u00eb e t\u00eb cilave \u00ebsht\u00eb edhe kjo ekspozit\u00eb, them se autori Isuf Gjoni ka filluar t\u00eb nd\u00ebrtoj\u00eb egon e vet duke synuar n\u00eb subjektivitetin dhe origjinalitetin e domosdosh\u00ebm krijues.<br \/>\n<strong>Qazim Muja<br \/>\nKOHA JAVORE<\/strong><\/p>\n","protected":false},"excerpt":{"rendered":"<p><img loading=\"lazy\" class=\"alignleft\" style=\"float: left;\" src=\"http:\/\/www.visit-ulcinj.com\/blog\/wp-content\/uploads\/2008\/03\/qazim-muja1.thumbnail.jpg\" alt=\"\" width=\"140\" height=\"140\" \/><\/p>\n","protected":false},"author":1,"featured_media":0,"comment_status":"open","ping_status":"closed","sticky":false,"template":"","format":"standard","meta":{"spay_email":"","jetpack_publicize_message":"","jetpack_is_tweetstorm":false,"jetpack_publicize_feature_enabled":true},"categories":[4],"tags":[2521,955,2522],"jetpack_publicize_connections":[],"yoast_head":"<!-- This site is optimized with the Yoast SEO plugin v19.1 - https:\/\/yoast.com\/wordpress\/plugins\/seo\/ -->\n<title>Origjinaliteti i fiksimit fotografik - Lajme nga Ulqini<\/title>\n<meta name=\"robots\" content=\"index, follow, max-snippet:-1, max-image-preview:large, max-video-preview:-1\" \/>\n<link rel=\"canonical\" href=\"https:\/\/www.visit-ulcinj.com\/blog\/2008\/04\/17\/origjinaliteti-i-fiksimit-fotografik\/\" \/>\n<meta property=\"og:locale\" content=\"en_US\" \/>\n<meta property=\"og:type\" content=\"article\" \/>\n<meta property=\"og:title\" content=\"Origjinaliteti i fiksimit fotografik - Lajme nga Ulqini\" \/>\n<meta property=\"og:url\" content=\"https:\/\/www.visit-ulcinj.com\/blog\/2008\/04\/17\/origjinaliteti-i-fiksimit-fotografik\/\" \/>\n<meta property=\"og:site_name\" content=\"Lajme nga Ulqini\" \/>\n<meta property=\"article:published_time\" content=\"2008-04-17T05:48:14+00:00\" \/>\n<meta property=\"og:image\" content=\"http:\/\/www.visit-ulcinj.com\/blog\/wp-content\/uploads\/2008\/03\/qazim-muja1.thumbnail.jpg\" \/>\n<meta name=\"twitter:label1\" content=\"Written by\" \/>\n\t<meta name=\"twitter:data1\" content=\"ulqini\" \/>\n\t<meta name=\"twitter:label2\" content=\"Est. reading time\" \/>\n\t<meta name=\"twitter:data2\" content=\"4 minutes\" \/>\n<script type=\"application\/ld+json\" class=\"yoast-schema-graph\">{\"@context\":\"https:\/\/schema.org\",\"@graph\":[{\"@type\":\"WebSite\",\"@id\":\"https:\/\/www.visit-ulcinj.com\/blog\/#website\",\"url\":\"https:\/\/www.visit-ulcinj.com\/blog\/\",\"name\":\"Lajme nga Ulqini\",\"description\":\"Lajme,Vijesti,Ulqini,Ulqin,Crna Gora,Mali i Zi\",\"potentialAction\":[{\"@type\":\"SearchAction\",\"target\":{\"@type\":\"EntryPoint\",\"urlTemplate\":\"https:\/\/www.visit-ulcinj.com\/blog\/?s={search_term_string}\"},\"query-input\":\"required name=search_term_string\"}],\"inLanguage\":\"en-US\"},{\"@type\":\"ImageObject\",\"inLanguage\":\"en-US\",\"@id\":\"https:\/\/www.visit-ulcinj.com\/blog\/2008\/04\/17\/origjinaliteti-i-fiksimit-fotografik\/#primaryimage\",\"url\":\"http:\/\/www.visit-ulcinj.com\/blog\/wp-content\/uploads\/2008\/03\/qazim-muja1.thumbnail.jpg\",\"contentUrl\":\"http:\/\/www.visit-ulcinj.com\/blog\/wp-content\/uploads\/2008\/03\/qazim-muja1.thumbnail.jpg\"},{\"@type\":\"WebPage\",\"@id\":\"https:\/\/www.visit-ulcinj.com\/blog\/2008\/04\/17\/origjinaliteti-i-fiksimit-fotografik\/#webpage\",\"url\":\"https:\/\/www.visit-ulcinj.com\/blog\/2008\/04\/17\/origjinaliteti-i-fiksimit-fotografik\/\",\"name\":\"Origjinaliteti i fiksimit fotografik - Lajme nga Ulqini\",\"isPartOf\":{\"@id\":\"https:\/\/www.visit-ulcinj.com\/blog\/#website\"},\"primaryImageOfPage\":{\"@id\":\"https:\/\/www.visit-ulcinj.com\/blog\/2008\/04\/17\/origjinaliteti-i-fiksimit-fotografik\/#primaryimage\"},\"datePublished\":\"2008-04-17T05:48:14+00:00\",\"dateModified\":\"2008-04-17T05:48:14+00:00\",\"author\":{\"@id\":\"https:\/\/www.visit-ulcinj.com\/blog\/#\/schema\/person\/dcab619c614d3038751c63bc2aadc06d\"},\"breadcrumb\":{\"@id\":\"https:\/\/www.visit-ulcinj.com\/blog\/2008\/04\/17\/origjinaliteti-i-fiksimit-fotografik\/#breadcrumb\"},\"inLanguage\":\"en-US\",\"potentialAction\":[{\"@type\":\"ReadAction\",\"target\":[\"https:\/\/www.visit-ulcinj.com\/blog\/2008\/04\/17\/origjinaliteti-i-fiksimit-fotografik\/\"]}]},{\"@type\":\"BreadcrumbList\",\"@id\":\"https:\/\/www.visit-ulcinj.com\/blog\/2008\/04\/17\/origjinaliteti-i-fiksimit-fotografik\/#breadcrumb\",\"itemListElement\":[{\"@type\":\"ListItem\",\"position\":1,\"name\":\"Origjinaliteti i fiksimit fotografik\"}]},{\"@type\":\"Person\",\"@id\":\"https:\/\/www.visit-ulcinj.com\/blog\/#\/schema\/person\/dcab619c614d3038751c63bc2aadc06d\",\"name\":\"ulqini\",\"sameAs\":[\"http:\/\/www.visit-ulcinj.com\"],\"url\":\"https:\/\/www.visit-ulcinj.com\/blog\/author\/admin\/\"}]}<\/script>\n<!-- \/ Yoast SEO plugin. -->","yoast_head_json":{"title":"Origjinaliteti i fiksimit fotografik - Lajme nga Ulqini","robots":{"index":"index","follow":"follow","max-snippet":"max-snippet:-1","max-image-preview":"max-image-preview:large","max-video-preview":"max-video-preview:-1"},"canonical":"https:\/\/www.visit-ulcinj.com\/blog\/2008\/04\/17\/origjinaliteti-i-fiksimit-fotografik\/","og_locale":"en_US","og_type":"article","og_title":"Origjinaliteti i fiksimit fotografik - Lajme nga Ulqini","og_url":"https:\/\/www.visit-ulcinj.com\/blog\/2008\/04\/17\/origjinaliteti-i-fiksimit-fotografik\/","og_site_name":"Lajme nga Ulqini","article_published_time":"2008-04-17T05:48:14+00:00","og_image":[{"url":"http:\/\/www.visit-ulcinj.com\/blog\/wp-content\/uploads\/2008\/03\/qazim-muja1.thumbnail.jpg"}],"twitter_misc":{"Written by":"ulqini","Est. reading time":"4 minutes"},"schema":{"@context":"https:\/\/schema.org","@graph":[{"@type":"WebSite","@id":"https:\/\/www.visit-ulcinj.com\/blog\/#website","url":"https:\/\/www.visit-ulcinj.com\/blog\/","name":"Lajme nga Ulqini","description":"Lajme,Vijesti,Ulqini,Ulqin,Crna Gora,Mali i Zi","potentialAction":[{"@type":"SearchAction","target":{"@type":"EntryPoint","urlTemplate":"https:\/\/www.visit-ulcinj.com\/blog\/?s={search_term_string}"},"query-input":"required name=search_term_string"}],"inLanguage":"en-US"},{"@type":"ImageObject","inLanguage":"en-US","@id":"https:\/\/www.visit-ulcinj.com\/blog\/2008\/04\/17\/origjinaliteti-i-fiksimit-fotografik\/#primaryimage","url":"http:\/\/www.visit-ulcinj.com\/blog\/wp-content\/uploads\/2008\/03\/qazim-muja1.thumbnail.jpg","contentUrl":"http:\/\/www.visit-ulcinj.com\/blog\/wp-content\/uploads\/2008\/03\/qazim-muja1.thumbnail.jpg"},{"@type":"WebPage","@id":"https:\/\/www.visit-ulcinj.com\/blog\/2008\/04\/17\/origjinaliteti-i-fiksimit-fotografik\/#webpage","url":"https:\/\/www.visit-ulcinj.com\/blog\/2008\/04\/17\/origjinaliteti-i-fiksimit-fotografik\/","name":"Origjinaliteti i fiksimit fotografik - Lajme nga Ulqini","isPartOf":{"@id":"https:\/\/www.visit-ulcinj.com\/blog\/#website"},"primaryImageOfPage":{"@id":"https:\/\/www.visit-ulcinj.com\/blog\/2008\/04\/17\/origjinaliteti-i-fiksimit-fotografik\/#primaryimage"},"datePublished":"2008-04-17T05:48:14+00:00","dateModified":"2008-04-17T05:48:14+00:00","author":{"@id":"https:\/\/www.visit-ulcinj.com\/blog\/#\/schema\/person\/dcab619c614d3038751c63bc2aadc06d"},"breadcrumb":{"@id":"https:\/\/www.visit-ulcinj.com\/blog\/2008\/04\/17\/origjinaliteti-i-fiksimit-fotografik\/#breadcrumb"},"inLanguage":"en-US","potentialAction":[{"@type":"ReadAction","target":["https:\/\/www.visit-ulcinj.com\/blog\/2008\/04\/17\/origjinaliteti-i-fiksimit-fotografik\/"]}]},{"@type":"BreadcrumbList","@id":"https:\/\/www.visit-ulcinj.com\/blog\/2008\/04\/17\/origjinaliteti-i-fiksimit-fotografik\/#breadcrumb","itemListElement":[{"@type":"ListItem","position":1,"name":"Origjinaliteti i fiksimit fotografik"}]},{"@type":"Person","@id":"https:\/\/www.visit-ulcinj.com\/blog\/#\/schema\/person\/dcab619c614d3038751c63bc2aadc06d","name":"ulqini","sameAs":["http:\/\/www.visit-ulcinj.com"],"url":"https:\/\/www.visit-ulcinj.com\/blog\/author\/admin\/"}]}},"jetpack_featured_media_url":"","jetpack_sharing_enabled":true,"jetpack_shortlink":"https:\/\/wp.me\/pe6lTn-ku","_links":{"self":[{"href":"https:\/\/www.visit-ulcinj.com\/blog\/wp-json\/wp\/v2\/posts\/1270"}],"collection":[{"href":"https:\/\/www.visit-ulcinj.com\/blog\/wp-json\/wp\/v2\/posts"}],"about":[{"href":"https:\/\/www.visit-ulcinj.com\/blog\/wp-json\/wp\/v2\/types\/post"}],"author":[{"embeddable":true,"href":"https:\/\/www.visit-ulcinj.com\/blog\/wp-json\/wp\/v2\/users\/1"}],"replies":[{"embeddable":true,"href":"https:\/\/www.visit-ulcinj.com\/blog\/wp-json\/wp\/v2\/comments?post=1270"}],"version-history":[{"count":0,"href":"https:\/\/www.visit-ulcinj.com\/blog\/wp-json\/wp\/v2\/posts\/1270\/revisions"}],"wp:attachment":[{"href":"https:\/\/www.visit-ulcinj.com\/blog\/wp-json\/wp\/v2\/media?parent=1270"}],"wp:term":[{"taxonomy":"category","embeddable":true,"href":"https:\/\/www.visit-ulcinj.com\/blog\/wp-json\/wp\/v2\/categories?post=1270"},{"taxonomy":"post_tag","embeddable":true,"href":"https:\/\/www.visit-ulcinj.com\/blog\/wp-json\/wp\/v2\/tags?post=1270"}],"curies":[{"name":"wp","href":"https:\/\/api.w.org\/{rel}","templated":true}]}}