{"id":12704,"date":"2009-03-01T20:17:07","date_gmt":"2009-03-01T19:17:07","guid":{"rendered":"http:\/\/www.visit-ulcinj.com\/blog\/?p=12704"},"modified":"2009-03-01T20:17:07","modified_gmt":"2009-03-01T19:17:07","slug":"marin-meksi-bashke-vajzen-e-kryeministrit-berisha","status":"publish","type":"post","link":"https:\/\/www.visit-ulcinj.com\/blog\/2009\/03\/01\/marin-meksi-bashke-vajzen-e-kryeministrit-berisha\/","title":{"rendered":"Marin Meksi bashk\u00eb vajz\u00ebn e kryeministrit Berisha"},"content":{"rendered":"<p><a href=\"http:\/\/www.visit-ulcinj.com\/blog\/wp-content\/uploads\/2009\/03\/argita-malltezi-berisha_-marin-meksi.jpg\"><img loading=\"lazy\" class=\"alignleft size-full wp-image-12705\" title=\"argita-malltezi-berisha_-marin-meksi\" src=\"http:\/\/www.visit-ulcinj.com\/blog\/wp-content\/uploads\/2009\/03\/argita-malltezi-berisha_-marin-meksi.jpg\" alt=\"argita-malltezi-berisha_-marin-meksi\" width=\"570\" height=\"375\" \/><\/a>Festa e dhjet\u00eb vjetorit t\u00eb krijimit t\u00eb kompanis\u00eb s\u00eb Sigurimeve \u201cSigal\u201d ka b\u00ebr\u00eb bashk\u00eb vajz\u00ebn e kryeministrit Berisha, Argita Malltezi me Marin Meksin, djalin i cili njihet si kampion i Body Building, por dhe si djali i shkrimtares s\u00eb njohur Mira Meksi drejtoresh\u00eb dhe administratore e \u201cAlsat\u201d. Fakti q\u00eb Marini doli dhe e priti jasht\u00eb i shoq\u00ebruar nga e \u00ebma Mira, tregon p\u00ebr konfidenc\u00ebn q\u00eb ata kan\u00eb me vajz\u00ebn e kryeministrit. I pyetur p\u00ebr k\u00ebt\u00eb miq\u00ebsi Marin Meksi, i cili tani punon n\u00eb Drejtorin\u00eb Konsullore t\u00eb Ministris\u00eb s\u00eb Jashtme si diplomat, ai tregon: \u201cZonja Argita Malltezi Berisha \u00ebsht\u00eb mikesha e familjes ton\u00eb, ashtu si\u00e7 edhe ne jemi miq t\u00eb familjes s\u00eb saj.<\/p>\n<p>P\u00ebr mua ajo \u00ebsht\u00eb nj\u00eb familje me vlera intelektuale, kulturore dhe humane. Vendos\u00ebm q\u00eb ta shijojm\u00eb s\u00eb bashku debutimin e mikes ton\u00eb t\u00eb p\u00ebrbashk\u00ebt Inva Mula me rastin e dhjet\u00eb vjetorit t\u00eb \u201cSigal\u201d. P\u00ebrjetuam s\u00eb bashku emocionet e shfaqjes dhe shk\u00ebmbyem biseda rreth muzik\u00ebs\u201d. Marini ka vazhduar studimet p\u00ebr drejt\u00ebsi n\u00eb Universitetin \u201cLuarasi\u201d . Ai nuk merret me politik\u00eb, por si qytetar dhe intelektual ka mendimin se politika jon\u00eb \u00ebsht\u00eb n\u00eb nj\u00eb proces t\u00eb gjat\u00eb demokratizimi, ashtu si e t\u00ebr\u00eb shoq\u00ebria jon\u00eb, me uljet dhe ngritjet e saj. Pohon se Argit\u00ebn e takonte p\u00ebr her\u00eb t\u00eb par\u00eb pavar\u00ebsisht se prind\u00ebrit kan\u00eb miq\u00ebsi me ta.<\/p>\n<p>I pyetur n\u00ebse vazhdon t\u00eb merret me sportin e Body Building ku u shpall kampion disa vite m\u00eb par\u00eb ai thot\u00eb: \u201cVazhdoj t\u00eb merrem me bogybuilding, sigurisht jo n\u00eb m\u00ebnyr\u00eb kompetitive p\u00ebr asye se impenjimet dhe pozita nuk m\u00eb l\u00eb q\u00eb t\u2019i p\u00ebrkushtohem n\u00eb nivel gare, por st\u00ebrvitem rregullisht p\u00ebr t\u00eb ruajtur nj\u00eb form\u00eb t\u00eb mir\u00eb sportive. Gara ime e fundit ka qen\u00eb n\u00eb vitin 2007 n\u00eb Kampionatin Europian t\u00eb Bodybuilding\u201d. Marini \u00ebsht\u00eb nj\u00eb djal\u00eb me fat pasi ka nj\u00eb familje intelektuale q\u00eb e ka p\u00ebrkrahur shum\u00eb, ka ditur t\u00eb mbaj\u00eb n\u00eb nivele shum\u00eb t\u00eb mira studimet dhe sportin, ka shum\u00eb shoq\u00ebri n\u00eb Tiran\u00eb, \u00ebsht\u00eb pronar i televizionit<\/p>\n<p>Alsat dhe mesa duket familja i ka krijuar edhe nj\u00eb komoditet tjet\u00ebr, t\u00eb njoh\u00eb miq t\u00eb rangjeve t\u00eb larta, edhe pse ai \u00ebsht\u00eb akoma ve\u00e7se 23 vje\u00e7. Duke u kthyer te koncerti ku ne i fotografuam, n\u00eb fakt nuk jemi t\u00eb sigurt n\u00ebse kan\u00eb arritur ta shijojn\u00eb aq shum\u00eb, pasi n\u00eb sall\u00ebn e TOB b\u00ebnte aq ftoht\u00eb, sa Inva Mula n\u00eb daljen e radh\u00ebs n\u00eb sken\u00eb, kishte hequr dor\u00eb nga ideja p\u00ebr t\u00eb patur vet\u00ebm fustanin e planifikuar enkas p\u00ebr k\u00ebt\u00eb rast, dhe kishte shtuar edhe peli\u00e7en e ngroht\u00eb.<\/p>\n<p><strong>Burimi: <\/strong><strong><a rel=\"nofollow\" href=\"http:\/\/www.panorama.com.al\/\" target=\"_blank\">Panorama Plus<\/a><\/strong><\/p>\n","protected":false},"excerpt":{"rendered":"<p>Festa e dhjet\u00eb vjetorit t\u00eb krijimit t\u00eb kompanis\u00eb s\u00eb Sigurimeve \u201cSigal\u201d ka b\u00ebr\u00eb bashk\u00eb vajz\u00ebn e kryeministrit Berisha, Argita Malltezi me Marin Meksin, djalin i cili njihet si kampion i Body Building, por dhe si djali i shkrimtares s\u00eb njohur Mira Meksi drejtoresh\u00eb dhe administratore e \u201cAlsat\u201d. Fakti q\u00eb Marini doli dhe e priti jasht\u00eb [&hellip;]<\/p>\n","protected":false},"author":1,"featured_media":0,"comment_status":"open","ping_status":"closed","sticky":false,"template":"","format":"standard","meta":{"spay_email":"","jetpack_publicize_message":"","jetpack_is_tweetstorm":false,"jetpack_publicize_feature_enabled":true},"categories":[1],"tags":[7397,7405,7402,7401,7398,7400,7404,7399,7403],"jetpack_publicize_connections":[],"yoast_head":"<!-- This site is optimized with the Yoast SEO plugin v19.1 - https:\/\/yoast.com\/wordpress\/plugins\/seo\/ -->\n<title>Marin Meksi bashk\u00eb vajz\u00ebn e kryeministrit Berisha - Lajme nga Ulqini<\/title>\n<meta name=\"description\" content=\"Festa e dhjet\u00eb vjetorit t\u00eb krijimit t\u00eb kompanis\u00eb s\u00eb Sigurimeve \u201cSigal\u201d ka b\u00ebr\u00eb bashk\u00eb vajz\u00ebn e kryeministrit Berisha, Argita Malltezi me Marin Meksin,\" \/>\n<meta name=\"robots\" content=\"index, follow, max-snippet:-1, max-image-preview:large, max-video-preview:-1\" \/>\n<link rel=\"canonical\" href=\"https:\/\/www.visit-ulcinj.com\/blog\/2009\/03\/01\/marin-meksi-bashke-vajzen-e-kryeministrit-berisha\/\" \/>\n<meta property=\"og:locale\" content=\"en_US\" \/>\n<meta property=\"og:type\" content=\"article\" \/>\n<meta property=\"og:title\" content=\"Marin Meksi bashk\u00eb vajz\u00ebn e kryeministrit Berisha - Lajme nga Ulqini\" \/>\n<meta property=\"og:description\" content=\"Festa e dhjet\u00eb vjetorit t\u00eb krijimit t\u00eb kompanis\u00eb s\u00eb Sigurimeve \u201cSigal\u201d ka b\u00ebr\u00eb bashk\u00eb vajz\u00ebn e kryeministrit Berisha, Argita Malltezi me Marin Meksin,\" \/>\n<meta property=\"og:url\" content=\"https:\/\/www.visit-ulcinj.com\/blog\/2009\/03\/01\/marin-meksi-bashke-vajzen-e-kryeministrit-berisha\/\" \/>\n<meta property=\"og:site_name\" content=\"Lajme nga Ulqini\" \/>\n<meta property=\"article:published_time\" content=\"2009-03-01T19:17:07+00:00\" \/>\n<meta property=\"og:image\" content=\"http:\/\/www.visit-ulcinj.com\/blog\/wp-content\/uploads\/2009\/03\/argita-malltezi-berisha_-marin-meksi.jpg\" \/>\n<meta name=\"twitter:label1\" content=\"Written by\" \/>\n\t<meta name=\"twitter:data1\" content=\"ulqini\" \/>\n\t<meta name=\"twitter:label2\" content=\"Est. reading time\" \/>\n\t<meta name=\"twitter:data2\" content=\"2 minutes\" \/>\n<script type=\"application\/ld+json\" class=\"yoast-schema-graph\">{\"@context\":\"https:\/\/schema.org\",\"@graph\":[{\"@type\":\"WebSite\",\"@id\":\"https:\/\/www.visit-ulcinj.com\/blog\/#website\",\"url\":\"https:\/\/www.visit-ulcinj.com\/blog\/\",\"name\":\"Lajme nga Ulqini\",\"description\":\"Lajme,Vijesti,Ulqini,Ulqin,Crna Gora,Mali i Zi\",\"potentialAction\":[{\"@type\":\"SearchAction\",\"target\":{\"@type\":\"EntryPoint\",\"urlTemplate\":\"https:\/\/www.visit-ulcinj.com\/blog\/?s={search_term_string}\"},\"query-input\":\"required name=search_term_string\"}],\"inLanguage\":\"en-US\"},{\"@type\":\"ImageObject\",\"inLanguage\":\"en-US\",\"@id\":\"https:\/\/www.visit-ulcinj.com\/blog\/2009\/03\/01\/marin-meksi-bashke-vajzen-e-kryeministrit-berisha\/#primaryimage\",\"url\":\"http:\/\/www.visit-ulcinj.com\/blog\/wp-content\/uploads\/2009\/03\/argita-malltezi-berisha_-marin-meksi.jpg\",\"contentUrl\":\"http:\/\/www.visit-ulcinj.com\/blog\/wp-content\/uploads\/2009\/03\/argita-malltezi-berisha_-marin-meksi.jpg\"},{\"@type\":\"WebPage\",\"@id\":\"https:\/\/www.visit-ulcinj.com\/blog\/2009\/03\/01\/marin-meksi-bashke-vajzen-e-kryeministrit-berisha\/#webpage\",\"url\":\"https:\/\/www.visit-ulcinj.com\/blog\/2009\/03\/01\/marin-meksi-bashke-vajzen-e-kryeministrit-berisha\/\",\"name\":\"Marin Meksi bashk\u00eb vajz\u00ebn e kryeministrit Berisha - Lajme nga Ulqini\",\"isPartOf\":{\"@id\":\"https:\/\/www.visit-ulcinj.com\/blog\/#website\"},\"primaryImageOfPage\":{\"@id\":\"https:\/\/www.visit-ulcinj.com\/blog\/2009\/03\/01\/marin-meksi-bashke-vajzen-e-kryeministrit-berisha\/#primaryimage\"},\"datePublished\":\"2009-03-01T19:17:07+00:00\",\"dateModified\":\"2009-03-01T19:17:07+00:00\",\"author\":{\"@id\":\"https:\/\/www.visit-ulcinj.com\/blog\/#\/schema\/person\/dcab619c614d3038751c63bc2aadc06d\"},\"description\":\"Festa e dhjet\u00eb vjetorit t\u00eb krijimit t\u00eb kompanis\u00eb s\u00eb Sigurimeve \u201cSigal\u201d ka b\u00ebr\u00eb bashk\u00eb vajz\u00ebn e kryeministrit Berisha, Argita Malltezi me Marin Meksin,\",\"breadcrumb\":{\"@id\":\"https:\/\/www.visit-ulcinj.com\/blog\/2009\/03\/01\/marin-meksi-bashke-vajzen-e-kryeministrit-berisha\/#breadcrumb\"},\"inLanguage\":\"en-US\",\"potentialAction\":[{\"@type\":\"ReadAction\",\"target\":[\"https:\/\/www.visit-ulcinj.com\/blog\/2009\/03\/01\/marin-meksi-bashke-vajzen-e-kryeministrit-berisha\/\"]}]},{\"@type\":\"BreadcrumbList\",\"@id\":\"https:\/\/www.visit-ulcinj.com\/blog\/2009\/03\/01\/marin-meksi-bashke-vajzen-e-kryeministrit-berisha\/#breadcrumb\",\"itemListElement\":[{\"@type\":\"ListItem\",\"position\":1,\"name\":\"Marin Meksi bashk\u00eb vajz\u00ebn e kryeministrit Berisha\"}]},{\"@type\":\"Person\",\"@id\":\"https:\/\/www.visit-ulcinj.com\/blog\/#\/schema\/person\/dcab619c614d3038751c63bc2aadc06d\",\"name\":\"ulqini\",\"sameAs\":[\"http:\/\/www.visit-ulcinj.com\"],\"url\":\"https:\/\/www.visit-ulcinj.com\/blog\/author\/admin\/\"}]}<\/script>\n<!-- \/ Yoast SEO plugin. -->","yoast_head_json":{"title":"Marin Meksi bashk\u00eb vajz\u00ebn e kryeministrit Berisha - Lajme nga Ulqini","description":"Festa e dhjet\u00eb vjetorit t\u00eb krijimit t\u00eb kompanis\u00eb s\u00eb Sigurimeve \u201cSigal\u201d ka b\u00ebr\u00eb bashk\u00eb vajz\u00ebn e kryeministrit Berisha, Argita Malltezi me Marin Meksin,","robots":{"index":"index","follow":"follow","max-snippet":"max-snippet:-1","max-image-preview":"max-image-preview:large","max-video-preview":"max-video-preview:-1"},"canonical":"https:\/\/www.visit-ulcinj.com\/blog\/2009\/03\/01\/marin-meksi-bashke-vajzen-e-kryeministrit-berisha\/","og_locale":"en_US","og_type":"article","og_title":"Marin Meksi bashk\u00eb vajz\u00ebn e kryeministrit Berisha - Lajme nga Ulqini","og_description":"Festa e dhjet\u00eb vjetorit t\u00eb krijimit t\u00eb kompanis\u00eb s\u00eb Sigurimeve \u201cSigal\u201d ka b\u00ebr\u00eb bashk\u00eb vajz\u00ebn e kryeministrit Berisha, Argita Malltezi me Marin Meksin,","og_url":"https:\/\/www.visit-ulcinj.com\/blog\/2009\/03\/01\/marin-meksi-bashke-vajzen-e-kryeministrit-berisha\/","og_site_name":"Lajme nga Ulqini","article_published_time":"2009-03-01T19:17:07+00:00","og_image":[{"url":"http:\/\/www.visit-ulcinj.com\/blog\/wp-content\/uploads\/2009\/03\/argita-malltezi-berisha_-marin-meksi.jpg"}],"twitter_misc":{"Written by":"ulqini","Est. reading time":"2 minutes"},"schema":{"@context":"https:\/\/schema.org","@graph":[{"@type":"WebSite","@id":"https:\/\/www.visit-ulcinj.com\/blog\/#website","url":"https:\/\/www.visit-ulcinj.com\/blog\/","name":"Lajme nga Ulqini","description":"Lajme,Vijesti,Ulqini,Ulqin,Crna Gora,Mali i Zi","potentialAction":[{"@type":"SearchAction","target":{"@type":"EntryPoint","urlTemplate":"https:\/\/www.visit-ulcinj.com\/blog\/?s={search_term_string}"},"query-input":"required name=search_term_string"}],"inLanguage":"en-US"},{"@type":"ImageObject","inLanguage":"en-US","@id":"https:\/\/www.visit-ulcinj.com\/blog\/2009\/03\/01\/marin-meksi-bashke-vajzen-e-kryeministrit-berisha\/#primaryimage","url":"http:\/\/www.visit-ulcinj.com\/blog\/wp-content\/uploads\/2009\/03\/argita-malltezi-berisha_-marin-meksi.jpg","contentUrl":"http:\/\/www.visit-ulcinj.com\/blog\/wp-content\/uploads\/2009\/03\/argita-malltezi-berisha_-marin-meksi.jpg"},{"@type":"WebPage","@id":"https:\/\/www.visit-ulcinj.com\/blog\/2009\/03\/01\/marin-meksi-bashke-vajzen-e-kryeministrit-berisha\/#webpage","url":"https:\/\/www.visit-ulcinj.com\/blog\/2009\/03\/01\/marin-meksi-bashke-vajzen-e-kryeministrit-berisha\/","name":"Marin Meksi bashk\u00eb vajz\u00ebn e kryeministrit Berisha - Lajme nga Ulqini","isPartOf":{"@id":"https:\/\/www.visit-ulcinj.com\/blog\/#website"},"primaryImageOfPage":{"@id":"https:\/\/www.visit-ulcinj.com\/blog\/2009\/03\/01\/marin-meksi-bashke-vajzen-e-kryeministrit-berisha\/#primaryimage"},"datePublished":"2009-03-01T19:17:07+00:00","dateModified":"2009-03-01T19:17:07+00:00","author":{"@id":"https:\/\/www.visit-ulcinj.com\/blog\/#\/schema\/person\/dcab619c614d3038751c63bc2aadc06d"},"description":"Festa e dhjet\u00eb vjetorit t\u00eb krijimit t\u00eb kompanis\u00eb s\u00eb Sigurimeve \u201cSigal\u201d ka b\u00ebr\u00eb bashk\u00eb vajz\u00ebn e kryeministrit Berisha, Argita Malltezi me Marin Meksin,","breadcrumb":{"@id":"https:\/\/www.visit-ulcinj.com\/blog\/2009\/03\/01\/marin-meksi-bashke-vajzen-e-kryeministrit-berisha\/#breadcrumb"},"inLanguage":"en-US","potentialAction":[{"@type":"ReadAction","target":["https:\/\/www.visit-ulcinj.com\/blog\/2009\/03\/01\/marin-meksi-bashke-vajzen-e-kryeministrit-berisha\/"]}]},{"@type":"BreadcrumbList","@id":"https:\/\/www.visit-ulcinj.com\/blog\/2009\/03\/01\/marin-meksi-bashke-vajzen-e-kryeministrit-berisha\/#breadcrumb","itemListElement":[{"@type":"ListItem","position":1,"name":"Marin Meksi bashk\u00eb vajz\u00ebn e kryeministrit Berisha"}]},{"@type":"Person","@id":"https:\/\/www.visit-ulcinj.com\/blog\/#\/schema\/person\/dcab619c614d3038751c63bc2aadc06d","name":"ulqini","sameAs":["http:\/\/www.visit-ulcinj.com"],"url":"https:\/\/www.visit-ulcinj.com\/blog\/author\/admin\/"}]}},"jetpack_featured_media_url":"","jetpack_sharing_enabled":true,"jetpack_shortlink":"https:\/\/wp.me\/pe6lTn-3iU","_links":{"self":[{"href":"https:\/\/www.visit-ulcinj.com\/blog\/wp-json\/wp\/v2\/posts\/12704"}],"collection":[{"href":"https:\/\/www.visit-ulcinj.com\/blog\/wp-json\/wp\/v2\/posts"}],"about":[{"href":"https:\/\/www.visit-ulcinj.com\/blog\/wp-json\/wp\/v2\/types\/post"}],"author":[{"embeddable":true,"href":"https:\/\/www.visit-ulcinj.com\/blog\/wp-json\/wp\/v2\/users\/1"}],"replies":[{"embeddable":true,"href":"https:\/\/www.visit-ulcinj.com\/blog\/wp-json\/wp\/v2\/comments?post=12704"}],"version-history":[{"count":0,"href":"https:\/\/www.visit-ulcinj.com\/blog\/wp-json\/wp\/v2\/posts\/12704\/revisions"}],"wp:attachment":[{"href":"https:\/\/www.visit-ulcinj.com\/blog\/wp-json\/wp\/v2\/media?parent=12704"}],"wp:term":[{"taxonomy":"category","embeddable":true,"href":"https:\/\/www.visit-ulcinj.com\/blog\/wp-json\/wp\/v2\/categories?post=12704"},{"taxonomy":"post_tag","embeddable":true,"href":"https:\/\/www.visit-ulcinj.com\/blog\/wp-json\/wp\/v2\/tags?post=12704"}],"curies":[{"name":"wp","href":"https:\/\/api.w.org\/{rel}","templated":true}]}}