{"id":12708,"date":"2009-03-01T20:51:19","date_gmt":"2009-03-01T19:51:19","guid":{"rendered":"http:\/\/www.visit-ulcinj.com\/blog\/?p=12708"},"modified":"2009-03-01T21:35:47","modified_gmt":"2009-03-01T20:35:47","slug":"zanfina-ismajli-me-nje-histori-te-re-dashurie","status":"publish","type":"post","link":"https:\/\/www.visit-ulcinj.com\/blog\/2009\/03\/01\/zanfina-ismajli-me-nje-histori-te-re-dashurie\/","title":{"rendered":"Zanfina Ismajli me nj\u00eb histori te re dashurie"},"content":{"rendered":"<p><a href=\"http:\/\/www.visit-ulcinj.com\/blog\/wp-content\/uploads\/2009\/03\/zanfina-ismajli.jpg\"><img loading=\"lazy\" class=\"alignleft size-full wp-image-12709\" title=\"zanfina-ismajli\" src=\"http:\/\/www.visit-ulcinj.com\/blog\/wp-content\/uploads\/2009\/03\/zanfina-ismajli.jpg\" alt=\"zanfina-ismajli\" width=\"580\" height=\"347\" \/><\/a><\/p>\n<p>Ia vlen t\u00eb mburret p\u00ebr linjat e mrekullueshme q\u00eb ka dhe jo vet\u00ebm me kaq, pasi Zanfina tashm\u00eb \u00ebsht\u00eb b\u00ebr\u00eb e njohur dhe e dashur nga t\u00eb gjith\u00eb, duke nisur s\u00ebrish t\u00eb b\u00ebj\u00eb boom-in e radh\u00ebs. K\u00ebng\u00ebt e fundit t\u00eb punuara mjesht\u00ebrisht, e kan\u00eb kthyer s\u00ebrish sugaresh\u00ebn e familjes Ismaili, n\u00eb qend\u00ebr t\u00eb v\u00ebmendjes. Ajo po mban shum\u00eb mbr\u00ebmje jasht\u00eb vendit duke u cil\u00ebsuar tashm\u00eb jo si nj\u00eb vajz\u00eb e ndrojtur e cila p\u00ebrtonte t\u00eb joshte mas\u00ebn. Gjykuar nga fotot t\u00eb cilat botohen lirisht, mund t\u00eb thuhet q\u00eb ajo po e shfaq veten n\u00eb kuptimin e plot\u00eb t\u00eb fjal\u00ebs, me gjith\u00eb sensualitetin e saj.<\/p>\n<p>K\u00ebng\u00ebtarja nuk ngurron t\u00eb jap\u00eb performanca t\u00eb nxehta, nd\u00ebrsa t\u00eb pranishmit i zgurdullojn\u00eb syt\u00eb, prandaj thuhet se Zanfina po e kall publikun t\u00eb cil\u00ebt mbushin sallat n\u00ebp\u00ebr vendet ku ajo k\u00ebndon. Nd\u00ebrkoh\u00eb q\u00eb statusi i saj privat tashm\u00eb \u00ebsht\u00eb &#8220;busy&#8221;. Nga burime t\u00eb af\u00ebrta me k\u00ebng\u00ebtaren merret vesh se s\u00eb fundi ajo dhe i dashuri i ri, kan\u00eb kaluar dit\u00eb t\u00eb mrekullueshme dimri n\u00eb Brezovic\u00eb, vend ky tejet i bukur p\u00ebr t\u00eb kaluar pushime dim\u00ebrore.<\/p>\n<p><span style=\"font-weight: bold;\">PanoramaPlus<\/span><\/p>\n<p><span style=\"font-weight: bold;\"><br \/>\n<\/span><\/p>\n<p><span style=\"font-weight: bold;\"><strong><!--YouTube Error: bad URL entered--><\/strong><br \/>\n<\/span><\/p>\n","protected":false},"excerpt":{"rendered":"<p>Ia vlen t\u00eb mburret p\u00ebr linjat e mrekullueshme q\u00eb ka dhe jo vet\u00ebm me kaq, pasi Zanfina tashm\u00eb \u00ebsht\u00eb b\u00ebr\u00eb e njohur dhe e dashur nga t\u00eb gjith\u00eb, duke nisur s\u00ebrish t\u00eb b\u00ebj\u00eb boom-in e radh\u00ebs. K\u00ebng\u00ebt e fundit t\u00eb punuara mjesht\u00ebrisht, e kan\u00eb kthyer s\u00ebrish sugaresh\u00ebn e familjes Ismaili, n\u00eb qend\u00ebr t\u00eb v\u00ebmendjes. Ajo [&hellip;]<\/p>\n","protected":false},"author":1,"featured_media":0,"comment_status":"open","ping_status":"closed","sticky":false,"template":"","format":"standard","meta":{"spay_email":"","jetpack_publicize_message":"","jetpack_is_tweetstorm":false,"jetpack_publicize_feature_enabled":true},"categories":[1],"tags":[7406,4938],"jetpack_publicize_connections":[],"yoast_head":"<!-- This site is optimized with the Yoast SEO plugin v19.1 - https:\/\/yoast.com\/wordpress\/plugins\/seo\/ -->\n<title>Zanfina Ismajli me nj\u00eb histori te re dashurie - Lajme nga Ulqini<\/title>\n<meta name=\"description\" content=\"Ia vlen t\u00eb mburret p\u00ebr linjat e mrekullueshme q\u00eb ka dhe jo vet\u00ebm me kaq, pasi Zanfina tashm\u00eb \u00ebsht\u00eb b\u00ebr\u00eb e njohur dhe e dashur nga t\u00eb gjith\u00eb, duke nisur\" \/>\n<meta name=\"robots\" content=\"index, follow, max-snippet:-1, max-image-preview:large, max-video-preview:-1\" \/>\n<link rel=\"canonical\" href=\"https:\/\/www.visit-ulcinj.com\/blog\/2009\/03\/01\/zanfina-ismajli-me-nje-histori-te-re-dashurie\/\" \/>\n<meta property=\"og:locale\" content=\"en_US\" \/>\n<meta property=\"og:type\" content=\"article\" \/>\n<meta property=\"og:title\" content=\"Zanfina Ismajli me nj\u00eb histori te re dashurie - Lajme nga Ulqini\" \/>\n<meta property=\"og:description\" content=\"Ia vlen t\u00eb mburret p\u00ebr linjat e mrekullueshme q\u00eb ka dhe jo vet\u00ebm me kaq, pasi Zanfina tashm\u00eb \u00ebsht\u00eb b\u00ebr\u00eb e njohur dhe e dashur nga t\u00eb gjith\u00eb, duke nisur\" \/>\n<meta property=\"og:url\" content=\"https:\/\/www.visit-ulcinj.com\/blog\/2009\/03\/01\/zanfina-ismajli-me-nje-histori-te-re-dashurie\/\" \/>\n<meta property=\"og:site_name\" content=\"Lajme nga Ulqini\" \/>\n<meta property=\"article:published_time\" content=\"2009-03-01T19:51:19+00:00\" \/>\n<meta property=\"article:modified_time\" content=\"2009-03-01T20:35:47+00:00\" \/>\n<meta property=\"og:image\" content=\"https:\/\/www.visit-ulcinj.com\/blog\/wp-content\/uploads\/2009\/03\/zanfina-ismajli-150x150.jpg\" \/>\n<meta name=\"twitter:label1\" content=\"Written by\" \/>\n\t<meta name=\"twitter:data1\" content=\"ulqini\" \/>\n\t<meta name=\"twitter:label2\" content=\"Est. reading time\" \/>\n\t<meta name=\"twitter:data2\" content=\"1 minute\" \/>\n<script type=\"application\/ld+json\" class=\"yoast-schema-graph\">{\"@context\":\"https:\/\/schema.org\",\"@graph\":[{\"@type\":\"WebSite\",\"@id\":\"https:\/\/www.visit-ulcinj.com\/blog\/#website\",\"url\":\"https:\/\/www.visit-ulcinj.com\/blog\/\",\"name\":\"Lajme nga Ulqini\",\"description\":\"Lajme,Vijesti,Ulqini,Ulqin,Crna Gora,Mali i Zi\",\"potentialAction\":[{\"@type\":\"SearchAction\",\"target\":{\"@type\":\"EntryPoint\",\"urlTemplate\":\"https:\/\/www.visit-ulcinj.com\/blog\/?s={search_term_string}\"},\"query-input\":\"required name=search_term_string\"}],\"inLanguage\":\"en-US\"},{\"@type\":\"ImageObject\",\"inLanguage\":\"en-US\",\"@id\":\"https:\/\/www.visit-ulcinj.com\/blog\/2009\/03\/01\/zanfina-ismajli-me-nje-histori-te-re-dashurie\/#primaryimage\",\"url\":\"http:\/\/www.visit-ulcinj.com\/blog\/wp-content\/uploads\/2009\/03\/zanfina-ismajli.jpg\",\"contentUrl\":\"http:\/\/www.visit-ulcinj.com\/blog\/wp-content\/uploads\/2009\/03\/zanfina-ismajli.jpg\"},{\"@type\":\"WebPage\",\"@id\":\"https:\/\/www.visit-ulcinj.com\/blog\/2009\/03\/01\/zanfina-ismajli-me-nje-histori-te-re-dashurie\/#webpage\",\"url\":\"https:\/\/www.visit-ulcinj.com\/blog\/2009\/03\/01\/zanfina-ismajli-me-nje-histori-te-re-dashurie\/\",\"name\":\"Zanfina Ismajli me nj\u00eb histori te re dashurie - Lajme nga Ulqini\",\"isPartOf\":{\"@id\":\"https:\/\/www.visit-ulcinj.com\/blog\/#website\"},\"primaryImageOfPage\":{\"@id\":\"https:\/\/www.visit-ulcinj.com\/blog\/2009\/03\/01\/zanfina-ismajli-me-nje-histori-te-re-dashurie\/#primaryimage\"},\"datePublished\":\"2009-03-01T19:51:19+00:00\",\"dateModified\":\"2009-03-01T20:35:47+00:00\",\"author\":{\"@id\":\"https:\/\/www.visit-ulcinj.com\/blog\/#\/schema\/person\/dcab619c614d3038751c63bc2aadc06d\"},\"description\":\"Ia vlen t\u00eb mburret p\u00ebr linjat e mrekullueshme q\u00eb ka dhe jo vet\u00ebm me kaq, pasi Zanfina tashm\u00eb \u00ebsht\u00eb b\u00ebr\u00eb e njohur dhe e dashur nga t\u00eb gjith\u00eb, duke nisur\",\"breadcrumb\":{\"@id\":\"https:\/\/www.visit-ulcinj.com\/blog\/2009\/03\/01\/zanfina-ismajli-me-nje-histori-te-re-dashurie\/#breadcrumb\"},\"inLanguage\":\"en-US\",\"potentialAction\":[{\"@type\":\"ReadAction\",\"target\":[\"https:\/\/www.visit-ulcinj.com\/blog\/2009\/03\/01\/zanfina-ismajli-me-nje-histori-te-re-dashurie\/\"]}]},{\"@type\":\"BreadcrumbList\",\"@id\":\"https:\/\/www.visit-ulcinj.com\/blog\/2009\/03\/01\/zanfina-ismajli-me-nje-histori-te-re-dashurie\/#breadcrumb\",\"itemListElement\":[{\"@type\":\"ListItem\",\"position\":1,\"name\":\"Zanfina Ismajli me nj\u00eb histori te re dashurie\"}]},{\"@type\":\"Person\",\"@id\":\"https:\/\/www.visit-ulcinj.com\/blog\/#\/schema\/person\/dcab619c614d3038751c63bc2aadc06d\",\"name\":\"ulqini\",\"sameAs\":[\"http:\/\/www.visit-ulcinj.com\"],\"url\":\"https:\/\/www.visit-ulcinj.com\/blog\/author\/admin\/\"}]}<\/script>\n<!-- \/ Yoast SEO plugin. -->","yoast_head_json":{"title":"Zanfina Ismajli me nj\u00eb histori te re dashurie - Lajme nga Ulqini","description":"Ia vlen t\u00eb mburret p\u00ebr linjat e mrekullueshme q\u00eb ka dhe jo vet\u00ebm me kaq, pasi Zanfina tashm\u00eb \u00ebsht\u00eb b\u00ebr\u00eb e njohur dhe e dashur nga t\u00eb gjith\u00eb, duke nisur","robots":{"index":"index","follow":"follow","max-snippet":"max-snippet:-1","max-image-preview":"max-image-preview:large","max-video-preview":"max-video-preview:-1"},"canonical":"https:\/\/www.visit-ulcinj.com\/blog\/2009\/03\/01\/zanfina-ismajli-me-nje-histori-te-re-dashurie\/","og_locale":"en_US","og_type":"article","og_title":"Zanfina Ismajli me nj\u00eb histori te re dashurie - Lajme nga Ulqini","og_description":"Ia vlen t\u00eb mburret p\u00ebr linjat e mrekullueshme q\u00eb ka dhe jo vet\u00ebm me kaq, pasi Zanfina tashm\u00eb \u00ebsht\u00eb b\u00ebr\u00eb e njohur dhe e dashur nga t\u00eb gjith\u00eb, duke nisur","og_url":"https:\/\/www.visit-ulcinj.com\/blog\/2009\/03\/01\/zanfina-ismajli-me-nje-histori-te-re-dashurie\/","og_site_name":"Lajme nga Ulqini","article_published_time":"2009-03-01T19:51:19+00:00","article_modified_time":"2009-03-01T20:35:47+00:00","og_image":[{"url":"https:\/\/www.visit-ulcinj.com\/blog\/wp-content\/uploads\/2009\/03\/zanfina-ismajli-150x150.jpg"}],"twitter_misc":{"Written by":"ulqini","Est. reading time":"1 minute"},"schema":{"@context":"https:\/\/schema.org","@graph":[{"@type":"WebSite","@id":"https:\/\/www.visit-ulcinj.com\/blog\/#website","url":"https:\/\/www.visit-ulcinj.com\/blog\/","name":"Lajme nga Ulqini","description":"Lajme,Vijesti,Ulqini,Ulqin,Crna Gora,Mali i Zi","potentialAction":[{"@type":"SearchAction","target":{"@type":"EntryPoint","urlTemplate":"https:\/\/www.visit-ulcinj.com\/blog\/?s={search_term_string}"},"query-input":"required name=search_term_string"}],"inLanguage":"en-US"},{"@type":"ImageObject","inLanguage":"en-US","@id":"https:\/\/www.visit-ulcinj.com\/blog\/2009\/03\/01\/zanfina-ismajli-me-nje-histori-te-re-dashurie\/#primaryimage","url":"http:\/\/www.visit-ulcinj.com\/blog\/wp-content\/uploads\/2009\/03\/zanfina-ismajli.jpg","contentUrl":"http:\/\/www.visit-ulcinj.com\/blog\/wp-content\/uploads\/2009\/03\/zanfina-ismajli.jpg"},{"@type":"WebPage","@id":"https:\/\/www.visit-ulcinj.com\/blog\/2009\/03\/01\/zanfina-ismajli-me-nje-histori-te-re-dashurie\/#webpage","url":"https:\/\/www.visit-ulcinj.com\/blog\/2009\/03\/01\/zanfina-ismajli-me-nje-histori-te-re-dashurie\/","name":"Zanfina Ismajli me nj\u00eb histori te re dashurie - Lajme nga Ulqini","isPartOf":{"@id":"https:\/\/www.visit-ulcinj.com\/blog\/#website"},"primaryImageOfPage":{"@id":"https:\/\/www.visit-ulcinj.com\/blog\/2009\/03\/01\/zanfina-ismajli-me-nje-histori-te-re-dashurie\/#primaryimage"},"datePublished":"2009-03-01T19:51:19+00:00","dateModified":"2009-03-01T20:35:47+00:00","author":{"@id":"https:\/\/www.visit-ulcinj.com\/blog\/#\/schema\/person\/dcab619c614d3038751c63bc2aadc06d"},"description":"Ia vlen t\u00eb mburret p\u00ebr linjat e mrekullueshme q\u00eb ka dhe jo vet\u00ebm me kaq, pasi Zanfina tashm\u00eb \u00ebsht\u00eb b\u00ebr\u00eb e njohur dhe e dashur nga t\u00eb gjith\u00eb, duke nisur","breadcrumb":{"@id":"https:\/\/www.visit-ulcinj.com\/blog\/2009\/03\/01\/zanfina-ismajli-me-nje-histori-te-re-dashurie\/#breadcrumb"},"inLanguage":"en-US","potentialAction":[{"@type":"ReadAction","target":["https:\/\/www.visit-ulcinj.com\/blog\/2009\/03\/01\/zanfina-ismajli-me-nje-histori-te-re-dashurie\/"]}]},{"@type":"BreadcrumbList","@id":"https:\/\/www.visit-ulcinj.com\/blog\/2009\/03\/01\/zanfina-ismajli-me-nje-histori-te-re-dashurie\/#breadcrumb","itemListElement":[{"@type":"ListItem","position":1,"name":"Zanfina Ismajli me nj\u00eb histori te re dashurie"}]},{"@type":"Person","@id":"https:\/\/www.visit-ulcinj.com\/blog\/#\/schema\/person\/dcab619c614d3038751c63bc2aadc06d","name":"ulqini","sameAs":["http:\/\/www.visit-ulcinj.com"],"url":"https:\/\/www.visit-ulcinj.com\/blog\/author\/admin\/"}]}},"jetpack_featured_media_url":"","jetpack_sharing_enabled":true,"jetpack_shortlink":"https:\/\/wp.me\/pe6lTn-3iY","_links":{"self":[{"href":"https:\/\/www.visit-ulcinj.com\/blog\/wp-json\/wp\/v2\/posts\/12708"}],"collection":[{"href":"https:\/\/www.visit-ulcinj.com\/blog\/wp-json\/wp\/v2\/posts"}],"about":[{"href":"https:\/\/www.visit-ulcinj.com\/blog\/wp-json\/wp\/v2\/types\/post"}],"author":[{"embeddable":true,"href":"https:\/\/www.visit-ulcinj.com\/blog\/wp-json\/wp\/v2\/users\/1"}],"replies":[{"embeddable":true,"href":"https:\/\/www.visit-ulcinj.com\/blog\/wp-json\/wp\/v2\/comments?post=12708"}],"version-history":[{"count":0,"href":"https:\/\/www.visit-ulcinj.com\/blog\/wp-json\/wp\/v2\/posts\/12708\/revisions"}],"wp:attachment":[{"href":"https:\/\/www.visit-ulcinj.com\/blog\/wp-json\/wp\/v2\/media?parent=12708"}],"wp:term":[{"taxonomy":"category","embeddable":true,"href":"https:\/\/www.visit-ulcinj.com\/blog\/wp-json\/wp\/v2\/categories?post=12708"},{"taxonomy":"post_tag","embeddable":true,"href":"https:\/\/www.visit-ulcinj.com\/blog\/wp-json\/wp\/v2\/tags?post=12708"}],"curies":[{"name":"wp","href":"https:\/\/api.w.org\/{rel}","templated":true}]}}