{"id":1272,"date":"2008-04-17T01:37:27","date_gmt":"2008-04-17T06:37:27","guid":{"rendered":"http:\/\/www.visit-ulcinj.com\/blog\/?p=1272"},"modified":"2008-04-17T01:43:47","modified_gmt":"2008-04-17T06:43:47","slug":"prekinuto-zasjedanje-so-ulcinj","status":"publish","type":"post","link":"https:\/\/www.visit-ulcinj.com\/blog\/2008\/04\/17\/prekinuto-zasjedanje-so-ulcinj\/","title":{"rendered":"Prekinuto zasjedanje SO Ulcinj"},"content":{"rendered":"<p><a href=\"http:\/\/www.visit-ulcinj.com\/blog\/wp-content\/uploads\/2008\/03\/komuna-ulqinit.jpg\"><img loading=\"lazy\" class=\"alignleft attachment wp-att-1044\" style=\"float: left;\" src=\"http:\/\/www.visit-ulcinj.com\/blog\/wp-content\/uploads\/2008\/03\/komuna-ulqinit.thumbnail.jpg\" alt=\"komuna ulqinit\" width=\"200\" height=\"140\" \/><\/a><strong>Ve?ina bez ve?ine<\/strong><br \/>\nUlcinj, 16.aprila &#8211; Iako je na prozivci postojala odborni?ka ve?ina (prisutno je bilo 26 odbornika od 33), dana\u0161nje zasjedanje Skup\u0161tine op\u0161tine prekinuto je na samom startu, kada je zapo?ela realizacija dnevnog reda na kome je trideset ta?aka. Odbornici opozicije (?ine je albanske nacionalne partije DSCG, Forca i DJA, kao i SNP i Srpska lista) izbrojali su da u klupama vladaju?ih partija (DUA, DPS, SDP i PDP) nedostaju dva odbornika za vladaju?u ve?inu i nijesu bez te ve?ine htjeli da nastave rad. Kako su u ime opozicije rekli Genc Nimanbegu i Fuad Nad\u017eibeti, oni ne \u017eele da ve?ini (bez ve?ine) obezbje?uju kvorum, pa su napustili skup\u0161tinsku salu. Oni ?e, rekli su, prisustvovati i aktivno u?estvovati u radu kad bude prisutna ta ve?ina.<br \/>\nPoslije kratkog dogovora u vladaju?oj koaliciji, odlu?eno je da se ovo zasjedanje (prve sjednice prvog redovnog zasjedanja) prekine, a o nastavku ?e se naknadno odlu?iti.<a href=\"http:\/\/www.visit-ulcinj.com\/blog\/wp-content\/uploads\/2008\/02\/muhamed-nika1.jpg\"><img loading=\"lazy\" class=\"alignright attachment wp-att-437\" style=\"float: right;\" src=\"http:\/\/www.visit-ulcinj.com\/blog\/wp-content\/uploads\/2008\/02\/muhamed-nika1.thumbnail.jpg\" alt=\"Muhamet Nika1\" width=\"128\" height=\"72\" \/><\/a><br \/>\n&#8211; Ovo je poku\u0161aj blokade rada lokalnog parlamenta. Za napu\u0161tanje sjednice, opozicija nije imala ni jedan razlog, jer je postojao kvorum, mogli su raspravljati i odlu?ivati o svim ta?kama dnevnog reda. Kako funkcioni\u0161e opozicija mogli su se na\u0161i sugra?ani uvjeriti pra?enjem prenosa preko TV &#8220;Teute&#8221; kazao je Muhamet Nika, predsjednik SO.<br \/>\nValja podsjetiti da je ovakav scenario vladaju?im partijama ranije pravila sada\u0161nja ve?ina koja je tada bila u opozicionim klupama. Zato je ovo sada &#8220;ve? vi?eno&#8221;.<br \/>\nA.J<br \/>\nPobjeda<\/p>\n","protected":false},"excerpt":{"rendered":"<p><img loading=\"lazy\" class=\"alignleft attachment wp-att-1044\" style=\"float: left;\" src=\"http:\/\/www.visit-ulcinj.com\/blog\/wp-content\/uploads\/2008\/03\/komuna-ulqinit.thumbnail.jpg\" alt=\"komuna ulqinit\" width=\"140\" height=\"140\" \/><\/p>\n","protected":false},"author":1,"featured_media":0,"comment_status":"open","ping_status":"closed","sticky":false,"template":"","format":"standard","meta":{"spay_email":"","jetpack_publicize_message":"","jetpack_is_tweetstorm":false,"jetpack_publicize_feature_enabled":true},"categories":[8,6,12],"tags":[704,530,2524,87,117,2525,1074,944,702,701,1441,2523,2526],"jetpack_publicize_connections":[],"yoast_head":"<!-- This site is optimized with the Yoast SEO plugin v19.1 - https:\/\/yoast.com\/wordpress\/plugins\/seo\/ -->\n<title>Prekinuto zasjedanje SO Ulcinj - Lajme nga Ulqini<\/title>\n<meta name=\"robots\" content=\"index, follow, max-snippet:-1, max-image-preview:large, max-video-preview:-1\" \/>\n<link rel=\"canonical\" href=\"https:\/\/www.visit-ulcinj.com\/blog\/2008\/04\/17\/prekinuto-zasjedanje-so-ulcinj\/\" \/>\n<meta property=\"og:locale\" content=\"en_US\" \/>\n<meta property=\"og:type\" content=\"article\" \/>\n<meta property=\"og:title\" content=\"Prekinuto zasjedanje SO Ulcinj - Lajme nga Ulqini\" \/>\n<meta property=\"og:url\" content=\"https:\/\/www.visit-ulcinj.com\/blog\/2008\/04\/17\/prekinuto-zasjedanje-so-ulcinj\/\" \/>\n<meta property=\"og:site_name\" content=\"Lajme nga Ulqini\" \/>\n<meta property=\"article:published_time\" content=\"2008-04-17T06:37:27+00:00\" \/>\n<meta property=\"article:modified_time\" content=\"2008-04-17T06:43:47+00:00\" \/>\n<meta property=\"og:image\" content=\"http:\/\/www.visit-ulcinj.com\/blog\/wp-content\/uploads\/2008\/03\/komuna-ulqinit.thumbnail.jpg\" \/>\n<meta name=\"twitter:label1\" content=\"Written by\" \/>\n\t<meta name=\"twitter:data1\" content=\"ulqini\" \/>\n\t<meta name=\"twitter:label2\" content=\"Est. reading time\" \/>\n\t<meta name=\"twitter:data2\" content=\"1 minute\" \/>\n<script type=\"application\/ld+json\" class=\"yoast-schema-graph\">{\"@context\":\"https:\/\/schema.org\",\"@graph\":[{\"@type\":\"WebSite\",\"@id\":\"https:\/\/www.visit-ulcinj.com\/blog\/#website\",\"url\":\"https:\/\/www.visit-ulcinj.com\/blog\/\",\"name\":\"Lajme nga Ulqini\",\"description\":\"Lajme,Vijesti,Ulqini,Ulqin,Crna Gora,Mali i Zi\",\"potentialAction\":[{\"@type\":\"SearchAction\",\"target\":{\"@type\":\"EntryPoint\",\"urlTemplate\":\"https:\/\/www.visit-ulcinj.com\/blog\/?s={search_term_string}\"},\"query-input\":\"required name=search_term_string\"}],\"inLanguage\":\"en-US\"},{\"@type\":\"ImageObject\",\"inLanguage\":\"en-US\",\"@id\":\"https:\/\/www.visit-ulcinj.com\/blog\/2008\/04\/17\/prekinuto-zasjedanje-so-ulcinj\/#primaryimage\",\"url\":\"http:\/\/www.visit-ulcinj.com\/blog\/wp-content\/uploads\/2008\/03\/komuna-ulqinit.thumbnail.jpg\",\"contentUrl\":\"http:\/\/www.visit-ulcinj.com\/blog\/wp-content\/uploads\/2008\/03\/komuna-ulqinit.thumbnail.jpg\"},{\"@type\":\"WebPage\",\"@id\":\"https:\/\/www.visit-ulcinj.com\/blog\/2008\/04\/17\/prekinuto-zasjedanje-so-ulcinj\/#webpage\",\"url\":\"https:\/\/www.visit-ulcinj.com\/blog\/2008\/04\/17\/prekinuto-zasjedanje-so-ulcinj\/\",\"name\":\"Prekinuto zasjedanje SO Ulcinj - Lajme nga Ulqini\",\"isPartOf\":{\"@id\":\"https:\/\/www.visit-ulcinj.com\/blog\/#website\"},\"primaryImageOfPage\":{\"@id\":\"https:\/\/www.visit-ulcinj.com\/blog\/2008\/04\/17\/prekinuto-zasjedanje-so-ulcinj\/#primaryimage\"},\"datePublished\":\"2008-04-17T06:37:27+00:00\",\"dateModified\":\"2008-04-17T06:43:47+00:00\",\"author\":{\"@id\":\"https:\/\/www.visit-ulcinj.com\/blog\/#\/schema\/person\/dcab619c614d3038751c63bc2aadc06d\"},\"breadcrumb\":{\"@id\":\"https:\/\/www.visit-ulcinj.com\/blog\/2008\/04\/17\/prekinuto-zasjedanje-so-ulcinj\/#breadcrumb\"},\"inLanguage\":\"en-US\",\"potentialAction\":[{\"@type\":\"ReadAction\",\"target\":[\"https:\/\/www.visit-ulcinj.com\/blog\/2008\/04\/17\/prekinuto-zasjedanje-so-ulcinj\/\"]}]},{\"@type\":\"BreadcrumbList\",\"@id\":\"https:\/\/www.visit-ulcinj.com\/blog\/2008\/04\/17\/prekinuto-zasjedanje-so-ulcinj\/#breadcrumb\",\"itemListElement\":[{\"@type\":\"ListItem\",\"position\":1,\"name\":\"Prekinuto zasjedanje SO Ulcinj\"}]},{\"@type\":\"Person\",\"@id\":\"https:\/\/www.visit-ulcinj.com\/blog\/#\/schema\/person\/dcab619c614d3038751c63bc2aadc06d\",\"name\":\"ulqini\",\"sameAs\":[\"http:\/\/www.visit-ulcinj.com\"],\"url\":\"https:\/\/www.visit-ulcinj.com\/blog\/author\/admin\/\"}]}<\/script>\n<!-- \/ Yoast SEO plugin. -->","yoast_head_json":{"title":"Prekinuto zasjedanje SO Ulcinj - Lajme nga Ulqini","robots":{"index":"index","follow":"follow","max-snippet":"max-snippet:-1","max-image-preview":"max-image-preview:large","max-video-preview":"max-video-preview:-1"},"canonical":"https:\/\/www.visit-ulcinj.com\/blog\/2008\/04\/17\/prekinuto-zasjedanje-so-ulcinj\/","og_locale":"en_US","og_type":"article","og_title":"Prekinuto zasjedanje SO Ulcinj - Lajme nga Ulqini","og_url":"https:\/\/www.visit-ulcinj.com\/blog\/2008\/04\/17\/prekinuto-zasjedanje-so-ulcinj\/","og_site_name":"Lajme nga Ulqini","article_published_time":"2008-04-17T06:37:27+00:00","article_modified_time":"2008-04-17T06:43:47+00:00","og_image":[{"url":"http:\/\/www.visit-ulcinj.com\/blog\/wp-content\/uploads\/2008\/03\/komuna-ulqinit.thumbnail.jpg"}],"twitter_misc":{"Written by":"ulqini","Est. reading time":"1 minute"},"schema":{"@context":"https:\/\/schema.org","@graph":[{"@type":"WebSite","@id":"https:\/\/www.visit-ulcinj.com\/blog\/#website","url":"https:\/\/www.visit-ulcinj.com\/blog\/","name":"Lajme nga Ulqini","description":"Lajme,Vijesti,Ulqini,Ulqin,Crna Gora,Mali i Zi","potentialAction":[{"@type":"SearchAction","target":{"@type":"EntryPoint","urlTemplate":"https:\/\/www.visit-ulcinj.com\/blog\/?s={search_term_string}"},"query-input":"required name=search_term_string"}],"inLanguage":"en-US"},{"@type":"ImageObject","inLanguage":"en-US","@id":"https:\/\/www.visit-ulcinj.com\/blog\/2008\/04\/17\/prekinuto-zasjedanje-so-ulcinj\/#primaryimage","url":"http:\/\/www.visit-ulcinj.com\/blog\/wp-content\/uploads\/2008\/03\/komuna-ulqinit.thumbnail.jpg","contentUrl":"http:\/\/www.visit-ulcinj.com\/blog\/wp-content\/uploads\/2008\/03\/komuna-ulqinit.thumbnail.jpg"},{"@type":"WebPage","@id":"https:\/\/www.visit-ulcinj.com\/blog\/2008\/04\/17\/prekinuto-zasjedanje-so-ulcinj\/#webpage","url":"https:\/\/www.visit-ulcinj.com\/blog\/2008\/04\/17\/prekinuto-zasjedanje-so-ulcinj\/","name":"Prekinuto zasjedanje SO Ulcinj - Lajme nga Ulqini","isPartOf":{"@id":"https:\/\/www.visit-ulcinj.com\/blog\/#website"},"primaryImageOfPage":{"@id":"https:\/\/www.visit-ulcinj.com\/blog\/2008\/04\/17\/prekinuto-zasjedanje-so-ulcinj\/#primaryimage"},"datePublished":"2008-04-17T06:37:27+00:00","dateModified":"2008-04-17T06:43:47+00:00","author":{"@id":"https:\/\/www.visit-ulcinj.com\/blog\/#\/schema\/person\/dcab619c614d3038751c63bc2aadc06d"},"breadcrumb":{"@id":"https:\/\/www.visit-ulcinj.com\/blog\/2008\/04\/17\/prekinuto-zasjedanje-so-ulcinj\/#breadcrumb"},"inLanguage":"en-US","potentialAction":[{"@type":"ReadAction","target":["https:\/\/www.visit-ulcinj.com\/blog\/2008\/04\/17\/prekinuto-zasjedanje-so-ulcinj\/"]}]},{"@type":"BreadcrumbList","@id":"https:\/\/www.visit-ulcinj.com\/blog\/2008\/04\/17\/prekinuto-zasjedanje-so-ulcinj\/#breadcrumb","itemListElement":[{"@type":"ListItem","position":1,"name":"Prekinuto zasjedanje SO Ulcinj"}]},{"@type":"Person","@id":"https:\/\/www.visit-ulcinj.com\/blog\/#\/schema\/person\/dcab619c614d3038751c63bc2aadc06d","name":"ulqini","sameAs":["http:\/\/www.visit-ulcinj.com"],"url":"https:\/\/www.visit-ulcinj.com\/blog\/author\/admin\/"}]}},"jetpack_featured_media_url":"","jetpack_sharing_enabled":true,"jetpack_shortlink":"https:\/\/wp.me\/pe6lTn-kw","_links":{"self":[{"href":"https:\/\/www.visit-ulcinj.com\/blog\/wp-json\/wp\/v2\/posts\/1272"}],"collection":[{"href":"https:\/\/www.visit-ulcinj.com\/blog\/wp-json\/wp\/v2\/posts"}],"about":[{"href":"https:\/\/www.visit-ulcinj.com\/blog\/wp-json\/wp\/v2\/types\/post"}],"author":[{"embeddable":true,"href":"https:\/\/www.visit-ulcinj.com\/blog\/wp-json\/wp\/v2\/users\/1"}],"replies":[{"embeddable":true,"href":"https:\/\/www.visit-ulcinj.com\/blog\/wp-json\/wp\/v2\/comments?post=1272"}],"version-history":[{"count":0,"href":"https:\/\/www.visit-ulcinj.com\/blog\/wp-json\/wp\/v2\/posts\/1272\/revisions"}],"wp:attachment":[{"href":"https:\/\/www.visit-ulcinj.com\/blog\/wp-json\/wp\/v2\/media?parent=1272"}],"wp:term":[{"taxonomy":"category","embeddable":true,"href":"https:\/\/www.visit-ulcinj.com\/blog\/wp-json\/wp\/v2\/categories?post=1272"},{"taxonomy":"post_tag","embeddable":true,"href":"https:\/\/www.visit-ulcinj.com\/blog\/wp-json\/wp\/v2\/tags?post=1272"}],"curies":[{"name":"wp","href":"https:\/\/api.w.org\/{rel}","templated":true}]}}