{"id":12724,"date":"2009-03-01T22:32:35","date_gmt":"2009-03-01T21:32:35","guid":{"rendered":"http:\/\/www.visit-ulcinj.com\/blog\/?p=12724"},"modified":"2009-03-01T22:32:35","modified_gmt":"2009-03-01T21:32:35","slug":"clinton-rikonfirmon-mbeshtetjen-ndaj-kosoves","status":"publish","type":"post","link":"https:\/\/www.visit-ulcinj.com\/blog\/2009\/03\/01\/clinton-rikonfirmon-mbeshtetjen-ndaj-kosoves\/","title":{"rendered":"Clinton rikonfirmon mb\u00ebshtetjen ndaj Kosov\u00ebs"},"content":{"rendered":"<p><a href=\"http:\/\/www.visit-ulcinj.com\/blog\/wp-content\/uploads\/2009\/03\/hillary-clinton_fatmir-sejdiu_hashim-thaci.jpg\"><img loading=\"lazy\" class=\"alignleft size-full wp-image-12725\" title=\"hillary-clinton_fatmir-sejdiu_hashim-thaci\" src=\"http:\/\/www.visit-ulcinj.com\/blog\/wp-content\/uploads\/2009\/03\/hillary-clinton_fatmir-sejdiu_hashim-thaci.jpg\" alt=\"hillary-clinton_fatmir-sejdiu_hashim-thaci\" width=\"570\" height=\"400\" \/><\/a>Sekretarja amerikane e Shtetit, Hillary Clinton gjat\u00eb konferenc\u00ebs p\u00ebr shtyp t\u00eb mbajtur para pak \u00e7astesh me presidentin kosovar Fatmir Sejdiu dhe kryeministrin Hashim Tha\u00e7i, ka rikonfirmuar mb\u00ebshtetjen e SHBA-ve p\u00ebr Kosov\u00ebn.<\/p>\n<p>\u201cNe mb\u00ebshtesim shtetin e ri t\u00eb Kosov\u00ebs. Kosova ka arritur progres gjat\u00eb nj\u00eb viti pavar\u00ebsi dhe \u00ebsht\u00eb shnd\u00ebrruar n\u00eb nj\u00eb faktor stabiliteti. P\u00ebrg\u00ebzoj presidentin dhe kryeministrin p\u00ebr k\u00ebt\u00eb vit qeverisjeje, t\u00eb cil\u00ebt i inkurajoj p\u00ebr p\u00ebrballimin e sfidave q\u00eb kan\u00eb p\u00ebrpara\u201d, ka pohuar Clinton.<\/p>\n<p>Nd\u00ebrsa presidenti Sejdiu i ka shprehur sekretares Clinton mir\u00ebnjohjen e Kosov\u00ebs p\u00ebr mb\u00ebshtetjen e vazhdueshme dhe ka dh\u00ebn\u00eb garancin\u00eb se qeveria kosovare po nd\u00ebrton nj\u00eb shtet multietnik.<\/p>\n<p>\u201cShprehim mir\u00ebnjohjen p\u00ebr mb\u00ebshtetjen e vazhdueshme q\u00eb SHBA i kan\u00eb dh\u00ebn\u00eb Kosov\u00ebs. Pa k\u00ebt\u00eb ndihm\u00eb Kosova nuk do t\u00eb kishte arritur n\u00eb k\u00ebt\u00eb pik\u00eb ku \u00ebsht\u00eb sot. Zoti bekoft\u00eb Amerik\u00ebn dhe popullin e saj. Gjate nj\u00eb viti pavar\u00ebsi, Kosova ka dh\u00ebn\u00eb prova se \u00ebsht\u00eb faktor stabiliteti dhe se \u00ebsht\u00eb e gatshme p\u00ebr nj\u00eb fqinj\u00ebsi t\u00eb mir\u00eb me t\u00eb gjitha vendet\u201d, ka deklaruar Sejdiu.<\/p>\n<p>Edhe kryeministri Tha\u00e7i, p\u00ebrve\u00e7se ka fal\u00ebnderuar SHBA-t\u00eb p\u00ebr ndihm\u00ebn e dh\u00ebn\u00eb, ka rikonfirmuar prirjet e qeveris\u00eb s\u00eb tij p\u00ebr krijimin e nj\u00eb shteti demokratik dhe multietnik.<\/p>\n<p>\u201cMb\u00ebshtetja e SHBA-ve ka qen\u00eb e jasht\u00ebzakonshme. Marr\u00ebdheniet me Amerik\u00ebn do t\u00eb mbeten t\u00eb shk\u00eblqyera dhe Kosova dhe populli i saj i p\u00ebrulen Amerik\u00ebs. Jemi shum\u00eb krenar\u00eb p\u00ebr pun\u00ebn e b\u00ebr\u00eb n\u00eb nj\u00eb vit pavar\u00ebsi. 1 vjetori i pavar\u00ebsis\u00eb u shoq\u00ebrua me progrese. Kemi pasur 55 njohje dhe besoj se do t\u00eb kemi njohje t\u00eb reja. Gjithashtu, kemi instaluar nj\u00eb qeverisje t\u00eb mire dhe multietnike\u201d, ka theksuar Tha\u00e7i, i cili ka vler\u00ebsuar se pavar\u00ebsia ka sjell\u00eb m\u00eb shum\u00eb paqe e stabilitet n\u00eb rajonin e Ballkanit.<\/p>\n<p>Pritet q\u00eb m\u00eb von\u00eb, Sejdiu dhe Tha\u00e7i t\u00eb takohen edhe me n\u00ebnpresidentin amerikan, Joseff Biden.<\/p>\n<p><strong>Top Channel<\/strong><\/p>\n<p><!--YouTube Error: bad URL entered--><strong><br \/>\n<\/strong><\/p>\n","protected":false},"excerpt":{"rendered":"<p>Sekretarja amerikane e Shtetit, Hillary Clinton gjat\u00eb konferenc\u00ebs p\u00ebr shtyp t\u00eb mbajtur para pak \u00e7astesh me presidentin kosovar Fatmir Sejdiu dhe kryeministrin Hashim Tha\u00e7i, ka rikonfirmuar mb\u00ebshtetjen e SHBA-ve p\u00ebr Kosov\u00ebn. \u201cNe mb\u00ebshtesim shtetin e ri t\u00eb Kosov\u00ebs. Kosova ka arritur progres gjat\u00eb nj\u00eb viti pavar\u00ebsi dhe \u00ebsht\u00eb shnd\u00ebrruar n\u00eb nj\u00eb faktor stabiliteti. P\u00ebrg\u00ebzoj presidentin [&hellip;]<\/p>\n","protected":false},"author":1,"featured_media":0,"comment_status":"open","ping_status":"closed","sticky":false,"template":"","format":"standard","meta":{"spay_email":"","jetpack_publicize_message":"","jetpack_is_tweetstorm":false,"jetpack_publicize_feature_enabled":true},"categories":[7],"tags":[5021,7410,7409,7408,7407],"jetpack_publicize_connections":[],"yoast_head":"<!-- This site is optimized with the Yoast SEO plugin v19.1 - https:\/\/yoast.com\/wordpress\/plugins\/seo\/ -->\n<title>Clinton rikonfirmon mb\u00ebshtetjen ndaj Kosov\u00ebs - Lajme nga Ulqini<\/title>\n<meta name=\"description\" content=\"Sekretarja amerikane e Shtetit, Hillary Clinton gjat\u00eb konferenc\u00ebs p\u00ebr shtyp t\u00eb mbajtur para pak \u00e7astesh me presidentin kosovar Fatmir Sejdiu dhe\" \/>\n<meta name=\"robots\" content=\"index, follow, max-snippet:-1, max-image-preview:large, max-video-preview:-1\" \/>\n<link rel=\"canonical\" href=\"https:\/\/www.visit-ulcinj.com\/blog\/2009\/03\/01\/clinton-rikonfirmon-mbeshtetjen-ndaj-kosoves\/\" \/>\n<meta property=\"og:locale\" content=\"en_US\" \/>\n<meta property=\"og:type\" content=\"article\" \/>\n<meta property=\"og:title\" content=\"Clinton rikonfirmon mb\u00ebshtetjen ndaj Kosov\u00ebs - Lajme nga Ulqini\" \/>\n<meta property=\"og:description\" content=\"Sekretarja amerikane e Shtetit, Hillary Clinton gjat\u00eb konferenc\u00ebs p\u00ebr shtyp t\u00eb mbajtur para pak \u00e7astesh me presidentin kosovar Fatmir Sejdiu dhe\" \/>\n<meta property=\"og:url\" content=\"https:\/\/www.visit-ulcinj.com\/blog\/2009\/03\/01\/clinton-rikonfirmon-mbeshtetjen-ndaj-kosoves\/\" \/>\n<meta property=\"og:site_name\" content=\"Lajme nga Ulqini\" \/>\n<meta property=\"article:published_time\" content=\"2009-03-01T21:32:35+00:00\" \/>\n<meta property=\"og:image\" content=\"http:\/\/www.visit-ulcinj.com\/blog\/wp-content\/uploads\/2009\/03\/hillary-clinton_fatmir-sejdiu_hashim-thaci.jpg\" \/>\n<meta name=\"twitter:label1\" content=\"Written by\" \/>\n\t<meta name=\"twitter:data1\" content=\"ulqini\" \/>\n\t<meta name=\"twitter:label2\" content=\"Est. reading time\" \/>\n\t<meta name=\"twitter:data2\" content=\"2 minutes\" \/>\n<script type=\"application\/ld+json\" class=\"yoast-schema-graph\">{\"@context\":\"https:\/\/schema.org\",\"@graph\":[{\"@type\":\"WebSite\",\"@id\":\"https:\/\/www.visit-ulcinj.com\/blog\/#website\",\"url\":\"https:\/\/www.visit-ulcinj.com\/blog\/\",\"name\":\"Lajme nga Ulqini\",\"description\":\"Lajme,Vijesti,Ulqini,Ulqin,Crna Gora,Mali i Zi\",\"potentialAction\":[{\"@type\":\"SearchAction\",\"target\":{\"@type\":\"EntryPoint\",\"urlTemplate\":\"https:\/\/www.visit-ulcinj.com\/blog\/?s={search_term_string}\"},\"query-input\":\"required name=search_term_string\"}],\"inLanguage\":\"en-US\"},{\"@type\":\"ImageObject\",\"inLanguage\":\"en-US\",\"@id\":\"https:\/\/www.visit-ulcinj.com\/blog\/2009\/03\/01\/clinton-rikonfirmon-mbeshtetjen-ndaj-kosoves\/#primaryimage\",\"url\":\"http:\/\/www.visit-ulcinj.com\/blog\/wp-content\/uploads\/2009\/03\/hillary-clinton_fatmir-sejdiu_hashim-thaci.jpg\",\"contentUrl\":\"http:\/\/www.visit-ulcinj.com\/blog\/wp-content\/uploads\/2009\/03\/hillary-clinton_fatmir-sejdiu_hashim-thaci.jpg\"},{\"@type\":\"WebPage\",\"@id\":\"https:\/\/www.visit-ulcinj.com\/blog\/2009\/03\/01\/clinton-rikonfirmon-mbeshtetjen-ndaj-kosoves\/#webpage\",\"url\":\"https:\/\/www.visit-ulcinj.com\/blog\/2009\/03\/01\/clinton-rikonfirmon-mbeshtetjen-ndaj-kosoves\/\",\"name\":\"Clinton rikonfirmon mb\u00ebshtetjen ndaj Kosov\u00ebs - Lajme nga Ulqini\",\"isPartOf\":{\"@id\":\"https:\/\/www.visit-ulcinj.com\/blog\/#website\"},\"primaryImageOfPage\":{\"@id\":\"https:\/\/www.visit-ulcinj.com\/blog\/2009\/03\/01\/clinton-rikonfirmon-mbeshtetjen-ndaj-kosoves\/#primaryimage\"},\"datePublished\":\"2009-03-01T21:32:35+00:00\",\"dateModified\":\"2009-03-01T21:32:35+00:00\",\"author\":{\"@id\":\"https:\/\/www.visit-ulcinj.com\/blog\/#\/schema\/person\/dcab619c614d3038751c63bc2aadc06d\"},\"description\":\"Sekretarja amerikane e Shtetit, Hillary Clinton gjat\u00eb konferenc\u00ebs p\u00ebr shtyp t\u00eb mbajtur para pak \u00e7astesh me presidentin kosovar Fatmir Sejdiu dhe\",\"breadcrumb\":{\"@id\":\"https:\/\/www.visit-ulcinj.com\/blog\/2009\/03\/01\/clinton-rikonfirmon-mbeshtetjen-ndaj-kosoves\/#breadcrumb\"},\"inLanguage\":\"en-US\",\"potentialAction\":[{\"@type\":\"ReadAction\",\"target\":[\"https:\/\/www.visit-ulcinj.com\/blog\/2009\/03\/01\/clinton-rikonfirmon-mbeshtetjen-ndaj-kosoves\/\"]}]},{\"@type\":\"BreadcrumbList\",\"@id\":\"https:\/\/www.visit-ulcinj.com\/blog\/2009\/03\/01\/clinton-rikonfirmon-mbeshtetjen-ndaj-kosoves\/#breadcrumb\",\"itemListElement\":[{\"@type\":\"ListItem\",\"position\":1,\"name\":\"Clinton rikonfirmon mb\u00ebshtetjen ndaj Kosov\u00ebs\"}]},{\"@type\":\"Person\",\"@id\":\"https:\/\/www.visit-ulcinj.com\/blog\/#\/schema\/person\/dcab619c614d3038751c63bc2aadc06d\",\"name\":\"ulqini\",\"sameAs\":[\"http:\/\/www.visit-ulcinj.com\"],\"url\":\"https:\/\/www.visit-ulcinj.com\/blog\/author\/admin\/\"}]}<\/script>\n<!-- \/ Yoast SEO plugin. -->","yoast_head_json":{"title":"Clinton rikonfirmon mb\u00ebshtetjen ndaj Kosov\u00ebs - Lajme nga Ulqini","description":"Sekretarja amerikane e Shtetit, Hillary Clinton gjat\u00eb konferenc\u00ebs p\u00ebr shtyp t\u00eb mbajtur para pak \u00e7astesh me presidentin kosovar Fatmir Sejdiu dhe","robots":{"index":"index","follow":"follow","max-snippet":"max-snippet:-1","max-image-preview":"max-image-preview:large","max-video-preview":"max-video-preview:-1"},"canonical":"https:\/\/www.visit-ulcinj.com\/blog\/2009\/03\/01\/clinton-rikonfirmon-mbeshtetjen-ndaj-kosoves\/","og_locale":"en_US","og_type":"article","og_title":"Clinton rikonfirmon mb\u00ebshtetjen ndaj Kosov\u00ebs - Lajme nga Ulqini","og_description":"Sekretarja amerikane e Shtetit, Hillary Clinton gjat\u00eb konferenc\u00ebs p\u00ebr shtyp t\u00eb mbajtur para pak \u00e7astesh me presidentin kosovar Fatmir Sejdiu dhe","og_url":"https:\/\/www.visit-ulcinj.com\/blog\/2009\/03\/01\/clinton-rikonfirmon-mbeshtetjen-ndaj-kosoves\/","og_site_name":"Lajme nga Ulqini","article_published_time":"2009-03-01T21:32:35+00:00","og_image":[{"url":"http:\/\/www.visit-ulcinj.com\/blog\/wp-content\/uploads\/2009\/03\/hillary-clinton_fatmir-sejdiu_hashim-thaci.jpg"}],"twitter_misc":{"Written by":"ulqini","Est. reading time":"2 minutes"},"schema":{"@context":"https:\/\/schema.org","@graph":[{"@type":"WebSite","@id":"https:\/\/www.visit-ulcinj.com\/blog\/#website","url":"https:\/\/www.visit-ulcinj.com\/blog\/","name":"Lajme nga Ulqini","description":"Lajme,Vijesti,Ulqini,Ulqin,Crna Gora,Mali i Zi","potentialAction":[{"@type":"SearchAction","target":{"@type":"EntryPoint","urlTemplate":"https:\/\/www.visit-ulcinj.com\/blog\/?s={search_term_string}"},"query-input":"required name=search_term_string"}],"inLanguage":"en-US"},{"@type":"ImageObject","inLanguage":"en-US","@id":"https:\/\/www.visit-ulcinj.com\/blog\/2009\/03\/01\/clinton-rikonfirmon-mbeshtetjen-ndaj-kosoves\/#primaryimage","url":"http:\/\/www.visit-ulcinj.com\/blog\/wp-content\/uploads\/2009\/03\/hillary-clinton_fatmir-sejdiu_hashim-thaci.jpg","contentUrl":"http:\/\/www.visit-ulcinj.com\/blog\/wp-content\/uploads\/2009\/03\/hillary-clinton_fatmir-sejdiu_hashim-thaci.jpg"},{"@type":"WebPage","@id":"https:\/\/www.visit-ulcinj.com\/blog\/2009\/03\/01\/clinton-rikonfirmon-mbeshtetjen-ndaj-kosoves\/#webpage","url":"https:\/\/www.visit-ulcinj.com\/blog\/2009\/03\/01\/clinton-rikonfirmon-mbeshtetjen-ndaj-kosoves\/","name":"Clinton rikonfirmon mb\u00ebshtetjen ndaj Kosov\u00ebs - Lajme nga Ulqini","isPartOf":{"@id":"https:\/\/www.visit-ulcinj.com\/blog\/#website"},"primaryImageOfPage":{"@id":"https:\/\/www.visit-ulcinj.com\/blog\/2009\/03\/01\/clinton-rikonfirmon-mbeshtetjen-ndaj-kosoves\/#primaryimage"},"datePublished":"2009-03-01T21:32:35+00:00","dateModified":"2009-03-01T21:32:35+00:00","author":{"@id":"https:\/\/www.visit-ulcinj.com\/blog\/#\/schema\/person\/dcab619c614d3038751c63bc2aadc06d"},"description":"Sekretarja amerikane e Shtetit, Hillary Clinton gjat\u00eb konferenc\u00ebs p\u00ebr shtyp t\u00eb mbajtur para pak \u00e7astesh me presidentin kosovar Fatmir Sejdiu dhe","breadcrumb":{"@id":"https:\/\/www.visit-ulcinj.com\/blog\/2009\/03\/01\/clinton-rikonfirmon-mbeshtetjen-ndaj-kosoves\/#breadcrumb"},"inLanguage":"en-US","potentialAction":[{"@type":"ReadAction","target":["https:\/\/www.visit-ulcinj.com\/blog\/2009\/03\/01\/clinton-rikonfirmon-mbeshtetjen-ndaj-kosoves\/"]}]},{"@type":"BreadcrumbList","@id":"https:\/\/www.visit-ulcinj.com\/blog\/2009\/03\/01\/clinton-rikonfirmon-mbeshtetjen-ndaj-kosoves\/#breadcrumb","itemListElement":[{"@type":"ListItem","position":1,"name":"Clinton rikonfirmon mb\u00ebshtetjen ndaj Kosov\u00ebs"}]},{"@type":"Person","@id":"https:\/\/www.visit-ulcinj.com\/blog\/#\/schema\/person\/dcab619c614d3038751c63bc2aadc06d","name":"ulqini","sameAs":["http:\/\/www.visit-ulcinj.com"],"url":"https:\/\/www.visit-ulcinj.com\/blog\/author\/admin\/"}]}},"jetpack_featured_media_url":"","jetpack_sharing_enabled":true,"jetpack_shortlink":"https:\/\/wp.me\/pe6lTn-3je","_links":{"self":[{"href":"https:\/\/www.visit-ulcinj.com\/blog\/wp-json\/wp\/v2\/posts\/12724"}],"collection":[{"href":"https:\/\/www.visit-ulcinj.com\/blog\/wp-json\/wp\/v2\/posts"}],"about":[{"href":"https:\/\/www.visit-ulcinj.com\/blog\/wp-json\/wp\/v2\/types\/post"}],"author":[{"embeddable":true,"href":"https:\/\/www.visit-ulcinj.com\/blog\/wp-json\/wp\/v2\/users\/1"}],"replies":[{"embeddable":true,"href":"https:\/\/www.visit-ulcinj.com\/blog\/wp-json\/wp\/v2\/comments?post=12724"}],"version-history":[{"count":0,"href":"https:\/\/www.visit-ulcinj.com\/blog\/wp-json\/wp\/v2\/posts\/12724\/revisions"}],"wp:attachment":[{"href":"https:\/\/www.visit-ulcinj.com\/blog\/wp-json\/wp\/v2\/media?parent=12724"}],"wp:term":[{"taxonomy":"category","embeddable":true,"href":"https:\/\/www.visit-ulcinj.com\/blog\/wp-json\/wp\/v2\/categories?post=12724"},{"taxonomy":"post_tag","embeddable":true,"href":"https:\/\/www.visit-ulcinj.com\/blog\/wp-json\/wp\/v2\/tags?post=12724"}],"curies":[{"name":"wp","href":"https:\/\/api.w.org\/{rel}","templated":true}]}}