{"id":1273,"date":"2008-04-17T01:54:38","date_gmt":"2008-04-17T06:54:38","guid":{"rendered":"http:\/\/www.visit-ulcinj.com\/blog\/?p=1273"},"modified":"2008-04-17T01:54:38","modified_gmt":"2008-04-17T06:54:38","slug":"manipulim-me-shperblimet-e-ndara-per-nxenes-ne-diten-e-ulqinit","status":"publish","type":"post","link":"https:\/\/www.visit-ulcinj.com\/blog\/2008\/04\/17\/manipulim-me-shperblimet-e-ndara-per-nxenes-ne-diten-e-ulqinit\/","title":{"rendered":"Manipulim me shp\u00ebrblimet e ndara p\u00ebr nx\u00ebn\u00ebs n\u00eb Dit\u00ebn e Ulqinit"},"content":{"rendered":"<p><a href=\"http:\/\/www.visit-ulcinj.com\/blog\/wp-content\/uploads\/2008\/04\/mehmet-tafica.jpg\"><img loading=\"lazy\" class=\"alignleft attachment wp-att-1274\" style=\"float: left;\" src=\"http:\/\/www.visit-ulcinj.com\/blog\/wp-content\/uploads\/2008\/04\/mehmet-tafica.thumbnail.jpg\" alt=\"Mehmet Tafica\" width=\"200\" height=\"183\" \/><\/a>Pasi e uruam Arbnoren, mora &#8220;L\u00ebvdat\u00ebn&#8221; t\u00eb lexoj se cila shkoll\u00eb ishte, pash\u00eb se p\u00ebrve\u00e7 emrit dhe mbiemrit t\u00eb saj aty nuk shkruhej asgj\u00eb tjet\u00ebr (d\u00ebshmi &#8220;L\u00ebvdata&#8221; e fituar p\u00ebr nx\u00ebn\u00ebsen Arbnore Tafica). Mbet\u00ebm t\u00eb habitur, tani nuk dinim se prej cil\u00ebs shkoll\u00eb ishte shpallur nx\u00ebn\u00ebse e gjenerat\u00ebs, ajo e cila kishte t\u00ebrhequr shp\u00ebrblimin.<br \/>\nAshtu t\u00eb habitur nga kjo situat\u00eb, afrohet Kryetari i Komun\u00ebs, G\u00ebzim Hajdinaga, na uron neve dhe Arbnores i thot\u00eb: &#8220;T\u00eb kemi mbetur borxh nj\u00eb L\u00ebvdat\u00eb, por po ta kishim dh\u00ebn\u00eb ty, do t\u00eb hidh\u00ebroheshin t\u00eb tjer\u00ebt&#8221;. Tani u v\u00ebrtetua se di\u00e7ka nuk ishte n\u00eb rregull.<br \/>\nT\u00eb njoftuar se me rastin e Dit\u00ebs s\u00eb Ulqinit m\u00eb 04 prill 2008 n\u00eb ora 18,00 n\u00eb objektin e Sht\u00ebpis\u00eb s\u00eb Kultur\u00ebs, se do t\u00eb b\u00ebhej shpallja dhe ndarja e &#8220;L\u00ebvdatave&#8221; p\u00ebr nx\u00ebn\u00ebsit m\u00eb t\u00eb mir\u00eb t\u00eb gjenerat\u00ebs t\u00eb propozuar nga shkollat fillore, t\u00eb mesmet dhe Shkolla e Ul\u00ebt e Muzik\u00ebs, e organizuar nga Komuna e Ulqinit, ne familjarisht mor\u00ebm pjes\u00eb n\u00eb k\u00ebt\u00eb ceremoni.<br \/>\nArsye m\u00eb shum\u00eb p\u00ebr pjes\u00ebmarrje ishte se vajza jon\u00eb, nx\u00ebn\u00ebsja Arbnore Tafica do t\u00eb shpallej dhe shp\u00ebrblehej si nx\u00ebn\u00ebse e gjenerat\u00ebs nga Shkolla Fillore &#8220;Marshall Tito&#8221; (klasa VIII ) dhe Shkolla e Ul\u00ebt e Muzikes (klasa VI &#8211; viti i fundit).<br \/>\nPasi p\u00ebrsh\u00ebndeti t\u00eb pranishmit, Sekretarja e Sekretariatit p\u00ebr Administrat\u00eb, Dispozita, Kuadro dhe Veprimtari Shoq\u00ebrore, zonjusha Pranvera Smajlaga, ku ishte prezent edhe Kryetari i Komun\u00ebs, G\u00ebzim Hajdinaga filloi t\u00eb ndaj\u00eb &#8220;L\u00ebvdata&#8221;, duke lexuar vet\u00ebm emrin e mbiemrin e nx\u00ebn\u00ebsve e jo edhe shkoll\u00ebn prej nga vinin nx\u00ebn\u00ebsit.<br \/>\nPasi e uruam Arbnoren, mora &#8220;L\u00ebvdat\u00ebn&#8221; t\u00eb lexoj se cila shkoll\u00eb ishte, pash\u00eb se p\u00ebrve\u00e7 emrit dhe mbiemrit t\u00eb saj aty nuk shkruhej asgj\u00eb tjet\u00ebr (d\u00ebshmi &#8220;L\u00ebvdata&#8221; e fituar p\u00ebr nx\u00ebn\u00ebsen Arbnore Tafica). Mbet\u00ebm t\u00eb habitur, tani nuk dinim se prej cil\u00ebs shkoll\u00eb ishte shpallur nx\u00ebn\u00ebse e gjenerat\u00ebs, ajo e cila kishte t\u00ebrhequr shp\u00ebrblimin.<br \/>\nAshtu t\u00eb habitur nga kjo situat\u00eb, afrohet Kryetari i Komun\u00ebs, G\u00ebzim Hajdinaga, na uron neve dhe Arbnores i thot\u00eb: &#8220;T\u00eb kemi mbetur borxh nj\u00eb L\u00ebvdat\u00eb, por po ta kishim dh\u00ebn\u00eb ty, do t\u00eb hidh\u00ebroheshin t\u00eb tjer\u00ebt&#8221;. Tani u v\u00ebrtetua se di\u00e7ka nuk ishte n\u00eb rregull.<a href=\"http:\/\/www.visit-ulcinj.com\/blog\/wp-content\/uploads\/2008\/04\/martin-zadrima.jpg\"><img loading=\"lazy\" class=\"alignright attachment wp-att-1275\" style=\"float: right;\" src=\"http:\/\/www.visit-ulcinj.com\/blog\/wp-content\/uploads\/2008\/04\/martin-zadrima.thumbnail.jpg\" alt=\"Martin Zadrima\" width=\"200\" height=\"141\" \/><\/a><br \/>\nMenj\u00ebher\u00eb, pasi u largua Kryetari i Komunes u afrua drejtori i shkoll\u00ebs &#8220;Marshall Tito&#8221;, Martin Zadrima, e uroi Arbnoren dhe neve, si prind\u00ebr.<br \/>\nTani na lindi dyshimi se shp\u00ebrblimin p\u00ebr nx\u00ebn\u00ebse t\u00eb gjenerat\u00ebs e ka t\u00ebrhequr Shkolla e Ul\u00ebt e Muzik\u00ebs. M\u00ebsuam nga t\u00eb tjer\u00ebt n\u00eb ceremoni se k\u00ebt\u00eb &#8220;l\u00ebvdat\u00eb&#8221; n\u00eb emer t\u00eb k\u00ebsaj shkolle e kishte marr\u00eb nj\u00eb nx\u00ebn\u00ebse tjet\u00ebr e po k\u00ebsaj shkolle (e klas\u00ebs IV), edhe pse dihej se ishte e zgjedhur Arbnore Tafica. K\u00ebt\u00eb e v\u00ebrteton shkresa e Shkoll\u00ebs s\u00eb Ul\u00ebt t\u00eb Muzik\u00ebs nr.31 nga 24.03.2008 d\u00ebrguar Sekretariatit p\u00ebr Administrat\u00eb, Dispozita, Kuadro dhe Veprimtari Shoq\u00ebrore e n\u00ebnshkruar nga drejtori Jusuf Lika, ku ishte e zgjedhur nx\u00ebn\u00ebsja Arbnore Tafica.<br \/>\nPasi v\u00ebrejt\u00ebm se Arbnorja ishte e d\u00ebshp\u00ebruar e ne po ashtu, vendos\u00ebm q\u00eb t\u00eb largohemi menj\u00ebher\u00eb nga kjo ceremoni, por n\u00eb dalje e takuam Jusuf Lik\u00ebn dhe e pyet\u00ebm se si ndodhi q\u00eb Arbnorja nuk mori shp\u00ebrblim, ai u shpreh: &#8220;Betohem se nga shkolla q\u00eb un\u00eb drejtoj nuk ka pasur zgjedhje tjet\u00ebr perve\u00e7 Arbnore Tafic\u00ebs dhe s`di se \u00e7ka \u00ebsht\u00eb b\u00ebr\u00eb&#8221;<br \/>\nMe k\u00ebt\u00eb q\u00eb ndodhi, ne si prind\u00ebr jemi t\u00eb d\u00ebshp\u00ebruar, por d\u00ebshprimi i Arbnores \u00ebsht\u00eb m\u00eb i madh. Ajo para shoq\u00ebris\u00eb s\u00eb vet doli g\u00ebnjeshtare!<br \/>\nMe d\u00ebshir\u00eb q\u00eb vajz\u00ebn ton\u00eb t\u00eb mos e l\u00ebndojm\u00eb m\u00eb shum\u00eb, ne si prind\u00ebr vendos\u00ebm t\u00eb mos b\u00ebjm\u00eb hetime se si ndodhi dhe kush \u00ebsht\u00eb fajtore, vendos\u00ebm t\u00eb b\u00ebjm\u00eb k\u00ebt\u00eb reagim n\u00eb mjete t\u00eb informimit ku n\u00eb t\u00eb ardhmen d\u00ebshirojm\u00eb:<br \/>\n&#8211; Q\u00eb asnj\u00eb nx\u00ebn\u00ebsi apo talenti t\u00eb mos i ndodh\u00eb kjo q\u00eb i ndodhi Arbnores.<br \/>\n&#8211; Q\u00eb shkollave t`u lihet e drejta q\u00eb ata t\u00eb vendosin &#8211; shpallin nx\u00ebn\u00ebsin\/nx\u00ebn\u00ebsen m\u00eb t\u00eb mir\u00eb e jo t\u00eb vendos\u00eb dikush n\u00eb em\u00ebr t\u00eb tyre.<br \/>\n&#8211; Q\u00eb festimi i Dit\u00ebs s\u00eb Ulqinit t\u00eb mos p\u00ebrcillet me k\u00ebso manipulimesh.<\/p>\n<p>Mehmet Tafica<br \/>\nKOHA JAVORE<\/p>\n","protected":false},"excerpt":{"rendered":"<p><img loading=\"lazy\" class=\"alignleft attachment wp-att-1274\" style=\"float: left;\" src=\"http:\/\/www.visit-ulcinj.com\/blog\/wp-content\/uploads\/2008\/04\/mehmet-tafica.thumbnail.jpg\" alt=\"Mehmet Tafica\" width=\"140\" height=\"140\" \/><\/p>\n","protected":false},"author":1,"featured_media":0,"comment_status":"open","ping_status":"closed","sticky":false,"template":"","format":"standard","meta":{"spay_email":"","jetpack_publicize_message":"","jetpack_is_tweetstorm":false,"jetpack_publicize_feature_enabled":true},"categories":[11,12],"tags":[2528,222,2527,2530,2529],"jetpack_publicize_connections":[],"yoast_head":"<!-- This site is optimized with the Yoast SEO plugin v19.1 - https:\/\/yoast.com\/wordpress\/plugins\/seo\/ -->\n<title>Manipulim me shp\u00ebrblimet e ndara p\u00ebr nx\u00ebn\u00ebs n\u00eb Dit\u00ebn e Ulqinit - Lajme nga Ulqini<\/title>\n<meta name=\"robots\" content=\"index, follow, max-snippet:-1, max-image-preview:large, max-video-preview:-1\" \/>\n<link rel=\"canonical\" href=\"https:\/\/www.visit-ulcinj.com\/blog\/2008\/04\/17\/manipulim-me-shperblimet-e-ndara-per-nxenes-ne-diten-e-ulqinit\/\" \/>\n<meta property=\"og:locale\" content=\"en_US\" \/>\n<meta property=\"og:type\" content=\"article\" \/>\n<meta property=\"og:title\" content=\"Manipulim me shp\u00ebrblimet e ndara p\u00ebr nx\u00ebn\u00ebs n\u00eb Dit\u00ebn e Ulqinit - Lajme nga Ulqini\" \/>\n<meta property=\"og:url\" content=\"https:\/\/www.visit-ulcinj.com\/blog\/2008\/04\/17\/manipulim-me-shperblimet-e-ndara-per-nxenes-ne-diten-e-ulqinit\/\" \/>\n<meta property=\"og:site_name\" content=\"Lajme nga Ulqini\" \/>\n<meta property=\"article:published_time\" content=\"2008-04-17T06:54:38+00:00\" \/>\n<meta property=\"og:image\" content=\"http:\/\/www.visit-ulcinj.com\/blog\/wp-content\/uploads\/2008\/04\/mehmet-tafica.thumbnail.jpg\" \/>\n<meta name=\"twitter:label1\" content=\"Written by\" \/>\n\t<meta name=\"twitter:data1\" content=\"ulqini\" \/>\n\t<meta name=\"twitter:label2\" content=\"Est. reading time\" \/>\n\t<meta name=\"twitter:data2\" content=\"4 minutes\" \/>\n<script type=\"application\/ld+json\" class=\"yoast-schema-graph\">{\"@context\":\"https:\/\/schema.org\",\"@graph\":[{\"@type\":\"WebSite\",\"@id\":\"https:\/\/www.visit-ulcinj.com\/blog\/#website\",\"url\":\"https:\/\/www.visit-ulcinj.com\/blog\/\",\"name\":\"Lajme nga Ulqini\",\"description\":\"Lajme,Vijesti,Ulqini,Ulqin,Crna Gora,Mali i Zi\",\"potentialAction\":[{\"@type\":\"SearchAction\",\"target\":{\"@type\":\"EntryPoint\",\"urlTemplate\":\"https:\/\/www.visit-ulcinj.com\/blog\/?s={search_term_string}\"},\"query-input\":\"required name=search_term_string\"}],\"inLanguage\":\"en-US\"},{\"@type\":\"ImageObject\",\"inLanguage\":\"en-US\",\"@id\":\"https:\/\/www.visit-ulcinj.com\/blog\/2008\/04\/17\/manipulim-me-shperblimet-e-ndara-per-nxenes-ne-diten-e-ulqinit\/#primaryimage\",\"url\":\"http:\/\/www.visit-ulcinj.com\/blog\/wp-content\/uploads\/2008\/04\/mehmet-tafica.thumbnail.jpg\",\"contentUrl\":\"http:\/\/www.visit-ulcinj.com\/blog\/wp-content\/uploads\/2008\/04\/mehmet-tafica.thumbnail.jpg\"},{\"@type\":\"WebPage\",\"@id\":\"https:\/\/www.visit-ulcinj.com\/blog\/2008\/04\/17\/manipulim-me-shperblimet-e-ndara-per-nxenes-ne-diten-e-ulqinit\/#webpage\",\"url\":\"https:\/\/www.visit-ulcinj.com\/blog\/2008\/04\/17\/manipulim-me-shperblimet-e-ndara-per-nxenes-ne-diten-e-ulqinit\/\",\"name\":\"Manipulim me shp\u00ebrblimet e ndara p\u00ebr nx\u00ebn\u00ebs n\u00eb Dit\u00ebn e Ulqinit - Lajme nga Ulqini\",\"isPartOf\":{\"@id\":\"https:\/\/www.visit-ulcinj.com\/blog\/#website\"},\"primaryImageOfPage\":{\"@id\":\"https:\/\/www.visit-ulcinj.com\/blog\/2008\/04\/17\/manipulim-me-shperblimet-e-ndara-per-nxenes-ne-diten-e-ulqinit\/#primaryimage\"},\"datePublished\":\"2008-04-17T06:54:38+00:00\",\"dateModified\":\"2008-04-17T06:54:38+00:00\",\"author\":{\"@id\":\"https:\/\/www.visit-ulcinj.com\/blog\/#\/schema\/person\/dcab619c614d3038751c63bc2aadc06d\"},\"breadcrumb\":{\"@id\":\"https:\/\/www.visit-ulcinj.com\/blog\/2008\/04\/17\/manipulim-me-shperblimet-e-ndara-per-nxenes-ne-diten-e-ulqinit\/#breadcrumb\"},\"inLanguage\":\"en-US\",\"potentialAction\":[{\"@type\":\"ReadAction\",\"target\":[\"https:\/\/www.visit-ulcinj.com\/blog\/2008\/04\/17\/manipulim-me-shperblimet-e-ndara-per-nxenes-ne-diten-e-ulqinit\/\"]}]},{\"@type\":\"BreadcrumbList\",\"@id\":\"https:\/\/www.visit-ulcinj.com\/blog\/2008\/04\/17\/manipulim-me-shperblimet-e-ndara-per-nxenes-ne-diten-e-ulqinit\/#breadcrumb\",\"itemListElement\":[{\"@type\":\"ListItem\",\"position\":1,\"name\":\"Manipulim me shp\u00ebrblimet e ndara p\u00ebr nx\u00ebn\u00ebs n\u00eb Dit\u00ebn e Ulqinit\"}]},{\"@type\":\"Person\",\"@id\":\"https:\/\/www.visit-ulcinj.com\/blog\/#\/schema\/person\/dcab619c614d3038751c63bc2aadc06d\",\"name\":\"ulqini\",\"sameAs\":[\"http:\/\/www.visit-ulcinj.com\"],\"url\":\"https:\/\/www.visit-ulcinj.com\/blog\/author\/admin\/\"}]}<\/script>\n<!-- \/ Yoast SEO plugin. -->","yoast_head_json":{"title":"Manipulim me shp\u00ebrblimet e ndara p\u00ebr nx\u00ebn\u00ebs n\u00eb Dit\u00ebn e Ulqinit - Lajme nga Ulqini","robots":{"index":"index","follow":"follow","max-snippet":"max-snippet:-1","max-image-preview":"max-image-preview:large","max-video-preview":"max-video-preview:-1"},"canonical":"https:\/\/www.visit-ulcinj.com\/blog\/2008\/04\/17\/manipulim-me-shperblimet-e-ndara-per-nxenes-ne-diten-e-ulqinit\/","og_locale":"en_US","og_type":"article","og_title":"Manipulim me shp\u00ebrblimet e ndara p\u00ebr nx\u00ebn\u00ebs n\u00eb Dit\u00ebn e Ulqinit - Lajme nga Ulqini","og_url":"https:\/\/www.visit-ulcinj.com\/blog\/2008\/04\/17\/manipulim-me-shperblimet-e-ndara-per-nxenes-ne-diten-e-ulqinit\/","og_site_name":"Lajme nga Ulqini","article_published_time":"2008-04-17T06:54:38+00:00","og_image":[{"url":"http:\/\/www.visit-ulcinj.com\/blog\/wp-content\/uploads\/2008\/04\/mehmet-tafica.thumbnail.jpg"}],"twitter_misc":{"Written by":"ulqini","Est. reading time":"4 minutes"},"schema":{"@context":"https:\/\/schema.org","@graph":[{"@type":"WebSite","@id":"https:\/\/www.visit-ulcinj.com\/blog\/#website","url":"https:\/\/www.visit-ulcinj.com\/blog\/","name":"Lajme nga Ulqini","description":"Lajme,Vijesti,Ulqini,Ulqin,Crna Gora,Mali i Zi","potentialAction":[{"@type":"SearchAction","target":{"@type":"EntryPoint","urlTemplate":"https:\/\/www.visit-ulcinj.com\/blog\/?s={search_term_string}"},"query-input":"required name=search_term_string"}],"inLanguage":"en-US"},{"@type":"ImageObject","inLanguage":"en-US","@id":"https:\/\/www.visit-ulcinj.com\/blog\/2008\/04\/17\/manipulim-me-shperblimet-e-ndara-per-nxenes-ne-diten-e-ulqinit\/#primaryimage","url":"http:\/\/www.visit-ulcinj.com\/blog\/wp-content\/uploads\/2008\/04\/mehmet-tafica.thumbnail.jpg","contentUrl":"http:\/\/www.visit-ulcinj.com\/blog\/wp-content\/uploads\/2008\/04\/mehmet-tafica.thumbnail.jpg"},{"@type":"WebPage","@id":"https:\/\/www.visit-ulcinj.com\/blog\/2008\/04\/17\/manipulim-me-shperblimet-e-ndara-per-nxenes-ne-diten-e-ulqinit\/#webpage","url":"https:\/\/www.visit-ulcinj.com\/blog\/2008\/04\/17\/manipulim-me-shperblimet-e-ndara-per-nxenes-ne-diten-e-ulqinit\/","name":"Manipulim me shp\u00ebrblimet e ndara p\u00ebr nx\u00ebn\u00ebs n\u00eb Dit\u00ebn e Ulqinit - Lajme nga Ulqini","isPartOf":{"@id":"https:\/\/www.visit-ulcinj.com\/blog\/#website"},"primaryImageOfPage":{"@id":"https:\/\/www.visit-ulcinj.com\/blog\/2008\/04\/17\/manipulim-me-shperblimet-e-ndara-per-nxenes-ne-diten-e-ulqinit\/#primaryimage"},"datePublished":"2008-04-17T06:54:38+00:00","dateModified":"2008-04-17T06:54:38+00:00","author":{"@id":"https:\/\/www.visit-ulcinj.com\/blog\/#\/schema\/person\/dcab619c614d3038751c63bc2aadc06d"},"breadcrumb":{"@id":"https:\/\/www.visit-ulcinj.com\/blog\/2008\/04\/17\/manipulim-me-shperblimet-e-ndara-per-nxenes-ne-diten-e-ulqinit\/#breadcrumb"},"inLanguage":"en-US","potentialAction":[{"@type":"ReadAction","target":["https:\/\/www.visit-ulcinj.com\/blog\/2008\/04\/17\/manipulim-me-shperblimet-e-ndara-per-nxenes-ne-diten-e-ulqinit\/"]}]},{"@type":"BreadcrumbList","@id":"https:\/\/www.visit-ulcinj.com\/blog\/2008\/04\/17\/manipulim-me-shperblimet-e-ndara-per-nxenes-ne-diten-e-ulqinit\/#breadcrumb","itemListElement":[{"@type":"ListItem","position":1,"name":"Manipulim me shp\u00ebrblimet e ndara p\u00ebr nx\u00ebn\u00ebs n\u00eb Dit\u00ebn e Ulqinit"}]},{"@type":"Person","@id":"https:\/\/www.visit-ulcinj.com\/blog\/#\/schema\/person\/dcab619c614d3038751c63bc2aadc06d","name":"ulqini","sameAs":["http:\/\/www.visit-ulcinj.com"],"url":"https:\/\/www.visit-ulcinj.com\/blog\/author\/admin\/"}]}},"jetpack_featured_media_url":"","jetpack_sharing_enabled":true,"jetpack_shortlink":"https:\/\/wp.me\/pe6lTn-kx","_links":{"self":[{"href":"https:\/\/www.visit-ulcinj.com\/blog\/wp-json\/wp\/v2\/posts\/1273"}],"collection":[{"href":"https:\/\/www.visit-ulcinj.com\/blog\/wp-json\/wp\/v2\/posts"}],"about":[{"href":"https:\/\/www.visit-ulcinj.com\/blog\/wp-json\/wp\/v2\/types\/post"}],"author":[{"embeddable":true,"href":"https:\/\/www.visit-ulcinj.com\/blog\/wp-json\/wp\/v2\/users\/1"}],"replies":[{"embeddable":true,"href":"https:\/\/www.visit-ulcinj.com\/blog\/wp-json\/wp\/v2\/comments?post=1273"}],"version-history":[{"count":0,"href":"https:\/\/www.visit-ulcinj.com\/blog\/wp-json\/wp\/v2\/posts\/1273\/revisions"}],"wp:attachment":[{"href":"https:\/\/www.visit-ulcinj.com\/blog\/wp-json\/wp\/v2\/media?parent=1273"}],"wp:term":[{"taxonomy":"category","embeddable":true,"href":"https:\/\/www.visit-ulcinj.com\/blog\/wp-json\/wp\/v2\/categories?post=1273"},{"taxonomy":"post_tag","embeddable":true,"href":"https:\/\/www.visit-ulcinj.com\/blog\/wp-json\/wp\/v2\/tags?post=1273"}],"curies":[{"name":"wp","href":"https:\/\/api.w.org\/{rel}","templated":true}]}}