{"id":12733,"date":"2009-03-02T17:42:10","date_gmt":"2009-03-02T16:42:10","guid":{"rendered":"http:\/\/www.visit-ulcinj.com\/blog\/?p=12733"},"modified":"2009-03-02T17:42:10","modified_gmt":"2009-03-02T16:42:10","slug":"inva-mula-le-pirro-cakon-per-biznesmenin-kosovar","status":"publish","type":"post","link":"https:\/\/www.visit-ulcinj.com\/blog\/2009\/03\/02\/inva-mula-le-pirro-cakon-per-biznesmenin-kosovar\/","title":{"rendered":"Inva Mula l\u00eb Pirro \u00c7akon p\u00ebr biznesmenin kosovar"},"content":{"rendered":"<div style=\"padding-left: 6px;\">\n<div style=\"text-align: justify;\">\n<div style=\"text-align: justify;\"><a href=\"http:\/\/www.visit-ulcinj.com\/blog\/wp-content\/uploads\/2009\/03\/inva-mula-le-pirro-cakon-per-biznesmenin-kosovar.jpg\"><img loading=\"lazy\" class=\"alignleft size-full wp-image-12738\" title=\"inva-mula-le-pirro-cakon-per-biznesmenin-kosovar\" src=\"http:\/\/www.visit-ulcinj.com\/blog\/wp-content\/uploads\/2009\/03\/inva-mula-le-pirro-cakon-per-biznesmenin-kosovar.jpg\" alt=\"inva-mula-le-pirro-cakon-per-biznesmenin-kosovar\" width=\"570\" height=\"400\" \/><\/a>Dashuri me shikim t\u00eb par\u00eb apo vler\u00ebsim dhe p\u00eblqim i ruajtur gjat\u00eb n\u00eb ndjenjat e nj\u00eb mashkulli? N\u00eb k\u00ebt\u00eb rast nuk mund t\u00eb ket\u00eb apo, sepse sipas thashethemeve, t\u00eb dyja ekzistojn\u00eb. Sopranoja me fam\u00eb bot\u00ebrore, Inva Mula flitet se \u00ebsht\u00eb n\u00eb nj\u00eb relacion me nj\u00eb nd\u00ebr 10 biznesmen\u00ebt m\u00eb t\u00eb pasur kosovar\u00eb, Hetem Ramadanin.Po sipas fjal\u00ebve, lidhja ka nisur rreth marsit t\u00eb vitit 2008 dhe thuhet se do konkludohet n\u00eb martes\u00eb. \u201cDivorcin\u201d e mundsh\u00ebm me kantautorin e njohur Pirro \u00c7ako e konfirmon dhe mospjes\u00ebmarrja e tij n\u00eb koncertin e Inv\u00ebs, me rastin e 10-vjetorit t\u00eb \u201cSIGAL\u201d, ku ajo ishte e ftuar n\u00eb Tiran\u00eb.<\/div>\n<p>N\u00eb sken\u00eb u duk\u00ebn vet\u00ebm prind\u00ebrit e saj, nd\u00ebrsa bashk\u00ebshorti mungonte. Pas hulumtimeve q\u00eb b\u00ebm\u00eb, ram\u00eb n\u00eb konkluzion q\u00eb \u00e7ifti ka disa muaj pa pasur fare komunikim me nj\u00ebritjetrin, edhe pse kan\u00eb 20 vite martes\u00eb, madje edhe djali q\u00eb tani po mbahet nga Inva, ka mbi 10 dit\u00eb q\u00eb nuk komunikon me t\u00eb atin. Nga ana e Inv\u00ebs nuk \u00ebsht\u00eb b\u00ebr\u00eb ende k\u00ebrkesa ligjore p\u00ebr divorc, megjithat\u00eb ndarja mes tyre \u00ebsht\u00eb e qart\u00eb. Me origjin\u00eb kosovare, por i rritur n\u00eb biznesin e tij n\u00eb Slloveni, Hetem Ramadani ka qen\u00eb prezent dhe n\u00eb edicionin m\u00eb t\u00eb fundit, \u201cDua m\u00eb shum\u00eb Shqip\u00ebrin\u00eb\u201d, si nj\u00eb prej shqiptar\u00ebve m\u00eb t\u00eb famsh\u00ebm n\u00eb bot\u00eb.<\/p>\n<p>\u201cSalbatring International\u201d, quhet kompania e drejtuar nga Ramadani, q\u00eb \u00ebsht\u00eb dhe president i saj, kompani e cila duket se ka qen\u00eb shum\u00eb fitimprur\u00ebse p\u00ebr biznesmenin kosovar. Ajo \u00ebsht\u00eb krijuar m\u00eb 1990, n\u00eb Lubjan\u00eb t\u00eb Sllovenis\u00eb, nd\u00ebrsa emri \u00ebsht\u00eb bashkimi i kombinimeve t\u00eb emrave t\u00eb vajzave t\u00eb tij, Saranda, Albana dhe Tringa. Sipas \u201cgoj\u00ebve t\u00eb liga\u201d, marr\u00ebdh\u00ebnia e Inv\u00ebs dhe Hetemit ka evoluar. Deri tani nuk b\u00ebhet fjal\u00eb ende p\u00ebr divorce mes \u00e7ifteve respektive, por m\u00ebsohet se biznesmeni e sopranoja e njohur kalojn\u00eb shum\u00eb koh\u00eb bashk\u00eb.<\/p>\n<p><span style=\"font-weight: bold;\">KUSH \u00cbSHT\u00cb HETEM RAMADANI<\/span><\/p>\n<p>Hetem Ramadani \u00ebsht\u00eb nj\u00eb biznesmen shqiptar, q\u00eb me vite ka jetuar n\u00eb Slloveni. Atje u vendos p\u00ebr t\u00eb vazhduar biznesin e tij. Viteve pas Dejtonit, ai krijoi marr\u00ebdh\u00ebnie t\u00eb mira me njer\u00ebzit e U\u00c7K-s\u00eb. Ai kishte nj\u00eb lidhje t\u00eb mir\u00eb me Adem Dema\u00e7in dhe sa her\u00eb q\u00eb shkonte n\u00eb Slloveni, ishte nd\u00ebrmjet\u00ebsues i Adem Dema\u00e7it dhe i U\u00c7K-s\u00eb. Dhe, jo vet\u00ebm kaq. Hetemi siguroi lidhje, informata dhe bashk\u00ebpunim me Sllovenin\u00eb n\u00eb t\u00eb gjitha aspektet. Dosja sllovene p\u00ebr oficer\u00ebt shqiptar\u00eb t\u00eb ish- Ushtris\u00eb jugosllave, thuhet se kishte kaluar n\u00ebp\u00ebr duart e tij dhe shp\u00ebrndar\u00eb gjithandej. Asnj\u00ebher\u00eb nuk kishte th\u00ebn\u00eb se, a e ka \u201cbler\u00eb\u201d apo e ka pasur t\u00eb dhuruar, por Hetemi ka qen\u00eb shum\u00eb i af\u00ebrt me t\u00eb gjitha institucionet sllovene.<\/p>\n<p><span style=\"font-weight: bold;\">HETEMI RAMADANI N\u00cb \u201cDUA M\u00cb SHUM\u00cb SHQIP\u00cbRIN\u00cb\u201d<\/span><\/p>\n<p>Hetem Ramadani ka qen\u00eb nj\u00eb prej t\u00eb ftuarve t\u00eb spektaklit t\u00eb Vera Grabock\u00ebs, \u201cDua m\u00eb shum\u00eb Shqip\u00ebrin\u00eb\u201d, si nj\u00eb nga shqiptar\u00ebt m\u00eb t\u00eb suksessh\u00ebm n\u00eb bot\u00eb. Ishte pik\u00ebrisht zoti Ramadani, q\u00eb nga skena e k\u00ebtij spektakli prestigjioz dha lajmin se edhe media shqiptare do t\u00eb ket\u00eb piedestalin e vet. N\u00eb \u00e7do fund viti, Fondacioni \u201cSalbatring\u201d, q\u00eb Hetem Ramadani ka themeluar, do t\u00eb akordoj\u00eb \u201c\u00e7mimet Emi\u201d, p\u00ebr gazetar\u00ebt dhe personazhet m\u00eb t\u00eb shquara t\u00eb vitit n\u00eb televizion dhe median e shkruar. Vler\u00ebsimi p\u00ebr secilin nga fituesit \u00ebsht\u00eb mjaft i konsideruesh\u00ebm, ai kap vler\u00ebn e 10.000 euro p\u00ebr \u00e7do \u00e7mim!<\/p>\n<p>Ky lajm, dh\u00ebn\u00eb prej biznesmenit Ramadani, sh\u00ebnon t\u00eb par\u00ebn p\u00ebrpjekje serioze n\u00eb vler\u00ebsimin e krijimtaris\u00eb n\u00eb nj\u00eb fush\u00eb me mjaft influenc\u00eb n\u00eb shoq\u00ebrin\u00eb shqiptare. Hetem Ramadani u b\u00eb i famsh\u00ebm n\u00eb Shqip\u00ebri, n\u00eb saj\u00eb t\u00eb kontributeve t\u00eb tij t\u00eb paprecedenta filantropike. Muaj m\u00eb par\u00eb, biznesmeni Hetem Ramadani kontribuoi me 100.000 euro p\u00ebr t\u00eb d\u00ebmtuarit e tragjedis\u00eb s\u00eb G\u00ebrdecit dhe vazhdoi m\u00eb pas me 150.000 euro p\u00ebr 15 artist\u00ebt m\u00eb t\u00eb shquar n\u00eb vite. Ai preferoi t\u2019i quaj\u00eb k\u00ebto shuma \u201cvet\u00ebm nj\u00eb skonto t\u00eb vog\u00ebl nga kontoja emocionale q\u00eb k\u00ebta artist\u00eb depozituan n\u00eb vite n\u00eb zemr\u00ebn e tij\u201d. P\u00ebr dimensionin e tij t\u00eb jasht\u00ebzakonsh\u00ebm human dhe arritjet e pakrahasueshme n\u00eb fush\u00ebn e biznesit, Hetem Ramadani u dekorua nga Presidenti i Republik\u00ebs me Medaljen \u2018Ambasador i Kombit\u2019.<\/p>\n<p><span style=\"font-weight: bold;\">NJ\u00cb ND\u00cbR 10 MILIONER\u00cbT KOSOVAR\u00cb<\/span><\/p>\n<p>Nga 35 mij\u00eb biznese private aktive n\u00eb Kosov\u00eb, dhjet\u00eb p\u00ebr qind e tyre vler\u00ebsohet t\u00eb ken\u00eb pasuri prej disa milionave eurosh. Njer\u00ebzit m\u00eb t\u00eb pasur t\u00eb k\u00ebtij vendi, sipas biznesmen\u00ebve kosovar\u00eb, \u00ebsht\u00eb shum\u00eb v\u00ebshtir\u00eb t\u00eb identifikohen. P\u00ebr ta m\u00eb shum\u00eb flitet, se sa ka t\u00eb dh\u00ebna konkrete. N\u00eb nj\u00eb prej gazetave prestigjioze n\u00eb Kosov\u00eb jan\u00eb nxjerr\u00eb disa t\u00eb dh\u00ebna bazuar n\u00eb bisedat q\u00eb jan\u00eb zhvilluar n\u00eb m\u00ebnyra individuale me k\u00ebt\u00eb kast\u00eb shoq\u00ebrore. Vet\u00eb biznesmen\u00ebt kan\u00eb folur p\u00ebr nj\u00ebri-tjetrin, duke provuar n\u00eb m\u00ebnyr\u00eb t\u00eb lir\u00eb t\u00eb shpallin m\u00eb t\u00eb pasurin e Kosov\u00ebs. Dhe, ja tek vjen renditja\u2026<\/p><\/div>\n<div style=\"text-align: center; font-style: italic;\">1. Behxhet Pacolli \u2013 \u201cMabetex\u201d<br \/>\n2. Ekrem Lluka \u2013 \u201cDukagjini\u201d<br \/>\n3. Ramiz Kelmendi \u2013 \u201cElkos\u201d<br \/>\n4. V\u00ebllez\u00ebrit Devolli \u2013 \u201cDevolli\u201d<br \/>\n5. Remzi Ejupi \u2013 \u201cEurokoha\u201d<br \/>\n6. V\u00ebllez\u00ebrit Kuqi \u2013 \u201cBenaf\u201d<br \/>\n7. Hetem Ramadani \u2013 \u201cSalbatring\u201d<br \/>\n8. Nebih Zariqi- \u201cStandard\u201d<br \/>\n9. V\u00ebllez\u00ebrit Besimi \u2013 \u201cGetoari\u201d<br \/>\n10. Ibrahim Bucaliu \u2013 \u201cHib Petrol\u201d<\/div>\n<div style=\"text-align: justify;\"><span style=\"font-weight: bold;\">SI KA QEN\u00cb LIDHJA E INV\u00cbS ME PIRRON<\/span><\/p>\n<p>Ata gjithmon\u00eb kan\u00eb qen\u00eb n\u00eb qend\u00ebr t\u00eb v\u00ebmendjes. Edhe at\u00ebher\u00eb kur shoq\u00ebroheshin bashk\u00eb n\u00eb Liceun Artistik, e ku njer\u00ebzit sa her\u00eb i shikonin bashk\u00eb t\u00eb birin e Gaqos me vajz\u00ebn e Nin\u00ebs, \u00e7u\u00e7urisnin me nj\u00ebri-tjetrin. Por, edhe tani, pas shum\u00eb vitesh martes\u00eb me nj\u00ebri-tjetrin, ata kan\u00eb qen\u00eb gjithmon\u00eb n\u00eb fokusin e medias. Artist\u00ebt e njohur jan\u00eb gjithmon\u00eb n\u00eb qend\u00ebr t\u00eb v\u00ebmendjes p\u00ebr shkak t\u00eb suksesit t\u00eb tyre. Inva, me fam\u00ebn bot\u00ebrore, dhe Pirro, me k\u00ebng\u00ebt e bukura q\u00eb po i sjell nj\u00ebra pas tjetr\u00ebs n\u00eb tregun e muzik\u00ebs shqiptare.<\/p>\n<p>T\u00eb dy n\u00eb at\u00eb koh\u00eb adoleshent\u00eb dhe nx\u00ebn\u00ebs t\u00eb shk\u00eblqyer t\u00eb Liceut, linin or\u00ebt n\u00eb shkoll\u00eb q\u00eb t\u00eb takoheshin bashk\u00eb. Inva dhe Pirro u njoh\u00ebn m\u00eb shum\u00eb se 25 vite me par\u00eb, dhe jan\u00eb nj\u00eb nga \u00e7iftet e matur\u00ebs \u201982, q\u00eb ka rezistuar m\u00eb shum\u00eb. Q\u00eb nga viti 1990 Inva jeton n\u00eb Paris, p\u00ebr ku dhe nga niset p\u00ebr koncertet e saj t\u00eb shumta kudo n\u00eb bot\u00eb. U b\u00eb e famshme me pjes\u00ebmarrjen te muzika e filmit \u201cElementi i pest\u00eb\u201d, i regjisorit Luc Beson me aktor\u00ebt Bruse Willis dhe Milla Milovi\u00e7. Ajo ka marr\u00eb pjes\u00eb n\u00eb koncerte dhe me tenorin e famsh\u00ebm Placido Domingo.<\/p>\n<p><span style=\"font-weight: bold;\">CILI \u00cbSHT\u00cb ANTHONY&#8230;<\/span><\/p>\n<p>E ka b\u00ebr\u00eb shpesh rrug\u00ebn e gjat\u00eb Franc\u00eb-Shqip\u00ebri. Ai \u00ebsht\u00eb rritur tashm\u00eb, \u00ebsht\u00eb 14 vje\u00e7. Ka prirje t\u00eb k\u00ebndoj\u00eb, madje shum\u00eb pran\u00eb interpretit. Nj\u00eb nd\u00ebr idet\u00eb e t\u00eb atit \u00ebsht\u00eb q\u00eb t\u00eb b\u00ebhet ndoshta k\u00ebng\u00ebtar lirik, po pse jo dhe aktor. E ka t\u00eb trash\u00ebguar gjenin e k\u00ebng\u00ebtarit dhe rrezaton di\u00e7ka t\u00eb ve\u00e7ant\u00eb.<\/p>\n<p>M\u00eb her\u00ebt Pirro p\u00ebr t\u00eb birin do t\u00eb shprehej: \u201cDo jem i pari q\u00eb do t\u00eb eksperimentoj talentin e tij n\u00eb kompeticione si, \u2018Top Fest\u2019, etj. Mendoj, \u00ebsht\u00eb nj\u00eb test shum\u00eb i mir\u00eb p\u00ebr t\u00eb, pasi ai zot\u00ebron instrumentin e pianos, q\u00eb \u00ebsht\u00eb nj\u00eb instrument q\u00eb t\u00eb lejon t\u00eb b\u00ebsh shum\u00eb gj\u00ebra n\u00eb muzik\u00eb\u201d. Anthony \u00ebsht\u00eb shum\u00eb i lidhur me t\u00eb \u00ebm\u00ebn dhe tashm\u00eb jeton me t\u00eb, nd\u00ebrkoh\u00eb q\u00eb s\u00eb fundmi kontaktet me t\u00eb atin jan\u00eb pak\u00ebsuar gjithmon\u00eb e m\u00eb shum\u00eb.<\/p>\n<p><span style=\"font-weight: bold;\">Bluetooth<\/span><\/div>\n<div style=\"text-align: justify;\"><span style=\"font-weight: bold;\"><\/p>\n<p><\/span><\/div>\n<div style=\"text-align: justify;\"><\/div>\n<div style=\"text-align: justify;\"><span style=\"font-weight: bold;\"><strong><!--YouTube Error: bad URL entered--><\/strong><br \/>\n<\/span><\/div>\n<\/div>\n","protected":false},"excerpt":{"rendered":"<p>Dashuri me shikim t\u00eb par\u00eb apo vler\u00ebsim dhe p\u00eblqim i ruajtur gjat\u00eb n\u00eb ndjenjat e nj\u00eb mashkulli? N\u00eb k\u00ebt\u00eb rast nuk mund t\u00eb ket\u00eb apo, sepse sipas thashethemeve, t\u00eb dyja ekzistojn\u00eb. Sopranoja me fam\u00eb bot\u00ebrore, Inva Mula flitet se \u00ebsht\u00eb n\u00eb nj\u00eb relacion me nj\u00eb nd\u00ebr 10 biznesmen\u00ebt m\u00eb t\u00eb pasur kosovar\u00eb, Hetem Ramadanin.Po sipas [&hellip;]<\/p>\n","protected":false},"author":1,"featured_media":0,"comment_status":"open","ping_status":"closed","sticky":false,"template":"","format":"standard","meta":{"spay_email":"","jetpack_publicize_message":"","jetpack_is_tweetstorm":false,"jetpack_publicize_feature_enabled":true},"categories":[1],"tags":[7414,7418,7415,7417,7419,7416],"jetpack_publicize_connections":[],"yoast_head":"<!-- This site is optimized with the Yoast SEO plugin v19.1 - https:\/\/yoast.com\/wordpress\/plugins\/seo\/ -->\n<title>Inva Mula l\u00eb Pirro \u00c7akon p\u00ebr biznesmenin kosovar - Lajme nga Ulqini<\/title>\n<meta name=\"description\" content=\"Dashuri me shikim t\u00eb par\u00eb apo vler\u00ebsim dhe p\u00eblqim i ruajtur gjat\u00eb n\u00eb ndjenjat e nj\u00eb mashkulli? N\u00eb k\u00ebt\u00eb rast nuk mund t\u00eb ket\u00eb apo, sepse sipas\" \/>\n<meta name=\"robots\" content=\"index, follow, max-snippet:-1, max-image-preview:large, max-video-preview:-1\" \/>\n<link rel=\"canonical\" href=\"https:\/\/www.visit-ulcinj.com\/blog\/2009\/03\/02\/inva-mula-le-pirro-cakon-per-biznesmenin-kosovar\/\" \/>\n<meta property=\"og:locale\" content=\"en_US\" \/>\n<meta property=\"og:type\" content=\"article\" \/>\n<meta property=\"og:title\" content=\"Inva Mula l\u00eb Pirro \u00c7akon p\u00ebr biznesmenin kosovar - Lajme nga Ulqini\" \/>\n<meta property=\"og:description\" content=\"Dashuri me shikim t\u00eb par\u00eb apo vler\u00ebsim dhe p\u00eblqim i ruajtur gjat\u00eb n\u00eb ndjenjat e nj\u00eb mashkulli? N\u00eb k\u00ebt\u00eb rast nuk mund t\u00eb ket\u00eb apo, sepse sipas\" \/>\n<meta property=\"og:url\" content=\"https:\/\/www.visit-ulcinj.com\/blog\/2009\/03\/02\/inva-mula-le-pirro-cakon-per-biznesmenin-kosovar\/\" \/>\n<meta property=\"og:site_name\" content=\"Lajme nga Ulqini\" \/>\n<meta property=\"article:published_time\" content=\"2009-03-02T16:42:10+00:00\" \/>\n<meta property=\"og:image\" content=\"https:\/\/www.visit-ulcinj.com\/blog\/wp-content\/uploads\/2009\/03\/inva-mula-le-pirro-cakon-per-biznesmenin-kosovar-150x150.jpg\" \/>\n<meta name=\"twitter:label1\" content=\"Written by\" \/>\n\t<meta name=\"twitter:data1\" content=\"ulqini\" \/>\n\t<meta name=\"twitter:label2\" content=\"Est. reading time\" \/>\n\t<meta name=\"twitter:data2\" content=\"6 minutes\" \/>\n<script type=\"application\/ld+json\" class=\"yoast-schema-graph\">{\"@context\":\"https:\/\/schema.org\",\"@graph\":[{\"@type\":\"WebSite\",\"@id\":\"https:\/\/www.visit-ulcinj.com\/blog\/#website\",\"url\":\"https:\/\/www.visit-ulcinj.com\/blog\/\",\"name\":\"Lajme nga Ulqini\",\"description\":\"Lajme,Vijesti,Ulqini,Ulqin,Crna Gora,Mali i Zi\",\"potentialAction\":[{\"@type\":\"SearchAction\",\"target\":{\"@type\":\"EntryPoint\",\"urlTemplate\":\"https:\/\/www.visit-ulcinj.com\/blog\/?s={search_term_string}\"},\"query-input\":\"required name=search_term_string\"}],\"inLanguage\":\"en-US\"},{\"@type\":\"ImageObject\",\"inLanguage\":\"en-US\",\"@id\":\"https:\/\/www.visit-ulcinj.com\/blog\/2009\/03\/02\/inva-mula-le-pirro-cakon-per-biznesmenin-kosovar\/#primaryimage\",\"url\":\"http:\/\/www.visit-ulcinj.com\/blog\/wp-content\/uploads\/2009\/03\/inva-mula-le-pirro-cakon-per-biznesmenin-kosovar.jpg\",\"contentUrl\":\"http:\/\/www.visit-ulcinj.com\/blog\/wp-content\/uploads\/2009\/03\/inva-mula-le-pirro-cakon-per-biznesmenin-kosovar.jpg\"},{\"@type\":\"WebPage\",\"@id\":\"https:\/\/www.visit-ulcinj.com\/blog\/2009\/03\/02\/inva-mula-le-pirro-cakon-per-biznesmenin-kosovar\/#webpage\",\"url\":\"https:\/\/www.visit-ulcinj.com\/blog\/2009\/03\/02\/inva-mula-le-pirro-cakon-per-biznesmenin-kosovar\/\",\"name\":\"Inva Mula l\u00eb Pirro \u00c7akon p\u00ebr biznesmenin kosovar - Lajme nga Ulqini\",\"isPartOf\":{\"@id\":\"https:\/\/www.visit-ulcinj.com\/blog\/#website\"},\"primaryImageOfPage\":{\"@id\":\"https:\/\/www.visit-ulcinj.com\/blog\/2009\/03\/02\/inva-mula-le-pirro-cakon-per-biznesmenin-kosovar\/#primaryimage\"},\"datePublished\":\"2009-03-02T16:42:10+00:00\",\"dateModified\":\"2009-03-02T16:42:10+00:00\",\"author\":{\"@id\":\"https:\/\/www.visit-ulcinj.com\/blog\/#\/schema\/person\/dcab619c614d3038751c63bc2aadc06d\"},\"description\":\"Dashuri me shikim t\u00eb par\u00eb apo vler\u00ebsim dhe p\u00eblqim i ruajtur gjat\u00eb n\u00eb ndjenjat e nj\u00eb mashkulli? N\u00eb k\u00ebt\u00eb rast nuk mund t\u00eb ket\u00eb apo, sepse sipas\",\"breadcrumb\":{\"@id\":\"https:\/\/www.visit-ulcinj.com\/blog\/2009\/03\/02\/inva-mula-le-pirro-cakon-per-biznesmenin-kosovar\/#breadcrumb\"},\"inLanguage\":\"en-US\",\"potentialAction\":[{\"@type\":\"ReadAction\",\"target\":[\"https:\/\/www.visit-ulcinj.com\/blog\/2009\/03\/02\/inva-mula-le-pirro-cakon-per-biznesmenin-kosovar\/\"]}]},{\"@type\":\"BreadcrumbList\",\"@id\":\"https:\/\/www.visit-ulcinj.com\/blog\/2009\/03\/02\/inva-mula-le-pirro-cakon-per-biznesmenin-kosovar\/#breadcrumb\",\"itemListElement\":[{\"@type\":\"ListItem\",\"position\":1,\"name\":\"Inva Mula l\u00eb Pirro \u00c7akon p\u00ebr biznesmenin kosovar\"}]},{\"@type\":\"Person\",\"@id\":\"https:\/\/www.visit-ulcinj.com\/blog\/#\/schema\/person\/dcab619c614d3038751c63bc2aadc06d\",\"name\":\"ulqini\",\"sameAs\":[\"http:\/\/www.visit-ulcinj.com\"],\"url\":\"https:\/\/www.visit-ulcinj.com\/blog\/author\/admin\/\"}]}<\/script>\n<!-- \/ Yoast SEO plugin. -->","yoast_head_json":{"title":"Inva Mula l\u00eb Pirro \u00c7akon p\u00ebr biznesmenin kosovar - Lajme nga Ulqini","description":"Dashuri me shikim t\u00eb par\u00eb apo vler\u00ebsim dhe p\u00eblqim i ruajtur gjat\u00eb n\u00eb ndjenjat e nj\u00eb mashkulli? N\u00eb k\u00ebt\u00eb rast nuk mund t\u00eb ket\u00eb apo, sepse sipas","robots":{"index":"index","follow":"follow","max-snippet":"max-snippet:-1","max-image-preview":"max-image-preview:large","max-video-preview":"max-video-preview:-1"},"canonical":"https:\/\/www.visit-ulcinj.com\/blog\/2009\/03\/02\/inva-mula-le-pirro-cakon-per-biznesmenin-kosovar\/","og_locale":"en_US","og_type":"article","og_title":"Inva Mula l\u00eb Pirro \u00c7akon p\u00ebr biznesmenin kosovar - Lajme nga Ulqini","og_description":"Dashuri me shikim t\u00eb par\u00eb apo vler\u00ebsim dhe p\u00eblqim i ruajtur gjat\u00eb n\u00eb ndjenjat e nj\u00eb mashkulli? N\u00eb k\u00ebt\u00eb rast nuk mund t\u00eb ket\u00eb apo, sepse sipas","og_url":"https:\/\/www.visit-ulcinj.com\/blog\/2009\/03\/02\/inva-mula-le-pirro-cakon-per-biznesmenin-kosovar\/","og_site_name":"Lajme nga Ulqini","article_published_time":"2009-03-02T16:42:10+00:00","og_image":[{"url":"https:\/\/www.visit-ulcinj.com\/blog\/wp-content\/uploads\/2009\/03\/inva-mula-le-pirro-cakon-per-biznesmenin-kosovar-150x150.jpg"}],"twitter_misc":{"Written by":"ulqini","Est. reading time":"6 minutes"},"schema":{"@context":"https:\/\/schema.org","@graph":[{"@type":"WebSite","@id":"https:\/\/www.visit-ulcinj.com\/blog\/#website","url":"https:\/\/www.visit-ulcinj.com\/blog\/","name":"Lajme nga Ulqini","description":"Lajme,Vijesti,Ulqini,Ulqin,Crna Gora,Mali i Zi","potentialAction":[{"@type":"SearchAction","target":{"@type":"EntryPoint","urlTemplate":"https:\/\/www.visit-ulcinj.com\/blog\/?s={search_term_string}"},"query-input":"required name=search_term_string"}],"inLanguage":"en-US"},{"@type":"ImageObject","inLanguage":"en-US","@id":"https:\/\/www.visit-ulcinj.com\/blog\/2009\/03\/02\/inva-mula-le-pirro-cakon-per-biznesmenin-kosovar\/#primaryimage","url":"http:\/\/www.visit-ulcinj.com\/blog\/wp-content\/uploads\/2009\/03\/inva-mula-le-pirro-cakon-per-biznesmenin-kosovar.jpg","contentUrl":"http:\/\/www.visit-ulcinj.com\/blog\/wp-content\/uploads\/2009\/03\/inva-mula-le-pirro-cakon-per-biznesmenin-kosovar.jpg"},{"@type":"WebPage","@id":"https:\/\/www.visit-ulcinj.com\/blog\/2009\/03\/02\/inva-mula-le-pirro-cakon-per-biznesmenin-kosovar\/#webpage","url":"https:\/\/www.visit-ulcinj.com\/blog\/2009\/03\/02\/inva-mula-le-pirro-cakon-per-biznesmenin-kosovar\/","name":"Inva Mula l\u00eb Pirro \u00c7akon p\u00ebr biznesmenin kosovar - Lajme nga Ulqini","isPartOf":{"@id":"https:\/\/www.visit-ulcinj.com\/blog\/#website"},"primaryImageOfPage":{"@id":"https:\/\/www.visit-ulcinj.com\/blog\/2009\/03\/02\/inva-mula-le-pirro-cakon-per-biznesmenin-kosovar\/#primaryimage"},"datePublished":"2009-03-02T16:42:10+00:00","dateModified":"2009-03-02T16:42:10+00:00","author":{"@id":"https:\/\/www.visit-ulcinj.com\/blog\/#\/schema\/person\/dcab619c614d3038751c63bc2aadc06d"},"description":"Dashuri me shikim t\u00eb par\u00eb apo vler\u00ebsim dhe p\u00eblqim i ruajtur gjat\u00eb n\u00eb ndjenjat e nj\u00eb mashkulli? N\u00eb k\u00ebt\u00eb rast nuk mund t\u00eb ket\u00eb apo, sepse sipas","breadcrumb":{"@id":"https:\/\/www.visit-ulcinj.com\/blog\/2009\/03\/02\/inva-mula-le-pirro-cakon-per-biznesmenin-kosovar\/#breadcrumb"},"inLanguage":"en-US","potentialAction":[{"@type":"ReadAction","target":["https:\/\/www.visit-ulcinj.com\/blog\/2009\/03\/02\/inva-mula-le-pirro-cakon-per-biznesmenin-kosovar\/"]}]},{"@type":"BreadcrumbList","@id":"https:\/\/www.visit-ulcinj.com\/blog\/2009\/03\/02\/inva-mula-le-pirro-cakon-per-biznesmenin-kosovar\/#breadcrumb","itemListElement":[{"@type":"ListItem","position":1,"name":"Inva Mula l\u00eb Pirro \u00c7akon p\u00ebr biznesmenin kosovar"}]},{"@type":"Person","@id":"https:\/\/www.visit-ulcinj.com\/blog\/#\/schema\/person\/dcab619c614d3038751c63bc2aadc06d","name":"ulqini","sameAs":["http:\/\/www.visit-ulcinj.com"],"url":"https:\/\/www.visit-ulcinj.com\/blog\/author\/admin\/"}]}},"jetpack_featured_media_url":"","jetpack_sharing_enabled":true,"jetpack_shortlink":"https:\/\/wp.me\/pe6lTn-3jn","_links":{"self":[{"href":"https:\/\/www.visit-ulcinj.com\/blog\/wp-json\/wp\/v2\/posts\/12733"}],"collection":[{"href":"https:\/\/www.visit-ulcinj.com\/blog\/wp-json\/wp\/v2\/posts"}],"about":[{"href":"https:\/\/www.visit-ulcinj.com\/blog\/wp-json\/wp\/v2\/types\/post"}],"author":[{"embeddable":true,"href":"https:\/\/www.visit-ulcinj.com\/blog\/wp-json\/wp\/v2\/users\/1"}],"replies":[{"embeddable":true,"href":"https:\/\/www.visit-ulcinj.com\/blog\/wp-json\/wp\/v2\/comments?post=12733"}],"version-history":[{"count":0,"href":"https:\/\/www.visit-ulcinj.com\/blog\/wp-json\/wp\/v2\/posts\/12733\/revisions"}],"wp:attachment":[{"href":"https:\/\/www.visit-ulcinj.com\/blog\/wp-json\/wp\/v2\/media?parent=12733"}],"wp:term":[{"taxonomy":"category","embeddable":true,"href":"https:\/\/www.visit-ulcinj.com\/blog\/wp-json\/wp\/v2\/categories?post=12733"},{"taxonomy":"post_tag","embeddable":true,"href":"https:\/\/www.visit-ulcinj.com\/blog\/wp-json\/wp\/v2\/tags?post=12733"}],"curies":[{"name":"wp","href":"https:\/\/api.w.org\/{rel}","templated":true}]}}