{"id":12750,"date":"2009-03-02T18:04:54","date_gmt":"2009-03-02T17:04:54","guid":{"rendered":"http:\/\/www.visit-ulcinj.com\/blog\/?p=12750"},"modified":"2009-03-02T18:15:58","modified_gmt":"2009-03-02T17:15:58","slug":"mnika-procedura-e-miratimit-eshte-respektuar-plotesisht","status":"publish","type":"post","link":"https:\/\/www.visit-ulcinj.com\/blog\/2009\/03\/02\/mnika-procedura-e-miratimit-eshte-respektuar-plotesisht\/","title":{"rendered":"M.Nika: Procedura e miratimit \u00ebsht\u00eb respektuar plot\u00ebsisht"},"content":{"rendered":"<p><strong><a href=\"http:\/\/www.visit-ulcinj.com\/blog\/wp-content\/uploads\/2009\/03\/muhamet-nika_ulqin.jpg\"><img loading=\"lazy\" class=\"alignleft size-full wp-image-12751\" title=\"muhamet-nika_ulqin\" src=\"http:\/\/www.visit-ulcinj.com\/blog\/wp-content\/uploads\/2009\/03\/muhamet-nika_ulqin.jpg\" alt=\"muhamet-nika_ulqin\" width=\"570\" height=\"340\" \/><\/a>Kuvendi komunal i Ulqinit<\/strong><br \/>\nGjat\u00eb diskutimit publik nga Klubi i \u201cForc\u00ebs\u201d n\u00eb Kuvend nuk ka mb\u00ebrritur asnj\u00eb amendament apo v\u00ebrejtje tjet\u00ebr n\u00eb harmoni me rregulloren. P\u00ebrve\u00e7 k\u00ebsaj klubi i k\u00ebshilltar\u00ebve t\u00eb \u201cForc\u00ebs\u201d ka pasur mund\u00ebsi dhe autorizim t\u00eb hartoj\u00eb nj\u00eb tekst ndryshe t\u00eb Vendimit gj\u00eb q\u00eb n\u00eb rastin konkret nuk \u00ebsht\u00eb b\u00ebr\u00eb. Gjat\u00eb mbledhjes klubi i \u201cForc\u00ebs\u201d e ka l\u00ebshuar mbledhjen dhe nuk kan\u00eb marr\u00eb pjes\u00eb n\u00eb votim, megjith\u00ebse ka ekzistuar propozimi i shumic\u00ebs q\u00eb pik\u00ebn e lartp\u00ebrmendur Kuvendi ta shtyj\u00eb dhe t\u00eb mund\u00ebsoj\u00eb intervenimin me amendamente t\u00eb k\u00ebshilltar\u00ebve t\u00eb interesuar. M\u00eb pas ata kan\u00eb organizuar konferenc\u00eb p\u00ebr gazetar\u00eb, gj\u00eb q\u00eb \u00ebsht\u00eb form\u00eb e zakonshme e veprimit politik t\u00eb sektorit joqeveritar, por jo e klubit t\u00eb k\u00ebshilltar\u00ebve.<br \/>\nLidhur me tekstin nga kumtesa e \u201cFORC\u00cbS\u201d, e n\u00eb rolin e Kryetarit t\u00eb Kuvendit lidhur me disa citate, mjaftoi opinionin me sa vijon:<br \/>\nVendimi mbi kompensimin p\u00ebr rregullimin e tok\u00ebs nd\u00ebrtimore q\u00eb e ka miratuar Kuvendi i komun\u00ebs n\u00eb mbledhjen e jasht\u00ebzakonshme, procedura e miratimit e parapar\u00eb me Rregulloren e pun\u00ebs s\u00eb Kuvendit \u00ebsht\u00eb respektuar plot\u00ebsisht. N\u00eb rolin e propozuesit t\u00eb autorizuar organi ekzekutiv i Komun\u00ebs me aktin p\u00ebrcjell\u00ebs ia ka dor\u00ebzuar Kuvendit p\u00ebr shqyrtim dhe miratim versionin punues t\u00eb Vendimit. Pasi q\u00eb b\u00ebhet fjal\u00eb p\u00ebr Vendim financiar, Kuvendi ka vendosur dhe e ka miratuar Projektvendimin e p\u00ebrmendur. Pas miratimit t\u00eb Projektit Sekretariati p\u00ebr \u00e7\u00ebshtje Komunale ka organizuar diskutim publik, e m\u00eb pas Kuvendi n\u00eb mbledhjen e jasht\u00ebzakonshme e ka miratuar Propozimin e Vendimit t\u00eb p\u00ebrmendur. Kryetari i Kuvendit nuk \u00ebsht\u00eb i autorizuar t\u00eb shqyrtoj\u00eb dhe t\u00eb konfirmoj\u00eb ligjshm\u00ebrin\u00eb e vendimeve t\u00eb ve\u00e7anta q\u00eb i p\u00ebrkasin lart\u00ebsis\u00eb s\u00eb kompensimit, procesit t\u00eb pages\u00ebs etj. Para miratimit K\u00ebshilli p\u00ebr Financa dhe K\u00ebshilli p\u00ebr \u00e7\u00ebshtje Statutare e dispozita kan\u00eb dh\u00ebn\u00eb mendimin e tyre pozitiv p\u00ebr tekstin e Vendimit, e n\u00eb k\u00ebt\u00eb m\u00ebnyr\u00eb jan\u00eb plot\u00ebsuar t\u00eb gjitha kushtet p\u00ebr t\u00eb vendosur dhe Kuvendi me shumic\u00ebn e votave t\u00eb k\u00ebshilltar\u00ebve t\u00eb pranish\u00ebm ka vendosur dhe ka miratuar Vendimin, mbi kompensimin p\u00ebr rregullimin e tok\u00ebs nd\u00ebrtimore. Kushti dhe nevoja p\u00ebr harmonizimin e k\u00ebtij vendimi rrjedhin nga raporti dhe konstatimi i Revizionit shtet\u00ebror i cili n\u00eb faqen 15 t\u00eb Raportit ka konstatuar \u201dq\u00eb nuk \u00ebsht\u00eb marr\u00eb vendimi i nj\u00ebsis\u00eb s\u00eb vet\u00ebqeverisjes lokale, me t\u00eb cilin do t\u00eb b\u00ebhej harmonizimi me Ligjin mbi tok\u00ebn nd\u00ebrtimore (\u201cGazeta. zyr. e MZ nr. 55\/00\u201d) gj\u00eb q\u00eb ka qen\u00eb e obliguar ta b\u00ebj\u00eb n\u00eb afat prej 6 muajsh nga dita e hyrjes n\u00eb fuqi t\u00eb Ligjit\u201d. Revizori gjithashtu ka pasur v\u00ebrejtje n\u00eb m\u00ebnyr\u00ebn e udh\u00ebheqjes s\u00eb evidenc\u00ebs t\u00eb ark\u00ebtimit dhe q\u00eb ekziston nj\u00eb dallim i madh mbi 60.000 \u20ac, (pra dikush nuk e ka b\u00ebr\u00eb pages\u00ebn dhe ka fituar lejen) gj\u00eb q\u00eb sjell\u00eb deri te mosp\u00ebrputhja n\u00eb raport me ekstraktet e regjistruara dhe faturat e pagesave.<br \/>\nGjat\u00eb diskutimit publik nga Klubi i \u201cForc\u00ebs\u201d n\u00eb Kuvend nuk ka mb\u00ebrritur asnj\u00eb amendament apo v\u00ebrejtje tjet\u00ebr n\u00eb harmoni me rregulloren. P\u00ebrve\u00e7 k\u00ebsaj klubi i k\u00ebshilltar\u00ebve t\u00eb \u201cForc\u00ebs\u201d ka pasur mund\u00ebsi dhe autorizim t\u00eb hartoj\u00eb nj\u00eb tekst ndryshe t\u00eb Vendimit gj\u00eb q\u00eb n\u00eb rastin konkret nuk \u00ebsht\u00eb b\u00ebr\u00eb. Gjat\u00eb mbledhjes klubi i \u201cForc\u00ebs\u201d e ka l\u00ebshuar mbledhjen dhe nuk kan\u00eb marr\u00eb pjes\u00eb n\u00eb votim, megjith\u00ebse ka ekzistuar propozimi i shumic\u00ebs q\u00eb pik\u00ebn e lartp\u00ebrmendur Kuvendi ta shtyj\u00eb dhe t\u00eb mund\u00ebsoj\u00eb intervenimin me amendamente t\u00eb k\u00ebshilltar\u00ebve t\u00eb interesuar. M\u00eb pas ata kan\u00eb organizuar konferenc\u00eb p\u00ebr gazetar\u00eb, gj\u00eb q\u00eb \u00ebsht\u00eb form\u00eb e zakonshme e veprimit politik t\u00eb sektorit joqeveritar, por jo e klubit t\u00eb k\u00ebshilltar\u00ebve. Normalisht n\u00eb rolin e udh\u00ebheq\u00ebsit t\u00eb Kuvendit jam shum\u00eb i interesuar dhe angazhohem p\u00ebr ligjshm\u00ebrin\u00eb e t\u00eb gjitha akteve q\u00eb miraton Kuvendi, e nj\u00ebkoh\u00ebsisht angazhohem edhe p\u00ebr kontrollimin e pun\u00ebs s\u00eb t\u00eb gjitha organeve.<br \/>\nRaporti t\u00eb cilin e kemi cituar ka qen\u00eb tem\u00eb e diskutimit n\u00eb Kuvend me rastin e shqyrtimit t\u00eb llogaris\u00eb p\u00ebrfundimtare, k\u00ebshtu q\u00eb nuk \u00ebsht\u00eb e tep\u00ebrt t\u2019ua rikujtojm\u00eb p\u00ebrfaq\u00ebsuesve t\u00eb \u201cForc\u00ebs\u201d q\u00eb problematika e p\u00ebrmendur ka qen\u00eb e iniciuar me rastin e interpelanc\u00ebs parlamentare mbi pun\u00ebn e Kryetarit t\u00eb Komun\u00ebs, t\u00eb cil\u00ebn n\u00eb p\u00ebrb\u00ebrjen e m\u00ebhershme e ka propozuar klubi i PPD &#8211; s\u00eb. Megjithat\u00eb, at\u00ebher\u00eb nuk na keni p\u00ebrkrahur sepse me siguri q\u00eb dispozitat e vendimeve t\u00eb tilla nuk ju kan\u00eb frustuar financiarisht si\u00e7 \u00ebsht\u00eb rasti tash. Gjithashtu ne kemi votuar p\u00ebr tekstin e revizionit me rastin e miratimit t\u00eb llogarive t\u00eb diskutueshme p\u00ebrfundimtare q\u00eb do t\u00eb thot\u00eb q\u00eb ka qen\u00eb edhe obligim i juaj q\u00eb mandatet e p\u00ebrmendura q\u00eb revizioni ju ka dh\u00ebn\u00eb sekretariateve t\u2019i votoni dhe k\u00ebrkoni informat\u00eb kthyese mbi ekzekutimin e tyre. Pasi q\u00eb kjo nuk \u00ebsht\u00eb b\u00ebr\u00eb, edhe ju keni nj\u00eb pjes\u00eb t\u00eb faj\u00ebsis\u00eb politike dhe nuk jeni t\u00eb past\u00ebr sa i p\u00ebrket k\u00ebsaj \u00e7\u00ebshtjeje.<\/p>\n<p>(Autori \u00ebsht\u00eb kryetar i Kuvendit t\u00eb Komun\u00ebs s\u00eb Ulqinit)<br \/>\n<strong>Muhamet Nika<br \/>\nKoha Javore<\/strong><\/p>\n","protected":false},"excerpt":{"rendered":"<p>Kuvendi komunal i Ulqinit Gjat\u00eb diskutimit publik nga Klubi i \u201cForc\u00ebs\u201d n\u00eb Kuvend nuk ka mb\u00ebrritur asnj\u00eb amendament apo v\u00ebrejtje tjet\u00ebr n\u00eb harmoni me rregulloren. P\u00ebrve\u00e7 k\u00ebsaj klubi i k\u00ebshilltar\u00ebve t\u00eb \u201cForc\u00ebs\u201d ka pasur mund\u00ebsi dhe autorizim t\u00eb hartoj\u00eb nj\u00eb tekst ndryshe t\u00eb Vendimit gj\u00eb q\u00eb n\u00eb rastin konkret nuk \u00ebsht\u00eb b\u00ebr\u00eb. Gjat\u00eb mbledhjes klubi [&hellip;]<\/p>\n","protected":false},"author":1,"featured_media":0,"comment_status":"open","ping_status":"closed","sticky":false,"template":"","format":"standard","meta":{"spay_email":"","jetpack_publicize_message":"","jetpack_is_tweetstorm":false,"jetpack_publicize_feature_enabled":true},"categories":[11],"tags":[7421,7422,7420,944,200,18],"jetpack_publicize_connections":[],"yoast_head":"<!-- This site is optimized with the Yoast SEO plugin v19.1 - https:\/\/yoast.com\/wordpress\/plugins\/seo\/ -->\n<title>M.Nika: Procedura e miratimit \u00ebsht\u00eb respektuar plot\u00ebsisht - Lajme nga Ulqini<\/title>\n<meta name=\"description\" content=\"Kuvendi komunal i Ulqinit Gjat\u00eb diskutimit publik nga Klubi i \u201cForc\u00ebs\u201d n\u00eb Kuvend nuk ka mb\u00ebrritur asnj\u00eb amendament apo v\u00ebrejtje tjet\u00ebr n\u00eb harmoni me\" \/>\n<meta name=\"robots\" content=\"index, follow, max-snippet:-1, max-image-preview:large, max-video-preview:-1\" \/>\n<link rel=\"canonical\" href=\"https:\/\/www.visit-ulcinj.com\/blog\/2009\/03\/02\/mnika-procedura-e-miratimit-eshte-respektuar-plotesisht\/\" \/>\n<meta property=\"og:locale\" content=\"en_US\" \/>\n<meta property=\"og:type\" content=\"article\" \/>\n<meta property=\"og:title\" content=\"M.Nika: Procedura e miratimit \u00ebsht\u00eb respektuar plot\u00ebsisht - Lajme nga Ulqini\" \/>\n<meta property=\"og:description\" content=\"Kuvendi komunal i Ulqinit Gjat\u00eb diskutimit publik nga Klubi i \u201cForc\u00ebs\u201d n\u00eb Kuvend nuk ka mb\u00ebrritur asnj\u00eb amendament apo v\u00ebrejtje tjet\u00ebr n\u00eb harmoni me\" \/>\n<meta property=\"og:url\" content=\"https:\/\/www.visit-ulcinj.com\/blog\/2009\/03\/02\/mnika-procedura-e-miratimit-eshte-respektuar-plotesisht\/\" \/>\n<meta property=\"og:site_name\" content=\"Lajme nga Ulqini\" \/>\n<meta property=\"article:published_time\" content=\"2009-03-02T17:04:54+00:00\" \/>\n<meta property=\"article:modified_time\" content=\"2009-03-02T17:15:58+00:00\" \/>\n<meta property=\"og:image\" content=\"http:\/\/www.visit-ulcinj.com\/blog\/wp-content\/uploads\/2009\/03\/muhamet-nika_ulqin.jpg\" \/>\n<meta name=\"twitter:label1\" content=\"Written by\" \/>\n\t<meta name=\"twitter:data1\" content=\"ulqini\" \/>\n\t<meta name=\"twitter:label2\" content=\"Est. reading time\" \/>\n\t<meta name=\"twitter:data2\" content=\"5 minutes\" \/>\n<script type=\"application\/ld+json\" class=\"yoast-schema-graph\">{\"@context\":\"https:\/\/schema.org\",\"@graph\":[{\"@type\":\"WebSite\",\"@id\":\"https:\/\/www.visit-ulcinj.com\/blog\/#website\",\"url\":\"https:\/\/www.visit-ulcinj.com\/blog\/\",\"name\":\"Lajme nga Ulqini\",\"description\":\"Lajme,Vijesti,Ulqini,Ulqin,Crna Gora,Mali i Zi\",\"potentialAction\":[{\"@type\":\"SearchAction\",\"target\":{\"@type\":\"EntryPoint\",\"urlTemplate\":\"https:\/\/www.visit-ulcinj.com\/blog\/?s={search_term_string}\"},\"query-input\":\"required name=search_term_string\"}],\"inLanguage\":\"en-US\"},{\"@type\":\"ImageObject\",\"inLanguage\":\"en-US\",\"@id\":\"https:\/\/www.visit-ulcinj.com\/blog\/2009\/03\/02\/mnika-procedura-e-miratimit-eshte-respektuar-plotesisht\/#primaryimage\",\"url\":\"https:\/\/www.visit-ulcinj.com\/blog\/wp-content\/uploads\/2009\/03\/muhamet-nika_ulqin.jpg\",\"contentUrl\":\"https:\/\/www.visit-ulcinj.com\/blog\/wp-content\/uploads\/2009\/03\/muhamet-nika_ulqin.jpg\",\"width\":\"290\",\"height\":\"218\"},{\"@type\":\"WebPage\",\"@id\":\"https:\/\/www.visit-ulcinj.com\/blog\/2009\/03\/02\/mnika-procedura-e-miratimit-eshte-respektuar-plotesisht\/#webpage\",\"url\":\"https:\/\/www.visit-ulcinj.com\/blog\/2009\/03\/02\/mnika-procedura-e-miratimit-eshte-respektuar-plotesisht\/\",\"name\":\"M.Nika: Procedura e miratimit \u00ebsht\u00eb respektuar plot\u00ebsisht - Lajme nga Ulqini\",\"isPartOf\":{\"@id\":\"https:\/\/www.visit-ulcinj.com\/blog\/#website\"},\"primaryImageOfPage\":{\"@id\":\"https:\/\/www.visit-ulcinj.com\/blog\/2009\/03\/02\/mnika-procedura-e-miratimit-eshte-respektuar-plotesisht\/#primaryimage\"},\"datePublished\":\"2009-03-02T17:04:54+00:00\",\"dateModified\":\"2009-03-02T17:15:58+00:00\",\"author\":{\"@id\":\"https:\/\/www.visit-ulcinj.com\/blog\/#\/schema\/person\/dcab619c614d3038751c63bc2aadc06d\"},\"description\":\"Kuvendi komunal i Ulqinit Gjat\u00eb diskutimit publik nga Klubi i \u201cForc\u00ebs\u201d n\u00eb Kuvend nuk ka mb\u00ebrritur asnj\u00eb amendament apo v\u00ebrejtje tjet\u00ebr n\u00eb harmoni me\",\"breadcrumb\":{\"@id\":\"https:\/\/www.visit-ulcinj.com\/blog\/2009\/03\/02\/mnika-procedura-e-miratimit-eshte-respektuar-plotesisht\/#breadcrumb\"},\"inLanguage\":\"en-US\",\"potentialAction\":[{\"@type\":\"ReadAction\",\"target\":[\"https:\/\/www.visit-ulcinj.com\/blog\/2009\/03\/02\/mnika-procedura-e-miratimit-eshte-respektuar-plotesisht\/\"]}]},{\"@type\":\"BreadcrumbList\",\"@id\":\"https:\/\/www.visit-ulcinj.com\/blog\/2009\/03\/02\/mnika-procedura-e-miratimit-eshte-respektuar-plotesisht\/#breadcrumb\",\"itemListElement\":[{\"@type\":\"ListItem\",\"position\":1,\"name\":\"M.Nika: Procedura e miratimit \u00ebsht\u00eb respektuar plot\u00ebsisht\"}]},{\"@type\":\"Person\",\"@id\":\"https:\/\/www.visit-ulcinj.com\/blog\/#\/schema\/person\/dcab619c614d3038751c63bc2aadc06d\",\"name\":\"ulqini\",\"sameAs\":[\"http:\/\/www.visit-ulcinj.com\"],\"url\":\"https:\/\/www.visit-ulcinj.com\/blog\/author\/admin\/\"}]}<\/script>\n<!-- \/ Yoast SEO plugin. -->","yoast_head_json":{"title":"M.Nika: Procedura e miratimit \u00ebsht\u00eb respektuar plot\u00ebsisht - Lajme nga Ulqini","description":"Kuvendi komunal i Ulqinit Gjat\u00eb diskutimit publik nga Klubi i \u201cForc\u00ebs\u201d n\u00eb Kuvend nuk ka mb\u00ebrritur asnj\u00eb amendament apo v\u00ebrejtje tjet\u00ebr n\u00eb harmoni me","robots":{"index":"index","follow":"follow","max-snippet":"max-snippet:-1","max-image-preview":"max-image-preview:large","max-video-preview":"max-video-preview:-1"},"canonical":"https:\/\/www.visit-ulcinj.com\/blog\/2009\/03\/02\/mnika-procedura-e-miratimit-eshte-respektuar-plotesisht\/","og_locale":"en_US","og_type":"article","og_title":"M.Nika: Procedura e miratimit \u00ebsht\u00eb respektuar plot\u00ebsisht - Lajme nga Ulqini","og_description":"Kuvendi komunal i Ulqinit Gjat\u00eb diskutimit publik nga Klubi i \u201cForc\u00ebs\u201d n\u00eb Kuvend nuk ka mb\u00ebrritur asnj\u00eb amendament apo v\u00ebrejtje tjet\u00ebr n\u00eb harmoni me","og_url":"https:\/\/www.visit-ulcinj.com\/blog\/2009\/03\/02\/mnika-procedura-e-miratimit-eshte-respektuar-plotesisht\/","og_site_name":"Lajme nga Ulqini","article_published_time":"2009-03-02T17:04:54+00:00","article_modified_time":"2009-03-02T17:15:58+00:00","og_image":[{"url":"http:\/\/www.visit-ulcinj.com\/blog\/wp-content\/uploads\/2009\/03\/muhamet-nika_ulqin.jpg"}],"twitter_misc":{"Written by":"ulqini","Est. reading time":"5 minutes"},"schema":{"@context":"https:\/\/schema.org","@graph":[{"@type":"WebSite","@id":"https:\/\/www.visit-ulcinj.com\/blog\/#website","url":"https:\/\/www.visit-ulcinj.com\/blog\/","name":"Lajme nga Ulqini","description":"Lajme,Vijesti,Ulqini,Ulqin,Crna Gora,Mali i Zi","potentialAction":[{"@type":"SearchAction","target":{"@type":"EntryPoint","urlTemplate":"https:\/\/www.visit-ulcinj.com\/blog\/?s={search_term_string}"},"query-input":"required name=search_term_string"}],"inLanguage":"en-US"},{"@type":"ImageObject","inLanguage":"en-US","@id":"https:\/\/www.visit-ulcinj.com\/blog\/2009\/03\/02\/mnika-procedura-e-miratimit-eshte-respektuar-plotesisht\/#primaryimage","url":"https:\/\/www.visit-ulcinj.com\/blog\/wp-content\/uploads\/2009\/03\/muhamet-nika_ulqin.jpg","contentUrl":"https:\/\/www.visit-ulcinj.com\/blog\/wp-content\/uploads\/2009\/03\/muhamet-nika_ulqin.jpg","width":"290","height":"218"},{"@type":"WebPage","@id":"https:\/\/www.visit-ulcinj.com\/blog\/2009\/03\/02\/mnika-procedura-e-miratimit-eshte-respektuar-plotesisht\/#webpage","url":"https:\/\/www.visit-ulcinj.com\/blog\/2009\/03\/02\/mnika-procedura-e-miratimit-eshte-respektuar-plotesisht\/","name":"M.Nika: Procedura e miratimit \u00ebsht\u00eb respektuar plot\u00ebsisht - Lajme nga Ulqini","isPartOf":{"@id":"https:\/\/www.visit-ulcinj.com\/blog\/#website"},"primaryImageOfPage":{"@id":"https:\/\/www.visit-ulcinj.com\/blog\/2009\/03\/02\/mnika-procedura-e-miratimit-eshte-respektuar-plotesisht\/#primaryimage"},"datePublished":"2009-03-02T17:04:54+00:00","dateModified":"2009-03-02T17:15:58+00:00","author":{"@id":"https:\/\/www.visit-ulcinj.com\/blog\/#\/schema\/person\/dcab619c614d3038751c63bc2aadc06d"},"description":"Kuvendi komunal i Ulqinit Gjat\u00eb diskutimit publik nga Klubi i \u201cForc\u00ebs\u201d n\u00eb Kuvend nuk ka mb\u00ebrritur asnj\u00eb amendament apo v\u00ebrejtje tjet\u00ebr n\u00eb harmoni me","breadcrumb":{"@id":"https:\/\/www.visit-ulcinj.com\/blog\/2009\/03\/02\/mnika-procedura-e-miratimit-eshte-respektuar-plotesisht\/#breadcrumb"},"inLanguage":"en-US","potentialAction":[{"@type":"ReadAction","target":["https:\/\/www.visit-ulcinj.com\/blog\/2009\/03\/02\/mnika-procedura-e-miratimit-eshte-respektuar-plotesisht\/"]}]},{"@type":"BreadcrumbList","@id":"https:\/\/www.visit-ulcinj.com\/blog\/2009\/03\/02\/mnika-procedura-e-miratimit-eshte-respektuar-plotesisht\/#breadcrumb","itemListElement":[{"@type":"ListItem","position":1,"name":"M.Nika: Procedura e miratimit \u00ebsht\u00eb respektuar plot\u00ebsisht"}]},{"@type":"Person","@id":"https:\/\/www.visit-ulcinj.com\/blog\/#\/schema\/person\/dcab619c614d3038751c63bc2aadc06d","name":"ulqini","sameAs":["http:\/\/www.visit-ulcinj.com"],"url":"https:\/\/www.visit-ulcinj.com\/blog\/author\/admin\/"}]}},"jetpack_featured_media_url":"","jetpack_sharing_enabled":true,"jetpack_shortlink":"https:\/\/wp.me\/pe6lTn-3jE","_links":{"self":[{"href":"https:\/\/www.visit-ulcinj.com\/blog\/wp-json\/wp\/v2\/posts\/12750"}],"collection":[{"href":"https:\/\/www.visit-ulcinj.com\/blog\/wp-json\/wp\/v2\/posts"}],"about":[{"href":"https:\/\/www.visit-ulcinj.com\/blog\/wp-json\/wp\/v2\/types\/post"}],"author":[{"embeddable":true,"href":"https:\/\/www.visit-ulcinj.com\/blog\/wp-json\/wp\/v2\/users\/1"}],"replies":[{"embeddable":true,"href":"https:\/\/www.visit-ulcinj.com\/blog\/wp-json\/wp\/v2\/comments?post=12750"}],"version-history":[{"count":0,"href":"https:\/\/www.visit-ulcinj.com\/blog\/wp-json\/wp\/v2\/posts\/12750\/revisions"}],"wp:attachment":[{"href":"https:\/\/www.visit-ulcinj.com\/blog\/wp-json\/wp\/v2\/media?parent=12750"}],"wp:term":[{"taxonomy":"category","embeddable":true,"href":"https:\/\/www.visit-ulcinj.com\/blog\/wp-json\/wp\/v2\/categories?post=12750"},{"taxonomy":"post_tag","embeddable":true,"href":"https:\/\/www.visit-ulcinj.com\/blog\/wp-json\/wp\/v2\/tags?post=12750"}],"curies":[{"name":"wp","href":"https:\/\/api.w.org\/{rel}","templated":true}]}}