{"id":12755,"date":"2009-03-02T18:44:55","date_gmt":"2009-03-02T17:44:55","guid":{"rendered":"http:\/\/www.visit-ulcinj.com\/blog\/?p=12755"},"modified":"2009-03-02T18:44:55","modified_gmt":"2009-03-02T17:44:55","slug":"federata-e-taekwondo-se-se-malit-te-zi-organizoi-ne-podgorice-seminarin-nderkombetar","status":"publish","type":"post","link":"https:\/\/www.visit-ulcinj.com\/blog\/2009\/03\/02\/federata-e-taekwondo-se-se-malit-te-zi-organizoi-ne-podgorice-seminarin-nderkombetar\/","title":{"rendered":"Federata e taekwondo-s\u00eb s\u00eb Malit t\u00eb Zi organizoi n\u00eb Podgoric\u00eb seminarin nd\u00ebrkomb\u00ebtar"},"content":{"rendered":"<p><strong><a href=\"http:\/\/www.visit-ulcinj.com\/blog\/wp-content\/uploads\/2009\/03\/taekwondo_logo.gif\"><img loading=\"lazy\" class=\"alignleft size-full wp-image-12756\" title=\"taekwondo_logo\" src=\"http:\/\/www.visit-ulcinj.com\/blog\/wp-content\/uploads\/2009\/03\/taekwondo_logo.gif\" alt=\"taekwondo_logo\" width=\"570\" height=\"300\" \/><\/a>Shtat\u00eb mjeshtra nga KT \u201cUlqini\u201d<\/strong><br \/>\nTrajenri i KT \u201cUlqini\u201d Fikret Dushku thot\u00eb se kjo \u00ebsht\u00eb hera e par\u00eb q\u00eb n\u00eb Ulqin arrijn\u00eb t\u00eb dalin shtat\u00eb mjeshtra me licenc\u00eb nd\u00ebrkomb\u00ebtare. \u201cP\u00ebr klubin ton\u00eb, kjo ka nj\u00eb r\u00ebnd\u00ebsi t\u00eb madhe, e po ashtu edhe p\u00ebr qytetin. S\u00eb shpejti mendojm\u00eb q\u00eb k\u00ebt\u00eb sport ta zgjerojm\u00eb edhe n\u00eb vendet e tjera t\u00eb qytetin ton\u00eb\u201d, thot\u00eb ai.<br \/>\nPodgoric\u00eb \u2013 Federata e Taekwondo-s\u00eb s\u00eb Malit t\u00eb Zi organizoi gjat\u00eb fundjav\u00ebs n\u00eb Podgoric\u00eb seminarin treditor p\u00ebr dh\u00ebnien e licencave nd\u00ebrkomb\u00ebtare.<br \/>\nSeminarin e udh\u00ebhoq\u00ebn dy mjeshtrat koreano-jugor\u00eb, Kim Jong Ki dhe Semi Li, t\u00eb autorizuar p\u00ebr dh\u00ebnien e k\u00ebsaj licence e cila sh\u00ebrben p\u00ebr t\u00eb pasur t\u00eb drejt\u00ebn e pjes\u00ebmarrjes n\u00eb kampionatet bot\u00ebrore dhe lojrat olimpike.<br \/>\nN\u00eb mesin e pjes\u00ebmarr\u00ebsve t\u00eb k\u00ebtij seminari ishin edhe shtat\u00eb an\u00ebtar\u00eb t\u00eb Klubit t\u00eb Taekwondo-s\u00eb \u201cUlqini\u201d, Artan Zenuni, Arijeta Zati, Besnik Shata, Arben Kollari, Leonard Dobreci, Adnan Hasa dhe Allmedin Suka, si dhe trajneri i k\u00ebtij klubi Fikret Dushku. T\u00eb gjith\u00eb ata e kaluan me sukses provimin.<br \/>\nTrajneri i KT \u201cUlqini\u201d Fikret Dushku sqaron se seminare t\u00eb k\u00ebtij lloji organizohen nj\u00eb her\u00eb n\u00eb dy apo tri vjet me k\u00ebrkes\u00eb t\u00eb federat\u00ebs s\u00eb vendit p\u00ebrkat\u00ebs dhe se q\u00ebllimi i tij \u00ebsht\u00eb pajisja me licenc\u00eb nd\u00ebrkomb\u00ebtare t\u00eb personave q\u00eb e kalojn\u00eb me sukses provimin.<br \/>\nAi thot\u00eb se se ata q\u00eb e kalojn\u00eb me sukses provimin b\u00ebhen mjeshtra t\u00eb shkall\u00ebs s\u00eb par\u00eb, si\u00e7 njihet me emrin Dan.<br \/>\nSa i p\u00ebrket pjes\u00ebmarr\u00ebsve nga KT \u201cUlqini\u201d, Dushku thot\u00eb se kjo \u00ebsht\u00eb hera e par\u00eb q\u00eb n\u00eb Ulqin arrijn\u00eb t\u00eb dalin shtat\u00eb mjeshtra me licenc\u00eb nd\u00ebrkomb\u00ebtare.<br \/>\n\u201cP\u00ebr klubin ton\u00eb, kjo ka nj\u00eb r\u00ebnd\u00ebsi t\u00eb madhe, e po ashtu edhe p\u00ebr qytetin. S\u00eb shpejti mendojm\u00eb q\u00eb k\u00ebt\u00eb sport ta zgjerojm\u00eb edhe n\u00eb ambiente t\u00eb tjera t\u00eb qytetit ton\u00eb\u201d, thot\u00eb ai.<br \/>\n<strong>Kohapress<\/strong><\/p>\n<p><strong><!--YouTube Error: bad URL entered--><br \/>\n<\/strong><\/p>\n","protected":false},"excerpt":{"rendered":"<p>Shtat\u00eb mjeshtra nga KT \u201cUlqini\u201d Trajenri i KT \u201cUlqini\u201d Fikret Dushku thot\u00eb se kjo \u00ebsht\u00eb hera e par\u00eb q\u00eb n\u00eb Ulqin arrijn\u00eb t\u00eb dalin shtat\u00eb mjeshtra me licenc\u00eb nd\u00ebrkomb\u00ebtare. \u201cP\u00ebr klubin ton\u00eb, kjo ka nj\u00eb r\u00ebnd\u00ebsi t\u00eb madhe, e po ashtu edhe p\u00ebr qytetin. S\u00eb shpejti mendojm\u00eb q\u00eb k\u00ebt\u00eb sport ta zgjerojm\u00eb edhe n\u00eb vendet [&hellip;]<\/p>\n","protected":false},"author":1,"featured_media":0,"comment_status":"open","ping_status":"closed","sticky":false,"template":"","format":"standard","meta":{"spay_email":"","jetpack_publicize_message":"","jetpack_is_tweetstorm":false,"jetpack_publicize_feature_enabled":true},"categories":[3],"tags":[7431,7430,5924,2970,2965,5927,7427,7429,2962,7424,7426,7428,7423,7432,7433,7425],"jetpack_publicize_connections":[],"yoast_head":"<!-- This site is optimized with the Yoast SEO plugin v19.1 - https:\/\/yoast.com\/wordpress\/plugins\/seo\/ -->\n<title>Federata e taekwondo-s\u00eb s\u00eb Malit t\u00eb Zi organizoi n\u00eb Podgoric\u00eb seminarin nd\u00ebrkomb\u00ebtar - Lajme nga Ulqini<\/title>\n<meta name=\"description\" content=\"Shtat\u00eb mjeshtra nga KT \u201cUlqini\u201d Trajenri i KT \u201cUlqini\u201d Fikret Dushku thot\u00eb se kjo \u00ebsht\u00eb hera e par\u00eb q\u00eb n\u00eb Ulqin arrijn\u00eb t\u00eb dalin shtat\u00eb mjeshtra me\" \/>\n<meta name=\"robots\" content=\"index, follow, max-snippet:-1, max-image-preview:large, max-video-preview:-1\" \/>\n<link rel=\"canonical\" href=\"https:\/\/www.visit-ulcinj.com\/blog\/2009\/03\/02\/federata-e-taekwondo-se-se-malit-te-zi-organizoi-ne-podgorice-seminarin-nderkombetar\/\" \/>\n<meta property=\"og:locale\" content=\"en_US\" \/>\n<meta property=\"og:type\" content=\"article\" \/>\n<meta property=\"og:title\" content=\"Federata e taekwondo-s\u00eb s\u00eb Malit t\u00eb Zi organizoi n\u00eb Podgoric\u00eb seminarin nd\u00ebrkomb\u00ebtar - Lajme nga Ulqini\" \/>\n<meta property=\"og:description\" content=\"Shtat\u00eb mjeshtra nga KT \u201cUlqini\u201d Trajenri i KT \u201cUlqini\u201d Fikret Dushku thot\u00eb se kjo \u00ebsht\u00eb hera e par\u00eb q\u00eb n\u00eb Ulqin arrijn\u00eb t\u00eb dalin shtat\u00eb mjeshtra me\" \/>\n<meta property=\"og:url\" content=\"https:\/\/www.visit-ulcinj.com\/blog\/2009\/03\/02\/federata-e-taekwondo-se-se-malit-te-zi-organizoi-ne-podgorice-seminarin-nderkombetar\/\" \/>\n<meta property=\"og:site_name\" content=\"Lajme nga Ulqini\" \/>\n<meta property=\"article:published_time\" content=\"2009-03-02T17:44:55+00:00\" \/>\n<meta property=\"og:image\" content=\"http:\/\/www.visit-ulcinj.com\/blog\/wp-content\/uploads\/2009\/03\/taekwondo_logo.gif\" \/>\n<meta name=\"twitter:label1\" content=\"Written by\" \/>\n\t<meta name=\"twitter:data1\" content=\"ulqini\" \/>\n\t<meta name=\"twitter:label2\" content=\"Est. reading time\" \/>\n\t<meta name=\"twitter:data2\" content=\"2 minutes\" \/>\n<script type=\"application\/ld+json\" class=\"yoast-schema-graph\">{\"@context\":\"https:\/\/schema.org\",\"@graph\":[{\"@type\":\"WebSite\",\"@id\":\"https:\/\/www.visit-ulcinj.com\/blog\/#website\",\"url\":\"https:\/\/www.visit-ulcinj.com\/blog\/\",\"name\":\"Lajme nga Ulqini\",\"description\":\"Lajme,Vijesti,Ulqini,Ulqin,Crna Gora,Mali i Zi\",\"potentialAction\":[{\"@type\":\"SearchAction\",\"target\":{\"@type\":\"EntryPoint\",\"urlTemplate\":\"https:\/\/www.visit-ulcinj.com\/blog\/?s={search_term_string}\"},\"query-input\":\"required name=search_term_string\"}],\"inLanguage\":\"en-US\"},{\"@type\":\"ImageObject\",\"inLanguage\":\"en-US\",\"@id\":\"https:\/\/www.visit-ulcinj.com\/blog\/2009\/03\/02\/federata-e-taekwondo-se-se-malit-te-zi-organizoi-ne-podgorice-seminarin-nderkombetar\/#primaryimage\",\"url\":\"https:\/\/www.visit-ulcinj.com\/blog\/wp-content\/uploads\/2009\/03\/taekwondo_logo.gif\",\"contentUrl\":\"https:\/\/www.visit-ulcinj.com\/blog\/wp-content\/uploads\/2009\/03\/taekwondo_logo.gif\",\"width\":\"200\",\"height\":\"130\"},{\"@type\":\"WebPage\",\"@id\":\"https:\/\/www.visit-ulcinj.com\/blog\/2009\/03\/02\/federata-e-taekwondo-se-se-malit-te-zi-organizoi-ne-podgorice-seminarin-nderkombetar\/#webpage\",\"url\":\"https:\/\/www.visit-ulcinj.com\/blog\/2009\/03\/02\/federata-e-taekwondo-se-se-malit-te-zi-organizoi-ne-podgorice-seminarin-nderkombetar\/\",\"name\":\"Federata e taekwondo-s\u00eb s\u00eb Malit t\u00eb Zi organizoi n\u00eb Podgoric\u00eb seminarin nd\u00ebrkomb\u00ebtar - Lajme nga Ulqini\",\"isPartOf\":{\"@id\":\"https:\/\/www.visit-ulcinj.com\/blog\/#website\"},\"primaryImageOfPage\":{\"@id\":\"https:\/\/www.visit-ulcinj.com\/blog\/2009\/03\/02\/federata-e-taekwondo-se-se-malit-te-zi-organizoi-ne-podgorice-seminarin-nderkombetar\/#primaryimage\"},\"datePublished\":\"2009-03-02T17:44:55+00:00\",\"dateModified\":\"2009-03-02T17:44:55+00:00\",\"author\":{\"@id\":\"https:\/\/www.visit-ulcinj.com\/blog\/#\/schema\/person\/dcab619c614d3038751c63bc2aadc06d\"},\"description\":\"Shtat\u00eb mjeshtra nga KT \u201cUlqini\u201d Trajenri i KT \u201cUlqini\u201d Fikret Dushku thot\u00eb se kjo \u00ebsht\u00eb hera e par\u00eb q\u00eb n\u00eb Ulqin arrijn\u00eb t\u00eb dalin shtat\u00eb mjeshtra me\",\"breadcrumb\":{\"@id\":\"https:\/\/www.visit-ulcinj.com\/blog\/2009\/03\/02\/federata-e-taekwondo-se-se-malit-te-zi-organizoi-ne-podgorice-seminarin-nderkombetar\/#breadcrumb\"},\"inLanguage\":\"en-US\",\"potentialAction\":[{\"@type\":\"ReadAction\",\"target\":[\"https:\/\/www.visit-ulcinj.com\/blog\/2009\/03\/02\/federata-e-taekwondo-se-se-malit-te-zi-organizoi-ne-podgorice-seminarin-nderkombetar\/\"]}]},{\"@type\":\"BreadcrumbList\",\"@id\":\"https:\/\/www.visit-ulcinj.com\/blog\/2009\/03\/02\/federata-e-taekwondo-se-se-malit-te-zi-organizoi-ne-podgorice-seminarin-nderkombetar\/#breadcrumb\",\"itemListElement\":[{\"@type\":\"ListItem\",\"position\":1,\"name\":\"Federata e taekwondo-s\u00eb s\u00eb Malit t\u00eb Zi organizoi n\u00eb Podgoric\u00eb seminarin nd\u00ebrkomb\u00ebtar\"}]},{\"@type\":\"Person\",\"@id\":\"https:\/\/www.visit-ulcinj.com\/blog\/#\/schema\/person\/dcab619c614d3038751c63bc2aadc06d\",\"name\":\"ulqini\",\"sameAs\":[\"http:\/\/www.visit-ulcinj.com\"],\"url\":\"https:\/\/www.visit-ulcinj.com\/blog\/author\/admin\/\"}]}<\/script>\n<!-- \/ Yoast SEO plugin. -->","yoast_head_json":{"title":"Federata e taekwondo-s\u00eb s\u00eb Malit t\u00eb Zi organizoi n\u00eb Podgoric\u00eb seminarin nd\u00ebrkomb\u00ebtar - Lajme nga Ulqini","description":"Shtat\u00eb mjeshtra nga KT \u201cUlqini\u201d Trajenri i KT \u201cUlqini\u201d Fikret Dushku thot\u00eb se kjo \u00ebsht\u00eb hera e par\u00eb q\u00eb n\u00eb Ulqin arrijn\u00eb t\u00eb dalin shtat\u00eb mjeshtra me","robots":{"index":"index","follow":"follow","max-snippet":"max-snippet:-1","max-image-preview":"max-image-preview:large","max-video-preview":"max-video-preview:-1"},"canonical":"https:\/\/www.visit-ulcinj.com\/blog\/2009\/03\/02\/federata-e-taekwondo-se-se-malit-te-zi-organizoi-ne-podgorice-seminarin-nderkombetar\/","og_locale":"en_US","og_type":"article","og_title":"Federata e taekwondo-s\u00eb s\u00eb Malit t\u00eb Zi organizoi n\u00eb Podgoric\u00eb seminarin nd\u00ebrkomb\u00ebtar - Lajme nga Ulqini","og_description":"Shtat\u00eb mjeshtra nga KT \u201cUlqini\u201d Trajenri i KT \u201cUlqini\u201d Fikret Dushku thot\u00eb se kjo \u00ebsht\u00eb hera e par\u00eb q\u00eb n\u00eb Ulqin arrijn\u00eb t\u00eb dalin shtat\u00eb mjeshtra me","og_url":"https:\/\/www.visit-ulcinj.com\/blog\/2009\/03\/02\/federata-e-taekwondo-se-se-malit-te-zi-organizoi-ne-podgorice-seminarin-nderkombetar\/","og_site_name":"Lajme nga Ulqini","article_published_time":"2009-03-02T17:44:55+00:00","og_image":[{"url":"http:\/\/www.visit-ulcinj.com\/blog\/wp-content\/uploads\/2009\/03\/taekwondo_logo.gif"}],"twitter_misc":{"Written by":"ulqini","Est. reading time":"2 minutes"},"schema":{"@context":"https:\/\/schema.org","@graph":[{"@type":"WebSite","@id":"https:\/\/www.visit-ulcinj.com\/blog\/#website","url":"https:\/\/www.visit-ulcinj.com\/blog\/","name":"Lajme nga Ulqini","description":"Lajme,Vijesti,Ulqini,Ulqin,Crna Gora,Mali i Zi","potentialAction":[{"@type":"SearchAction","target":{"@type":"EntryPoint","urlTemplate":"https:\/\/www.visit-ulcinj.com\/blog\/?s={search_term_string}"},"query-input":"required name=search_term_string"}],"inLanguage":"en-US"},{"@type":"ImageObject","inLanguage":"en-US","@id":"https:\/\/www.visit-ulcinj.com\/blog\/2009\/03\/02\/federata-e-taekwondo-se-se-malit-te-zi-organizoi-ne-podgorice-seminarin-nderkombetar\/#primaryimage","url":"https:\/\/www.visit-ulcinj.com\/blog\/wp-content\/uploads\/2009\/03\/taekwondo_logo.gif","contentUrl":"https:\/\/www.visit-ulcinj.com\/blog\/wp-content\/uploads\/2009\/03\/taekwondo_logo.gif","width":"200","height":"130"},{"@type":"WebPage","@id":"https:\/\/www.visit-ulcinj.com\/blog\/2009\/03\/02\/federata-e-taekwondo-se-se-malit-te-zi-organizoi-ne-podgorice-seminarin-nderkombetar\/#webpage","url":"https:\/\/www.visit-ulcinj.com\/blog\/2009\/03\/02\/federata-e-taekwondo-se-se-malit-te-zi-organizoi-ne-podgorice-seminarin-nderkombetar\/","name":"Federata e taekwondo-s\u00eb s\u00eb Malit t\u00eb Zi organizoi n\u00eb Podgoric\u00eb seminarin nd\u00ebrkomb\u00ebtar - Lajme nga Ulqini","isPartOf":{"@id":"https:\/\/www.visit-ulcinj.com\/blog\/#website"},"primaryImageOfPage":{"@id":"https:\/\/www.visit-ulcinj.com\/blog\/2009\/03\/02\/federata-e-taekwondo-se-se-malit-te-zi-organizoi-ne-podgorice-seminarin-nderkombetar\/#primaryimage"},"datePublished":"2009-03-02T17:44:55+00:00","dateModified":"2009-03-02T17:44:55+00:00","author":{"@id":"https:\/\/www.visit-ulcinj.com\/blog\/#\/schema\/person\/dcab619c614d3038751c63bc2aadc06d"},"description":"Shtat\u00eb mjeshtra nga KT \u201cUlqini\u201d Trajenri i KT \u201cUlqini\u201d Fikret Dushku thot\u00eb se kjo \u00ebsht\u00eb hera e par\u00eb q\u00eb n\u00eb Ulqin arrijn\u00eb t\u00eb dalin shtat\u00eb mjeshtra me","breadcrumb":{"@id":"https:\/\/www.visit-ulcinj.com\/blog\/2009\/03\/02\/federata-e-taekwondo-se-se-malit-te-zi-organizoi-ne-podgorice-seminarin-nderkombetar\/#breadcrumb"},"inLanguage":"en-US","potentialAction":[{"@type":"ReadAction","target":["https:\/\/www.visit-ulcinj.com\/blog\/2009\/03\/02\/federata-e-taekwondo-se-se-malit-te-zi-organizoi-ne-podgorice-seminarin-nderkombetar\/"]}]},{"@type":"BreadcrumbList","@id":"https:\/\/www.visit-ulcinj.com\/blog\/2009\/03\/02\/federata-e-taekwondo-se-se-malit-te-zi-organizoi-ne-podgorice-seminarin-nderkombetar\/#breadcrumb","itemListElement":[{"@type":"ListItem","position":1,"name":"Federata e taekwondo-s\u00eb s\u00eb Malit t\u00eb Zi organizoi n\u00eb Podgoric\u00eb seminarin nd\u00ebrkomb\u00ebtar"}]},{"@type":"Person","@id":"https:\/\/www.visit-ulcinj.com\/blog\/#\/schema\/person\/dcab619c614d3038751c63bc2aadc06d","name":"ulqini","sameAs":["http:\/\/www.visit-ulcinj.com"],"url":"https:\/\/www.visit-ulcinj.com\/blog\/author\/admin\/"}]}},"jetpack_featured_media_url":"","jetpack_sharing_enabled":true,"jetpack_shortlink":"https:\/\/wp.me\/pe6lTn-3jJ","_links":{"self":[{"href":"https:\/\/www.visit-ulcinj.com\/blog\/wp-json\/wp\/v2\/posts\/12755"}],"collection":[{"href":"https:\/\/www.visit-ulcinj.com\/blog\/wp-json\/wp\/v2\/posts"}],"about":[{"href":"https:\/\/www.visit-ulcinj.com\/blog\/wp-json\/wp\/v2\/types\/post"}],"author":[{"embeddable":true,"href":"https:\/\/www.visit-ulcinj.com\/blog\/wp-json\/wp\/v2\/users\/1"}],"replies":[{"embeddable":true,"href":"https:\/\/www.visit-ulcinj.com\/blog\/wp-json\/wp\/v2\/comments?post=12755"}],"version-history":[{"count":0,"href":"https:\/\/www.visit-ulcinj.com\/blog\/wp-json\/wp\/v2\/posts\/12755\/revisions"}],"wp:attachment":[{"href":"https:\/\/www.visit-ulcinj.com\/blog\/wp-json\/wp\/v2\/media?parent=12755"}],"wp:term":[{"taxonomy":"category","embeddable":true,"href":"https:\/\/www.visit-ulcinj.com\/blog\/wp-json\/wp\/v2\/categories?post=12755"},{"taxonomy":"post_tag","embeddable":true,"href":"https:\/\/www.visit-ulcinj.com\/blog\/wp-json\/wp\/v2\/tags?post=12755"}],"curies":[{"name":"wp","href":"https:\/\/api.w.org\/{rel}","templated":true}]}}