{"id":1276,"date":"2008-04-17T02:06:17","date_gmt":"2008-04-17T07:06:17","guid":{"rendered":"http:\/\/www.visit-ulcinj.com\/blog\/?p=1276"},"modified":"2008-04-17T02:06:17","modified_gmt":"2008-04-17T07:06:17","slug":"fotografi-i-njohur-ulqinak-isuf-gjoni-hapi-ekspoziten-e-tij-te-pare-vetjake","status":"publish","type":"post","link":"https:\/\/www.visit-ulcinj.com\/blog\/2008\/04\/17\/fotografi-i-njohur-ulqinak-isuf-gjoni-hapi-ekspoziten-e-tij-te-pare-vetjake\/","title":{"rendered":"Fotografi i njohur ulqinak Isuf Gjoni hapi ekspozit\u00ebn e tij t\u00eb par\u00eb vetjake"},"content":{"rendered":"<p><a href=\"http:\/\/www.visit-ulcinj.com\/blog\/wp-content\/uploads\/2008\/04\/isuf-gjoni.jpg\"><img loading=\"lazy\" class=\"alignleft attachment wp-att-1277\" style=\"float: left;\" src=\"http:\/\/www.visit-ulcinj.com\/blog\/wp-content\/uploads\/2008\/04\/isuf-gjoni.thumbnail.jpg\" alt=\"ISUF GJONI\" width=\"200\" height=\"199\" \/><\/a><strong>Fotografit\u00eb e \u00ebndrrave<\/strong><br \/>\nMr. Llazar Pejoviq, pedagog i fotografis\u00eb n\u00eb Fakultetin e Arteve n\u00eb Cetin\u00eb, tha se shum\u00eb rrall\u00eb hasim raste si te Gjoni ku njeriu arrin t\u00eb prezantoj\u00eb edhe shprehjen autoriale, por n\u00eb t\u00eb nj\u00ebjt\u00ebn koh\u00eb t\u00eb jet\u00eb i njohur edhe si fotograf komercial.<br \/>\n&#8220;Mendoj se kjo \u00ebsht\u00eb nj\u00ebra nga rrug\u00ebt m\u00eb t\u00eb mira p\u00ebr popullarizimin e fotografis\u00eb n\u00eb Mal t\u00eb Zi, sepse vet\u00ebm p\u00ebrmes nj\u00eb qasjeje t\u00eb till\u00eb serioze, arti fotografik mund t\u00eb arrij\u00eb deri te shtresat m\u00eb t\u00eb gjera shoq\u00ebrore&#8221;, tha Pejoviq.<br \/>\nFotografi i njohur ulqinak, Isuf Gjoni, hapi t\u00eb shtun\u00ebn n\u00eb Galerin\u00eb &#8220;Art&#8221; t\u00eb Qendr\u00ebs s\u00eb Kultur\u00ebs n\u00eb Ulqin ekspozit\u00ebn e tij t\u00eb par\u00eb fotografike. N\u00eb ekspozit\u00eb ai u prezantua me 40 fotografi, t\u00eb ndara n\u00eb disa cikle, t\u00eb realizuara me mjeshtri nga autori jo vet\u00ebm nga toka, por edhe nga ajri.<br \/>\nDuke folur p\u00ebr ekspozit\u00ebn, doc. Mr. Llazar Pejoviq, pedagog i fotografis\u00eb n\u00eb Fakultetin e Arteve n\u00eb Cetin\u00eb, tha se fotografit\u00eb e Gjonit jan\u00eb t\u00eb r\u00ebnd\u00ebsishme p\u00ebr dy arsye.<br \/>\n&#8220;Ato prezantojn\u00eb nj\u00eb veti q\u00eb e ka autori, e kjo \u00ebsht\u00eb q\u00eb ai arrin t\u00eb bashkoj\u00eb kreativitetin specifik, talentin e autorit me profesionalizmin e lart\u00eb&#8221;, tha Pejoviq.<a href=\"http:\/\/www.visit-ulcinj.com\/blog\/wp-content\/uploads\/2008\/04\/bilali-ne-expozit-te-isuf-gjoni.jpg\"><img loading=\"lazy\" class=\"alignright attachment wp-att-1271\" style=\"float: right;\" src=\"http:\/\/www.visit-ulcinj.com\/blog\/wp-content\/uploads\/2008\/04\/bilali-ne-expozit-te-isuf-gjoni.thumbnail.jpg\" alt=\"BILALI NE EXPOZIT TE ISUF GJONI\" width=\"200\" height=\"140\" \/><\/a><br \/>\nAi tha se shum\u00eb shpesh fotograf\u00ebt nuk merren me art, por merren me an\u00ebn komerciale, kurse shum\u00eb rrall\u00eb hasim raste si te Gjoni ku njeriu arrin t\u00eb prezantoj\u00eb edhe shprehjen autoriale, por n\u00eb t\u00eb nj\u00ebjt\u00ebn koh\u00eb t\u00eb jet\u00eb i njohur edhe si fotograf komercial.<br \/>\n&#8220;Mendoj se kjo \u00ebsht\u00eb nj\u00ebra nga rrug\u00ebt m\u00eb t\u00eb mira p\u00ebr popullarizimin e fotografis\u00eb n\u00eb Mal t\u00eb Zi, sepse vet\u00ebm p\u00ebrmes nj\u00eb qasjeje t\u00eb till\u00eb serioze, arti fotografik mund t\u00eb arrij\u00eb deri te shtresat m\u00eb t\u00eb gjera shoq\u00ebrore&#8221;, tha Pejoviq.<br \/>\n<a href=\"http:\/\/www.visit-ulcinj.com\/blog\/wp-content\/uploads\/2008\/01\/muja.jpg\"><img loading=\"lazy\" class=\"alignleft attachment wp-att-209\" style=\"float: left;\" src=\"http:\/\/www.visit-ulcinj.com\/blog\/wp-content\/uploads\/2008\/01\/muja.thumbnail.jpg\" alt=\"Qazim Muja\" width=\"91\" height=\"128\" \/><\/a> Piktori Qazim Muja tha se origjinaliteti i fotografit Gjoni mund t\u00eb v\u00ebrehet n\u00eb zgjedhjen e atmosfer\u00ebs s\u00eb pazakonshme p\u00ebr fiksim fotografik si qielli plot re, deti i val\u00ebzuar, per\u00ebndimi i diellit duke zgjedhur objektivin adekuat p\u00ebr t\u00eb paraqitur thell\u00ebsin\u00eb dhe gjer\u00ebsin\u00eb e ekspozicionit.<br \/>\n&#8220;Duke u nisur nga nj\u00eb bank\u00eb e vetmuar n\u00eb mes t\u00eb pyllit, autori fillon t\u00eb shpalos\u00eb ndjenjat e veta, nga ato m\u00eb intimet, t\u00eb momentin t\u00eb vetmis\u00eb, pastaj duke fiksuar monumentet e ndryshme t\u00eb krijuara nga dora e njeriut dhe monumentet e natyr\u00ebs, simbole t\u00eb q\u00ebndres\u00ebs, dhe m\u00eb pastaj me detin, val\u00ebt, uj\u00ebvarat, na sygjeron iden\u00eb mbi dinamizmin dhe ndryshueshm\u00ebrin\u00eb e p\u00ebrhershme, teorin\u00eb se \u00e7do gj\u00eb rrjedh, \u00e7do gj\u00eb ndryshon&#8221;, tha ai.<br \/>\nNd\u00ebrsa kryetari i Komun\u00ebs s\u00eb Ulqinit, G\u00ebzim Hajdinaga, vler\u00ebsoi n\u00eb radh\u00eb t\u00eb par\u00eb personalitetin e Gjonit.<br \/>\n&#8220;\u00c7do her\u00eb q\u00eb Komuna e Ulqinit ka dashur t\u00eb organizoj\u00eb di\u00e7ka, nuk ka menduar fare se si do t\u00eb organizohet ajo. Gjoni \u00ebsht\u00eb njeri pedant, i sigurt n\u00eb vete dhe un\u00eb jam i sigurt q\u00eb ai do t\u00eb ket\u00eb akoma m\u00eb tep\u00ebr suksese n\u00eb karrier\u00ebn e tij&#8221;, u shpreh Hajdinaga.<br \/>\nEkspozita u organizua n\u00eb kuad\u00ebr t\u00eb ceremonive kushtuar Dit\u00ebs s\u00eb Komun\u00ebs s\u00eb Ulqinit.<br \/>\n<strong> I.Kallaba<br \/>\nKOHA JAVORE<\/strong><\/p>\n","protected":false},"excerpt":{"rendered":"<p><img loading=\"lazy\" class=\"alignleft attachment wp-att-1277\" style=\"float: left;\" src=\"http:\/\/www.visit-ulcinj.com\/blog\/wp-content\/uploads\/2008\/04\/isuf-gjoni.thumbnail.jpg\" alt=\"ISUF GJONI\" width=\"140\" height=\"140\" \/><\/p>\n","protected":false},"author":1,"featured_media":0,"comment_status":"open","ping_status":"closed","sticky":false,"template":"","format":"standard","meta":{"spay_email":"","jetpack_publicize_message":"","jetpack_is_tweetstorm":false,"jetpack_publicize_feature_enabled":true},"categories":[4,12],"tags":[2535,2533,222,2521,2531,2532,2534],"jetpack_publicize_connections":[],"yoast_head":"<!-- This site is optimized with the Yoast SEO plugin v19.1 - https:\/\/yoast.com\/wordpress\/plugins\/seo\/ -->\n<title>Fotografi i njohur ulqinak Isuf Gjoni hapi ekspozit\u00ebn e tij t\u00eb par\u00eb vetjake - Lajme nga Ulqini<\/title>\n<meta name=\"robots\" content=\"index, follow, max-snippet:-1, max-image-preview:large, max-video-preview:-1\" \/>\n<link rel=\"canonical\" href=\"https:\/\/www.visit-ulcinj.com\/blog\/2008\/04\/17\/fotografi-i-njohur-ulqinak-isuf-gjoni-hapi-ekspoziten-e-tij-te-pare-vetjake\/\" \/>\n<meta property=\"og:locale\" content=\"en_US\" \/>\n<meta property=\"og:type\" content=\"article\" \/>\n<meta property=\"og:title\" content=\"Fotografi i njohur ulqinak Isuf Gjoni hapi ekspozit\u00ebn e tij t\u00eb par\u00eb vetjake - Lajme nga Ulqini\" \/>\n<meta property=\"og:url\" content=\"https:\/\/www.visit-ulcinj.com\/blog\/2008\/04\/17\/fotografi-i-njohur-ulqinak-isuf-gjoni-hapi-ekspoziten-e-tij-te-pare-vetjake\/\" \/>\n<meta property=\"og:site_name\" content=\"Lajme nga Ulqini\" \/>\n<meta property=\"article:published_time\" content=\"2008-04-17T07:06:17+00:00\" \/>\n<meta property=\"og:image\" content=\"http:\/\/www.visit-ulcinj.com\/blog\/wp-content\/uploads\/2008\/04\/isuf-gjoni.thumbnail.jpg\" \/>\n<meta name=\"twitter:label1\" content=\"Written by\" \/>\n\t<meta name=\"twitter:data1\" content=\"ulqini\" \/>\n\t<meta name=\"twitter:label2\" content=\"Est. reading time\" \/>\n\t<meta name=\"twitter:data2\" content=\"3 minutes\" \/>\n<script type=\"application\/ld+json\" class=\"yoast-schema-graph\">{\"@context\":\"https:\/\/schema.org\",\"@graph\":[{\"@type\":\"WebSite\",\"@id\":\"https:\/\/www.visit-ulcinj.com\/blog\/#website\",\"url\":\"https:\/\/www.visit-ulcinj.com\/blog\/\",\"name\":\"Lajme nga Ulqini\",\"description\":\"Lajme,Vijesti,Ulqini,Ulqin,Crna Gora,Mali i Zi\",\"potentialAction\":[{\"@type\":\"SearchAction\",\"target\":{\"@type\":\"EntryPoint\",\"urlTemplate\":\"https:\/\/www.visit-ulcinj.com\/blog\/?s={search_term_string}\"},\"query-input\":\"required name=search_term_string\"}],\"inLanguage\":\"en-US\"},{\"@type\":\"ImageObject\",\"inLanguage\":\"en-US\",\"@id\":\"https:\/\/www.visit-ulcinj.com\/blog\/2008\/04\/17\/fotografi-i-njohur-ulqinak-isuf-gjoni-hapi-ekspoziten-e-tij-te-pare-vetjake\/#primaryimage\",\"url\":\"http:\/\/www.visit-ulcinj.com\/blog\/wp-content\/uploads\/2008\/04\/isuf-gjoni.thumbnail.jpg\",\"contentUrl\":\"http:\/\/www.visit-ulcinj.com\/blog\/wp-content\/uploads\/2008\/04\/isuf-gjoni.thumbnail.jpg\"},{\"@type\":\"WebPage\",\"@id\":\"https:\/\/www.visit-ulcinj.com\/blog\/2008\/04\/17\/fotografi-i-njohur-ulqinak-isuf-gjoni-hapi-ekspoziten-e-tij-te-pare-vetjake\/#webpage\",\"url\":\"https:\/\/www.visit-ulcinj.com\/blog\/2008\/04\/17\/fotografi-i-njohur-ulqinak-isuf-gjoni-hapi-ekspoziten-e-tij-te-pare-vetjake\/\",\"name\":\"Fotografi i njohur ulqinak Isuf Gjoni hapi ekspozit\u00ebn e tij t\u00eb par\u00eb vetjake - Lajme nga Ulqini\",\"isPartOf\":{\"@id\":\"https:\/\/www.visit-ulcinj.com\/blog\/#website\"},\"primaryImageOfPage\":{\"@id\":\"https:\/\/www.visit-ulcinj.com\/blog\/2008\/04\/17\/fotografi-i-njohur-ulqinak-isuf-gjoni-hapi-ekspoziten-e-tij-te-pare-vetjake\/#primaryimage\"},\"datePublished\":\"2008-04-17T07:06:17+00:00\",\"dateModified\":\"2008-04-17T07:06:17+00:00\",\"author\":{\"@id\":\"https:\/\/www.visit-ulcinj.com\/blog\/#\/schema\/person\/dcab619c614d3038751c63bc2aadc06d\"},\"breadcrumb\":{\"@id\":\"https:\/\/www.visit-ulcinj.com\/blog\/2008\/04\/17\/fotografi-i-njohur-ulqinak-isuf-gjoni-hapi-ekspoziten-e-tij-te-pare-vetjake\/#breadcrumb\"},\"inLanguage\":\"en-US\",\"potentialAction\":[{\"@type\":\"ReadAction\",\"target\":[\"https:\/\/www.visit-ulcinj.com\/blog\/2008\/04\/17\/fotografi-i-njohur-ulqinak-isuf-gjoni-hapi-ekspoziten-e-tij-te-pare-vetjake\/\"]}]},{\"@type\":\"BreadcrumbList\",\"@id\":\"https:\/\/www.visit-ulcinj.com\/blog\/2008\/04\/17\/fotografi-i-njohur-ulqinak-isuf-gjoni-hapi-ekspoziten-e-tij-te-pare-vetjake\/#breadcrumb\",\"itemListElement\":[{\"@type\":\"ListItem\",\"position\":1,\"name\":\"Fotografi i njohur ulqinak Isuf Gjoni hapi ekspozit\u00ebn e tij t\u00eb par\u00eb vetjake\"}]},{\"@type\":\"Person\",\"@id\":\"https:\/\/www.visit-ulcinj.com\/blog\/#\/schema\/person\/dcab619c614d3038751c63bc2aadc06d\",\"name\":\"ulqini\",\"sameAs\":[\"http:\/\/www.visit-ulcinj.com\"],\"url\":\"https:\/\/www.visit-ulcinj.com\/blog\/author\/admin\/\"}]}<\/script>\n<!-- \/ Yoast SEO plugin. -->","yoast_head_json":{"title":"Fotografi i njohur ulqinak Isuf Gjoni hapi ekspozit\u00ebn e tij t\u00eb par\u00eb vetjake - Lajme nga Ulqini","robots":{"index":"index","follow":"follow","max-snippet":"max-snippet:-1","max-image-preview":"max-image-preview:large","max-video-preview":"max-video-preview:-1"},"canonical":"https:\/\/www.visit-ulcinj.com\/blog\/2008\/04\/17\/fotografi-i-njohur-ulqinak-isuf-gjoni-hapi-ekspoziten-e-tij-te-pare-vetjake\/","og_locale":"en_US","og_type":"article","og_title":"Fotografi i njohur ulqinak Isuf Gjoni hapi ekspozit\u00ebn e tij t\u00eb par\u00eb vetjake - Lajme nga Ulqini","og_url":"https:\/\/www.visit-ulcinj.com\/blog\/2008\/04\/17\/fotografi-i-njohur-ulqinak-isuf-gjoni-hapi-ekspoziten-e-tij-te-pare-vetjake\/","og_site_name":"Lajme nga Ulqini","article_published_time":"2008-04-17T07:06:17+00:00","og_image":[{"url":"http:\/\/www.visit-ulcinj.com\/blog\/wp-content\/uploads\/2008\/04\/isuf-gjoni.thumbnail.jpg"}],"twitter_misc":{"Written by":"ulqini","Est. reading time":"3 minutes"},"schema":{"@context":"https:\/\/schema.org","@graph":[{"@type":"WebSite","@id":"https:\/\/www.visit-ulcinj.com\/blog\/#website","url":"https:\/\/www.visit-ulcinj.com\/blog\/","name":"Lajme nga Ulqini","description":"Lajme,Vijesti,Ulqini,Ulqin,Crna Gora,Mali i Zi","potentialAction":[{"@type":"SearchAction","target":{"@type":"EntryPoint","urlTemplate":"https:\/\/www.visit-ulcinj.com\/blog\/?s={search_term_string}"},"query-input":"required name=search_term_string"}],"inLanguage":"en-US"},{"@type":"ImageObject","inLanguage":"en-US","@id":"https:\/\/www.visit-ulcinj.com\/blog\/2008\/04\/17\/fotografi-i-njohur-ulqinak-isuf-gjoni-hapi-ekspoziten-e-tij-te-pare-vetjake\/#primaryimage","url":"http:\/\/www.visit-ulcinj.com\/blog\/wp-content\/uploads\/2008\/04\/isuf-gjoni.thumbnail.jpg","contentUrl":"http:\/\/www.visit-ulcinj.com\/blog\/wp-content\/uploads\/2008\/04\/isuf-gjoni.thumbnail.jpg"},{"@type":"WebPage","@id":"https:\/\/www.visit-ulcinj.com\/blog\/2008\/04\/17\/fotografi-i-njohur-ulqinak-isuf-gjoni-hapi-ekspoziten-e-tij-te-pare-vetjake\/#webpage","url":"https:\/\/www.visit-ulcinj.com\/blog\/2008\/04\/17\/fotografi-i-njohur-ulqinak-isuf-gjoni-hapi-ekspoziten-e-tij-te-pare-vetjake\/","name":"Fotografi i njohur ulqinak Isuf Gjoni hapi ekspozit\u00ebn e tij t\u00eb par\u00eb vetjake - Lajme nga Ulqini","isPartOf":{"@id":"https:\/\/www.visit-ulcinj.com\/blog\/#website"},"primaryImageOfPage":{"@id":"https:\/\/www.visit-ulcinj.com\/blog\/2008\/04\/17\/fotografi-i-njohur-ulqinak-isuf-gjoni-hapi-ekspoziten-e-tij-te-pare-vetjake\/#primaryimage"},"datePublished":"2008-04-17T07:06:17+00:00","dateModified":"2008-04-17T07:06:17+00:00","author":{"@id":"https:\/\/www.visit-ulcinj.com\/blog\/#\/schema\/person\/dcab619c614d3038751c63bc2aadc06d"},"breadcrumb":{"@id":"https:\/\/www.visit-ulcinj.com\/blog\/2008\/04\/17\/fotografi-i-njohur-ulqinak-isuf-gjoni-hapi-ekspoziten-e-tij-te-pare-vetjake\/#breadcrumb"},"inLanguage":"en-US","potentialAction":[{"@type":"ReadAction","target":["https:\/\/www.visit-ulcinj.com\/blog\/2008\/04\/17\/fotografi-i-njohur-ulqinak-isuf-gjoni-hapi-ekspoziten-e-tij-te-pare-vetjake\/"]}]},{"@type":"BreadcrumbList","@id":"https:\/\/www.visit-ulcinj.com\/blog\/2008\/04\/17\/fotografi-i-njohur-ulqinak-isuf-gjoni-hapi-ekspoziten-e-tij-te-pare-vetjake\/#breadcrumb","itemListElement":[{"@type":"ListItem","position":1,"name":"Fotografi i njohur ulqinak Isuf Gjoni hapi ekspozit\u00ebn e tij t\u00eb par\u00eb vetjake"}]},{"@type":"Person","@id":"https:\/\/www.visit-ulcinj.com\/blog\/#\/schema\/person\/dcab619c614d3038751c63bc2aadc06d","name":"ulqini","sameAs":["http:\/\/www.visit-ulcinj.com"],"url":"https:\/\/www.visit-ulcinj.com\/blog\/author\/admin\/"}]}},"jetpack_featured_media_url":"","jetpack_sharing_enabled":true,"jetpack_shortlink":"https:\/\/wp.me\/pe6lTn-kA","_links":{"self":[{"href":"https:\/\/www.visit-ulcinj.com\/blog\/wp-json\/wp\/v2\/posts\/1276"}],"collection":[{"href":"https:\/\/www.visit-ulcinj.com\/blog\/wp-json\/wp\/v2\/posts"}],"about":[{"href":"https:\/\/www.visit-ulcinj.com\/blog\/wp-json\/wp\/v2\/types\/post"}],"author":[{"embeddable":true,"href":"https:\/\/www.visit-ulcinj.com\/blog\/wp-json\/wp\/v2\/users\/1"}],"replies":[{"embeddable":true,"href":"https:\/\/www.visit-ulcinj.com\/blog\/wp-json\/wp\/v2\/comments?post=1276"}],"version-history":[{"count":0,"href":"https:\/\/www.visit-ulcinj.com\/blog\/wp-json\/wp\/v2\/posts\/1276\/revisions"}],"wp:attachment":[{"href":"https:\/\/www.visit-ulcinj.com\/blog\/wp-json\/wp\/v2\/media?parent=1276"}],"wp:term":[{"taxonomy":"category","embeddable":true,"href":"https:\/\/www.visit-ulcinj.com\/blog\/wp-json\/wp\/v2\/categories?post=1276"},{"taxonomy":"post_tag","embeddable":true,"href":"https:\/\/www.visit-ulcinj.com\/blog\/wp-json\/wp\/v2\/tags?post=1276"}],"curies":[{"name":"wp","href":"https:\/\/api.w.org\/{rel}","templated":true}]}}