{"id":12760,"date":"2009-03-02T20:13:59","date_gmt":"2009-03-02T19:13:59","guid":{"rendered":"http:\/\/www.visit-ulcinj.com\/blog\/?p=12760"},"modified":"2009-03-09T17:29:27","modified_gmt":"2009-03-09T16:29:27","slug":"gezim-hajdinaga-morri-pjese-ne-panairin-turistik-utazash-ne-budapest","status":"publish","type":"post","link":"https:\/\/www.visit-ulcinj.com\/blog\/2009\/03\/02\/gezim-hajdinaga-morri-pjese-ne-panairin-turistik-utazash-ne-budapest\/","title":{"rendered":"G\u00ebzim Hajdinaga, morri pjes\u00eb n\u00eb Panairin turistik UTAZASH n\u00eb Budapest"},"content":{"rendered":"<p><a href=\"http:\/\/www.visit-ulcinj.com\/blog\/wp-content\/uploads\/2009\/03\/ghajdinaga_-kapitan_hmurati_gresulbegovic_hkaramanaga.jpg\"><img loading=\"lazy\" class=\"alignleft size-full wp-image-12762\" title=\"ghajdinaga_-kapitan_hmurati_gresulbegovic_hkaramanaga\" src=\"http:\/\/www.visit-ulcinj.com\/blog\/wp-content\/uploads\/2009\/03\/ghajdinaga_-kapitan_hmurati_gresulbegovic_hkaramanaga.jpg\" alt=\"ghajdinaga_-kapitan_hmurati_gresulbegovic_hkaramanaga\" width=\"570\" height=\"375\" \/><\/a>Nj\u00eb delegacion nga qyteti yn\u00eb i kryesuar nga Kryetari Hajdinaga, morri pjes\u00eb n\u00eb Panairin turistik UTAZASH q\u00eb u organizua n\u00eb Budapest.<br \/>\nPanairi u hap me 26 shkurt dhe tuboi nj\u00eb num\u00ebr t\u00eb madh t\u00eb shtetesh t\u00eb cil\u00ebt n\u00ebp\u00ebrmes organizatave t\u00eb tyre nacionale b\u00ebn\u00eb prezantimet e ofert\u00ebs turistike.<br \/>\nViteve t\u00eb fundit n\u00eb bregdetin e Malit t\u00eb Zi, v\u00ebrehet nj\u00eb rritje e mysafir\u00ebve hungarez, sipas statistik\u00ebs mbi 300 mij\u00eb, andaj n\u00eb Panair u prezantua oferta turistike e Ulqinit, Kotorrit, Budv\u00ebs, Tivarit etj.<br \/>\nP\u00ebrfaq\u00ebsuesit e agjencive turistike t\u00eb Ulqinit dhe ata t\u00eb hotelerier\u00ebve u prezantuan denj\u00ebsisht n\u00eb k\u00ebt\u00eb aktivitet nd\u00ebrkoh\u00eb q\u00eb Kryetari Hajdinaga pati takime t\u00eb r\u00ebnd\u00ebsishme pune.<br \/>\nAi fillimisht u takua me z. Daniel Neustadtlom, Projektmenaxher i kompanis\u00eb prestigjioze hungareze HUNGEST HOTEL e cila ka kapacitete hoteleriere edhe n\u00eb Herceg Novi.<br \/>\nZ.Hajdinaga i ftoi p\u00ebrfaq\u00ebsuesit e kompanis\u00eb n\u00eb fjal\u00eb p\u00ebr bashk\u00ebpunim t\u00eb nd\u00ebrsjellt\u00eb t\u00eb vizitojn\u00eb Ulqinin dhe t\u00eb shohin mund\u00ebsin\u00eb e investimeve n\u00eb qytetin ton\u00eb.<br \/>\nNikoqir\u00ebt pranuan me k\u00ebnaq\u00ebsi ftes\u00ebn.<br \/>\nNj\u00eb takim tjeter i r\u00ebnd\u00ebsish\u00ebm q\u00eb u organizua ishte ai me p\u00ebrfaq\u00ebsuesit e gjigandit TRIGRANIT, t\u00eb cil\u00ebt kan\u00eb treguar interesim permanent p\u00ebr investime n\u00eb Ulqin ve\u00e7mas kur \u00ebsht\u00eb fjala p\u00ebr Plazhin e madh.<br \/>\nKryetari\u00a0 Hajdinaga n\u00eb shoq\u00ebrin\u00eb e p\u00ebrfaq\u00ebsuesve t\u00eb Trigranitit\u00a0 vizituan objekte dhe komplekse q\u00eb kjo kompani e njohur n\u00eb Evrop\u00eb n\u00eb fush\u00ebn e nd\u00ebrtimtaris\u00eb ka kryer n\u00eb Budapest.<br \/>\nGjat\u00eb q\u00ebndrimit t\u00eb delegacionit ton\u00eb n\u00eb Budapest u hodh ideja p\u00ebr v\u00ebnijen e kontakteve nd\u00ebrmjet Ulqinit dhe Distritit t\u00eb pest\u00eb t\u00eb kryeqytetit hungarez, \u00ebsht\u00eb fjala p\u00ebr distriktin m\u00eb atraktiv q\u00eb p\u00ebrfshin pjes\u00ebn q\u00ebndrore t\u00eb Pesht\u00ebs ku jan\u00eb t\u00eb instaluar Parlamenti, Katedralja, Akademia e shkencave, nj\u00eb num\u00ebr i madh i hoteleve\u00a0 dhe urat m\u00eb t\u00eb bukura t\u00eb Danubit.<br \/>\nN\u00eb nj\u00eb t\u00eb ardhme t\u00eb shpejt\u00eb mund t\u00eb pritet dhe takimi i dy delegacioneve.<br \/>\nKryetarin Hajdinaga n\u00eb k\u00ebto takime shoq\u00ebrohej dhe nga Ambasadori i Malit t\u00eb Zi n\u00eb Hungari Dr. Vanja Brailo.<br \/>\nAmbasadori vleresoi lart\u00eb angazhimin e delegacionit ton\u00eb dhe u shpreh i gatsh\u00ebm p\u00ebr venijen e urave t\u00eb bashk\u00ebpunimit nd\u00ebrmjet Ulqinit dhe pjes\u00ebve atraktive t\u00eb Budapestit.<br \/>\nDelagacioni poashtu vizitoi edhe burs\u00ebn turistike n\u00eb qytetin e Beogradit ku ka zhvilluar nj\u00eb s\u00ebr\u00eb takimesh me p\u00ebrfaq\u00ebsues relevant t\u00eb turizmit t\u00eb k\u00ebtij vendi.<\/p>\n<p><strong>Municipality of Ulcinj \/ Ulqin &#8211; Montenegro<br \/>\n<\/strong><\/p>\n\n\t\t<style type=\"text\/css\">\n\t\t\t#gallery-1 {\n\t\t\t\tmargin: auto;\n\t\t\t}\n\t\t\t#gallery-1 .gallery-item {\n\t\t\t\tfloat: left;\n\t\t\t\tmargin-top: 10px;\n\t\t\t\ttext-align: center;\n\t\t\t\twidth: 33%;\n\t\t\t}\n\t\t\t#gallery-1 img {\n\t\t\t\tborder: 2px solid #cfcfcf;\n\t\t\t}\n\t\t\t#gallery-1 .gallery-caption {\n\t\t\t\tmargin-left: 0;\n\t\t\t}\n\t\t\t\/* see gallery_shortcode() in wp-includes\/media.php *\/\n\t\t<\/style>\n\t\t<div id='gallery-1' class='gallery galleryid-12760 gallery-columns-3 gallery-size-thumbnail'><dl class='gallery-item'>\n\t\t\t<dt class='gallery-icon landscape'>\n\t\t\t\t<a href='https:\/\/www.visit-ulcinj.com\/blog\/wp-content\/uploads\/2009\/03\/ghajdinaga_-drvbrailo_hmurati_gresulbegovic_hkaramanaga.jpg'><img width=\"150\" height=\"150\" src=\"https:\/\/www.visit-ulcinj.com\/blog\/wp-content\/uploads\/2009\/03\/ghajdinaga_-drvbrailo_hmurati_gresulbegovic_hkaramanaga-150x150.jpg\" class=\"attachment-thumbnail size-thumbnail\" alt=\"\" loading=\"lazy\" \/><\/a>\n\t\t\t<\/dt><\/dl><dl class='gallery-item'>\n\t\t\t<dt class='gallery-icon landscape'>\n\t\t\t\t<a href='https:\/\/www.visit-ulcinj.com\/blog\/wp-content\/uploads\/2009\/03\/ghajdinaga_-kapitan_hmurati_gresulbegovic_hkaramanaga.jpg'><img width=\"150\" height=\"150\" src=\"https:\/\/www.visit-ulcinj.com\/blog\/wp-content\/uploads\/2009\/03\/ghajdinaga_-kapitan_hmurati_gresulbegovic_hkaramanaga-150x150.jpg\" class=\"attachment-thumbnail size-thumbnail\" alt=\"\" loading=\"lazy\" \/><\/a>\n\t\t\t<\/dt><\/dl><dl class='gallery-item'>\n\t\t\t<dt class='gallery-icon landscape'>\n\t\t\t\t<a href='https:\/\/www.visit-ulcinj.com\/blog\/wp-content\/uploads\/2009\/03\/ghajdinaga_ambasador-dr-vanja-brailo1.jpg'><img width=\"150\" height=\"150\" src=\"https:\/\/www.visit-ulcinj.com\/blog\/wp-content\/uploads\/2009\/03\/ghajdinaga_ambasador-dr-vanja-brailo1-150x150.jpg\" class=\"attachment-thumbnail size-thumbnail\" alt=\"\" loading=\"lazy\" \/><\/a>\n\t\t\t<\/dt><\/dl><br style=\"clear: both\" \/><dl class='gallery-item'>\n\t\t\t<dt class='gallery-icon landscape'>\n\t\t\t\t<a href='https:\/\/www.visit-ulcinj.com\/blog\/wp-content\/uploads\/2009\/03\/ghajdinaga_ambasador-dr-vanja-brailo2.jpg'><img width=\"150\" height=\"150\" src=\"https:\/\/www.visit-ulcinj.com\/blog\/wp-content\/uploads\/2009\/03\/ghajdinaga_ambasador-dr-vanja-brailo2-150x150.jpg\" class=\"attachment-thumbnail size-thumbnail\" alt=\"\" loading=\"lazy\" \/><\/a>\n\t\t\t<\/dt><\/dl><dl class='gallery-item'>\n\t\t\t<dt class='gallery-icon landscape'>\n\t\t\t\t<a href='https:\/\/www.visit-ulcinj.com\/blog\/wp-content\/uploads\/2009\/03\/ghajdinaga_ambasador-dr-vanja-brailo.jpg'><img width=\"150\" height=\"150\" src=\"https:\/\/www.visit-ulcinj.com\/blog\/wp-content\/uploads\/2009\/03\/ghajdinaga_ambasador-dr-vanja-brailo-150x150.jpg\" class=\"attachment-thumbnail size-thumbnail\" alt=\"\" loading=\"lazy\" \/><\/a>\n\t\t\t<\/dt><\/dl><dl class='gallery-item'>\n\t\t\t<dt class='gallery-icon landscape'>\n\t\t\t\t<a href='https:\/\/www.visit-ulcinj.com\/blog\/wp-content\/uploads\/2009\/03\/stand-ulcinj-montenegro.jpg'><img width=\"150\" height=\"150\" src=\"https:\/\/www.visit-ulcinj.com\/blog\/wp-content\/uploads\/2009\/03\/stand-ulcinj-montenegro-150x150.jpg\" class=\"attachment-thumbnail size-thumbnail\" alt=\"\" loading=\"lazy\" \/><\/a>\n\t\t\t<\/dt><\/dl><br style=\"clear: both\" \/><dl class='gallery-item'>\n\t\t\t<dt class='gallery-icon landscape'>\n\t\t\t\t<a href='https:\/\/www.visit-ulcinj.com\/blog\/wp-content\/uploads\/2009\/03\/stand-ulcinj-montenegro_hajdar-murati.jpg'><img width=\"150\" height=\"150\" src=\"https:\/\/www.visit-ulcinj.com\/blog\/wp-content\/uploads\/2009\/03\/stand-ulcinj-montenegro_hajdar-murati-150x150.jpg\" class=\"attachment-thumbnail size-thumbnail\" alt=\"\" loading=\"lazy\" \/><\/a>\n\t\t\t<\/dt><\/dl><dl class='gallery-item'>\n\t\t\t<dt class='gallery-icon landscape'>\n\t\t\t\t<a href='https:\/\/www.visit-ulcinj.com\/blog\/wp-content\/uploads\/2009\/03\/stand-ulcinj-montenegro_hasan-karamanaga.jpg'><img width=\"150\" height=\"150\" src=\"https:\/\/www.visit-ulcinj.com\/blog\/wp-content\/uploads\/2009\/03\/stand-ulcinj-montenegro_hasan-karamanaga-150x150.jpg\" class=\"attachment-thumbnail size-thumbnail\" alt=\"\" loading=\"lazy\" \/><\/a>\n\t\t\t<\/dt><\/dl>\n\t\t\t<br style='clear: both' \/>\n\t\t<\/div>\n\n<!-- vimeo error: not a vimeo video -->\n","protected":false},"excerpt":{"rendered":"<p>Nj\u00eb delegacion nga qyteti yn\u00eb i kryesuar nga Kryetari Hajdinaga, morri pjes\u00eb n\u00eb Panairin turistik UTAZASH q\u00eb u organizua n\u00eb Budapest. Panairi u hap me 26 shkurt dhe tuboi nj\u00eb num\u00ebr t\u00eb madh t\u00eb shtetesh t\u00eb cil\u00ebt n\u00ebp\u00ebrmes organizatave t\u00eb tyre nacionale b\u00ebn\u00eb prezantimet e ofert\u00ebs turistike. Viteve t\u00eb fundit n\u00eb bregdetin e Malit t\u00eb [&hellip;]<\/p>\n","protected":false},"author":1,"featured_media":0,"comment_status":"open","ping_status":"closed","sticky":false,"template":"","format":"standard","meta":{"spay_email":"","jetpack_publicize_message":"","jetpack_is_tweetstorm":false,"jetpack_publicize_feature_enabled":true},"categories":[15],"tags":[7438,7436,7434,7437,79,7435,19,18],"jetpack_publicize_connections":[],"yoast_head":"<!-- This site is optimized with the Yoast SEO plugin v19.1 - https:\/\/yoast.com\/wordpress\/plugins\/seo\/ -->\n<title>G\u00ebzim Hajdinaga, morri pjes\u00eb n\u00eb Panairin turistik UTAZASH n\u00eb Budapest - Lajme nga Ulqini<\/title>\n<meta name=\"description\" content=\"Nj\u00eb delegacion nga qyteti yn\u00eb i kryesuar nga Kryetari Hajdinaga, morri pjes\u00eb n\u00eb Panairin turistik UTAZASH q\u00eb u organizua n\u00eb Budapest. Panairi u hap me 26\" \/>\n<meta name=\"robots\" content=\"index, follow, max-snippet:-1, max-image-preview:large, max-video-preview:-1\" \/>\n<link rel=\"canonical\" href=\"https:\/\/www.visit-ulcinj.com\/blog\/2009\/03\/02\/gezim-hajdinaga-morri-pjese-ne-panairin-turistik-utazash-ne-budapest\/\" \/>\n<meta property=\"og:locale\" content=\"en_US\" \/>\n<meta property=\"og:type\" content=\"article\" \/>\n<meta property=\"og:title\" content=\"G\u00ebzim Hajdinaga, morri pjes\u00eb n\u00eb Panairin turistik UTAZASH n\u00eb Budapest - Lajme nga Ulqini\" \/>\n<meta property=\"og:description\" content=\"Nj\u00eb delegacion nga qyteti yn\u00eb i kryesuar nga Kryetari Hajdinaga, morri pjes\u00eb n\u00eb Panairin turistik UTAZASH q\u00eb u organizua n\u00eb Budapest. Panairi u hap me 26\" \/>\n<meta property=\"og:url\" content=\"https:\/\/www.visit-ulcinj.com\/blog\/2009\/03\/02\/gezim-hajdinaga-morri-pjese-ne-panairin-turistik-utazash-ne-budapest\/\" \/>\n<meta property=\"og:site_name\" content=\"Lajme nga Ulqini\" \/>\n<meta property=\"article:published_time\" content=\"2009-03-02T19:13:59+00:00\" \/>\n<meta property=\"article:modified_time\" content=\"2009-03-09T16:29:27+00:00\" \/>\n<meta property=\"og:image\" content=\"https:\/\/www.visit-ulcinj.com\/blog\/wp-content\/uploads\/2009\/03\/ghajdinaga_-drvbrailo_hmurati_gresulbegovic_hkaramanaga-150x150.jpg\" \/>\n<meta name=\"twitter:label1\" content=\"Written by\" \/>\n\t<meta name=\"twitter:data1\" content=\"ulqini\" \/>\n\t<meta name=\"twitter:label2\" content=\"Est. reading time\" \/>\n\t<meta name=\"twitter:data2\" content=\"2 minutes\" \/>\n<script type=\"application\/ld+json\" class=\"yoast-schema-graph\">{\"@context\":\"https:\/\/schema.org\",\"@graph\":[{\"@type\":\"WebSite\",\"@id\":\"https:\/\/www.visit-ulcinj.com\/blog\/#website\",\"url\":\"https:\/\/www.visit-ulcinj.com\/blog\/\",\"name\":\"Lajme nga Ulqini\",\"description\":\"Lajme,Vijesti,Ulqini,Ulqin,Crna Gora,Mali i Zi\",\"potentialAction\":[{\"@type\":\"SearchAction\",\"target\":{\"@type\":\"EntryPoint\",\"urlTemplate\":\"https:\/\/www.visit-ulcinj.com\/blog\/?s={search_term_string}\"},\"query-input\":\"required name=search_term_string\"}],\"inLanguage\":\"en-US\"},{\"@type\":\"ImageObject\",\"inLanguage\":\"en-US\",\"@id\":\"https:\/\/www.visit-ulcinj.com\/blog\/2009\/03\/02\/gezim-hajdinaga-morri-pjese-ne-panairin-turistik-utazash-ne-budapest\/#primaryimage\",\"url\":\"https:\/\/www.visit-ulcinj.com\/blog\/wp-content\/uploads\/2009\/03\/ghajdinaga_-kapitan_hmurati_gresulbegovic_hkaramanaga.jpg\",\"contentUrl\":\"https:\/\/www.visit-ulcinj.com\/blog\/wp-content\/uploads\/2009\/03\/ghajdinaga_-kapitan_hmurati_gresulbegovic_hkaramanaga.jpg\",\"width\":\"1024\",\"height\":\"768\"},{\"@type\":\"WebPage\",\"@id\":\"https:\/\/www.visit-ulcinj.com\/blog\/2009\/03\/02\/gezim-hajdinaga-morri-pjese-ne-panairin-turistik-utazash-ne-budapest\/#webpage\",\"url\":\"https:\/\/www.visit-ulcinj.com\/blog\/2009\/03\/02\/gezim-hajdinaga-morri-pjese-ne-panairin-turistik-utazash-ne-budapest\/\",\"name\":\"G\u00ebzim Hajdinaga, morri pjes\u00eb n\u00eb Panairin turistik UTAZASH n\u00eb Budapest - Lajme nga Ulqini\",\"isPartOf\":{\"@id\":\"https:\/\/www.visit-ulcinj.com\/blog\/#website\"},\"primaryImageOfPage\":{\"@id\":\"https:\/\/www.visit-ulcinj.com\/blog\/2009\/03\/02\/gezim-hajdinaga-morri-pjese-ne-panairin-turistik-utazash-ne-budapest\/#primaryimage\"},\"datePublished\":\"2009-03-02T19:13:59+00:00\",\"dateModified\":\"2009-03-09T16:29:27+00:00\",\"author\":{\"@id\":\"https:\/\/www.visit-ulcinj.com\/blog\/#\/schema\/person\/dcab619c614d3038751c63bc2aadc06d\"},\"description\":\"Nj\u00eb delegacion nga qyteti yn\u00eb i kryesuar nga Kryetari Hajdinaga, morri pjes\u00eb n\u00eb Panairin turistik UTAZASH q\u00eb u organizua n\u00eb Budapest. Panairi u hap me 26\",\"breadcrumb\":{\"@id\":\"https:\/\/www.visit-ulcinj.com\/blog\/2009\/03\/02\/gezim-hajdinaga-morri-pjese-ne-panairin-turistik-utazash-ne-budapest\/#breadcrumb\"},\"inLanguage\":\"en-US\",\"potentialAction\":[{\"@type\":\"ReadAction\",\"target\":[\"https:\/\/www.visit-ulcinj.com\/blog\/2009\/03\/02\/gezim-hajdinaga-morri-pjese-ne-panairin-turistik-utazash-ne-budapest\/\"]}]},{\"@type\":\"BreadcrumbList\",\"@id\":\"https:\/\/www.visit-ulcinj.com\/blog\/2009\/03\/02\/gezim-hajdinaga-morri-pjese-ne-panairin-turistik-utazash-ne-budapest\/#breadcrumb\",\"itemListElement\":[{\"@type\":\"ListItem\",\"position\":1,\"name\":\"G\u00ebzim Hajdinaga, morri pjes\u00eb n\u00eb Panairin turistik UTAZASH n\u00eb Budapest\"}]},{\"@type\":\"Person\",\"@id\":\"https:\/\/www.visit-ulcinj.com\/blog\/#\/schema\/person\/dcab619c614d3038751c63bc2aadc06d\",\"name\":\"ulqini\",\"sameAs\":[\"http:\/\/www.visit-ulcinj.com\"],\"url\":\"https:\/\/www.visit-ulcinj.com\/blog\/author\/admin\/\"}]}<\/script>\n<!-- \/ Yoast SEO plugin. -->","yoast_head_json":{"title":"G\u00ebzim Hajdinaga, morri pjes\u00eb n\u00eb Panairin turistik UTAZASH n\u00eb Budapest - Lajme nga Ulqini","description":"Nj\u00eb delegacion nga qyteti yn\u00eb i kryesuar nga Kryetari Hajdinaga, morri pjes\u00eb n\u00eb Panairin turistik UTAZASH q\u00eb u organizua n\u00eb Budapest. Panairi u hap me 26","robots":{"index":"index","follow":"follow","max-snippet":"max-snippet:-1","max-image-preview":"max-image-preview:large","max-video-preview":"max-video-preview:-1"},"canonical":"https:\/\/www.visit-ulcinj.com\/blog\/2009\/03\/02\/gezim-hajdinaga-morri-pjese-ne-panairin-turistik-utazash-ne-budapest\/","og_locale":"en_US","og_type":"article","og_title":"G\u00ebzim Hajdinaga, morri pjes\u00eb n\u00eb Panairin turistik UTAZASH n\u00eb Budapest - Lajme nga Ulqini","og_description":"Nj\u00eb delegacion nga qyteti yn\u00eb i kryesuar nga Kryetari Hajdinaga, morri pjes\u00eb n\u00eb Panairin turistik UTAZASH q\u00eb u organizua n\u00eb Budapest. Panairi u hap me 26","og_url":"https:\/\/www.visit-ulcinj.com\/blog\/2009\/03\/02\/gezim-hajdinaga-morri-pjese-ne-panairin-turistik-utazash-ne-budapest\/","og_site_name":"Lajme nga Ulqini","article_published_time":"2009-03-02T19:13:59+00:00","article_modified_time":"2009-03-09T16:29:27+00:00","og_image":[{"url":"https:\/\/www.visit-ulcinj.com\/blog\/wp-content\/uploads\/2009\/03\/ghajdinaga_-drvbrailo_hmurati_gresulbegovic_hkaramanaga-150x150.jpg"}],"twitter_misc":{"Written by":"ulqini","Est. reading time":"2 minutes"},"schema":{"@context":"https:\/\/schema.org","@graph":[{"@type":"WebSite","@id":"https:\/\/www.visit-ulcinj.com\/blog\/#website","url":"https:\/\/www.visit-ulcinj.com\/blog\/","name":"Lajme nga Ulqini","description":"Lajme,Vijesti,Ulqini,Ulqin,Crna Gora,Mali i Zi","potentialAction":[{"@type":"SearchAction","target":{"@type":"EntryPoint","urlTemplate":"https:\/\/www.visit-ulcinj.com\/blog\/?s={search_term_string}"},"query-input":"required name=search_term_string"}],"inLanguage":"en-US"},{"@type":"ImageObject","inLanguage":"en-US","@id":"https:\/\/www.visit-ulcinj.com\/blog\/2009\/03\/02\/gezim-hajdinaga-morri-pjese-ne-panairin-turistik-utazash-ne-budapest\/#primaryimage","url":"https:\/\/www.visit-ulcinj.com\/blog\/wp-content\/uploads\/2009\/03\/ghajdinaga_-kapitan_hmurati_gresulbegovic_hkaramanaga.jpg","contentUrl":"https:\/\/www.visit-ulcinj.com\/blog\/wp-content\/uploads\/2009\/03\/ghajdinaga_-kapitan_hmurati_gresulbegovic_hkaramanaga.jpg","width":"1024","height":"768"},{"@type":"WebPage","@id":"https:\/\/www.visit-ulcinj.com\/blog\/2009\/03\/02\/gezim-hajdinaga-morri-pjese-ne-panairin-turistik-utazash-ne-budapest\/#webpage","url":"https:\/\/www.visit-ulcinj.com\/blog\/2009\/03\/02\/gezim-hajdinaga-morri-pjese-ne-panairin-turistik-utazash-ne-budapest\/","name":"G\u00ebzim Hajdinaga, morri pjes\u00eb n\u00eb Panairin turistik UTAZASH n\u00eb Budapest - Lajme nga Ulqini","isPartOf":{"@id":"https:\/\/www.visit-ulcinj.com\/blog\/#website"},"primaryImageOfPage":{"@id":"https:\/\/www.visit-ulcinj.com\/blog\/2009\/03\/02\/gezim-hajdinaga-morri-pjese-ne-panairin-turistik-utazash-ne-budapest\/#primaryimage"},"datePublished":"2009-03-02T19:13:59+00:00","dateModified":"2009-03-09T16:29:27+00:00","author":{"@id":"https:\/\/www.visit-ulcinj.com\/blog\/#\/schema\/person\/dcab619c614d3038751c63bc2aadc06d"},"description":"Nj\u00eb delegacion nga qyteti yn\u00eb i kryesuar nga Kryetari Hajdinaga, morri pjes\u00eb n\u00eb Panairin turistik UTAZASH q\u00eb u organizua n\u00eb Budapest. Panairi u hap me 26","breadcrumb":{"@id":"https:\/\/www.visit-ulcinj.com\/blog\/2009\/03\/02\/gezim-hajdinaga-morri-pjese-ne-panairin-turistik-utazash-ne-budapest\/#breadcrumb"},"inLanguage":"en-US","potentialAction":[{"@type":"ReadAction","target":["https:\/\/www.visit-ulcinj.com\/blog\/2009\/03\/02\/gezim-hajdinaga-morri-pjese-ne-panairin-turistik-utazash-ne-budapest\/"]}]},{"@type":"BreadcrumbList","@id":"https:\/\/www.visit-ulcinj.com\/blog\/2009\/03\/02\/gezim-hajdinaga-morri-pjese-ne-panairin-turistik-utazash-ne-budapest\/#breadcrumb","itemListElement":[{"@type":"ListItem","position":1,"name":"G\u00ebzim Hajdinaga, morri pjes\u00eb n\u00eb Panairin turistik UTAZASH n\u00eb Budapest"}]},{"@type":"Person","@id":"https:\/\/www.visit-ulcinj.com\/blog\/#\/schema\/person\/dcab619c614d3038751c63bc2aadc06d","name":"ulqini","sameAs":["http:\/\/www.visit-ulcinj.com"],"url":"https:\/\/www.visit-ulcinj.com\/blog\/author\/admin\/"}]}},"jetpack_featured_media_url":"","jetpack_sharing_enabled":true,"jetpack_shortlink":"https:\/\/wp.me\/pe6lTn-3jO","_links":{"self":[{"href":"https:\/\/www.visit-ulcinj.com\/blog\/wp-json\/wp\/v2\/posts\/12760"}],"collection":[{"href":"https:\/\/www.visit-ulcinj.com\/blog\/wp-json\/wp\/v2\/posts"}],"about":[{"href":"https:\/\/www.visit-ulcinj.com\/blog\/wp-json\/wp\/v2\/types\/post"}],"author":[{"embeddable":true,"href":"https:\/\/www.visit-ulcinj.com\/blog\/wp-json\/wp\/v2\/users\/1"}],"replies":[{"embeddable":true,"href":"https:\/\/www.visit-ulcinj.com\/blog\/wp-json\/wp\/v2\/comments?post=12760"}],"version-history":[{"count":0,"href":"https:\/\/www.visit-ulcinj.com\/blog\/wp-json\/wp\/v2\/posts\/12760\/revisions"}],"wp:attachment":[{"href":"https:\/\/www.visit-ulcinj.com\/blog\/wp-json\/wp\/v2\/media?parent=12760"}],"wp:term":[{"taxonomy":"category","embeddable":true,"href":"https:\/\/www.visit-ulcinj.com\/blog\/wp-json\/wp\/v2\/categories?post=12760"},{"taxonomy":"post_tag","embeddable":true,"href":"https:\/\/www.visit-ulcinj.com\/blog\/wp-json\/wp\/v2\/tags?post=12760"}],"curies":[{"name":"wp","href":"https:\/\/api.w.org\/{rel}","templated":true}]}}