{"id":1278,"date":"2008-04-17T12:55:35","date_gmt":"2008-04-17T17:55:35","guid":{"rendered":"http:\/\/www.visit-ulcinj.com\/blog\/?p=1278"},"modified":"2008-04-17T12:55:35","modified_gmt":"2008-04-17T17:55:35","slug":"ulcinjo-unesco-u-mozemo-samo-da-sanjamo","status":"publish","type":"post","link":"https:\/\/www.visit-ulcinj.com\/blog\/2008\/04\/17\/ulcinjo-unesco-u-mozemo-samo-da-sanjamo\/","title":{"rendered":"Ulcinj:O UNESCO-u mo\u017eemo samo da sanjamo"},"content":{"rendered":"<p><a href=\"http:\/\/www.visit-ulcinj.com\/blog\/wp-content\/uploads\/2008\/01\/ismet-karamanaga.jpg\"><img loading=\"lazy\" class=\"alignleft attachment wp-att-61\" style=\"float: left;\" src=\"http:\/\/www.visit-ulcinj.com\/blog\/wp-content\/uploads\/2008\/01\/ismet-karamanaga.thumbnail.jpg\" alt=\" ISMET KARAMANAG\u00cbN\" width=\"144\" height=\"135\" \/><\/a>Predsjednik kaljaje smatra da stari grad u ulcinju, mo\u017ee izgubiti status spomenika prve kategorije.<br \/>\nUlcinj &#8211; Predsjednik Dru\u0161tva prijatelja Starog grada Kaljaja iz Ulcinja Ismet Karamanaga kazao je da su drevne zidine divljom gradnjom napadnute i spolja i iznutra i ocijenio da Stari grad zbog toga mo\u017ee biti izbrisan sa liste spomenika prve kategorije.<br \/>\n&#8211; UNESCO je sve dalje i za nas polako postaje misaona imenica. Moramo makar zadr\u017eati status spomenika prve kategorije i zbog toga apelujem na moje sugra?ane, investitore i nadle\u017ene institucije da svi zajedno sprije?imo dalju devastaciju bastiona na\u0161e tradicije i istorije &#8211; kazao je Karamanaga za Vijesti.<br \/>\nOn je istakao da je lift, koji gradi kompanija Real estate, neprikladan za zidine, te da je svojim izgledom ve?<br \/>\nnaru\u0161io autenti?nost Starog grada.<br \/>\n&#8211; Mo\u017eda je rje\u0161enje da ga investitor oblo\u017ei kamenom koji bi odgovarao zidinama, ali ne vjerujem da je mogu?e skriti sav taj beton. Mislim da je lift bilo bolje napraviti na Velikoj skeli kod Milenijuma &#8211; ocijenio je Karamanaga.Unutar zidina, tvrdi on, gradi se na svakom koraku.<a href=\"http:\/\/www.visit-ulcinj.com\/blog\/wp-content\/uploads\/2008\/04\/kalaja-e-ulqinit.jpg\"><img loading=\"lazy\" class=\"alignright attachment wp-att-1279\" style=\"float: right;\" src=\"http:\/\/www.visit-ulcinj.com\/blog\/wp-content\/uploads\/2008\/04\/kalaja-e-ulqinit.thumbnail.jpg\" alt=\"kalaja e ulqini2\" width=\"200\" height=\"150\" \/><\/a><br \/>\n&#8211; Postavljaju se visoke, neukusne metalne ograde koje, tako?e, odudaraju od cjelokupnog ambijenta. Gradi se bez konsultacija sa Republi?kim zavodom za za\u0161titu spomenika kulture zbog ?ega dolazi do katastrofalne devastacije dragocjenog prostora. Iako su u dru\u0161tvenom vlasni\u0161tvu, bedemi kod palate Venecija su nepristupa?ni jer je ograda zakatan?ena. Bez nadle\u017enih op\u0161tinskih i republi?kih struktura, nemo?ni smo da uradimo bila \u0161to po tom pitanju &#8211; kazao je Karamanaga.<br \/>\nDru\u0161tvo se, dodao je on, Zavodu sa Cetinja obratilo zahtjevom za formiranje stru?ne komisije koja bi iza\u0161la na teren i utvrdila ?injeni?no stanje.<br \/>\n&#8211; U suprotnom, Stari grad mo\u017ee vrlo<br \/>\nlako izgubiti status spomenika prve kategorije. Ako se nastavi ovakva devastacija, o UNESCO-u ?emo prestati da razmi\u0161ljamo zauvijek &#8211; ocijenio je Karamanaga.<br \/>\nVlasnik kompanije Real estate Gani Resulbegovi? kazao je da ?e op\u0161tinski Sekretarijat za urbanizam uskoro izdati dozvolu za izgradnju lifta, odnosno ?im bude usvojen UP Pristan, kojim je,kako je rekao, predvi?ena vertikalna komunikacija sa Starim gradom.<br \/>\n&#8211; Sekretarijatu za urbanizam obratio sam se u nekoliko navrata zahtjevom za propisivanje urbanisti?ko-tehni?kih uslova. Sekretarijat je zahtjev proslijedio Republi?kom zavodu za za\u0161titu spomenika kulture na Cetinju, koji je u odgovoru dao pozitivno mi\u0161ljenje o projektu. Pozitivan stav o izgradnji lifta zauzelo je i Morsko dobro. Te ?injenice, kao i ugovorna obaveza o izgradnji lifta koju sam preuzeo prilikom kupovine apartamnske grupacije Stari grad, navele su me da krenem u realizaciju projekta &#8211; kazao je ju?e Resulbegovi? za Vijesti dodaju?i da je predra?unska vrijednost lifta prije ?etiri godine bila 35 hiljada eura, a da ?e investicija stvarno ko\u0161tati skoro 10 puta vi\u0161e.<br \/>\nOn je naglasio da je zbog polo\u017eaja i visine Starog grada, imao primjedbe i sugestije evropskih tur-operatora da izgradi vertikalnu komunikaciju budu?i da se turisti rijetko ili vrlo te\u0161ko odlu?uju da se po?nu u unutra\u0161njost drevnih zidina.<br \/>\n&#8211; Ulcinjski Stari grad je jedan od najljep\u0161ih starih gradova na Jadranu. Lift ?e biti u funkciji gra?ana Ulcinja, mje\u0161tana Starog grada, turista, a posebno hednikepiranih osoba koje do sada nijesu mogle da obi?u drevne zidine &#8211; istakao je Resulbegovi? i dodao da ?e strogo po\u0161tovati sve uslove koje mu propi\u0161e Zavod sa Cetinja.<br \/>\n<a href=\"http:\/\/www.visit-ulcinj.com\/blog\/wp-content\/uploads\/2008\/04\/lift-u-stari-gard-ulcinj.jpg\"><img loading=\"lazy\" class=\"alignleft attachment wp-att-1190\" style=\"float: left;\" src=\"http:\/\/www.visit-ulcinj.com\/blog\/wp-content\/uploads\/2008\/04\/lift-u-stari-gard-ulcinj-150x150.jpg\" alt=\"lift-u-stari-gard-ulcinj\" width=\"150\" height=\"150\" \/><\/a><strong>LIFT ?E BITI PERSPEKTIVA ZA STARI GRAD<\/strong><br \/>\nVlasnik kompanije Real estate Gani Resulbegovi? uvjeren je da ?e izgradnjom lifta najvi\u0161e profitirati Stari grad i njegovi mje\u0161tani.<br \/>\n&#8211; Otvori?e se perspektiva za prodavnice suvenira, galerije i sli?no, \u0161to je falilo, ina?e, oskudnoj ponudi Starog grada &#8211; kazao je Resulbegovi?.<br \/>\nLift ?e, dodao je on, biti panoramski i jedinstven na ovim prostorima. Projekat je, kazao je Resulbegovi?, izra?en u kosultaciji sa stru?njacima, a posebno arhitektama, kako u pogledu lokacije, tako i u vezi sa kona?nim izgledom.<br \/>\n&#8211; Stoga me ?udi da neke ljude zabrinjava to \u0161to ?e Ulcinj dobiti jedan atraktivan objekat, ali ih istovremeno previ\u0161e ne brine ?injenica da u Starom gradu nema TV programa, telefona, asfaltiranih uli?ica, te da konstantno vreba opasnost od uru\u0161avanja &#8211; kazao je Resulbegovi?.<br \/>\n<strong>SAMIR ADROVI?<br \/>\nVIJESTI<\/strong><\/p>\n","protected":false},"excerpt":{"rendered":"<p><img loading=\"lazy\" class=\"alignleft attachment wp-att-61\" style=\"float: left;\" src=\"http:\/\/www.visit-ulcinj.com\/blog\/wp-content\/uploads\/2008\/01\/ismet-karamanaga.thumbnail.jpg\" alt=\" ISMET KARAMANAG\u00cbN\" width=\"140\" height=\"140\" \/><\/p>\n","protected":false},"author":1,"featured_media":0,"comment_status":"open","ping_status":"closed","sticky":false,"template":"","format":"standard","meta":{"spay_email":"","jetpack_publicize_message":"","jetpack_is_tweetstorm":false,"jetpack_publicize_feature_enabled":true},"categories":[4,12],"tags":[306,2537,2538,19,307,2536],"jetpack_publicize_connections":[],"yoast_head":"<!-- This site is optimized with the Yoast SEO plugin v19.1 - https:\/\/yoast.com\/wordpress\/plugins\/seo\/ -->\n<title>Ulcinj:O UNESCO-u mo\u017eemo samo da sanjamo - Lajme nga Ulqini<\/title>\n<meta name=\"robots\" content=\"index, follow, max-snippet:-1, max-image-preview:large, max-video-preview:-1\" \/>\n<link rel=\"canonical\" href=\"https:\/\/www.visit-ulcinj.com\/blog\/2008\/04\/17\/ulcinjo-unesco-u-mozemo-samo-da-sanjamo\/\" \/>\n<meta property=\"og:locale\" content=\"en_US\" \/>\n<meta property=\"og:type\" content=\"article\" \/>\n<meta property=\"og:title\" content=\"Ulcinj:O UNESCO-u mo\u017eemo samo da sanjamo - Lajme nga Ulqini\" \/>\n<meta property=\"og:url\" content=\"https:\/\/www.visit-ulcinj.com\/blog\/2008\/04\/17\/ulcinjo-unesco-u-mozemo-samo-da-sanjamo\/\" \/>\n<meta property=\"og:site_name\" content=\"Lajme nga Ulqini\" \/>\n<meta property=\"article:published_time\" content=\"2008-04-17T17:55:35+00:00\" \/>\n<meta property=\"og:image\" content=\"http:\/\/www.visit-ulcinj.com\/blog\/wp-content\/uploads\/2008\/01\/ismet-karamanaga.thumbnail.jpg\" \/>\n<meta name=\"twitter:label1\" content=\"Written by\" \/>\n\t<meta name=\"twitter:data1\" content=\"ulqini\" \/>\n\t<meta name=\"twitter:label2\" content=\"Est. reading time\" \/>\n\t<meta name=\"twitter:data2\" content=\"4 minutes\" \/>\n<script type=\"application\/ld+json\" class=\"yoast-schema-graph\">{\"@context\":\"https:\/\/schema.org\",\"@graph\":[{\"@type\":\"WebSite\",\"@id\":\"https:\/\/www.visit-ulcinj.com\/blog\/#website\",\"url\":\"https:\/\/www.visit-ulcinj.com\/blog\/\",\"name\":\"Lajme nga Ulqini\",\"description\":\"Lajme,Vijesti,Ulqini,Ulqin,Crna Gora,Mali i Zi\",\"potentialAction\":[{\"@type\":\"SearchAction\",\"target\":{\"@type\":\"EntryPoint\",\"urlTemplate\":\"https:\/\/www.visit-ulcinj.com\/blog\/?s={search_term_string}\"},\"query-input\":\"required name=search_term_string\"}],\"inLanguage\":\"en-US\"},{\"@type\":\"ImageObject\",\"inLanguage\":\"en-US\",\"@id\":\"https:\/\/www.visit-ulcinj.com\/blog\/2008\/04\/17\/ulcinjo-unesco-u-mozemo-samo-da-sanjamo\/#primaryimage\",\"url\":\"http:\/\/www.visit-ulcinj.com\/blog\/wp-content\/uploads\/2008\/01\/ismet-karamanaga.thumbnail.jpg\",\"contentUrl\":\"http:\/\/www.visit-ulcinj.com\/blog\/wp-content\/uploads\/2008\/01\/ismet-karamanaga.thumbnail.jpg\"},{\"@type\":\"WebPage\",\"@id\":\"https:\/\/www.visit-ulcinj.com\/blog\/2008\/04\/17\/ulcinjo-unesco-u-mozemo-samo-da-sanjamo\/#webpage\",\"url\":\"https:\/\/www.visit-ulcinj.com\/blog\/2008\/04\/17\/ulcinjo-unesco-u-mozemo-samo-da-sanjamo\/\",\"name\":\"Ulcinj:O UNESCO-u mo\u017eemo samo da sanjamo - Lajme nga Ulqini\",\"isPartOf\":{\"@id\":\"https:\/\/www.visit-ulcinj.com\/blog\/#website\"},\"primaryImageOfPage\":{\"@id\":\"https:\/\/www.visit-ulcinj.com\/blog\/2008\/04\/17\/ulcinjo-unesco-u-mozemo-samo-da-sanjamo\/#primaryimage\"},\"datePublished\":\"2008-04-17T17:55:35+00:00\",\"dateModified\":\"2008-04-17T17:55:35+00:00\",\"author\":{\"@id\":\"https:\/\/www.visit-ulcinj.com\/blog\/#\/schema\/person\/dcab619c614d3038751c63bc2aadc06d\"},\"breadcrumb\":{\"@id\":\"https:\/\/www.visit-ulcinj.com\/blog\/2008\/04\/17\/ulcinjo-unesco-u-mozemo-samo-da-sanjamo\/#breadcrumb\"},\"inLanguage\":\"en-US\",\"potentialAction\":[{\"@type\":\"ReadAction\",\"target\":[\"https:\/\/www.visit-ulcinj.com\/blog\/2008\/04\/17\/ulcinjo-unesco-u-mozemo-samo-da-sanjamo\/\"]}]},{\"@type\":\"BreadcrumbList\",\"@id\":\"https:\/\/www.visit-ulcinj.com\/blog\/2008\/04\/17\/ulcinjo-unesco-u-mozemo-samo-da-sanjamo\/#breadcrumb\",\"itemListElement\":[{\"@type\":\"ListItem\",\"position\":1,\"name\":\"Ulcinj:O UNESCO-u mo\u017eemo samo da sanjamo\"}]},{\"@type\":\"Person\",\"@id\":\"https:\/\/www.visit-ulcinj.com\/blog\/#\/schema\/person\/dcab619c614d3038751c63bc2aadc06d\",\"name\":\"ulqini\",\"sameAs\":[\"http:\/\/www.visit-ulcinj.com\"],\"url\":\"https:\/\/www.visit-ulcinj.com\/blog\/author\/admin\/\"}]}<\/script>\n<!-- \/ Yoast SEO plugin. -->","yoast_head_json":{"title":"Ulcinj:O UNESCO-u mo\u017eemo samo da sanjamo - Lajme nga Ulqini","robots":{"index":"index","follow":"follow","max-snippet":"max-snippet:-1","max-image-preview":"max-image-preview:large","max-video-preview":"max-video-preview:-1"},"canonical":"https:\/\/www.visit-ulcinj.com\/blog\/2008\/04\/17\/ulcinjo-unesco-u-mozemo-samo-da-sanjamo\/","og_locale":"en_US","og_type":"article","og_title":"Ulcinj:O UNESCO-u mo\u017eemo samo da sanjamo - Lajme nga Ulqini","og_url":"https:\/\/www.visit-ulcinj.com\/blog\/2008\/04\/17\/ulcinjo-unesco-u-mozemo-samo-da-sanjamo\/","og_site_name":"Lajme nga Ulqini","article_published_time":"2008-04-17T17:55:35+00:00","og_image":[{"url":"http:\/\/www.visit-ulcinj.com\/blog\/wp-content\/uploads\/2008\/01\/ismet-karamanaga.thumbnail.jpg"}],"twitter_misc":{"Written by":"ulqini","Est. reading time":"4 minutes"},"schema":{"@context":"https:\/\/schema.org","@graph":[{"@type":"WebSite","@id":"https:\/\/www.visit-ulcinj.com\/blog\/#website","url":"https:\/\/www.visit-ulcinj.com\/blog\/","name":"Lajme nga Ulqini","description":"Lajme,Vijesti,Ulqini,Ulqin,Crna Gora,Mali i Zi","potentialAction":[{"@type":"SearchAction","target":{"@type":"EntryPoint","urlTemplate":"https:\/\/www.visit-ulcinj.com\/blog\/?s={search_term_string}"},"query-input":"required name=search_term_string"}],"inLanguage":"en-US"},{"@type":"ImageObject","inLanguage":"en-US","@id":"https:\/\/www.visit-ulcinj.com\/blog\/2008\/04\/17\/ulcinjo-unesco-u-mozemo-samo-da-sanjamo\/#primaryimage","url":"http:\/\/www.visit-ulcinj.com\/blog\/wp-content\/uploads\/2008\/01\/ismet-karamanaga.thumbnail.jpg","contentUrl":"http:\/\/www.visit-ulcinj.com\/blog\/wp-content\/uploads\/2008\/01\/ismet-karamanaga.thumbnail.jpg"},{"@type":"WebPage","@id":"https:\/\/www.visit-ulcinj.com\/blog\/2008\/04\/17\/ulcinjo-unesco-u-mozemo-samo-da-sanjamo\/#webpage","url":"https:\/\/www.visit-ulcinj.com\/blog\/2008\/04\/17\/ulcinjo-unesco-u-mozemo-samo-da-sanjamo\/","name":"Ulcinj:O UNESCO-u mo\u017eemo samo da sanjamo - Lajme nga Ulqini","isPartOf":{"@id":"https:\/\/www.visit-ulcinj.com\/blog\/#website"},"primaryImageOfPage":{"@id":"https:\/\/www.visit-ulcinj.com\/blog\/2008\/04\/17\/ulcinjo-unesco-u-mozemo-samo-da-sanjamo\/#primaryimage"},"datePublished":"2008-04-17T17:55:35+00:00","dateModified":"2008-04-17T17:55:35+00:00","author":{"@id":"https:\/\/www.visit-ulcinj.com\/blog\/#\/schema\/person\/dcab619c614d3038751c63bc2aadc06d"},"breadcrumb":{"@id":"https:\/\/www.visit-ulcinj.com\/blog\/2008\/04\/17\/ulcinjo-unesco-u-mozemo-samo-da-sanjamo\/#breadcrumb"},"inLanguage":"en-US","potentialAction":[{"@type":"ReadAction","target":["https:\/\/www.visit-ulcinj.com\/blog\/2008\/04\/17\/ulcinjo-unesco-u-mozemo-samo-da-sanjamo\/"]}]},{"@type":"BreadcrumbList","@id":"https:\/\/www.visit-ulcinj.com\/blog\/2008\/04\/17\/ulcinjo-unesco-u-mozemo-samo-da-sanjamo\/#breadcrumb","itemListElement":[{"@type":"ListItem","position":1,"name":"Ulcinj:O UNESCO-u mo\u017eemo samo da sanjamo"}]},{"@type":"Person","@id":"https:\/\/www.visit-ulcinj.com\/blog\/#\/schema\/person\/dcab619c614d3038751c63bc2aadc06d","name":"ulqini","sameAs":["http:\/\/www.visit-ulcinj.com"],"url":"https:\/\/www.visit-ulcinj.com\/blog\/author\/admin\/"}]}},"jetpack_featured_media_url":"","jetpack_sharing_enabled":true,"jetpack_shortlink":"https:\/\/wp.me\/pe6lTn-kC","_links":{"self":[{"href":"https:\/\/www.visit-ulcinj.com\/blog\/wp-json\/wp\/v2\/posts\/1278"}],"collection":[{"href":"https:\/\/www.visit-ulcinj.com\/blog\/wp-json\/wp\/v2\/posts"}],"about":[{"href":"https:\/\/www.visit-ulcinj.com\/blog\/wp-json\/wp\/v2\/types\/post"}],"author":[{"embeddable":true,"href":"https:\/\/www.visit-ulcinj.com\/blog\/wp-json\/wp\/v2\/users\/1"}],"replies":[{"embeddable":true,"href":"https:\/\/www.visit-ulcinj.com\/blog\/wp-json\/wp\/v2\/comments?post=1278"}],"version-history":[{"count":0,"href":"https:\/\/www.visit-ulcinj.com\/blog\/wp-json\/wp\/v2\/posts\/1278\/revisions"}],"wp:attachment":[{"href":"https:\/\/www.visit-ulcinj.com\/blog\/wp-json\/wp\/v2\/media?parent=1278"}],"wp:term":[{"taxonomy":"category","embeddable":true,"href":"https:\/\/www.visit-ulcinj.com\/blog\/wp-json\/wp\/v2\/categories?post=1278"},{"taxonomy":"post_tag","embeddable":true,"href":"https:\/\/www.visit-ulcinj.com\/blog\/wp-json\/wp\/v2\/tags?post=1278"}],"curies":[{"name":"wp","href":"https:\/\/api.w.org\/{rel}","templated":true}]}}