{"id":12788,"date":"2009-03-03T17:53:25","date_gmt":"2009-03-03T16:53:25","guid":{"rendered":"http:\/\/www.visit-ulcinj.com\/blog\/?p=12788"},"modified":"2009-03-03T17:53:25","modified_gmt":"2009-03-03T16:53:25","slug":"osbe-ja-fillon-vezhgimin-e-fushates-ne-mal-te-zi","status":"publish","type":"post","link":"https:\/\/www.visit-ulcinj.com\/blog\/2009\/03\/03\/osbe-ja-fillon-vezhgimin-e-fushates-ne-mal-te-zi\/","title":{"rendered":"OSBE-ja fillon v\u00ebzhgimin e fushat\u00ebs n\u00eb Mal t\u00eb Zi"},"content":{"rendered":"<p><a href=\"http:\/\/www.visit-ulcinj.com\/blog\/wp-content\/uploads\/2009\/03\/osce.jpg\"><img loading=\"lazy\" class=\"alignleft size-full wp-image-12789\" title=\"osce\" src=\"http:\/\/www.visit-ulcinj.com\/blog\/wp-content\/uploads\/2009\/03\/osce.jpg\" alt=\"osce\" width=\"570\" height=\"350\" \/><\/a>OSBE-ja filloi zyrtarisht misionin e saj v\u00ebzhgues n\u00eb prag t\u00eb zgjedhjeve parlamentare n\u00eb Mal t\u00eb Zi, q\u00eb zhvillohen m\u00eb 29 mars.<br \/>\nN\u00eb nj\u00eb deklarat\u00eb t\u00eb saj, Organizata p\u00ebr Sigurimin dhe Bashk\u00ebpunimin n\u00eb Evrop\u00eb thot\u00eb se ky grup po d\u00ebrgon n\u00eb prag t\u00eb votimeve, 13 ekspert\u00eb nd\u00ebrkomb\u00ebtare dhe 14 v\u00ebzhgues afatgjat\u00eb n\u00eb kryeqytetin Podgoric\u00eb. V\u00ebzhguesit do t\u00eb ndjekin nga af\u00ebr pun\u00ebn e administrator\u00ebve t\u00eb zgjedhjeve dhe enteve qeveritare, si dhe fushtatat zgjedhore, mbulimin nga ana e shtypit dhe zgjidhjen e mosmarr\u00ebveshjeve, q\u00eb lidhen me fushat\u00ebn.<br \/>\nN\u00eb deklarat\u00ebn e OSBE-s\u00eb thuhet se rreth 100 v\u00ebzhgues afatshkurt\u00ebr do t\u00eb mb\u00ebrrijn\u00eb n\u00eb Mal t\u00eb Zi pak para dit\u00ebs s\u00eb votimeve p\u00ebr t\u00eb par\u00eb nga af\u00ebr hapjen e q\u00ebndrave t\u00eb votimit, m\u00ebnyr\u00ebn e votimit, dhe list\u00ebn e rezultateve.<strong>\/ VAO\/<\/strong><\/p>\n","protected":false},"excerpt":{"rendered":"<p>OSBE-ja filloi zyrtarisht misionin e saj v\u00ebzhgues n\u00eb prag t\u00eb zgjedhjeve parlamentare n\u00eb Mal t\u00eb Zi, q\u00eb zhvillohen m\u00eb 29 mars. N\u00eb nj\u00eb deklarat\u00eb t\u00eb saj, Organizata p\u00ebr Sigurimin dhe Bashk\u00ebpunimin n\u00eb Evrop\u00eb thot\u00eb se ky grup po d\u00ebrgon n\u00eb prag t\u00eb votimeve, 13 ekspert\u00eb nd\u00ebrkomb\u00ebtare dhe 14 v\u00ebzhgues afatgjat\u00eb n\u00eb kryeqytetin Podgoric\u00eb. V\u00ebzhguesit do [&hellip;]<\/p>\n","protected":false},"author":1,"featured_media":0,"comment_status":"open","ping_status":"closed","sticky":false,"template":"","format":"standard","meta":{"spay_email":"","jetpack_publicize_message":"","jetpack_is_tweetstorm":false,"jetpack_publicize_feature_enabled":true},"categories":[12],"tags":[7450,7449,7448,7451,7447],"jetpack_publicize_connections":[],"yoast_head":"<!-- This site is optimized with the Yoast SEO plugin v19.1 - https:\/\/yoast.com\/wordpress\/plugins\/seo\/ -->\n<title>OSBE-ja fillon v\u00ebzhgimin e fushat\u00ebs n\u00eb Mal t\u00eb Zi - Lajme nga Ulqini<\/title>\n<meta name=\"description\" content=\"OSBE-ja filloi zyrtarisht misionin e saj v\u00ebzhgues n\u00eb prag t\u00eb zgjedhjeve parlamentare n\u00eb Mal t\u00eb Zi, q\u00eb zhvillohen m\u00eb 29 mars. N\u00eb nj\u00eb deklarat\u00eb t\u00eb saj,\" \/>\n<meta name=\"robots\" content=\"index, follow, max-snippet:-1, max-image-preview:large, max-video-preview:-1\" \/>\n<link rel=\"canonical\" href=\"https:\/\/www.visit-ulcinj.com\/blog\/2009\/03\/03\/osbe-ja-fillon-vezhgimin-e-fushates-ne-mal-te-zi\/\" \/>\n<meta property=\"og:locale\" content=\"en_US\" \/>\n<meta property=\"og:type\" content=\"article\" \/>\n<meta property=\"og:title\" content=\"OSBE-ja fillon v\u00ebzhgimin e fushat\u00ebs n\u00eb Mal t\u00eb Zi - Lajme nga Ulqini\" \/>\n<meta property=\"og:description\" content=\"OSBE-ja filloi zyrtarisht misionin e saj v\u00ebzhgues n\u00eb prag t\u00eb zgjedhjeve parlamentare n\u00eb Mal t\u00eb Zi, q\u00eb zhvillohen m\u00eb 29 mars. N\u00eb nj\u00eb deklarat\u00eb t\u00eb saj,\" \/>\n<meta property=\"og:url\" content=\"https:\/\/www.visit-ulcinj.com\/blog\/2009\/03\/03\/osbe-ja-fillon-vezhgimin-e-fushates-ne-mal-te-zi\/\" \/>\n<meta property=\"og:site_name\" content=\"Lajme nga Ulqini\" \/>\n<meta property=\"article:published_time\" content=\"2009-03-03T16:53:25+00:00\" \/>\n<meta property=\"og:image\" content=\"http:\/\/www.visit-ulcinj.com\/blog\/wp-content\/uploads\/2009\/03\/osce.jpg\" \/>\n<meta name=\"twitter:label1\" content=\"Written by\" \/>\n\t<meta name=\"twitter:data1\" content=\"ulqini\" \/>\n\t<meta name=\"twitter:label2\" content=\"Est. reading time\" \/>\n\t<meta name=\"twitter:data2\" content=\"1 minute\" \/>\n<script type=\"application\/ld+json\" class=\"yoast-schema-graph\">{\"@context\":\"https:\/\/schema.org\",\"@graph\":[{\"@type\":\"WebSite\",\"@id\":\"https:\/\/www.visit-ulcinj.com\/blog\/#website\",\"url\":\"https:\/\/www.visit-ulcinj.com\/blog\/\",\"name\":\"Lajme nga Ulqini\",\"description\":\"Lajme,Vijesti,Ulqini,Ulqin,Crna Gora,Mali i Zi\",\"potentialAction\":[{\"@type\":\"SearchAction\",\"target\":{\"@type\":\"EntryPoint\",\"urlTemplate\":\"https:\/\/www.visit-ulcinj.com\/blog\/?s={search_term_string}\"},\"query-input\":\"required name=search_term_string\"}],\"inLanguage\":\"en-US\"},{\"@type\":\"ImageObject\",\"inLanguage\":\"en-US\",\"@id\":\"https:\/\/www.visit-ulcinj.com\/blog\/2009\/03\/03\/osbe-ja-fillon-vezhgimin-e-fushates-ne-mal-te-zi\/#primaryimage\",\"url\":\"http:\/\/www.visit-ulcinj.com\/blog\/wp-content\/uploads\/2009\/03\/osce.jpg\",\"contentUrl\":\"http:\/\/www.visit-ulcinj.com\/blog\/wp-content\/uploads\/2009\/03\/osce.jpg\"},{\"@type\":\"WebPage\",\"@id\":\"https:\/\/www.visit-ulcinj.com\/blog\/2009\/03\/03\/osbe-ja-fillon-vezhgimin-e-fushates-ne-mal-te-zi\/#webpage\",\"url\":\"https:\/\/www.visit-ulcinj.com\/blog\/2009\/03\/03\/osbe-ja-fillon-vezhgimin-e-fushates-ne-mal-te-zi\/\",\"name\":\"OSBE-ja fillon v\u00ebzhgimin e fushat\u00ebs n\u00eb Mal t\u00eb Zi - Lajme nga Ulqini\",\"isPartOf\":{\"@id\":\"https:\/\/www.visit-ulcinj.com\/blog\/#website\"},\"primaryImageOfPage\":{\"@id\":\"https:\/\/www.visit-ulcinj.com\/blog\/2009\/03\/03\/osbe-ja-fillon-vezhgimin-e-fushates-ne-mal-te-zi\/#primaryimage\"},\"datePublished\":\"2009-03-03T16:53:25+00:00\",\"dateModified\":\"2009-03-03T16:53:25+00:00\",\"author\":{\"@id\":\"https:\/\/www.visit-ulcinj.com\/blog\/#\/schema\/person\/dcab619c614d3038751c63bc2aadc06d\"},\"description\":\"OSBE-ja filloi zyrtarisht misionin e saj v\u00ebzhgues n\u00eb prag t\u00eb zgjedhjeve parlamentare n\u00eb Mal t\u00eb Zi, q\u00eb zhvillohen m\u00eb 29 mars. N\u00eb nj\u00eb deklarat\u00eb t\u00eb saj,\",\"breadcrumb\":{\"@id\":\"https:\/\/www.visit-ulcinj.com\/blog\/2009\/03\/03\/osbe-ja-fillon-vezhgimin-e-fushates-ne-mal-te-zi\/#breadcrumb\"},\"inLanguage\":\"en-US\",\"potentialAction\":[{\"@type\":\"ReadAction\",\"target\":[\"https:\/\/www.visit-ulcinj.com\/blog\/2009\/03\/03\/osbe-ja-fillon-vezhgimin-e-fushates-ne-mal-te-zi\/\"]}]},{\"@type\":\"BreadcrumbList\",\"@id\":\"https:\/\/www.visit-ulcinj.com\/blog\/2009\/03\/03\/osbe-ja-fillon-vezhgimin-e-fushates-ne-mal-te-zi\/#breadcrumb\",\"itemListElement\":[{\"@type\":\"ListItem\",\"position\":1,\"name\":\"OSBE-ja fillon v\u00ebzhgimin e fushat\u00ebs n\u00eb Mal t\u00eb Zi\"}]},{\"@type\":\"Person\",\"@id\":\"https:\/\/www.visit-ulcinj.com\/blog\/#\/schema\/person\/dcab619c614d3038751c63bc2aadc06d\",\"name\":\"ulqini\",\"sameAs\":[\"http:\/\/www.visit-ulcinj.com\"],\"url\":\"https:\/\/www.visit-ulcinj.com\/blog\/author\/admin\/\"}]}<\/script>\n<!-- \/ Yoast SEO plugin. -->","yoast_head_json":{"title":"OSBE-ja fillon v\u00ebzhgimin e fushat\u00ebs n\u00eb Mal t\u00eb Zi - Lajme nga Ulqini","description":"OSBE-ja filloi zyrtarisht misionin e saj v\u00ebzhgues n\u00eb prag t\u00eb zgjedhjeve parlamentare n\u00eb Mal t\u00eb Zi, q\u00eb zhvillohen m\u00eb 29 mars. N\u00eb nj\u00eb deklarat\u00eb t\u00eb saj,","robots":{"index":"index","follow":"follow","max-snippet":"max-snippet:-1","max-image-preview":"max-image-preview:large","max-video-preview":"max-video-preview:-1"},"canonical":"https:\/\/www.visit-ulcinj.com\/blog\/2009\/03\/03\/osbe-ja-fillon-vezhgimin-e-fushates-ne-mal-te-zi\/","og_locale":"en_US","og_type":"article","og_title":"OSBE-ja fillon v\u00ebzhgimin e fushat\u00ebs n\u00eb Mal t\u00eb Zi - Lajme nga Ulqini","og_description":"OSBE-ja filloi zyrtarisht misionin e saj v\u00ebzhgues n\u00eb prag t\u00eb zgjedhjeve parlamentare n\u00eb Mal t\u00eb Zi, q\u00eb zhvillohen m\u00eb 29 mars. N\u00eb nj\u00eb deklarat\u00eb t\u00eb saj,","og_url":"https:\/\/www.visit-ulcinj.com\/blog\/2009\/03\/03\/osbe-ja-fillon-vezhgimin-e-fushates-ne-mal-te-zi\/","og_site_name":"Lajme nga Ulqini","article_published_time":"2009-03-03T16:53:25+00:00","og_image":[{"url":"http:\/\/www.visit-ulcinj.com\/blog\/wp-content\/uploads\/2009\/03\/osce.jpg"}],"twitter_misc":{"Written by":"ulqini","Est. reading time":"1 minute"},"schema":{"@context":"https:\/\/schema.org","@graph":[{"@type":"WebSite","@id":"https:\/\/www.visit-ulcinj.com\/blog\/#website","url":"https:\/\/www.visit-ulcinj.com\/blog\/","name":"Lajme nga Ulqini","description":"Lajme,Vijesti,Ulqini,Ulqin,Crna Gora,Mali i Zi","potentialAction":[{"@type":"SearchAction","target":{"@type":"EntryPoint","urlTemplate":"https:\/\/www.visit-ulcinj.com\/blog\/?s={search_term_string}"},"query-input":"required name=search_term_string"}],"inLanguage":"en-US"},{"@type":"ImageObject","inLanguage":"en-US","@id":"https:\/\/www.visit-ulcinj.com\/blog\/2009\/03\/03\/osbe-ja-fillon-vezhgimin-e-fushates-ne-mal-te-zi\/#primaryimage","url":"http:\/\/www.visit-ulcinj.com\/blog\/wp-content\/uploads\/2009\/03\/osce.jpg","contentUrl":"http:\/\/www.visit-ulcinj.com\/blog\/wp-content\/uploads\/2009\/03\/osce.jpg"},{"@type":"WebPage","@id":"https:\/\/www.visit-ulcinj.com\/blog\/2009\/03\/03\/osbe-ja-fillon-vezhgimin-e-fushates-ne-mal-te-zi\/#webpage","url":"https:\/\/www.visit-ulcinj.com\/blog\/2009\/03\/03\/osbe-ja-fillon-vezhgimin-e-fushates-ne-mal-te-zi\/","name":"OSBE-ja fillon v\u00ebzhgimin e fushat\u00ebs n\u00eb Mal t\u00eb Zi - Lajme nga Ulqini","isPartOf":{"@id":"https:\/\/www.visit-ulcinj.com\/blog\/#website"},"primaryImageOfPage":{"@id":"https:\/\/www.visit-ulcinj.com\/blog\/2009\/03\/03\/osbe-ja-fillon-vezhgimin-e-fushates-ne-mal-te-zi\/#primaryimage"},"datePublished":"2009-03-03T16:53:25+00:00","dateModified":"2009-03-03T16:53:25+00:00","author":{"@id":"https:\/\/www.visit-ulcinj.com\/blog\/#\/schema\/person\/dcab619c614d3038751c63bc2aadc06d"},"description":"OSBE-ja filloi zyrtarisht misionin e saj v\u00ebzhgues n\u00eb prag t\u00eb zgjedhjeve parlamentare n\u00eb Mal t\u00eb Zi, q\u00eb zhvillohen m\u00eb 29 mars. N\u00eb nj\u00eb deklarat\u00eb t\u00eb saj,","breadcrumb":{"@id":"https:\/\/www.visit-ulcinj.com\/blog\/2009\/03\/03\/osbe-ja-fillon-vezhgimin-e-fushates-ne-mal-te-zi\/#breadcrumb"},"inLanguage":"en-US","potentialAction":[{"@type":"ReadAction","target":["https:\/\/www.visit-ulcinj.com\/blog\/2009\/03\/03\/osbe-ja-fillon-vezhgimin-e-fushates-ne-mal-te-zi\/"]}]},{"@type":"BreadcrumbList","@id":"https:\/\/www.visit-ulcinj.com\/blog\/2009\/03\/03\/osbe-ja-fillon-vezhgimin-e-fushates-ne-mal-te-zi\/#breadcrumb","itemListElement":[{"@type":"ListItem","position":1,"name":"OSBE-ja fillon v\u00ebzhgimin e fushat\u00ebs n\u00eb Mal t\u00eb Zi"}]},{"@type":"Person","@id":"https:\/\/www.visit-ulcinj.com\/blog\/#\/schema\/person\/dcab619c614d3038751c63bc2aadc06d","name":"ulqini","sameAs":["http:\/\/www.visit-ulcinj.com"],"url":"https:\/\/www.visit-ulcinj.com\/blog\/author\/admin\/"}]}},"jetpack_featured_media_url":"","jetpack_sharing_enabled":true,"jetpack_shortlink":"https:\/\/wp.me\/pe6lTn-3kg","_links":{"self":[{"href":"https:\/\/www.visit-ulcinj.com\/blog\/wp-json\/wp\/v2\/posts\/12788"}],"collection":[{"href":"https:\/\/www.visit-ulcinj.com\/blog\/wp-json\/wp\/v2\/posts"}],"about":[{"href":"https:\/\/www.visit-ulcinj.com\/blog\/wp-json\/wp\/v2\/types\/post"}],"author":[{"embeddable":true,"href":"https:\/\/www.visit-ulcinj.com\/blog\/wp-json\/wp\/v2\/users\/1"}],"replies":[{"embeddable":true,"href":"https:\/\/www.visit-ulcinj.com\/blog\/wp-json\/wp\/v2\/comments?post=12788"}],"version-history":[{"count":0,"href":"https:\/\/www.visit-ulcinj.com\/blog\/wp-json\/wp\/v2\/posts\/12788\/revisions"}],"wp:attachment":[{"href":"https:\/\/www.visit-ulcinj.com\/blog\/wp-json\/wp\/v2\/media?parent=12788"}],"wp:term":[{"taxonomy":"category","embeddable":true,"href":"https:\/\/www.visit-ulcinj.com\/blog\/wp-json\/wp\/v2\/categories?post=12788"},{"taxonomy":"post_tag","embeddable":true,"href":"https:\/\/www.visit-ulcinj.com\/blog\/wp-json\/wp\/v2\/tags?post=12788"}],"curies":[{"name":"wp","href":"https:\/\/api.w.org\/{rel}","templated":true}]}}