{"id":12792,"date":"2009-03-03T18:26:41","date_gmt":"2009-03-03T17:26:41","guid":{"rendered":"http:\/\/www.visit-ulcinj.com\/blog\/?p=12792"},"modified":"2009-03-03T18:26:58","modified_gmt":"2009-03-03T17:26:58","slug":"shtohet-familja-fejzullahuermal-behet-baba","status":"publish","type":"post","link":"https:\/\/www.visit-ulcinj.com\/blog\/2009\/03\/03\/shtohet-familja-fejzullahuermal-behet-baba\/","title":{"rendered":"Shtohet familja Fejzullahu,Ermali b\u00ebhet baba"},"content":{"rendered":"<p><a href=\"http:\/\/www.visit-ulcinj.com\/blog\/wp-content\/uploads\/2009\/03\/familja-fejzullahu.jpg\"><img loading=\"lazy\" class=\"alignleft size-full wp-image-12796\" title=\"familja-fejzullahu\" src=\"http:\/\/www.visit-ulcinj.com\/blog\/wp-content\/uploads\/2009\/03\/familja-fejzullahu.jpg\" alt=\"familja-fejzullahu\" width=\"570\" height=\"347\" \/><\/a>Familjes Fejzulahu iu \u00ebsht\u00eb shtuar edhe nj\u00eb an\u00ebtar para dy dit\u00ebve.\u00a0 N\u00eb k\u00ebt\u00eb familje solli g\u00ebzim nj\u00eb djal\u00eb i k\u00ebng\u00ebtarit Ermal Fejzullahu dhe bashk\u00ebshortes s\u00eb tij Arian\u00ebs, t\u00eb cil\u00ebt u martuan n\u00eb fund t\u00eb muajit tetor.<\/p>\n<p>Lajmin e b\u00ebri t\u00eb ditur nj\u00eb i af\u00ebrm i bashk\u00ebshortes s\u00eb Ermalit, i cili deshi t\u00eb mbes anonim, nd\u00ebrsa djali \u00ebsht\u00eb pag\u00ebzuar me emrin Art.<br \/>\nMartesa e tyre u pat\u00eb cil\u00ebsuar si nj\u00ebra nd\u00ebr martesat m\u00eb t\u00eb m\u00ebdha t\u00eb fund vitit 2008. Ajo u pat munduar t\u00eb ndodh sa m\u00eb larg syrit t\u00eb mediave, megjithat\u00eb nj\u00eb pjes\u00eb e mediave pat\u00ebn arrit t\u00eb jen\u00eb prezent.<\/p>\n<p>Ermali menj\u00ebher\u00eb pas martes\u00ebs pat\u00eb filluar nj\u00eb pun\u00eb intensive, me koncerte n\u00ebp\u00ebr Kosov\u00eb e n\u00eb diaspor\u00eb. Ai ka paralajm\u00ebruar se n\u00eb vitit 2009 do t\u00eb jet\u00eb shum\u00eb m\u00eb aktiv n\u00eb sken\u00eb.<\/p>\n\n<!--YouTube Error: bad URL entered-->\n","protected":false},"excerpt":{"rendered":"<p>Familjes Fejzulahu iu \u00ebsht\u00eb shtuar edhe nj\u00eb an\u00ebtar para dy dit\u00ebve.\u00a0 N\u00eb k\u00ebt\u00eb familje solli g\u00ebzim nj\u00eb djal\u00eb i k\u00ebng\u00ebtarit Ermal Fejzullahu dhe bashk\u00ebshortes s\u00eb tij Arian\u00ebs, t\u00eb cil\u00ebt u martuan n\u00eb fund t\u00eb muajit tetor. Lajmin e b\u00ebri t\u00eb ditur nj\u00eb i af\u00ebrm i bashk\u00ebshortes s\u00eb Ermalit, i cili deshi t\u00eb mbes anonim, nd\u00ebrsa [&hellip;]<\/p>\n","protected":false},"author":1,"featured_media":0,"comment_status":"open","ping_status":"closed","sticky":false,"template":"","format":"standard","meta":{"spay_email":"","jetpack_publicize_message":"","jetpack_is_tweetstorm":false,"jetpack_publicize_feature_enabled":true},"categories":[1],"tags":[7454,7453,7452],"jetpack_publicize_connections":[],"yoast_head":"<!-- This site is optimized with the Yoast SEO plugin v19.1 - https:\/\/yoast.com\/wordpress\/plugins\/seo\/ -->\n<title>Shtohet familja Fejzullahu,Ermali b\u00ebhet baba - Lajme nga Ulqini<\/title>\n<meta name=\"description\" content=\"Familjes Fejzulahu iu \u00ebsht\u00eb shtuar edhe nj\u00eb an\u00ebtar para dy dit\u00ebve.\u00a0 N\u00eb k\u00ebt\u00eb familje solli g\u00ebzim nj\u00eb djal\u00eb i k\u00ebng\u00ebtarit Ermal Fejzullahu dhe bashk\u00ebshortes\" \/>\n<meta name=\"robots\" content=\"index, follow, max-snippet:-1, max-image-preview:large, max-video-preview:-1\" \/>\n<link rel=\"canonical\" href=\"https:\/\/www.visit-ulcinj.com\/blog\/2009\/03\/03\/shtohet-familja-fejzullahuermal-behet-baba\/\" \/>\n<meta property=\"og:locale\" content=\"en_US\" \/>\n<meta property=\"og:type\" content=\"article\" \/>\n<meta property=\"og:title\" content=\"Shtohet familja Fejzullahu,Ermali b\u00ebhet baba - Lajme nga Ulqini\" \/>\n<meta property=\"og:description\" content=\"Familjes Fejzulahu iu \u00ebsht\u00eb shtuar edhe nj\u00eb an\u00ebtar para dy dit\u00ebve.\u00a0 N\u00eb k\u00ebt\u00eb familje solli g\u00ebzim nj\u00eb djal\u00eb i k\u00ebng\u00ebtarit Ermal Fejzullahu dhe bashk\u00ebshortes\" \/>\n<meta property=\"og:url\" content=\"https:\/\/www.visit-ulcinj.com\/blog\/2009\/03\/03\/shtohet-familja-fejzullahuermal-behet-baba\/\" \/>\n<meta property=\"og:site_name\" content=\"Lajme nga Ulqini\" \/>\n<meta property=\"article:published_time\" content=\"2009-03-03T17:26:41+00:00\" \/>\n<meta property=\"article:modified_time\" content=\"2009-03-03T17:26:58+00:00\" \/>\n<meta property=\"og:image\" content=\"https:\/\/www.visit-ulcinj.com\/blog\/wp-content\/uploads\/2009\/03\/darsma-ermal-fejzullahu-150x150.jpg\" \/>\n<meta name=\"twitter:label1\" content=\"Written by\" \/>\n\t<meta name=\"twitter:data1\" content=\"ulqini\" \/>\n\t<meta name=\"twitter:label2\" content=\"Est. reading time\" \/>\n\t<meta name=\"twitter:data2\" content=\"1 minute\" \/>\n<script type=\"application\/ld+json\" class=\"yoast-schema-graph\">{\"@context\":\"https:\/\/schema.org\",\"@graph\":[{\"@type\":\"WebSite\",\"@id\":\"https:\/\/www.visit-ulcinj.com\/blog\/#website\",\"url\":\"https:\/\/www.visit-ulcinj.com\/blog\/\",\"name\":\"Lajme nga Ulqini\",\"description\":\"Lajme,Vijesti,Ulqini,Ulqin,Crna Gora,Mali i Zi\",\"potentialAction\":[{\"@type\":\"SearchAction\",\"target\":{\"@type\":\"EntryPoint\",\"urlTemplate\":\"https:\/\/www.visit-ulcinj.com\/blog\/?s={search_term_string}\"},\"query-input\":\"required name=search_term_string\"}],\"inLanguage\":\"en-US\"},{\"@type\":\"ImageObject\",\"inLanguage\":\"en-US\",\"@id\":\"https:\/\/www.visit-ulcinj.com\/blog\/2009\/03\/03\/shtohet-familja-fejzullahuermal-behet-baba\/#primaryimage\",\"url\":\"http:\/\/www.visit-ulcinj.com\/blog\/wp-content\/uploads\/2009\/03\/familja-fejzullahu.jpg\",\"contentUrl\":\"http:\/\/www.visit-ulcinj.com\/blog\/wp-content\/uploads\/2009\/03\/familja-fejzullahu.jpg\"},{\"@type\":\"WebPage\",\"@id\":\"https:\/\/www.visit-ulcinj.com\/blog\/2009\/03\/03\/shtohet-familja-fejzullahuermal-behet-baba\/#webpage\",\"url\":\"https:\/\/www.visit-ulcinj.com\/blog\/2009\/03\/03\/shtohet-familja-fejzullahuermal-behet-baba\/\",\"name\":\"Shtohet familja Fejzullahu,Ermali b\u00ebhet baba - Lajme nga Ulqini\",\"isPartOf\":{\"@id\":\"https:\/\/www.visit-ulcinj.com\/blog\/#website\"},\"primaryImageOfPage\":{\"@id\":\"https:\/\/www.visit-ulcinj.com\/blog\/2009\/03\/03\/shtohet-familja-fejzullahuermal-behet-baba\/#primaryimage\"},\"datePublished\":\"2009-03-03T17:26:41+00:00\",\"dateModified\":\"2009-03-03T17:26:58+00:00\",\"author\":{\"@id\":\"https:\/\/www.visit-ulcinj.com\/blog\/#\/schema\/person\/dcab619c614d3038751c63bc2aadc06d\"},\"description\":\"Familjes Fejzulahu iu \u00ebsht\u00eb shtuar edhe nj\u00eb an\u00ebtar para dy dit\u00ebve.\u00a0 N\u00eb k\u00ebt\u00eb familje solli g\u00ebzim nj\u00eb djal\u00eb i k\u00ebng\u00ebtarit Ermal Fejzullahu dhe bashk\u00ebshortes\",\"breadcrumb\":{\"@id\":\"https:\/\/www.visit-ulcinj.com\/blog\/2009\/03\/03\/shtohet-familja-fejzullahuermal-behet-baba\/#breadcrumb\"},\"inLanguage\":\"en-US\",\"potentialAction\":[{\"@type\":\"ReadAction\",\"target\":[\"https:\/\/www.visit-ulcinj.com\/blog\/2009\/03\/03\/shtohet-familja-fejzullahuermal-behet-baba\/\"]}]},{\"@type\":\"BreadcrumbList\",\"@id\":\"https:\/\/www.visit-ulcinj.com\/blog\/2009\/03\/03\/shtohet-familja-fejzullahuermal-behet-baba\/#breadcrumb\",\"itemListElement\":[{\"@type\":\"ListItem\",\"position\":1,\"name\":\"Shtohet familja Fejzullahu,Ermali b\u00ebhet baba\"}]},{\"@type\":\"Person\",\"@id\":\"https:\/\/www.visit-ulcinj.com\/blog\/#\/schema\/person\/dcab619c614d3038751c63bc2aadc06d\",\"name\":\"ulqini\",\"sameAs\":[\"http:\/\/www.visit-ulcinj.com\"],\"url\":\"https:\/\/www.visit-ulcinj.com\/blog\/author\/admin\/\"}]}<\/script>\n<!-- \/ Yoast SEO plugin. -->","yoast_head_json":{"title":"Shtohet familja Fejzullahu,Ermali b\u00ebhet baba - Lajme nga Ulqini","description":"Familjes Fejzulahu iu \u00ebsht\u00eb shtuar edhe nj\u00eb an\u00ebtar para dy dit\u00ebve.\u00a0 N\u00eb k\u00ebt\u00eb familje solli g\u00ebzim nj\u00eb djal\u00eb i k\u00ebng\u00ebtarit Ermal Fejzullahu dhe bashk\u00ebshortes","robots":{"index":"index","follow":"follow","max-snippet":"max-snippet:-1","max-image-preview":"max-image-preview:large","max-video-preview":"max-video-preview:-1"},"canonical":"https:\/\/www.visit-ulcinj.com\/blog\/2009\/03\/03\/shtohet-familja-fejzullahuermal-behet-baba\/","og_locale":"en_US","og_type":"article","og_title":"Shtohet familja Fejzullahu,Ermali b\u00ebhet baba - Lajme nga Ulqini","og_description":"Familjes Fejzulahu iu \u00ebsht\u00eb shtuar edhe nj\u00eb an\u00ebtar para dy dit\u00ebve.\u00a0 N\u00eb k\u00ebt\u00eb familje solli g\u00ebzim nj\u00eb djal\u00eb i k\u00ebng\u00ebtarit Ermal Fejzullahu dhe bashk\u00ebshortes","og_url":"https:\/\/www.visit-ulcinj.com\/blog\/2009\/03\/03\/shtohet-familja-fejzullahuermal-behet-baba\/","og_site_name":"Lajme nga Ulqini","article_published_time":"2009-03-03T17:26:41+00:00","article_modified_time":"2009-03-03T17:26:58+00:00","og_image":[{"url":"https:\/\/www.visit-ulcinj.com\/blog\/wp-content\/uploads\/2009\/03\/darsma-ermal-fejzullahu-150x150.jpg"}],"twitter_misc":{"Written by":"ulqini","Est. reading time":"1 minute"},"schema":{"@context":"https:\/\/schema.org","@graph":[{"@type":"WebSite","@id":"https:\/\/www.visit-ulcinj.com\/blog\/#website","url":"https:\/\/www.visit-ulcinj.com\/blog\/","name":"Lajme nga Ulqini","description":"Lajme,Vijesti,Ulqini,Ulqin,Crna Gora,Mali i Zi","potentialAction":[{"@type":"SearchAction","target":{"@type":"EntryPoint","urlTemplate":"https:\/\/www.visit-ulcinj.com\/blog\/?s={search_term_string}"},"query-input":"required name=search_term_string"}],"inLanguage":"en-US"},{"@type":"ImageObject","inLanguage":"en-US","@id":"https:\/\/www.visit-ulcinj.com\/blog\/2009\/03\/03\/shtohet-familja-fejzullahuermal-behet-baba\/#primaryimage","url":"http:\/\/www.visit-ulcinj.com\/blog\/wp-content\/uploads\/2009\/03\/familja-fejzullahu.jpg","contentUrl":"http:\/\/www.visit-ulcinj.com\/blog\/wp-content\/uploads\/2009\/03\/familja-fejzullahu.jpg"},{"@type":"WebPage","@id":"https:\/\/www.visit-ulcinj.com\/blog\/2009\/03\/03\/shtohet-familja-fejzullahuermal-behet-baba\/#webpage","url":"https:\/\/www.visit-ulcinj.com\/blog\/2009\/03\/03\/shtohet-familja-fejzullahuermal-behet-baba\/","name":"Shtohet familja Fejzullahu,Ermali b\u00ebhet baba - Lajme nga Ulqini","isPartOf":{"@id":"https:\/\/www.visit-ulcinj.com\/blog\/#website"},"primaryImageOfPage":{"@id":"https:\/\/www.visit-ulcinj.com\/blog\/2009\/03\/03\/shtohet-familja-fejzullahuermal-behet-baba\/#primaryimage"},"datePublished":"2009-03-03T17:26:41+00:00","dateModified":"2009-03-03T17:26:58+00:00","author":{"@id":"https:\/\/www.visit-ulcinj.com\/blog\/#\/schema\/person\/dcab619c614d3038751c63bc2aadc06d"},"description":"Familjes Fejzulahu iu \u00ebsht\u00eb shtuar edhe nj\u00eb an\u00ebtar para dy dit\u00ebve.\u00a0 N\u00eb k\u00ebt\u00eb familje solli g\u00ebzim nj\u00eb djal\u00eb i k\u00ebng\u00ebtarit Ermal Fejzullahu dhe bashk\u00ebshortes","breadcrumb":{"@id":"https:\/\/www.visit-ulcinj.com\/blog\/2009\/03\/03\/shtohet-familja-fejzullahuermal-behet-baba\/#breadcrumb"},"inLanguage":"en-US","potentialAction":[{"@type":"ReadAction","target":["https:\/\/www.visit-ulcinj.com\/blog\/2009\/03\/03\/shtohet-familja-fejzullahuermal-behet-baba\/"]}]},{"@type":"BreadcrumbList","@id":"https:\/\/www.visit-ulcinj.com\/blog\/2009\/03\/03\/shtohet-familja-fejzullahuermal-behet-baba\/#breadcrumb","itemListElement":[{"@type":"ListItem","position":1,"name":"Shtohet familja Fejzullahu,Ermali b\u00ebhet baba"}]},{"@type":"Person","@id":"https:\/\/www.visit-ulcinj.com\/blog\/#\/schema\/person\/dcab619c614d3038751c63bc2aadc06d","name":"ulqini","sameAs":["http:\/\/www.visit-ulcinj.com"],"url":"https:\/\/www.visit-ulcinj.com\/blog\/author\/admin\/"}]}},"jetpack_featured_media_url":"","jetpack_sharing_enabled":true,"jetpack_shortlink":"https:\/\/wp.me\/pe6lTn-3kk","_links":{"self":[{"href":"https:\/\/www.visit-ulcinj.com\/blog\/wp-json\/wp\/v2\/posts\/12792"}],"collection":[{"href":"https:\/\/www.visit-ulcinj.com\/blog\/wp-json\/wp\/v2\/posts"}],"about":[{"href":"https:\/\/www.visit-ulcinj.com\/blog\/wp-json\/wp\/v2\/types\/post"}],"author":[{"embeddable":true,"href":"https:\/\/www.visit-ulcinj.com\/blog\/wp-json\/wp\/v2\/users\/1"}],"replies":[{"embeddable":true,"href":"https:\/\/www.visit-ulcinj.com\/blog\/wp-json\/wp\/v2\/comments?post=12792"}],"version-history":[{"count":0,"href":"https:\/\/www.visit-ulcinj.com\/blog\/wp-json\/wp\/v2\/posts\/12792\/revisions"}],"wp:attachment":[{"href":"https:\/\/www.visit-ulcinj.com\/blog\/wp-json\/wp\/v2\/media?parent=12792"}],"wp:term":[{"taxonomy":"category","embeddable":true,"href":"https:\/\/www.visit-ulcinj.com\/blog\/wp-json\/wp\/v2\/categories?post=12792"},{"taxonomy":"post_tag","embeddable":true,"href":"https:\/\/www.visit-ulcinj.com\/blog\/wp-json\/wp\/v2\/tags?post=12792"}],"curies":[{"name":"wp","href":"https:\/\/api.w.org\/{rel}","templated":true}]}}