{"id":128,"date":"2008-01-12T14:43:28","date_gmt":"2008-01-12T19:43:28","guid":{"rendered":"http:\/\/www.visit-ulcinj.com\/blog\/2008\/01\/12\/u-ulcinju-ce-se-graditi-samo-uz-ocuvanje-prirodnih-ljepota\/"},"modified":"2008-02-12T18:35:00","modified_gmt":"2008-02-12T23:35:00","slug":"u-ulcinju-ce-se-graditi-samo-uz-ocuvanje-prirodnih-ljepota","status":"publish","type":"post","link":"https:\/\/www.visit-ulcinj.com\/blog\/2008\/01\/12\/u-ulcinju-ce-se-graditi-samo-uz-ocuvanje-prirodnih-ljepota\/","title":{"rendered":"U Ulcinju ?e se graditi samo uz o?uvanje prirodnih ljepota"},"content":{"rendered":"<p><img loading=\"lazy\" src=\"http:\/\/www.visit-ulcinj.com\/blog\/wp-content\/uploads\/2008\/01\/gzim-hajdinaga.jpg\" align=\"left\" height=\"153\" hspace=\"1\" vspace=\"1\" width=\"230\" \/><strong> \t\t\t\tRije? ima\u2026 predsjednik op\u0161tine Ulcinj, gospodin G\u00ebzim Hajdinaga<\/strong><\/p>\n<p>Ulcinj, na\u0161 najju\u017eniji grad od prirode je izda\u0161no nagra?en, divno more, duge pje\u0161?ane pla\u017ee, zelenilo \u0161to buja u njihovom zale?u, te Solana sa mnogobrojni i rijetkim pticama, jezero \u0160asko, rijeka Bojana<!--more-->\u2026, topla klima\u2026 Tu je i Stari grad nepresu\u0161na inspiracija za pri?u i legende koje ?uva stara kaldrma i arhivski spisi\u2026 I naravno, najva\u017enije: tu su tradicionalno gostoprimni Ulcinjani. I njihova ukusna i dobra hrana na ku?noj trpezi i u restoranima\u2026 Danas taj grad sa 28 000 stanovnika i jo\u0161 toliko Ulcinjana koji su inostranstvu, a koji mu se rado vra?aju, jedna je od najinteresantnijih destinacija i meta najmo?nijih investitora sa raznih kontinenata\u2026 Nakon 15 godina stagnacije u turizmu, taj grad se budi i grabi brzim koracima naprijed\u2026 O budu?nosti toga grada pri?amo sa prvim ?ovjekom Ulcinja, predsjednikom op\u0161tine Ulcinj gospodinom G\u00ebzimom Hajdinagom\u2026<\/p>\n<p><strong>C.M:<\/strong> <strong>Najve?i svjetski investitori vide Ulcinj kao evropski Dubai. Koji su prioritetni planovi Op\u0161tine Ulcinj kojima bi se pripremio teren za nove investicije?<\/strong><\/p>\n<p><img loading=\"lazy\" src=\"http:\/\/www.visit-ulcinj.com\/blog\/wp-content\/uploads\/2008\/01\/stari-grad.jpg\" align=\"left\" height=\"230\" hspace=\"1\" vspace=\"1\" width=\"153\" \/><strong>G.  Hajdinaga:<\/strong> Kada sam do\u0161ao na funkciju predsjednika Op\u0161tine Ulcinj, ja i moja ekipa odmah, u startu smo se susreli sa nizom problema koji su se ukazivali iz dana u dan. Ni jedan planski dokument nije postojao. Morali smo po?eti ne od nule, ve? od minusa. Zatekli smo zaista nezavidnu situaciju<strong>. <\/strong>U prvoj godini mog mandata smo realizovli za nas zadate zadatke i u ono \u0161to smo obe?ali gra?anima. Nijesam obe?avao \u0161to ne mogu ispuniti. Planski dokumenti i generalni urbanisti?ki plan grada Ulcinja su u izradi, i to se radi prvi put. Generalni urbanisti?ki plan ne obuhvata kompletnu teritoriju, ali jeste dobar. Dakle, to je na\u0161 prioritet. Potom se radi detaljan urbanisti?ki plan po kojem ?emo nastojati da legalizujemo veliki broj bespravno podignutih objekata u na\u0161oj op\u0161tini. Maksimalno ?emo nastojati i insistirati na tome da se legalizuje \u0161to ve?i broj objekata u na\u0161em gradu, naravno, oni koji se mogu inkorporirati u na\u0161e planove projekata. Nepopularno je ru\u0161iti objekte, ali nastoj?emo da ih takvih slu?ajeva bude \u0161to manje. Novi planski dokumenti daju nam za pravo da velikom broju zainteresovanih investitora za na\u0161 grad, uz na\u0161e smjernice, damo dozvolu za gradnju hotela, savremenih turisti?kih kompleksa i objekata sli?nih sadr\u017eaja koji ?e upotpuniti i obogatiti na\u0161u ukupnu turisti?ku ponudu.<\/p>\n<p><strong>C.M: Rijedak je dan da Ulcinj nije u centru interesovanja medija i svjetskih kompanija. U \u017ei\u017ei interesovanja su tri lokaliteta: Velika pla\u017ea, Ada i Valdanos. Kako se sa Va\u0161e strane \u201csnimaju\u201d i procjenjuju namjere zainteresovanih kompanija?<\/strong><\/p>\n<p><img loading=\"lazy\" src=\"http:\/\/www.visit-ulcinj.com\/blog\/wp-content\/uploads\/2008\/01\/mala-plaza.jpg\" align=\"left\" height=\"172\" hspace=\"1\" vspace=\"1\" width=\"230\" \/><strong>G.  Hajdinaga:<\/strong> Kao predsjednik op\u0161tine imao sam priliku da sa mnogim predstavnicima tih kompanija kontktiram. Tri na\u0161a najja?a lokaliteta Ada, Velika pla\u017ea i Valdanos su adrese koje su danas u stolovima najmo?nijih svjetskih kompanija, poput Trigranita, ameri?kih, evropskih, kompanija iz Arapskih Emirata i drugih. Svi su zainteresovani za ulaganja u na\u0161 grad, pogotovo na ova tri lokaliteta. Ja sam po automatizmu, kao predsjednik Op\u0161tine, ?lan komisije u sva ta tri tendera koji ?e se ubrzo raspisati. Kada ka\u017eete da li se od Ulcinja o?ekuje da bude evropski Dubai, nadoveza?u se sa mojim boravkom od prije mjesec i po u tom gradu, gdje sam bio u uzvratnoj posjeti poslovnim ljudima otuda, koji su bili u Ulcinju i obilazili ova tri lokaliteta osobito Valdanos. Fasciniran ljepotom, jedan od njih, iz ?uvene porodice bogata\u0161a je rekao: \u201cSada kada ovo vidim, znam da postoji raj na zemlji.\u201d Kada su gledali Veliku pla\u017eu, pri?ali su nam o tome koliko su oni mo?ni i koliko mnogo rade, ubje?ivali su nas da oni mogu najve?om brzinom, ikad vi?enom, da na tom prostoru izgrade vrhunske turisti?ke komplekse. Ja sam im rekao da vjerujem u to, ali da bih volio da to vidim i na terenu. Tako smo, mi iz lokalne vlasti, predstavnici Vlade RCG i Ministarstva turizma, boravili u Dubaiju i vidjeli da se tamo zaista dosta gradi i ula\u017ee. Cijene?i investicije i objekte koja smo tamo vidjeli, moram da ka\u017eem da ovo crnogorsko, i konkretno, ulcinjsko podneblje, ima veliku prednost u odnosu na njih: kod nas su temperature podno\u0161ljive, morska voda je ?istija, strujanje vazduha osvje\u017eava. Nastoja?emo da ljepote gradnje koje smo tamo gledali, ne ba\u0161 u originalu, ponovimo ovdje. Nastoja?u da istrajem u toj komisiji na ne?emu sli?nom \u0161to je Trigranit u prvoj varijanti predlo\u017eio, da nemamo oblakodere na na\u0161im pla\u017eama, ve? ne\u0161to \u0161to ?e se uklopiti geografski u podneblje, ambijent i na kraju krajeva, u na\u0161 mentalitet. Naravno, to bi se moglo nazvati odr\u017eivim razvojem ?iji je cilj da o?uvamo na\u0161u lijepotu i do sad netaknutu prirodu. Jer, nije bez razloga Ulcinj adresa \u201cbroj 1\u201d interesovanja velikih svjetskih kompanija. Uzre?ica ka\u017ee, da u svakoj radnji ima i ne?eg dobrog, pa to \u0161to godinama ovdje ni\u0161ta nije ra?eno, iako nije dobro, ipak je donijelo dobra, pa je makar na taj na?in sa?uvana priroda, jer danas je prioritet svjetskih nau?nika o?uvanje \u017eivotne sredine. Na\u0161 prioritet je kontrola gradnje, ne dozvoliti suficit kapaciteta, ne dozvoliti strancima gradnju stambenih, ve? samo turisti?kih kmpleksa. Nadam se da ?e svi ?lanovi Komisije po\u0161tovati te odrednice, koje su nam uostalom, sugerisali i bolji, i pametniji od nas.<\/p>\n<p><strong>C.M: Koga  ste od stru?njaka konsultovali oko budu?eg izgleda \u201ctri lokacije snova\u201d?<\/strong><\/p>\n<p><strong>G.  Hajdinaga:<\/strong> Gospodin Sado Dolak koji je nekada bio u mom random timu, ranije je \u017eivio u Americi, gdje se opet vratio da \u017eivi, i zahvaljuju?i njegovom anga\u017eovanju tamo uspjeli smo da u Ulcinj dovedemo, jednog od najboljih svjetskih arhitekata<strong>, <\/strong>japanskog arhitektu \u0160igeru Bana. Konsultovali smo se s njim i njegova preporuka, nakon dva dana boravka u Ulcinju i nakon obilaska na\u0161eg grada i posmatranja teritorije Crne Gore iz helihoptera, je da istrajemo u tome da o?uvamo ljepotu prirode, u tom smislu nam je i rekao:\u201d Imate ne\u0161to najvrednije, rijetko gdje danas mo\u017eete nai?i na takvo ne\u0161to\u201d. Filip Bej (Philip Bay) iz Colliers International-a, nam je rekao da mo\u017eemo nekim nekim nekontrolisanim gradnjama dobiti i ostaviti dosta novca na\u0161im nasljednicima, ali da ?e na\u0161i nasljednici utro\u0161iti mnogo vi\u0161e novca da sru\u0161e ono \u0161to smo gradili ako ne budemo vodili ra?una o o?uvanju \u017eivotne sredine.<\/p>\n<p><strong>C.M: Gospodine Hajdinaga, kako iz perspektivepredsjednika na\u0161e najju\u017enije op\u0161tine ocjenjujete ovogodi\u0161nju ljetnju sezonu u Ulcinju?<\/strong><\/p>\n<p><strong>G. Hajdinaga:<\/strong> Cifre nam govore da je ljetnja sezona 2007. godine za  Ulcinj bila najuspje\u0161nija<strong> <\/strong> u posljednjih 20 godina. Moj tim i ja se nijesmo \u0161tedjeli i na vrijeme smo po?eli pripreme za ovogodi\u0161nju ljetnju sezonu. Preduzeli smo sve mjere da elimini\u0161emo barijere u obliku nedostataka koje smo evidentirali za kratko vrijeme otkad smo u op\u0161tinskoj vlasti. Znamo da sezona ne dolazi ad hoc. Ptvenstveno nam je bila va\u017ena i korisna dobra saradnja sa svim faktorima koji se bave turizmom u na\u0161em gradu. Naro?ito su nam bila plodonosna na\u0161a okupljanja i saradnja sa Udru\u017eenjem hotelijera i turisti?kim agencijama kao i sa stanodavcima Ulcinja. Svakodnevno smo se sastajali i dogovarali. Ulcinj je bio prisutan na svim turisti?kim berzama u regionu: u Budvi, Kragujevcu, Sloveniji, Italiji, Berlinu, Be?u, Kosovu\u2026, \u0161to je zaista imalo efekta, tosu pokazali i rezultati ovogodi\u0161nje sezone. Ve? sada formiramo tim predstavnika svih faktora koji se bave turizmom koji ?e djelovati u dobroj sintezi sa nama iz Op\u0161tine, kako bi ve? sada na kraju ove, po?eli pripreme, za narednu ljetnju sezonu 2008. godine.<\/p>\n<p><strong>C.M:<\/strong> <strong>Ako se uporede statisti?ki podaci o potra\u017enji i ponudi, koliko Ulcinju nedostaje smje\u0161tajnih kapaciteta, i da li nam mo\u017eete najaviti izgradnju nekih novih objekata?<\/strong><\/p>\n<p><img loading=\"lazy\" src=\"http:\/\/www.visit-ulcinj.com\/blog\/wp-content\/uploads\/2008\/01\/gzim-hajdinaga1.jpg\" align=\"left\" height=\"230\" hspace=\"1\" vspace=\"1\" width=\"153\" \/><strong>G.  Hajdinaga:<\/strong> Ulcinj ima 28.000 stanovnika, a u 50 do 60 dana, koliko, na \u017ealost, traje sezona, na\u0161 grad ima preko 100.000 stanovnika, \u0161to govori da je najvi\u0161e gostiju ipak u privatnom smje\u0161taju. Nama je nedostajalo kapaciteta, pogotovo ove godine u hotelskom smje\u0161taju. Sve je to iz razloga \u0161to se godinama u Ulcinj nije ni\u0161ta ulagalo, mnogi hoteli su privatizovani, ali ni u jednom od njih jo\u0161 ni\u0161ta nije ura?eno. Ja se nadam da ?e ve? od naredne godine kapaciteti hotelskog smje\u0161taja biti mnogo ve?i i da ?e u narednim godinama Ulcinj dobiti nekada\u0161nji primat najja?e turisti?ke destinacije u Crnoj Gori. Uskoro po?inje sa radovima kompanija Be?ovi? koja je privatizovala hotel Mediteran, kompanija Rok\u0161ped koja je privatizovala hotel \u201cGaleb\u201d koji je bio jedan od na\u0161ih najboljih hotela. \u201cGaleb\u201d ?e se u potpunosti ru\u0161iti, ve? se sada ru\u0161i, ali s obzirom na ono \u0161to nam predla\u017eu novi vlasnici vjerujem da ?e Ulcinj imati uskoro dobar turisti?ki objekat na tom mjestu. Hotel \u201cMediteran\u201d ?e oja?ati i spremnije do?ekati sezonu, vjerujem da ?e se i u hotelima \u201cOtrant\u201d i u \u201cLido\u201d preduzeti dobre mjere i adaptirati i unaprediti standard ponude. Za jedno dvije, tri godine, Ulcinj ?e imati \u0161ansu da ponudi veliki kapacitet i dobar standard, i nadamo se da ?emo opet imati elitni turizam i vratiti nekada\u0161nje goste iz tog sloja koji su nekad ovdje dolazili i naravno, dovesti neke nove goste. Nadam se da ?emo uskoro opet, kao nekada, naravno ovo ka\u017eem po\u0161tuju?i svakoga, imati primat najja?e turisti?ke destinacije u Crnoj Gori.<\/p>\n<p><strong>C.M: Bez ?ega Ulcinj ne smije ?ekati narednu  ljetnju sezonu?<\/strong><\/p>\n<p><strong>G.  Hajdinaga: <\/strong>Prije sljede?e sezone se moraju rje\u0161avati dva osnovna i evidentna problema: nedostatak vode u sezoni, i mora se oja?ati elektri?na mre\u017ea. Bi?u iskren, u zenitu ovogodi\u0161nje ljetnje sezone, usljed preoptere?enja, puklo je nekoliko elektro &#8211; kablova i to na elitnim destinacijama, na Velikoj pla\u017ei i \u0160toju pa se moralo hitno odreagovati, i zaista sa velikim naporima, ugradnjom novih trafostanica premostili smo taj problem.<\/p>\n<p><strong>C.M:<\/strong> <strong>Ulcinj ima sjajne i masovno posje?ene manifestacije preko kojih gostoprimni Ulcinjani posjetiocima predstavljaju svoje kulturno i istorijsko naslje?e. Na koje manifestacije u narednom periodu bi ste pozvali na\u0161e ?itaoce?<\/strong><\/p>\n<p><strong>G. Hajdinaga:<\/strong> Ponuda Ulcinja nijesu samo duge pje\u0161?ane pla\u017ee, toplo more i veliki broj sun?anih dana u godini\u2026Turisti?ka ponuda na\u0161eg grada je dobra sinteza kulturnog, istorijskog i turisti?kog. U Ulcinju se svake godine, krajem jula i po?etkom avgusta odr\u017eava Me?unarodni sajam knjiga, gdje izla\u017ee oko 50-ak izdava?kih ku?a iz Crne Gore, Srbije, Makedonije, Kosova, Bosne, Hrvatske\u2026 Na pro\u0161lom sajmu su se i Italijani pojavili sa nekoliko izdava?a, i vjerujem da ?e se ta manifestacija nastaviti i ja?ati. Od 1. avgusta do 1. septembra, imamo Ulcinjsku kulturnu scenu ljeta gdje okupljamo umjetnike iz regiona. Turnir u malom fudbalu na pijesku \u201cBeach soccer\u201d je sportska manifestacija koja je od prije dvije godine prerasla u me?unarodnu. Pro\u0161le godine su u na\u0161em gradu boravile ruska, francuska i italijanska i na\u0161a reprezentacija. Sport i kultura su most saradnje me?u ljudima i dr\u017eavama, takvih manifestacija ?emo imati u budu?nosti sve vi\u0161e. Sada, u decembru nam predstoji Festival dje?je pjesme, na koji mo\u017eemo da vas pozovemo. Ve? smo po?eli pripremu za festival strogradske muzike, u novo sezoni 2008.  Sve manifestacije imaju cilj da se produ\u017ee sezonu sa 50 \u2013 60 dana , na makar, 6 mjeseci,  da privuku goste da borave u Ulcinju osim u junu, julu i avgustu. Dobro se sje?am das su nekada u martu na\u0161i ulcinjski hoteli bili puni inostranih gostiju.<\/p>\n<p><strong>C.M: Ulcinj ima i mogu?nost razvoja lovnog turizma. Sreli smo grupu italijanskih lovaca koji ?esto ovdje dolaze. \u0160ta se radi po pitanju razvoja drugih oblika turizma, osim ljetnjeg?<\/strong><\/p>\n<p><strong>G. Hajdinaga: <\/strong>Ulcinj ima jaku komponentu vezanih svih turisti?kih elemenata, zna?i mogu?nost razvoja raznih oblika turizma: kulturnog, lovnog, ljetnjeg, ali imamo i rijeke, jezera, kvalitetno poljoprivredno zemlji\u0161te, i spoj planinskog i primorskog, a sve to na malom prostoru. To je kompletna veza geografskog prostora koji se rijetko gdje mo\u017ee zapaziti. Pozivaju?i se na to da nijesmo puno, iako jesmo kasnili zbog stanja koje smo zatekli u Op\u0161tini, nadam se da ?emo nadoknaditi izgubljeno vrijeme, neulaganje ?ovjekove ruke, i da ?emo vratiti prirodi ono \u0161to je dala ovom gradu i \u0161to od nas tra\u017ei. Kada u tome uspijemo, ne sumnjam da ?emo opet biti lider u turisti?koj ponudi Crne Gore i \u0161ire.<\/p>\n<p><strong>C.M: Rade?i ovaj posao, u dru\u017eenju sa Ulcinjanima primijetila sam da je to grad u koji se nakon rada u inostranstvu u ugostiteljskim strukama, najvi\u0161e mladog kadra vra?a i primjenjuje ste?eno znanje \u0161irom svijeta kroz neke svoje nove i moderne restorane. Koliko takvi ljudi oboga?uju i podi\u017eu kvalitet ugostiteljstva u Ulcinju? <\/strong><\/p>\n<p><strong>G. Hajdinaga: <\/strong>Ta?na je ta ?injenica, jer vi znate da veliki broj ljudi iz ovoga grada \u017eivi i radi u Evropi Ili SAD-u, bavio sam se tom tematikom i kao \u0161to rekoh, Ulcinj ima 28.000 stanovnika, isto toliko Ulcinjana \u017eivi u inostranstvu. Koliko je to s neke strane bolno i te\u0161ko, s druge, neki od njih su imali mogu?nost \u0161kolovanja i prakse u najve?im svjetskim ugostiteljskim i turisti?kim centrima, pogotovo za 15 godina u kojima smo stagnirali u tim oblastima i unazadili se. Mi prepoznajemo kvalitet i kapacitet tih na\u0161ih mladih ljudi, njihovih ste?enih znanja i umije?a u inostranstvu i motivisa?emo ih da se vra?aju u svoj grad i svoje znanje primjenjuju?i ovdje i time pomognu gradu.<\/p>\n<p><strong>C.M: ?esto pominjete \u201czlatne  godine\u201d Ulcinjskog turizma. Kako \u201cvratiti\u201d stare goste u Ulcinj?<\/strong><\/p>\n<p><img loading=\"lazy\" src=\"http:\/\/www.visit-ulcinj.com\/blog\/wp-content\/uploads\/2008\/01\/ada.jpg\" align=\"left\" height=\"153\" hspace=\"1\" vspace=\"1\" width=\"230\" \/><strong>G. Hajdinaga: <\/strong>Ovdje je tradicionalno poznato gostoprimstvo Ulcinjana i dobra tradicija u bavljenju turizmom. Mi nikada ne gledamo kako gostu uzeti novac za 5 \u2013 10 njegovog boravka ovdje, bez razmi\u0161ljanja da li ?e se on ponovo vratiti. Mnogobrojni su na\u0161i gra?ani koji imaju komunikaciju sa na\u0161im, hajde da ih nazovem \u201cbiv\u0161im\u201d, gostima. Te\u0161ko je vratiti gosta kojeg si jednom izgubio, i to prije 15 godina, ali Ulcinjani su svih ovih godina bili u kontaktu sa svojim nekada\u0161njim gostima, pogotovo onima iz Njema?ke, sa ljudima iz drugih govornih podru?ja. Mislim da ?e i ta ?injenica doprinijeti povratku tih ljudi kod nas, povratku povjerenja u na\u0161u destinaciju. Kada govorite o tim novim ugostiteljskim objektima, sla\u017eem se da ih ima, ali ono \u0161to nedostaje Ulcinjskim, i uop\u0161te restoranima u Crnoj Gori, je na\u0161a tradicionalna hrana. Crna Gora je multietni?ka i multinacionalna dr\u017eava, takvi su nam i gradovi, zato imamo i multietni?ku kuhinju. Imamo je, ali je ne koristimo u turisti?ke svrhe. Nedostaju nam restorani koji bi nudili nacionalnu kuhinju u pravom smislu. Nekad, vlasnicima restorana prijateljski sugeri\u0161em da osim dobre ribe koja se za?as spremi, ponude gostima ono \u0161to su nam majke i bake spremale kod ku?e\u2026 Ima tu poduga?ak spisak jela koje bi mogli dodati na svoje jelovnike\u2026, jer zaboravljamo da kad idemo u inostranstvo uvijek \u017eelimo da probamo jela koja su karakteristi?na za podneblje gdje boravimo. Tako i na\u0161i gosti \u017eele da probaju i jedu na\u0161u hranu kada su kod nas.<\/p>\n<p><strong>C.M: Za\u0161to Ulcinj nema svoju turisti?ku organizaciju?<\/strong><\/p>\n<p><strong>G. Hajdinaga: <\/strong>\u017delim, i nadam se da ?e se vrlo brzo oformirati TO Ulcinj koja bi bila u mre\u017ei lokalnih tiuristi?kih organizacija u Crnoj Gori. Tako?e, \u017eelim da tu budu zaposleni ljudi koji ?e biti iz turisti?ke bran\u0161e i koji ?e polako poku\u0161ati da realizuju razne projekte i da kona?no ljudi iz turizma rade i govore o njemu.<\/p>\n<p><strong>C.M: U Ulcinju je evidentan i nedostatak propagandno \u2013 informativnog vi\u0161ejezi?nog materijala o gradu. Kako komentari\u0161ete tu ?injenicu?<\/strong><\/p>\n<p><img loading=\"lazy\" src=\"http:\/\/www.visit-ulcinj.com\/blog\/wp-content\/uploads\/2008\/01\/gzim-hajdinaga2.jpg\" align=\"left\" height=\"230\" hspace=\"1\" vspace=\"1\" width=\"153\" \/><strong>G. Hajdinaga: <\/strong>Re?i ?u ono \u0161to mislim, a ne \u0161to se \u017eeli ?uti. Godinama se ni\u0161ta po pitanju marketinga i kvalitetnog propagandno \u2013 informativnog materijala o kulturnom i istorijskom naslje?u grada, u Ulcinju nije radilo. No, sve se no\u017ee revitalizovati. Puno je toga o ?emu treba informisati i \u0161to treba pokazati gostima koji dolaze u Ulcinj. Formiranje TO i okupljanje turisti?kih radnika u jedan tim doprinije?e da se naprave fini, sa\u017eeti info \u2013 materijali o na\u0161em naslje?u, da turisti ne provode vrijeme samo u hotelima i pla\u017eama, ve? obi?u te mnogobrojne, zna?ajne i interesantne lokacije \u201csa svojom pri?om\u201d: \u0160as, Ulcinjske ?esme, da osjete pri?u o boravku Servantesa ovdje i legende o ?uvenim i humanism gusarima Ulcinja\u2026 Nadam se da ?e na\u0161 grad biti jednog dana pod za\u0161titom UNESCO-a, uz pomo? Ministarstva kulture i drugih institucija, ali kontrolisati gradnju, voditi ra?una o stanju tih objekata, kaldrma, ku?a i uli?ica u Starom gradu\u2026 Nadam se da ?e jednog dana svaka ku?a u Starom gradu imati radnje sa suvenirima na\u0161ih zanatlija. Treba revitalizovati i pomorstvo koje je imalo tradiciju u ovom gradu. Maslinarstvo tako?e, ponosni smo na stabla maslina u na\u0161em gradu.Treba posvetiti pa\u017enju svemu onome \u0161to se negdje krije, a nije izgubljeno.<\/p>\n<p><strong>C.M: Kolika je Va\u0161a  odgovornost za sve to?<\/strong><\/p>\n<p><strong>G. Hajdinaga: <\/strong>Velika je odgovornost, treba personalno istrajati, puno je obaveza i trke, prodica trpi zbog stalnih i ?estih odsustvovanja. Zbog nezavidnog stanja koje sam zatekao u op\u0161tini, sve se to jo\u0161 poja?ava i iziskuje dodatne napore. Imam veliku obavezu prema gra?anima i gradu i onome \u0161to nam je proroda podarila ovdje. Nemamo ni jednu marinu, ali uskoro ?e u dijelu iza Starog grada krenuti izgradnja prve marine, od takve dvije, tri predvi?ene. Ponosan sam \u0161to su me gra?ani izabrali i u meni vidjeli ?ovjeka koji ?e zajedno sa njima nadoknaditi izgubljeno vrijeme i graditi moderan, mediteranski i evropski Ulcinj, \u0161to on s obziom na resurse koje posjeduje zaslu\u017euje i da bude. A nije lako biti na ?elu jednog grada, nadam se da ?e me pozitivno shvatiti sugra?ani koji su mi dobri partneri u radu, ali ponekad zbog li?nih interesa nemamo taj kolektivni duh i prilikom nekih projekata ima neslaganja, pa i ljutnje koja pro?e kada vide realizaciju projekata oko kojih se mo\u017eda ba\u0161 i ne slo\u017eimo ali samo zajedno i uz njihovu saglasnost mo\u017eemo raditi.<\/p>\n<p><em>Razgovarala: Sanja Golubovi?<br \/>\nFoto: Andrija Kasom<\/em><\/p>\n<p>http:\/\/caffemontenegro.info\/<\/p>\n","protected":false},"excerpt":{"rendered":"<p><img loading=\"lazy\" src=\"http:\/\/www.visit-ulcinj.com\/blog\/wp-content\/uploads\/2008\/01\/gzim-hajdinaga.jpg\" alt=\"Gzim Hajdinaga\" height=\"140\"  width=\"140\" \/><\/p>\n","protected":false},"author":1,"featured_media":0,"comment_status":"open","ping_status":"closed","sticky":false,"template":"","format":"standard","meta":{"spay_email":"","jetpack_publicize_message":"","jetpack_is_tweetstorm":false,"jetpack_publicize_feature_enabled":true},"categories":[5],"tags":[1201,518,90,267,514,222,272,519,49,517,264,516,515,513],"jetpack_publicize_connections":[],"yoast_head":"<!-- This site is optimized with the Yoast SEO plugin v19.1 - https:\/\/yoast.com\/wordpress\/plugins\/seo\/ -->\n<title>U Ulcinju ?e se graditi samo uz o?uvanje prirodnih ljepota - Lajme nga Ulqini<\/title>\n<meta name=\"robots\" content=\"index, follow, max-snippet:-1, max-image-preview:large, max-video-preview:-1\" \/>\n<link rel=\"canonical\" href=\"https:\/\/www.visit-ulcinj.com\/blog\/2008\/01\/12\/u-ulcinju-ce-se-graditi-samo-uz-ocuvanje-prirodnih-ljepota\/\" \/>\n<meta property=\"og:locale\" content=\"en_US\" \/>\n<meta property=\"og:type\" content=\"article\" \/>\n<meta property=\"og:title\" content=\"U Ulcinju ?e se graditi samo uz o?uvanje prirodnih ljepota - Lajme nga Ulqini\" \/>\n<meta property=\"og:url\" content=\"https:\/\/www.visit-ulcinj.com\/blog\/2008\/01\/12\/u-ulcinju-ce-se-graditi-samo-uz-ocuvanje-prirodnih-ljepota\/\" \/>\n<meta property=\"og:site_name\" content=\"Lajme nga Ulqini\" \/>\n<meta property=\"article:published_time\" content=\"2008-01-12T19:43:28+00:00\" \/>\n<meta property=\"article:modified_time\" content=\"2008-02-12T23:35:00+00:00\" \/>\n<meta property=\"og:image\" content=\"http:\/\/www.visit-ulcinj.com\/blog\/wp-content\/uploads\/2008\/01\/gzim-hajdinaga.jpg\" \/>\n<meta name=\"twitter:label1\" content=\"Written by\" \/>\n\t<meta name=\"twitter:data1\" content=\"ulqini\" \/>\n\t<meta name=\"twitter:label2\" content=\"Est. reading time\" \/>\n\t<meta name=\"twitter:data2\" content=\"15 minutes\" \/>\n<script type=\"application\/ld+json\" class=\"yoast-schema-graph\">{\"@context\":\"https:\/\/schema.org\",\"@graph\":[{\"@type\":\"WebSite\",\"@id\":\"https:\/\/www.visit-ulcinj.com\/blog\/#website\",\"url\":\"https:\/\/www.visit-ulcinj.com\/blog\/\",\"name\":\"Lajme nga Ulqini\",\"description\":\"Lajme,Vijesti,Ulqini,Ulqin,Crna Gora,Mali i Zi\",\"potentialAction\":[{\"@type\":\"SearchAction\",\"target\":{\"@type\":\"EntryPoint\",\"urlTemplate\":\"https:\/\/www.visit-ulcinj.com\/blog\/?s={search_term_string}\"},\"query-input\":\"required name=search_term_string\"}],\"inLanguage\":\"en-US\"},{\"@type\":\"ImageObject\",\"inLanguage\":\"en-US\",\"@id\":\"https:\/\/www.visit-ulcinj.com\/blog\/2008\/01\/12\/u-ulcinju-ce-se-graditi-samo-uz-ocuvanje-prirodnih-ljepota\/#primaryimage\",\"url\":\"http:\/\/www.visit-ulcinj.com\/blog\/wp-content\/uploads\/2008\/01\/gzim-hajdinaga.jpg\",\"contentUrl\":\"http:\/\/www.visit-ulcinj.com\/blog\/wp-content\/uploads\/2008\/01\/gzim-hajdinaga.jpg\"},{\"@type\":\"WebPage\",\"@id\":\"https:\/\/www.visit-ulcinj.com\/blog\/2008\/01\/12\/u-ulcinju-ce-se-graditi-samo-uz-ocuvanje-prirodnih-ljepota\/#webpage\",\"url\":\"https:\/\/www.visit-ulcinj.com\/blog\/2008\/01\/12\/u-ulcinju-ce-se-graditi-samo-uz-ocuvanje-prirodnih-ljepota\/\",\"name\":\"U Ulcinju ?e se graditi samo uz o?uvanje prirodnih ljepota - Lajme nga Ulqini\",\"isPartOf\":{\"@id\":\"https:\/\/www.visit-ulcinj.com\/blog\/#website\"},\"primaryImageOfPage\":{\"@id\":\"https:\/\/www.visit-ulcinj.com\/blog\/2008\/01\/12\/u-ulcinju-ce-se-graditi-samo-uz-ocuvanje-prirodnih-ljepota\/#primaryimage\"},\"datePublished\":\"2008-01-12T19:43:28+00:00\",\"dateModified\":\"2008-02-12T23:35:00+00:00\",\"author\":{\"@id\":\"https:\/\/www.visit-ulcinj.com\/blog\/#\/schema\/person\/dcab619c614d3038751c63bc2aadc06d\"},\"breadcrumb\":{\"@id\":\"https:\/\/www.visit-ulcinj.com\/blog\/2008\/01\/12\/u-ulcinju-ce-se-graditi-samo-uz-ocuvanje-prirodnih-ljepota\/#breadcrumb\"},\"inLanguage\":\"en-US\",\"potentialAction\":[{\"@type\":\"ReadAction\",\"target\":[\"https:\/\/www.visit-ulcinj.com\/blog\/2008\/01\/12\/u-ulcinju-ce-se-graditi-samo-uz-ocuvanje-prirodnih-ljepota\/\"]}]},{\"@type\":\"BreadcrumbList\",\"@id\":\"https:\/\/www.visit-ulcinj.com\/blog\/2008\/01\/12\/u-ulcinju-ce-se-graditi-samo-uz-ocuvanje-prirodnih-ljepota\/#breadcrumb\",\"itemListElement\":[{\"@type\":\"ListItem\",\"position\":1,\"name\":\"U Ulcinju ?e se graditi samo uz o?uvanje prirodnih ljepota\"}]},{\"@type\":\"Person\",\"@id\":\"https:\/\/www.visit-ulcinj.com\/blog\/#\/schema\/person\/dcab619c614d3038751c63bc2aadc06d\",\"name\":\"ulqini\",\"sameAs\":[\"http:\/\/www.visit-ulcinj.com\"],\"url\":\"https:\/\/www.visit-ulcinj.com\/blog\/author\/admin\/\"}]}<\/script>\n<!-- \/ Yoast SEO plugin. -->","yoast_head_json":{"title":"U Ulcinju ?e se graditi samo uz o?uvanje prirodnih ljepota - Lajme nga Ulqini","robots":{"index":"index","follow":"follow","max-snippet":"max-snippet:-1","max-image-preview":"max-image-preview:large","max-video-preview":"max-video-preview:-1"},"canonical":"https:\/\/www.visit-ulcinj.com\/blog\/2008\/01\/12\/u-ulcinju-ce-se-graditi-samo-uz-ocuvanje-prirodnih-ljepota\/","og_locale":"en_US","og_type":"article","og_title":"U Ulcinju ?e se graditi samo uz o?uvanje prirodnih ljepota - Lajme nga Ulqini","og_url":"https:\/\/www.visit-ulcinj.com\/blog\/2008\/01\/12\/u-ulcinju-ce-se-graditi-samo-uz-ocuvanje-prirodnih-ljepota\/","og_site_name":"Lajme nga Ulqini","article_published_time":"2008-01-12T19:43:28+00:00","article_modified_time":"2008-02-12T23:35:00+00:00","og_image":[{"url":"http:\/\/www.visit-ulcinj.com\/blog\/wp-content\/uploads\/2008\/01\/gzim-hajdinaga.jpg"}],"twitter_misc":{"Written by":"ulqini","Est. reading time":"15 minutes"},"schema":{"@context":"https:\/\/schema.org","@graph":[{"@type":"WebSite","@id":"https:\/\/www.visit-ulcinj.com\/blog\/#website","url":"https:\/\/www.visit-ulcinj.com\/blog\/","name":"Lajme nga Ulqini","description":"Lajme,Vijesti,Ulqini,Ulqin,Crna Gora,Mali i Zi","potentialAction":[{"@type":"SearchAction","target":{"@type":"EntryPoint","urlTemplate":"https:\/\/www.visit-ulcinj.com\/blog\/?s={search_term_string}"},"query-input":"required name=search_term_string"}],"inLanguage":"en-US"},{"@type":"ImageObject","inLanguage":"en-US","@id":"https:\/\/www.visit-ulcinj.com\/blog\/2008\/01\/12\/u-ulcinju-ce-se-graditi-samo-uz-ocuvanje-prirodnih-ljepota\/#primaryimage","url":"http:\/\/www.visit-ulcinj.com\/blog\/wp-content\/uploads\/2008\/01\/gzim-hajdinaga.jpg","contentUrl":"http:\/\/www.visit-ulcinj.com\/blog\/wp-content\/uploads\/2008\/01\/gzim-hajdinaga.jpg"},{"@type":"WebPage","@id":"https:\/\/www.visit-ulcinj.com\/blog\/2008\/01\/12\/u-ulcinju-ce-se-graditi-samo-uz-ocuvanje-prirodnih-ljepota\/#webpage","url":"https:\/\/www.visit-ulcinj.com\/blog\/2008\/01\/12\/u-ulcinju-ce-se-graditi-samo-uz-ocuvanje-prirodnih-ljepota\/","name":"U Ulcinju ?e se graditi samo uz o?uvanje prirodnih ljepota - Lajme nga Ulqini","isPartOf":{"@id":"https:\/\/www.visit-ulcinj.com\/blog\/#website"},"primaryImageOfPage":{"@id":"https:\/\/www.visit-ulcinj.com\/blog\/2008\/01\/12\/u-ulcinju-ce-se-graditi-samo-uz-ocuvanje-prirodnih-ljepota\/#primaryimage"},"datePublished":"2008-01-12T19:43:28+00:00","dateModified":"2008-02-12T23:35:00+00:00","author":{"@id":"https:\/\/www.visit-ulcinj.com\/blog\/#\/schema\/person\/dcab619c614d3038751c63bc2aadc06d"},"breadcrumb":{"@id":"https:\/\/www.visit-ulcinj.com\/blog\/2008\/01\/12\/u-ulcinju-ce-se-graditi-samo-uz-ocuvanje-prirodnih-ljepota\/#breadcrumb"},"inLanguage":"en-US","potentialAction":[{"@type":"ReadAction","target":["https:\/\/www.visit-ulcinj.com\/blog\/2008\/01\/12\/u-ulcinju-ce-se-graditi-samo-uz-ocuvanje-prirodnih-ljepota\/"]}]},{"@type":"BreadcrumbList","@id":"https:\/\/www.visit-ulcinj.com\/blog\/2008\/01\/12\/u-ulcinju-ce-se-graditi-samo-uz-ocuvanje-prirodnih-ljepota\/#breadcrumb","itemListElement":[{"@type":"ListItem","position":1,"name":"U Ulcinju ?e se graditi samo uz o?uvanje prirodnih ljepota"}]},{"@type":"Person","@id":"https:\/\/www.visit-ulcinj.com\/blog\/#\/schema\/person\/dcab619c614d3038751c63bc2aadc06d","name":"ulqini","sameAs":["http:\/\/www.visit-ulcinj.com"],"url":"https:\/\/www.visit-ulcinj.com\/blog\/author\/admin\/"}]}},"jetpack_featured_media_url":"","jetpack_sharing_enabled":true,"jetpack_shortlink":"https:\/\/wp.me\/pe6lTn-24","_links":{"self":[{"href":"https:\/\/www.visit-ulcinj.com\/blog\/wp-json\/wp\/v2\/posts\/128"}],"collection":[{"href":"https:\/\/www.visit-ulcinj.com\/blog\/wp-json\/wp\/v2\/posts"}],"about":[{"href":"https:\/\/www.visit-ulcinj.com\/blog\/wp-json\/wp\/v2\/types\/post"}],"author":[{"embeddable":true,"href":"https:\/\/www.visit-ulcinj.com\/blog\/wp-json\/wp\/v2\/users\/1"}],"replies":[{"embeddable":true,"href":"https:\/\/www.visit-ulcinj.com\/blog\/wp-json\/wp\/v2\/comments?post=128"}],"version-history":[{"count":0,"href":"https:\/\/www.visit-ulcinj.com\/blog\/wp-json\/wp\/v2\/posts\/128\/revisions"}],"wp:attachment":[{"href":"https:\/\/www.visit-ulcinj.com\/blog\/wp-json\/wp\/v2\/media?parent=128"}],"wp:term":[{"taxonomy":"category","embeddable":true,"href":"https:\/\/www.visit-ulcinj.com\/blog\/wp-json\/wp\/v2\/categories?post=128"},{"taxonomy":"post_tag","embeddable":true,"href":"https:\/\/www.visit-ulcinj.com\/blog\/wp-json\/wp\/v2\/tags?post=128"}],"curies":[{"name":"wp","href":"https:\/\/api.w.org\/{rel}","templated":true}]}}