{"id":1280,"date":"2008-04-17T13:17:21","date_gmt":"2008-04-17T18:17:21","guid":{"rendered":"http:\/\/www.visit-ulcinj.com\/blog\/?p=1280"},"modified":"2008-04-17T16:20:20","modified_gmt":"2008-04-17T21:20:20","slug":"ne-ulqin-u-mbajt-tryeza-e-rrumbullaket-e-ardhmja-e-shqiptareve-ne-mal-te-zi","status":"publish","type":"post","link":"https:\/\/www.visit-ulcinj.com\/blog\/2008\/04\/17\/ne-ulqin-u-mbajt-tryeza-e-rrumbullaket-e-ardhmja-e-shqiptareve-ne-mal-te-zi\/","title":{"rendered":"N\u00eb Ulqin u mbajt tryeza e rrumbullak\u00ebt &#8221; E ardhmja e shqiptar\u00ebve n\u00eb Mal t\u00eb Zi&#8221;"},"content":{"rendered":"<p><a href=\"http:\/\/www.visit-ulcinj.com\/blog\/wp-content\/uploads\/2008\/04\/lulgjuraj_cobaj.jpg\"><img loading=\"lazy\" class=\"alignleft attachment wp-att-1281\" style=\"float: left;\" src=\"http:\/\/www.visit-ulcinj.com\/blog\/wp-content\/uploads\/2008\/04\/lulgjuraj_cobaj.thumbnail.jpg\" alt=\"Gjon Lulgjuraj_Naser \u00c7obaj \" width=\"200\" height=\"198\" \/><\/a><strong>Shqiptar\u00ebt nuk kan\u00eb trajtim t\u00eb barabart\u00eb<\/strong><br \/>\nN\u00eb organizim t\u00eb L\u00ebvizjes &#8221; Atdheu na Bashkon&#8221;, q\u00eb p\u00ebrfaq\u00ebson shumic\u00ebn e organizatave dhe shoqatave t\u00eb shqiptar\u00ebve nga Mali i Zi n\u00eb Shtete t\u00eb Bashkuara t\u00eb Amerik\u00ebs organizoi n\u00eb Ulqin, m\u00eb 4 priill 2008, tryez\u00ebn e rrumbullak\u00ebt &#8221; E ardhmja e shqiptar\u00ebve n\u00eb Mal t\u00eb Zi&#8221;. N\u00eb k\u00ebt\u00eb takim, ku mor\u00ebn pjes\u00eb p\u00ebrfaq\u00ebsues t\u00eb jet\u00ebs politike, t\u00eb sektorit civil dhe intelektual t\u00eb pavarur\u00eb nga trevat etnike shqiptare n\u00eb Malin e Zi, u trajtua e ardhmja politiko-juridike, ekonomike, edukativo-arsimore dhe kulturore e shqiptar\u00ebve n\u00eb k\u00ebt\u00eb republik\u00eb.<a href=\"http:\/\/www.visit-ulcinj.com\/blog\/wp-content\/uploads\/2008\/04\/gjon-lulgjuraj.jpg\"><img loading=\"lazy\" class=\"alignright attachment wp-att-1282\" style=\"float: right;\" src=\"http:\/\/www.visit-ulcinj.com\/blog\/wp-content\/uploads\/2008\/04\/gjon-lulgjuraj.thumbnail.jpg\" alt=\"Gjon Lulgjuraj\" width=\"186\" height=\"200\" \/><\/a><br \/>\nKryetari i L\u00ebvizjes &#8221; Atdheu na Bashkon&#8221; , Gjon Lulgjuraj , n\u00eb fjal\u00ebn e tij t\u00eb hapjes s\u00eb k\u00ebsaj tryeze n\u00eb t\u00eb cil\u00ebn nuk ishte i pranish\u00ebm kreu i UDSH-s\u00eb z. Ferhat Dinosha, edhe pse sipas organizatorit ka qen\u00eb i ftuar, shpalosi shqet\u00ebsimin e shoqat\u00ebs p\u00ebr t\u00eb drejtat e minoriteve, ve\u00e7mas t\u00eb shqiptar\u00ebve n\u00eb shtetin e pavarur t\u00eb Malit t\u00eb Zi, me procesin e privatizimit dhe me ligjet q\u00eb rregullojn\u00eb k\u00ebt\u00eb fush\u00eb, me decentralizimin, me shitjet dhe zhvillimin ekonomik n\u00eb Ulqin, me munges\u00ebn e komun\u00ebs s\u00eb m\u00ebvet\u00ebsishme t\u00eb Mal\u00ebsis\u00eb, me munges\u00ebn e perspektiv\u00ebs p\u00ebr pun\u00ebsim t\u00eb shqiptar\u00ebve n\u00eb sektorin qeveritar si dhe me trajtimin e t\u00eb burgosurve shqiptar\u00eb nga Mal\u00ebsia n\u00eb aksionin policor malazez &#8221; Fluturimi i shqiponj\u00ebs&#8221; , me tortur\u00ebn q\u00eb ndaj tyre ka ushtruar policia malazeze si dhe me zvarritjen e procesit gjyq\u00ebsor ndaj 18 mal\u00ebsor\u00ebve t\u00eb akuzuar p\u00ebr &#8221; terroriz\u00ebm dhe prishje t\u00eb rendit kushtetues n\u00eb Mal tz\u00eb Zi&#8221;.<\/p>\n<p><a href=\"http:\/\/www.visit-ulcinj.com\/blog\/wp-content\/uploads\/2008\/04\/bardhi-_2.jpg\"><img loading=\"lazy\" class=\"alignleft attachment wp-att-1283\" style=\"float: left;\" src=\"http:\/\/www.visit-ulcinj.com\/blog\/wp-content\/uploads\/2008\/04\/bardhi-_2.thumbnail.jpg\" alt=\"bardhi_2\" width=\"200\" height=\"143\" \/><\/a><strong>Qytetar\u00eb t\u00eb rendit t\u00eb dyt\u00eb<\/strong><br \/>\nLideri dhe deputeti i Lidhjes Demokratike n\u00eb Mal t\u00eb Zi, z. Mehmet Bardhi, duke folur p\u00ebr k\u00ebt\u00eb tem\u00eb, pohoi se situata e shqiptar\u00ebve n\u00eb Malin e Zi t\u00eb pavrur \u00ebsht\u00eb m\u00eb e keqe se kurr\u00eb. &#8221; Kushtetuta e Malit t\u00eb Zi nuk siguron barazi t\u00eb plot\u00eb t\u00eb qytetar\u00ebve as barazi t\u00eb plot\u00eb t\u00eb pjes\u00ebtar\u00ebve t\u00eb nacionaliteteve t\u00eb ndryshme. Ajo, shqiptar\u00ebve nuk u siguron barazi t\u00eb plot\u00eb, liri dhe t\u00eb drejta t\u00eb barabarta . Edhe pse n\u00eb preambul\u00eb t\u00eb k\u00ebtij akti m\u00eb t\u00eb lart\u00eb shtet\u00ebroro-juridik p\u00ebrmendet emri shqiptar dhe gjuha shqipe, nuk thuhet se shteti i Malit t\u00eb Zi \u00ebsht\u00eb shtet i barabart i t\u00eb gjith\u00eb qytetar\u00ebve.Shqiptar\u00ebt dhe gjuha shqipe jan\u00eb diskriminuar. Po ashtu n\u00eb kushtetut\u00eb nuk ekziston as p\u00ebrfaq\u00ebsimi autentik i shqiptar\u00ebve. Dokumentet personale t\u00eb shqiptar\u00ebve nuk jan\u00eb rregulluar ashtu si\u00e7 kemi k\u00ebrkuar Pra, ne shqiptar\u00ebt konsiderohemi si qytetar\u00eb t\u00eb rendit t\u00eb dyt\u00eb&#8221; tha me keqardhje Bardhi dhe shtoi se LD n\u00eb MZ ka paraqitur 35 v\u00ebrejtje dhe 19 amandamente n\u00eb kushtetut\u00ebn e re malazeze, por pushteti aktual i ka refuzar t\u00eb gjitha.<a href=\"http:\/\/www.visit-ulcinj.com\/blog\/wp-content\/uploads\/2008\/04\/atdheu1-019.jpg\"><img loading=\"lazy\" class=\"alignright attachment wp-att-1284\" style=\"float: right;\" src=\"http:\/\/www.visit-ulcinj.com\/blog\/wp-content\/uploads\/2008\/04\/atdheu1-019.thumbnail.jpg\" alt=\"vaselj sinishtaj_2\" width=\"200\" height=\"149\" \/><\/a><br \/>\nKryetari i Alternativ\u00ebs Shqiptare, Vasel Sinishtaj, nj\u00ebherazi edhe deputet n\u00eb Parlamentin e Malit t\u00eb Zi, duke elaboruar t\u00eb drejtat e shqiptar\u00ebve n\u00eb Mal t\u00eb Zi, vler\u00ebsoi se nuk implementohen ligjet n\u00eb Mal t\u00eb Zi, kur jan\u00eb n\u00eb pyetje minoritetet, respektivisht shqiptar\u00ebt. Ai p\u00ebrmendi shum\u00eb probleme t\u00eb k\u00ebsaj natyre. &#8221; Me kushtetuten e re shqiptar\u00ebve u \u00ebsht\u00eb garantuar q\u00eb emri dhe mbiemri i tyre n\u00eb dokumente personale dhe t\u00eb udh\u00ebtimit t\u00eb shkruhen n\u00eb gjuh\u00ebn dhe alfabetin shqip. Mir\u00ebpo, kjo e drejt\u00eb e jona e patjet\u00ebrsueshme nuk \u00ebsht\u00eb propozuar n\u00eb ligjin q\u00eb rregullon k\u00ebt\u00eb \u00e7\u00ebshtje, i cili \u00ebsht\u00eb n\u00eb procedur\u00eb. Problem tjet\u00ebr i pazgjidhur p\u00ebr shqiptar\u00ebt \u00ebsht\u00eb edhe p\u00ebrfaq\u00ebsimi i shqiptar\u00ebve n\u00eb parlamentin republikan dhe n\u00eb parlamentet lokale ku shqiptar\u00ebt nuk jan\u00eb shumic\u00eb: n\u00eb Podgoric\u00eb, Tivar, Plav\u00eb dhe Rozhaj\u00eb. Duhet kthyer nenet 23-24 t\u00eb Ligjit mbi t\u00eb drejtat e pakicave. Shqet\u00ebsuese p\u00ebr ne shqiptar\u00ebt \u00ebsht\u00eb edhe ushtrimi i dhun\u00ebs, maltretimet dhe fyerjet njer\u00ebzore t\u00eb polic\u00ebve malazez\u00eb ndaj mal\u00ebsor\u00ebve t\u00eb paraburgosur n\u00eb burgun e Spuzh\u00ebs, ku shihet qart\u00eb mosrespektimi i lirive dhe t\u00eb drejtave njer\u00ebzore t\u00eb garantuara me kushtetut\u00eb. Ajo q\u00eb ne na pengon m\u00eb s\u00eb shumti \u00ebsht\u00eb shkelja e nenit 3 t\u00eb Kart\u00ebs korniz\u00eb p\u00ebr lirit\u00eb dhe t\u00eb drejtat e njeriut ku parandalohet dhuna sidomos at\u00ebher\u00eb kur b\u00ebhet me q\u00ebllim t\u00eb nxjerrjes s\u00eb deklarat\u00ebs p\u00ebr t\u00eb pranuar faj\u00ebsin\u00eb.&#8221;, theksoi Sinshtaj. Loro Markiqi, avokat, pohoi gjithashtu se pushteti aktual po vazhdon me politik\u00ebn e vjet\u00ebr tashm\u00eb t\u00eb njohur p\u00ebr t\u00eb gjith\u00eb ndaj shqiptar\u00ebve, duke mosp\u00ebrfill\u00eb ligjet ekzistuese. &#8221; D\u00ebshmia m\u00eb e mir\u00eb p\u00ebr k\u00ebt\u00eb \u00ebsht\u00eb rasti i keqtrajtimit t\u00eb shqiptar\u00ebve ( mal\u00ebsor\u00ebve) t\u00eb paraburgosur\u00eb n\u00eb aksionin &#8221; Fluturimi i shqiponj\u00ebs&#8221; ndaj t\u00eb cil\u00ebve policia malazeze ka ushtruar dhun\u00eb dhe tortur\u00eb fizike e psiqike, gj\u00eb t\u00eb cil\u00ebn e kan\u00eb konfirmuar edhe shoqatat malazeze dhe t\u00eb huaja q\u00eb merren me lirit\u00eb dhe t\u00eb drejtat e njeriut, por pushteti gjithnj\u00eb hesht , duke shkelur ligjin. D\u00ebshmi tjet\u00ebr e mosp\u00ebrfilljes s\u00eb ligjeve nga ana e gjyq\u00ebsorit \u00ebsht\u00eb edhe fakti se dy avokat\u00ebve shqiptar\u00eb n\u00eb procesin gjyq\u00ebsor t\u00eb p\u00ebrmendur, t\u00eb cilin e quaj politik i drejtuar jo vet\u00ebm kund\u00ebr shqiptar\u00ebve t\u00eb akuzuar, por kund\u00ebr t\u00eb gjith\u00eb shqiptar\u00ebve, na \u00ebsht\u00eb ndaluar p\u00ebrdorimi i gjuh\u00ebs shqipe. Kjo tregon qart\u00eb se n\u00eb Mal t\u00eb Zi ende vazhdon politka e vjet\u00ebr ndaj shqiptar\u00ebve, duke na trajtuar si qytetar\u00eb t\u00eb rendit t\u00eb dyt\u00eb&#8221;, tha Markiqi.<\/p>\n<p><a href=\"http:\/\/www.visit-ulcinj.com\/blog\/wp-content\/uploads\/2008\/04\/loro-markiqi.jpg\"><img loading=\"lazy\" class=\"alignleft attachment wp-att-1285\" style=\"float: left;\" src=\"http:\/\/www.visit-ulcinj.com\/blog\/wp-content\/uploads\/2008\/04\/loro-markiqi.thumbnail.jpg\" alt=\"Loro Markiqi\" width=\"177\" height=\"185\" \/><\/a><strong>K\u00ebshilli Nacional Shqiptar &#8211; dekor i Qeveris\u00eb<\/strong><br \/>\nN\u00eb m\u00ebnyr\u00eb kritike u diskutua edhe p\u00ebr krijimin e K\u00ebshillit Nacional t\u00eb Shqiptar\u00ebve. Shumica e pjes\u00ebmarr\u00ebsve n\u00eb debat u shpreh\u00ebn skeptik lidhur me funksionimin e duhur t\u00eb K\u00ebshillit Nacional Shqiptar. Sipas tyre k\u00ebshilli n\u00eb fjal\u00eb dhe Fondi i Pakicave do t\u00eb jen\u00eb n\u00eb sh\u00ebrbim t\u00eb pushtetit, i cili p\u00ebrmes njer\u00ebzve t\u00eb vet\u00eb do t\u00eb realizoj\u00eb q\u00ebllimet e veta. U tha se nga 33 an\u00ebtar\u00eb t\u00eb K\u00ebshillit Nacional Shqiptar vet\u00ebm shtat\u00eb prej tyre ekziston mund\u00ebsia t\u00eb jen\u00eb jopartiak\u00eb dhe si i till\u00eb do t\u00eb jet\u00eb dekor i Qeveris\u00eb s\u00eb Malit t\u00eb Zi, duke theksuar nevoj\u00ebn q\u00eb n\u00eb k\u00ebt\u00eb k\u00ebshill\u00eb t\u00eb p\u00ebrfshihen intelektual t\u00eb mir\u00ebfillt\u00eb q\u00eb s`do t\u00eb ndikohen nga politikan\u00ebt. Po ashtu u d\u00ebgjuan edhe shum\u00eb mang\u00ebsi n\u00eb llogari t\u00eb Ligjit q\u00eb ka t\u00eb b\u00ebj\u00eb me k\u00ebshillat nacionale. Xhoana Perkaj, historiane dhe analiste pohoi se ideja p\u00ebr themelimin e K\u00ebshillit \u00ebsht\u00eb e mir\u00eb por sistemi i votimit n\u00eb Kuvendin e elektor\u00ebve p\u00ebr zgjidhjen e K\u00ebshillit nuk mund\u00ebson dep\u00ebrtimin e intelektual\u00ebve jopartiak\u00eb. Sipas saj ekziston mund\u00ebsia e dyfishimit t\u00eb funksioneve politke t\u00eb politikan\u00ebve t\u00eb evolvuar m\u00eb par\u00eb n\u00eb politik\u00eb.<a href=\"http:\/\/www.visit-ulcinj.com\/blog\/wp-content\/uploads\/2008\/04\/zylfije-duraku_1.jpg\"><img loading=\"lazy\" class=\"alignright attachment wp-att-1287\" style=\"float: right;\" src=\"http:\/\/www.visit-ulcinj.com\/blog\/wp-content\/uploads\/2008\/04\/zylfije-duraku_1.thumbnail.jpg\" alt=\"zylfije duraku_1\" width=\"181\" height=\"181\" \/><\/a><\/p>\n<p><strong>Lider\u00ebt politik\u00eb shqiptar\u00eb duhet t\u00eb nd\u00ebrgjegj\u00ebsohen<\/strong><br \/>\nOrator\u00ebt biseduan edhe p\u00ebr veprimtarin\u00eb e deritashme t\u00eb subjekteve politike shqiptare dhe paraqit\u00ebn nevoj\u00ebn e hartimit t\u00eb nj\u00eb Platforme politike t\u00eb p\u00ebrbashk\u00ebt, e cila do t\u00eb p\u00ebrfshinte problemet thelb\u00ebsore t\u00eb shqiptar\u00ebve n\u00eb Mal t\u00eb Zi. P\u00ebrfaq\u00ebsuesit e sektorit civil dhe intelektual\u00ebt e pavaruar ishin t\u00eb nj\u00eb mendimi se lider\u00ebt politik\u00eb shqiptar\u00eb mbajn\u00eb p\u00ebrgjegj\u00ebsin\u00eb kryesore p\u00ebr problemet e pazgjidhura t\u00eb shqiptar\u00ebve n\u00eb k\u00ebt\u00eb republik\u00eb. Sipas tyre shqiptar\u00ebt nuk kan\u00eb nevoj\u00eb p\u00ebr 6 parti politike, por kan\u00eb nevoj\u00eb q\u00eb ato t\u00eb bashk\u00ebpunojn\u00eb ngusht nj\u00ebra me tjetr\u00ebn e jo t\u00eb jen\u00eb t\u00eb ndara e t\u00eb p\u00ebr\u00e7ara aq sa elektorati shqiptar aktualisht \u00ebsht\u00eb pothuaj i hutuar dhe nuk di se kujt t`ia besoj\u00eb vot\u00ebn. Dr. Zylfie Gjoni -Duraku, drejtuese e Shoqat\u00ebs s\u00eb gruas &#8221; Anima&#8221; fajin p\u00ebr gjendjen e krijuar tek shqiptar\u00ebt n\u00eb Malin e Zi e k\u00ebrkoi tek vetvetja.<\/p>\n<p><a href=\"http:\/\/www.visit-ulcinj.com\/blog\/wp-content\/uploads\/2008\/04\/cakuli_hollaj_doda.jpg\"><img loading=\"lazy\" class=\"alignleft attachment wp-att-1288\" style=\"float: left;\" src=\"http:\/\/www.visit-ulcinj.com\/blog\/wp-content\/uploads\/2008\/04\/cakuli_hollaj_doda.thumbnail.jpg\" alt=\"cakuli_hollaj_doda\" width=\"200\" height=\"140\" \/><\/a><strong>Tokat e shqiptar\u00ebve pla\u00e7kiten nga strukturat e shtetit<\/strong><br \/>\nN\u00eb diskutimet e pasdit\u00ebs mbi t\u00eb ardhmen ekonomike, edukativo &#8211; arsimore dhe kulturore t\u00eb shqiptar\u00ebve n\u00eb Mal t\u00eb Zi u d\u00ebgjuan shum\u00eb v\u00ebrjetje dhe mospajtime p\u00ebr m\u00ebnyr\u00ebn e privatizimit , kthimin e pron\u00ebs dhe shfryt\u00ebzimin e resurseve natyrore. Lidhur me privatizimin u tha se ai nuk ka kurrfar\u00eb q\u00ebllimi tjet\u00ebr p\u00ebrve\u00e7 asimilimit dhe se asnj\u00eb ekspert i ekonomis\u00eb ose i politik\u00ebs nuk mund ta arsyetoj\u00eb k\u00ebt\u00eb lloj privatizimi pa kontroll se shkon n\u00eb t\u00eb mir\u00ebn e mir\u00ebqenjes s\u00eb qytetar\u00ebve t\u00eb k\u00ebsaj komun\u00eb. P\u00ebrkundrazi. Ram\u00eb Sinanaj nga fshati Hot, komuna e Plav\u00ebs, kritikoi pushtetin malazez se nuk po ua kthen pronat shqiptar\u00ebve t\u00eb k\u00ebsaj<a href=\"http:\/\/www.visit-ulcinj.com\/blog\/wp-content\/uploads\/2008\/04\/naser-cobaj.jpg\"><img loading=\"lazy\" class=\"alignright attachment wp-att-1289\" style=\"float: right;\" src=\"http:\/\/www.visit-ulcinj.com\/blog\/wp-content\/uploads\/2008\/04\/naser-cobaj.thumbnail.jpg\" alt=\"Naser \u00e7obaj\" width=\"194\" height=\"200\" \/><\/a> komun\u00eb t\u00eb cil\u00ebt pesedojn\u00eb tapit\u00eb edhe p\u00ebrkund\u00ebr ligjit ekzistues p\u00ebr restituim dhe shtoi se me miratimin e Planit Hap\u00ebsinor t\u00eb Malit t\u00eb Zi deri n\u00eb vitin 2020, sipas t\u00eb cilit Bjeshk\u00ebt e N\u00ebmuna shpallen Park Nacional, shqiptar\u00ebve t\u00eb Plav\u00ebs e Gucis\u00eb do tu pla\u00e7kiten nga ana e shtetit mij\u00ebra hektar\u00eb tok\u00eb t\u00eb tjera. Me t\u00eb nj\u00ebjtat probleme e shqet\u00ebsime , u tha n\u00eb tryez\u00eb, ballafaqohen edhe qytear\u00ebt e komun\u00ebs s\u00eb Ulqinit dhe t\u00eb Mal\u00ebsis\u00eb t\u00eb cil\u00ebve nuk po u kthehet prona e tyre e konfiskuar nga shteti n\u00eb kripore, Valdanos, Shtoj, Shas, Tuz e gjetk\u00eb.<br \/>\nN\u00ebnkryteari i L\u00ebvizjes &#8221; Atdheu na Bashkon&#8221;, Naser \u00c7obaj p\u00ebr k\u00ebt\u00eb ve\u00e7mas faj\u00ebsoi Qeverin\u00eb malazeze, Unionoin Demokratik t\u00eb Shqiptar\u00ebve dhe kryetarin e komun\u00ebs s\u00eb Ulqinit, z. G\u00ebzim Hajdinaga &#8221; Sa her\u00eb Qeveria e Malit t\u00eb Zi e ka nd\u00ebrruar ligjin mbi pron\u00ebsin\u00eb \u00ebsht\u00eb zvog\u00ebluar mund\u00ebsia e qytetar\u00ebve t\u00eb komun\u00ebs s\u00eb Ulqinit dhe t\u00eb Mal\u00ebsis\u00eb p\u00ebr t\u00eb kthyer pronat e veta.<\/p>\n<p><a href=\"http:\/\/www.visit-ulcinj.com\/blog\/wp-content\/uploads\/2008\/04\/nail-draga1.jpg\"><img loading=\"lazy\" class=\"alignleft attachment wp-att-1290\" style=\"float: left;\" src=\"http:\/\/www.visit-ulcinj.com\/blog\/wp-content\/uploads\/2008\/04\/nail-draga1.thumbnail.jpg\" alt=\"nail draga_1\" width=\"193\" height=\"200\" \/><\/a><strong> S`kemi strategji unike t\u00eb kultur\u00ebs<\/strong><br \/>\nShum\u00eb probleme u debatuan edhe n\u00eb fush\u00ebn e arsimit dhe kultur\u00ebs. U konstaua se shqiptar\u00ebt n\u00eb Mal t\u00eb Zi nuk kan\u00eb kultur\u00eb t\u00eb mir\u00ebfillt\u00eb dhe u shtrua nevoja e krijimit t\u00eb nj\u00eb strategjie unike t\u00eb kultur\u00ebs si dhe integrimi n\u00eb Evrop\u00eb si parakusht p\u00ebr ruajtjen e identitetit kulturor. Po ashtu \u00ebsht\u00eb r\u00ebn\u00eb dakord edhe p\u00ebr nevoj\u00ebn e ruajtjes s\u00eb monumenteve t\u00eb trash\u00ebgimis\u00eb kulturore dhe identitetit komb\u00ebtar Dr. Nail Draga, duke prezentuar \u00e7\u00ebshtjen e arsimit shqip tha se situata n\u00eb k\u00ebt\u00eb segment \u00ebsht\u00eb tep\u00ebr e palakmueshme, duke e ilustruar me faktin se n\u00eb institucionet p\u00ebrkat\u00ebse republikane nuk ka asnj\u00eb shqiptar t\u00eb pun\u00ebsuar, pastaj me planprogramet e imponuara m\u00ebsimore,<a href=\"http:\/\/www.visit-ulcinj.com\/blog\/wp-content\/uploads\/2008\/04\/amir-hollaj_1.jpg\"><img loading=\"lazy\" class=\"alignright attachment wp-att-1291\" style=\"float: right;\" src=\"http:\/\/www.visit-ulcinj.com\/blog\/wp-content\/uploads\/2008\/04\/amir-hollaj_1.thumbnail.jpg\" alt=\"amir hollaj_1\" width=\"178\" height=\"180\" \/><\/a> tekstet e p\u00ebrkthyera shkollore e t\u00eb tjera.<\/p>\n<p><strong>Inicohet themelimi i K\u00ebshillit Komb\u00ebtar<\/strong><br \/>\nN\u00eb k\u00ebt\u00eb tryez\u00eb t\u00eb pranishmit miratuan propozimin e z. Ramiz Sinanaj p\u00ebr themelimin e nj\u00eb grupi ( komisioni) inicues i cili do t\u00eb shqyrtoj\u00eb t\u00eb gjitha rrethanat , mund\u00ebsit\u00eb dhe nevojshm\u00ebrin\u00eb e themelimit t\u00eb K\u00ebshillit Komb\u00ebtar. Ky K\u00ebshill u cil\u00ebsua se do t\u00eb ndihmoj\u00eb n\u00eb ruajtjen e identittetit t\u00eb shqiptar\u00ebve n\u00eb Malin e Zi. N\u00eb debat\u00eb mor\u00ebn pjes\u00eb edhe Vasel Camaj, Xhaudet Cakuli, Ismet Karamanga, Nazif Veliqi , Noc Camaj e tjer\u00eb.<br \/>\n<strong> Gjek\u00eb Gjonaj<br \/>\nKOHA JAVORE<\/strong><\/p>\n","protected":false},"excerpt":{"rendered":"<p><img loading=\"lazy\" class=\"alignleft attachment wp-att-1281\" style=\"float: left;\" src=\"http:\/\/www.visit-ulcinj.com\/blog\/wp-content\/uploads\/2008\/04\/lulgjuraj_cobaj.thumbnail.jpg\" alt=\"Gjon Lulgjuraj_Naser \u00c7obaj \" width=\"140\" height=\"140\" \/><\/p>\n","protected":false},"author":1,"featured_media":0,"comment_status":"open","ping_status":"closed","sticky":false,"template":"","format":"standard","meta":{"spay_email":"","jetpack_publicize_message":"","jetpack_is_tweetstorm":false,"jetpack_publicize_feature_enabled":true},"categories":[1,6,11],"tags":[1303,1083,196,222,2541,128,2540,95,347,318,1082,118,1877,2450,2394,200,1797,2539],"jetpack_publicize_connections":[],"yoast_head":"<!-- This site is optimized with the Yoast SEO plugin v19.1 - https:\/\/yoast.com\/wordpress\/plugins\/seo\/ -->\n<title>N\u00eb Ulqin u mbajt tryeza e rrumbullak\u00ebt &quot; E ardhmja e shqiptar\u00ebve n\u00eb Mal t\u00eb Zi&quot; - Lajme nga Ulqini<\/title>\n<meta name=\"robots\" content=\"index, follow, max-snippet:-1, max-image-preview:large, max-video-preview:-1\" \/>\n<link rel=\"canonical\" href=\"https:\/\/www.visit-ulcinj.com\/blog\/2008\/04\/17\/ne-ulqin-u-mbajt-tryeza-e-rrumbullaket-e-ardhmja-e-shqiptareve-ne-mal-te-zi\/\" \/>\n<meta property=\"og:locale\" content=\"en_US\" \/>\n<meta property=\"og:type\" content=\"article\" \/>\n<meta property=\"og:title\" content=\"N\u00eb Ulqin u mbajt tryeza e rrumbullak\u00ebt &quot; E ardhmja e shqiptar\u00ebve n\u00eb Mal t\u00eb Zi&quot; - Lajme nga Ulqini\" \/>\n<meta property=\"og:url\" content=\"https:\/\/www.visit-ulcinj.com\/blog\/2008\/04\/17\/ne-ulqin-u-mbajt-tryeza-e-rrumbullaket-e-ardhmja-e-shqiptareve-ne-mal-te-zi\/\" \/>\n<meta property=\"og:site_name\" content=\"Lajme nga Ulqini\" \/>\n<meta property=\"article:published_time\" content=\"2008-04-17T18:17:21+00:00\" \/>\n<meta property=\"article:modified_time\" content=\"2008-04-17T21:20:20+00:00\" \/>\n<meta property=\"og:image\" content=\"http:\/\/www.visit-ulcinj.com\/blog\/wp-content\/uploads\/2008\/04\/lulgjuraj_cobaj.thumbnail.jpg\" \/>\n<meta name=\"twitter:label1\" content=\"Written by\" \/>\n\t<meta name=\"twitter:data1\" content=\"ulqini\" \/>\n\t<meta name=\"twitter:label2\" content=\"Est. reading time\" \/>\n\t<meta name=\"twitter:data2\" content=\"9 minutes\" \/>\n<script type=\"application\/ld+json\" class=\"yoast-schema-graph\">{\"@context\":\"https:\/\/schema.org\",\"@graph\":[{\"@type\":\"WebSite\",\"@id\":\"https:\/\/www.visit-ulcinj.com\/blog\/#website\",\"url\":\"https:\/\/www.visit-ulcinj.com\/blog\/\",\"name\":\"Lajme nga Ulqini\",\"description\":\"Lajme,Vijesti,Ulqini,Ulqin,Crna Gora,Mali i Zi\",\"potentialAction\":[{\"@type\":\"SearchAction\",\"target\":{\"@type\":\"EntryPoint\",\"urlTemplate\":\"https:\/\/www.visit-ulcinj.com\/blog\/?s={search_term_string}\"},\"query-input\":\"required name=search_term_string\"}],\"inLanguage\":\"en-US\"},{\"@type\":\"ImageObject\",\"inLanguage\":\"en-US\",\"@id\":\"https:\/\/www.visit-ulcinj.com\/blog\/2008\/04\/17\/ne-ulqin-u-mbajt-tryeza-e-rrumbullaket-e-ardhmja-e-shqiptareve-ne-mal-te-zi\/#primaryimage\",\"url\":\"http:\/\/www.visit-ulcinj.com\/blog\/wp-content\/uploads\/2008\/04\/lulgjuraj_cobaj.thumbnail.jpg\",\"contentUrl\":\"http:\/\/www.visit-ulcinj.com\/blog\/wp-content\/uploads\/2008\/04\/lulgjuraj_cobaj.thumbnail.jpg\"},{\"@type\":\"WebPage\",\"@id\":\"https:\/\/www.visit-ulcinj.com\/blog\/2008\/04\/17\/ne-ulqin-u-mbajt-tryeza-e-rrumbullaket-e-ardhmja-e-shqiptareve-ne-mal-te-zi\/#webpage\",\"url\":\"https:\/\/www.visit-ulcinj.com\/blog\/2008\/04\/17\/ne-ulqin-u-mbajt-tryeza-e-rrumbullaket-e-ardhmja-e-shqiptareve-ne-mal-te-zi\/\",\"name\":\"N\u00eb Ulqin u mbajt tryeza e rrumbullak\u00ebt \\\" E ardhmja e shqiptar\u00ebve n\u00eb Mal t\u00eb Zi\\\" - Lajme nga Ulqini\",\"isPartOf\":{\"@id\":\"https:\/\/www.visit-ulcinj.com\/blog\/#website\"},\"primaryImageOfPage\":{\"@id\":\"https:\/\/www.visit-ulcinj.com\/blog\/2008\/04\/17\/ne-ulqin-u-mbajt-tryeza-e-rrumbullaket-e-ardhmja-e-shqiptareve-ne-mal-te-zi\/#primaryimage\"},\"datePublished\":\"2008-04-17T18:17:21+00:00\",\"dateModified\":\"2008-04-17T21:20:20+00:00\",\"author\":{\"@id\":\"https:\/\/www.visit-ulcinj.com\/blog\/#\/schema\/person\/dcab619c614d3038751c63bc2aadc06d\"},\"breadcrumb\":{\"@id\":\"https:\/\/www.visit-ulcinj.com\/blog\/2008\/04\/17\/ne-ulqin-u-mbajt-tryeza-e-rrumbullaket-e-ardhmja-e-shqiptareve-ne-mal-te-zi\/#breadcrumb\"},\"inLanguage\":\"en-US\",\"potentialAction\":[{\"@type\":\"ReadAction\",\"target\":[\"https:\/\/www.visit-ulcinj.com\/blog\/2008\/04\/17\/ne-ulqin-u-mbajt-tryeza-e-rrumbullaket-e-ardhmja-e-shqiptareve-ne-mal-te-zi\/\"]}]},{\"@type\":\"BreadcrumbList\",\"@id\":\"https:\/\/www.visit-ulcinj.com\/blog\/2008\/04\/17\/ne-ulqin-u-mbajt-tryeza-e-rrumbullaket-e-ardhmja-e-shqiptareve-ne-mal-te-zi\/#breadcrumb\",\"itemListElement\":[{\"@type\":\"ListItem\",\"position\":1,\"name\":\"N\u00eb Ulqin u mbajt tryeza e rrumbullak\u00ebt &#8221; E ardhmja e shqiptar\u00ebve n\u00eb Mal t\u00eb Zi&#8221;\"}]},{\"@type\":\"Person\",\"@id\":\"https:\/\/www.visit-ulcinj.com\/blog\/#\/schema\/person\/dcab619c614d3038751c63bc2aadc06d\",\"name\":\"ulqini\",\"sameAs\":[\"http:\/\/www.visit-ulcinj.com\"],\"url\":\"https:\/\/www.visit-ulcinj.com\/blog\/author\/admin\/\"}]}<\/script>\n<!-- \/ Yoast SEO plugin. -->","yoast_head_json":{"title":"N\u00eb Ulqin u mbajt tryeza e rrumbullak\u00ebt \" E ardhmja e shqiptar\u00ebve n\u00eb Mal t\u00eb Zi\" - Lajme nga Ulqini","robots":{"index":"index","follow":"follow","max-snippet":"max-snippet:-1","max-image-preview":"max-image-preview:large","max-video-preview":"max-video-preview:-1"},"canonical":"https:\/\/www.visit-ulcinj.com\/blog\/2008\/04\/17\/ne-ulqin-u-mbajt-tryeza-e-rrumbullaket-e-ardhmja-e-shqiptareve-ne-mal-te-zi\/","og_locale":"en_US","og_type":"article","og_title":"N\u00eb Ulqin u mbajt tryeza e rrumbullak\u00ebt \" E ardhmja e shqiptar\u00ebve n\u00eb Mal t\u00eb Zi\" - Lajme nga Ulqini","og_url":"https:\/\/www.visit-ulcinj.com\/blog\/2008\/04\/17\/ne-ulqin-u-mbajt-tryeza-e-rrumbullaket-e-ardhmja-e-shqiptareve-ne-mal-te-zi\/","og_site_name":"Lajme nga Ulqini","article_published_time":"2008-04-17T18:17:21+00:00","article_modified_time":"2008-04-17T21:20:20+00:00","og_image":[{"url":"http:\/\/www.visit-ulcinj.com\/blog\/wp-content\/uploads\/2008\/04\/lulgjuraj_cobaj.thumbnail.jpg"}],"twitter_misc":{"Written by":"ulqini","Est. reading time":"9 minutes"},"schema":{"@context":"https:\/\/schema.org","@graph":[{"@type":"WebSite","@id":"https:\/\/www.visit-ulcinj.com\/blog\/#website","url":"https:\/\/www.visit-ulcinj.com\/blog\/","name":"Lajme nga Ulqini","description":"Lajme,Vijesti,Ulqini,Ulqin,Crna Gora,Mali i Zi","potentialAction":[{"@type":"SearchAction","target":{"@type":"EntryPoint","urlTemplate":"https:\/\/www.visit-ulcinj.com\/blog\/?s={search_term_string}"},"query-input":"required name=search_term_string"}],"inLanguage":"en-US"},{"@type":"ImageObject","inLanguage":"en-US","@id":"https:\/\/www.visit-ulcinj.com\/blog\/2008\/04\/17\/ne-ulqin-u-mbajt-tryeza-e-rrumbullaket-e-ardhmja-e-shqiptareve-ne-mal-te-zi\/#primaryimage","url":"http:\/\/www.visit-ulcinj.com\/blog\/wp-content\/uploads\/2008\/04\/lulgjuraj_cobaj.thumbnail.jpg","contentUrl":"http:\/\/www.visit-ulcinj.com\/blog\/wp-content\/uploads\/2008\/04\/lulgjuraj_cobaj.thumbnail.jpg"},{"@type":"WebPage","@id":"https:\/\/www.visit-ulcinj.com\/blog\/2008\/04\/17\/ne-ulqin-u-mbajt-tryeza-e-rrumbullaket-e-ardhmja-e-shqiptareve-ne-mal-te-zi\/#webpage","url":"https:\/\/www.visit-ulcinj.com\/blog\/2008\/04\/17\/ne-ulqin-u-mbajt-tryeza-e-rrumbullaket-e-ardhmja-e-shqiptareve-ne-mal-te-zi\/","name":"N\u00eb Ulqin u mbajt tryeza e rrumbullak\u00ebt \" E ardhmja e shqiptar\u00ebve n\u00eb Mal t\u00eb Zi\" - Lajme nga Ulqini","isPartOf":{"@id":"https:\/\/www.visit-ulcinj.com\/blog\/#website"},"primaryImageOfPage":{"@id":"https:\/\/www.visit-ulcinj.com\/blog\/2008\/04\/17\/ne-ulqin-u-mbajt-tryeza-e-rrumbullaket-e-ardhmja-e-shqiptareve-ne-mal-te-zi\/#primaryimage"},"datePublished":"2008-04-17T18:17:21+00:00","dateModified":"2008-04-17T21:20:20+00:00","author":{"@id":"https:\/\/www.visit-ulcinj.com\/blog\/#\/schema\/person\/dcab619c614d3038751c63bc2aadc06d"},"breadcrumb":{"@id":"https:\/\/www.visit-ulcinj.com\/blog\/2008\/04\/17\/ne-ulqin-u-mbajt-tryeza-e-rrumbullaket-e-ardhmja-e-shqiptareve-ne-mal-te-zi\/#breadcrumb"},"inLanguage":"en-US","potentialAction":[{"@type":"ReadAction","target":["https:\/\/www.visit-ulcinj.com\/blog\/2008\/04\/17\/ne-ulqin-u-mbajt-tryeza-e-rrumbullaket-e-ardhmja-e-shqiptareve-ne-mal-te-zi\/"]}]},{"@type":"BreadcrumbList","@id":"https:\/\/www.visit-ulcinj.com\/blog\/2008\/04\/17\/ne-ulqin-u-mbajt-tryeza-e-rrumbullaket-e-ardhmja-e-shqiptareve-ne-mal-te-zi\/#breadcrumb","itemListElement":[{"@type":"ListItem","position":1,"name":"N\u00eb Ulqin u mbajt tryeza e rrumbullak\u00ebt &#8221; E ardhmja e shqiptar\u00ebve n\u00eb Mal t\u00eb Zi&#8221;"}]},{"@type":"Person","@id":"https:\/\/www.visit-ulcinj.com\/blog\/#\/schema\/person\/dcab619c614d3038751c63bc2aadc06d","name":"ulqini","sameAs":["http:\/\/www.visit-ulcinj.com"],"url":"https:\/\/www.visit-ulcinj.com\/blog\/author\/admin\/"}]}},"jetpack_featured_media_url":"","jetpack_sharing_enabled":true,"jetpack_shortlink":"https:\/\/wp.me\/pe6lTn-kE","_links":{"self":[{"href":"https:\/\/www.visit-ulcinj.com\/blog\/wp-json\/wp\/v2\/posts\/1280"}],"collection":[{"href":"https:\/\/www.visit-ulcinj.com\/blog\/wp-json\/wp\/v2\/posts"}],"about":[{"href":"https:\/\/www.visit-ulcinj.com\/blog\/wp-json\/wp\/v2\/types\/post"}],"author":[{"embeddable":true,"href":"https:\/\/www.visit-ulcinj.com\/blog\/wp-json\/wp\/v2\/users\/1"}],"replies":[{"embeddable":true,"href":"https:\/\/www.visit-ulcinj.com\/blog\/wp-json\/wp\/v2\/comments?post=1280"}],"version-history":[{"count":0,"href":"https:\/\/www.visit-ulcinj.com\/blog\/wp-json\/wp\/v2\/posts\/1280\/revisions"}],"wp:attachment":[{"href":"https:\/\/www.visit-ulcinj.com\/blog\/wp-json\/wp\/v2\/media?parent=1280"}],"wp:term":[{"taxonomy":"category","embeddable":true,"href":"https:\/\/www.visit-ulcinj.com\/blog\/wp-json\/wp\/v2\/categories?post=1280"},{"taxonomy":"post_tag","embeddable":true,"href":"https:\/\/www.visit-ulcinj.com\/blog\/wp-json\/wp\/v2\/tags?post=1280"}],"curies":[{"name":"wp","href":"https:\/\/api.w.org\/{rel}","templated":true}]}}