{"id":12802,"date":"2009-03-03T19:47:51","date_gmt":"2009-03-03T18:47:51","guid":{"rendered":"http:\/\/www.visit-ulcinj.com\/blog\/?p=12802"},"modified":"2009-03-03T19:47:51","modified_gmt":"2009-03-03T18:47:51","slug":"interviste-me-nik-gjeloshaj-per-media","status":"publish","type":"post","link":"https:\/\/www.visit-ulcinj.com\/blog\/2009\/03\/03\/interviste-me-nik-gjeloshaj-per-media\/","title":{"rendered":"Intervist\u00eb me Nik Gjeloshaj p\u00ebr media"},"content":{"rendered":"<p><strong><a href=\"http:\/\/www.visit-ulcinj.com\/blog\/wp-content\/uploads\/2009\/03\/nik-gjeloshaj.jpg\"><img loading=\"lazy\" class=\"alignleft size-full wp-image-12803\" title=\"nik-gjeloshaj\" src=\"http:\/\/www.visit-ulcinj.com\/blog\/wp-content\/uploads\/2009\/03\/nik-gjeloshaj.jpg\" alt=\"nik-gjeloshaj\" width=\"318\" height=\"304\" srcset=\"https:\/\/www.visit-ulcinj.com\/blog\/wp-content\/uploads\/2009\/03\/nik-gjeloshaj.jpg 318w, https:\/\/www.visit-ulcinj.com\/blog\/wp-content\/uploads\/2009\/03\/nik-gjeloshaj-300x286.jpg 300w\" sizes=\"(max-width: 318px) 100vw, 318px\" \/><\/a>Nj\u00eb intervist\u00eb e shkurt\u00ebr e dh\u00ebne nga mbart\u00ebsi i list\u00ebs i ASH n\u00eb zgjedhjet e parakohshme parlamentare Nik Gjeloshaj p\u00ebr media<br \/>\nCil\u00ebt jan\u00eb shkaqet dhe si do t\u00eb reflektohet n\u00eb rezultat zgjedhore<br \/>\nkonflikti n\u00eb ASH?<\/strong><\/p>\n<p>N\u00eb ASH nuk ka konflikt, disa an\u00ebtare q\u00eb kan\u00eb humbur n\u00eb gar\u00ebn demokratike<br \/>\nku jan\u00eb respektuar procedurat demokratike duke u mb\u00ebshtetur n\u00eb statut t\u00eb<br \/>\npartis\u00eb, n\u00eb rradh\u00eb t\u00eb par\u00eb duke rritur demokracin\u00eb e brendshme, tashti<br \/>\ndetyr\u00ebn \u201ee re\u201c n\u00eb parti d\u00ebshirojn\u00eb ta paraqesin si konflikt q\u00eb t\u00eb<br \/>\ngjenerojn\u00eb gjerat dhe p\u00ebr ti \u201epaketuar\u201c si konflikt, si ndarje t\u00eb partis\u00eb<br \/>\ndhe n\u00eb fund si parti n\u00eb shkat\u00ebrrim.<br \/>\nPartia jon\u00eb shum\u00eb homogjene ka hyr\u00eb n\u00eb faz\u00ebn e marr\u00ebveshjeve t\u00eb mundshme<br \/>\nt\u00eb reja p\u00ebr koalicione parazgjedhore me partit\u00eb me t\u00eb cilat kemi pika t\u00eb<br \/>\np\u00ebrbashk\u00ebta konceptuale, p\u00ebr t\u00eb dal\u00eb sa m\u00eb t\u00eb qart\u00eb para votuesve t\u00eb cil\u00ebt<br \/>\nne na kan\u00eb njohur si partin e cila me dinjitet mbron t\u00eb drejtat nacionale<br \/>\nq\u00eb na jan\u00eb t\u00eb shkelura nga regjimi.<br \/>\nJemi t\u00eb bindur q\u00eb vet\u00ebm duke respektuar demokracin\u00eb e brendshme dhe<br \/>\nprocedurat demokratike, ashtu si jan\u00eb shfaqur ne subjektin ton\u00eb gjat\u00eb<br \/>\nprocedur\u00ebs s\u00eb votimit p\u00ebr kandidat p\u00ebr zgjedhjet parlamentare do t\u00eb na<br \/>\nmund\u00ebsojn\u00eb rezultat t\u00eb mir\u00eb. Mbas votimeve n\u00eb parti z. Sinishtaj m\u00eb ka<br \/>\nuruar.<\/p>\n<p><strong>A ekziston mund\u00ebsia e kompromisit?<\/strong><\/p>\n<p>Mendojm\u00eb se n\u00eb politik\u00eb kompromisi \u00ebsht\u00eb pjese e strategjis\u00eb son\u00eb. P\u00ebr at\u00eb<br \/>\nn\u00eb partin ton\u00eb kemi kapacitet t\u00eb duhur demokratike dhe potencial p\u00ebr t\u00eb<br \/>\npranuar secilin q\u00eb mendon t\u00eb pranoj\u00eb principet demokratike dhe q\u00eb i ka<br \/>\nmbetur deri te e mira e Mal\u00ebsis\u00eb. Edhe mbas votimit q\u00eb kam dal si fitues,<br \/>\nkam shpreh gatishm\u00ebri p\u00ebr kompromis. Mir\u00ebpo kam arritur n\u00eb vesh t\u00eb<br \/>\nshurdh\u00ebr.<br \/>\nPersonalisht jam i bindur se kompromisi \u00ebsht\u00eb i mundur, un\u00eb publikisht<br \/>\nftoj n\u00eb kompromis, qe un\u00eb dhe z. Sinishtaj t\u00eb t\u00ebrhiqemi dhe q\u00eb partia t\u00eb<br \/>\nzgjedhin kandidatin e tret pasi qenka e ndar\u00eb p\u00ebr ne t\u00eb dy, dhe ne t\u00eb jemi<br \/>\nkrah p\u00ebr krah me t\u00eb zgjedhurin dhe t\u00eb dalim fitues t\u00eb gjith\u00eb.<br \/>\nUn\u00eb jam gati p\u00ebr ket\u00eb kompromis, p\u00ebr shkak se besoje qe kompromisi \u00ebsht\u00eb<br \/>\np\u00ebr t\u00eb mire t\u00eb subjektit dhe Mal\u00ebsis\u00eb, t\u00eb cil\u00ebt duhen t\u00eb jen\u00eb para atij<br \/>\npersonal. Mbetet t\u00eb shohim \u00e7ka ka me primare z. Sinishtaj, un\u00eb nuk kam<br \/>\ndilem\u00eb, Mal\u00ebsia n\u00eb r\u00ebnd t\u00eb par\u00eb.<br \/>\n<strong><br \/>\nMALESIA.ORG<\/strong><\/p>\n","protected":false},"excerpt":{"rendered":"<p>Nj\u00eb intervist\u00eb e shkurt\u00ebr e dh\u00ebne nga mbart\u00ebsi i list\u00ebs i ASH n\u00eb zgjedhjet e parakohshme parlamentare Nik Gjeloshaj p\u00ebr media Cil\u00ebt jan\u00eb shkaqet dhe si do t\u00eb reflektohet n\u00eb rezultat zgjedhore konflikti n\u00eb ASH? N\u00eb ASH nuk ka konflikt, disa an\u00ebtare q\u00eb kan\u00eb humbur n\u00eb gar\u00ebn demokratike ku jan\u00eb respektuar procedurat demokratike duke u [&hellip;]<\/p>\n","protected":false},"author":1,"featured_media":0,"comment_status":"open","ping_status":"closed","sticky":false,"template":"","format":"standard","meta":{"spay_email":"","jetpack_publicize_message":"","jetpack_is_tweetstorm":false,"jetpack_publicize_feature_enabled":true},"categories":[5],"tags":[7455,7456],"jetpack_publicize_connections":[],"yoast_head":"<!-- This site is optimized with the Yoast SEO plugin v19.1 - https:\/\/yoast.com\/wordpress\/plugins\/seo\/ -->\n<title>Intervist\u00eb me Nik Gjeloshaj p\u00ebr media - Lajme nga Ulqini<\/title>\n<meta name=\"description\" content=\"Nj\u00eb intervist\u00eb e shkurt\u00ebr e dh\u00ebne nga mbart\u00ebsi i list\u00ebs i ASH n\u00eb zgjedhjet e parakohshme parlamentare Nik Gjeloshaj p\u00ebr media Cil\u00ebt jan\u00eb shkaqet dhe si do\" \/>\n<meta name=\"robots\" content=\"index, follow, max-snippet:-1, max-image-preview:large, max-video-preview:-1\" \/>\n<link rel=\"canonical\" href=\"https:\/\/www.visit-ulcinj.com\/blog\/2009\/03\/03\/interviste-me-nik-gjeloshaj-per-media\/\" \/>\n<meta property=\"og:locale\" content=\"en_US\" \/>\n<meta property=\"og:type\" content=\"article\" \/>\n<meta property=\"og:title\" content=\"Intervist\u00eb me Nik Gjeloshaj p\u00ebr media - Lajme nga Ulqini\" \/>\n<meta property=\"og:description\" content=\"Nj\u00eb intervist\u00eb e shkurt\u00ebr e dh\u00ebne nga mbart\u00ebsi i list\u00ebs i ASH n\u00eb zgjedhjet e parakohshme parlamentare Nik Gjeloshaj p\u00ebr media Cil\u00ebt jan\u00eb shkaqet dhe si do\" \/>\n<meta property=\"og:url\" content=\"https:\/\/www.visit-ulcinj.com\/blog\/2009\/03\/03\/interviste-me-nik-gjeloshaj-per-media\/\" \/>\n<meta property=\"og:site_name\" content=\"Lajme nga Ulqini\" \/>\n<meta property=\"article:published_time\" content=\"2009-03-03T18:47:51+00:00\" \/>\n<meta property=\"og:image\" content=\"http:\/\/www.visit-ulcinj.com\/blog\/wp-content\/uploads\/2009\/03\/nik-gjeloshaj.jpg\" \/>\n<meta name=\"twitter:label1\" content=\"Written by\" \/>\n\t<meta name=\"twitter:data1\" content=\"ulqini\" \/>\n\t<meta name=\"twitter:label2\" content=\"Est. reading time\" \/>\n\t<meta name=\"twitter:data2\" content=\"2 minutes\" \/>\n<script type=\"application\/ld+json\" class=\"yoast-schema-graph\">{\"@context\":\"https:\/\/schema.org\",\"@graph\":[{\"@type\":\"WebSite\",\"@id\":\"https:\/\/www.visit-ulcinj.com\/blog\/#website\",\"url\":\"https:\/\/www.visit-ulcinj.com\/blog\/\",\"name\":\"Lajme nga Ulqini\",\"description\":\"Lajme,Vijesti,Ulqini,Ulqin,Crna Gora,Mali i Zi\",\"potentialAction\":[{\"@type\":\"SearchAction\",\"target\":{\"@type\":\"EntryPoint\",\"urlTemplate\":\"https:\/\/www.visit-ulcinj.com\/blog\/?s={search_term_string}\"},\"query-input\":\"required name=search_term_string\"}],\"inLanguage\":\"en-US\"},{\"@type\":\"ImageObject\",\"inLanguage\":\"en-US\",\"@id\":\"https:\/\/www.visit-ulcinj.com\/blog\/2009\/03\/03\/interviste-me-nik-gjeloshaj-per-media\/#primaryimage\",\"url\":\"https:\/\/www.visit-ulcinj.com\/blog\/wp-content\/uploads\/2009\/03\/nik-gjeloshaj.jpg\",\"contentUrl\":\"https:\/\/www.visit-ulcinj.com\/blog\/wp-content\/uploads\/2009\/03\/nik-gjeloshaj.jpg\",\"width\":\"318\",\"height\":\"304\"},{\"@type\":\"WebPage\",\"@id\":\"https:\/\/www.visit-ulcinj.com\/blog\/2009\/03\/03\/interviste-me-nik-gjeloshaj-per-media\/#webpage\",\"url\":\"https:\/\/www.visit-ulcinj.com\/blog\/2009\/03\/03\/interviste-me-nik-gjeloshaj-per-media\/\",\"name\":\"Intervist\u00eb me Nik Gjeloshaj p\u00ebr media - Lajme nga Ulqini\",\"isPartOf\":{\"@id\":\"https:\/\/www.visit-ulcinj.com\/blog\/#website\"},\"primaryImageOfPage\":{\"@id\":\"https:\/\/www.visit-ulcinj.com\/blog\/2009\/03\/03\/interviste-me-nik-gjeloshaj-per-media\/#primaryimage\"},\"datePublished\":\"2009-03-03T18:47:51+00:00\",\"dateModified\":\"2009-03-03T18:47:51+00:00\",\"author\":{\"@id\":\"https:\/\/www.visit-ulcinj.com\/blog\/#\/schema\/person\/dcab619c614d3038751c63bc2aadc06d\"},\"description\":\"Nj\u00eb intervist\u00eb e shkurt\u00ebr e dh\u00ebne nga mbart\u00ebsi i list\u00ebs i ASH n\u00eb zgjedhjet e parakohshme parlamentare Nik Gjeloshaj p\u00ebr media Cil\u00ebt jan\u00eb shkaqet dhe si do\",\"breadcrumb\":{\"@id\":\"https:\/\/www.visit-ulcinj.com\/blog\/2009\/03\/03\/interviste-me-nik-gjeloshaj-per-media\/#breadcrumb\"},\"inLanguage\":\"en-US\",\"potentialAction\":[{\"@type\":\"ReadAction\",\"target\":[\"https:\/\/www.visit-ulcinj.com\/blog\/2009\/03\/03\/interviste-me-nik-gjeloshaj-per-media\/\"]}]},{\"@type\":\"BreadcrumbList\",\"@id\":\"https:\/\/www.visit-ulcinj.com\/blog\/2009\/03\/03\/interviste-me-nik-gjeloshaj-per-media\/#breadcrumb\",\"itemListElement\":[{\"@type\":\"ListItem\",\"position\":1,\"name\":\"Intervist\u00eb me Nik Gjeloshaj p\u00ebr media\"}]},{\"@type\":\"Person\",\"@id\":\"https:\/\/www.visit-ulcinj.com\/blog\/#\/schema\/person\/dcab619c614d3038751c63bc2aadc06d\",\"name\":\"ulqini\",\"sameAs\":[\"http:\/\/www.visit-ulcinj.com\"],\"url\":\"https:\/\/www.visit-ulcinj.com\/blog\/author\/admin\/\"}]}<\/script>\n<!-- \/ Yoast SEO plugin. -->","yoast_head_json":{"title":"Intervist\u00eb me Nik Gjeloshaj p\u00ebr media - Lajme nga Ulqini","description":"Nj\u00eb intervist\u00eb e shkurt\u00ebr e dh\u00ebne nga mbart\u00ebsi i list\u00ebs i ASH n\u00eb zgjedhjet e parakohshme parlamentare Nik Gjeloshaj p\u00ebr media Cil\u00ebt jan\u00eb shkaqet dhe si do","robots":{"index":"index","follow":"follow","max-snippet":"max-snippet:-1","max-image-preview":"max-image-preview:large","max-video-preview":"max-video-preview:-1"},"canonical":"https:\/\/www.visit-ulcinj.com\/blog\/2009\/03\/03\/interviste-me-nik-gjeloshaj-per-media\/","og_locale":"en_US","og_type":"article","og_title":"Intervist\u00eb me Nik Gjeloshaj p\u00ebr media - Lajme nga Ulqini","og_description":"Nj\u00eb intervist\u00eb e shkurt\u00ebr e dh\u00ebne nga mbart\u00ebsi i list\u00ebs i ASH n\u00eb zgjedhjet e parakohshme parlamentare Nik Gjeloshaj p\u00ebr media Cil\u00ebt jan\u00eb shkaqet dhe si do","og_url":"https:\/\/www.visit-ulcinj.com\/blog\/2009\/03\/03\/interviste-me-nik-gjeloshaj-per-media\/","og_site_name":"Lajme nga Ulqini","article_published_time":"2009-03-03T18:47:51+00:00","og_image":[{"url":"http:\/\/www.visit-ulcinj.com\/blog\/wp-content\/uploads\/2009\/03\/nik-gjeloshaj.jpg"}],"twitter_misc":{"Written by":"ulqini","Est. reading time":"2 minutes"},"schema":{"@context":"https:\/\/schema.org","@graph":[{"@type":"WebSite","@id":"https:\/\/www.visit-ulcinj.com\/blog\/#website","url":"https:\/\/www.visit-ulcinj.com\/blog\/","name":"Lajme nga Ulqini","description":"Lajme,Vijesti,Ulqini,Ulqin,Crna Gora,Mali i Zi","potentialAction":[{"@type":"SearchAction","target":{"@type":"EntryPoint","urlTemplate":"https:\/\/www.visit-ulcinj.com\/blog\/?s={search_term_string}"},"query-input":"required name=search_term_string"}],"inLanguage":"en-US"},{"@type":"ImageObject","inLanguage":"en-US","@id":"https:\/\/www.visit-ulcinj.com\/blog\/2009\/03\/03\/interviste-me-nik-gjeloshaj-per-media\/#primaryimage","url":"https:\/\/www.visit-ulcinj.com\/blog\/wp-content\/uploads\/2009\/03\/nik-gjeloshaj.jpg","contentUrl":"https:\/\/www.visit-ulcinj.com\/blog\/wp-content\/uploads\/2009\/03\/nik-gjeloshaj.jpg","width":"318","height":"304"},{"@type":"WebPage","@id":"https:\/\/www.visit-ulcinj.com\/blog\/2009\/03\/03\/interviste-me-nik-gjeloshaj-per-media\/#webpage","url":"https:\/\/www.visit-ulcinj.com\/blog\/2009\/03\/03\/interviste-me-nik-gjeloshaj-per-media\/","name":"Intervist\u00eb me Nik Gjeloshaj p\u00ebr media - Lajme nga Ulqini","isPartOf":{"@id":"https:\/\/www.visit-ulcinj.com\/blog\/#website"},"primaryImageOfPage":{"@id":"https:\/\/www.visit-ulcinj.com\/blog\/2009\/03\/03\/interviste-me-nik-gjeloshaj-per-media\/#primaryimage"},"datePublished":"2009-03-03T18:47:51+00:00","dateModified":"2009-03-03T18:47:51+00:00","author":{"@id":"https:\/\/www.visit-ulcinj.com\/blog\/#\/schema\/person\/dcab619c614d3038751c63bc2aadc06d"},"description":"Nj\u00eb intervist\u00eb e shkurt\u00ebr e dh\u00ebne nga mbart\u00ebsi i list\u00ebs i ASH n\u00eb zgjedhjet e parakohshme parlamentare Nik Gjeloshaj p\u00ebr media Cil\u00ebt jan\u00eb shkaqet dhe si do","breadcrumb":{"@id":"https:\/\/www.visit-ulcinj.com\/blog\/2009\/03\/03\/interviste-me-nik-gjeloshaj-per-media\/#breadcrumb"},"inLanguage":"en-US","potentialAction":[{"@type":"ReadAction","target":["https:\/\/www.visit-ulcinj.com\/blog\/2009\/03\/03\/interviste-me-nik-gjeloshaj-per-media\/"]}]},{"@type":"BreadcrumbList","@id":"https:\/\/www.visit-ulcinj.com\/blog\/2009\/03\/03\/interviste-me-nik-gjeloshaj-per-media\/#breadcrumb","itemListElement":[{"@type":"ListItem","position":1,"name":"Intervist\u00eb me Nik Gjeloshaj p\u00ebr media"}]},{"@type":"Person","@id":"https:\/\/www.visit-ulcinj.com\/blog\/#\/schema\/person\/dcab619c614d3038751c63bc2aadc06d","name":"ulqini","sameAs":["http:\/\/www.visit-ulcinj.com"],"url":"https:\/\/www.visit-ulcinj.com\/blog\/author\/admin\/"}]}},"jetpack_featured_media_url":"","jetpack_sharing_enabled":true,"jetpack_shortlink":"https:\/\/wp.me\/pe6lTn-3ku","_links":{"self":[{"href":"https:\/\/www.visit-ulcinj.com\/blog\/wp-json\/wp\/v2\/posts\/12802"}],"collection":[{"href":"https:\/\/www.visit-ulcinj.com\/blog\/wp-json\/wp\/v2\/posts"}],"about":[{"href":"https:\/\/www.visit-ulcinj.com\/blog\/wp-json\/wp\/v2\/types\/post"}],"author":[{"embeddable":true,"href":"https:\/\/www.visit-ulcinj.com\/blog\/wp-json\/wp\/v2\/users\/1"}],"replies":[{"embeddable":true,"href":"https:\/\/www.visit-ulcinj.com\/blog\/wp-json\/wp\/v2\/comments?post=12802"}],"version-history":[{"count":0,"href":"https:\/\/www.visit-ulcinj.com\/blog\/wp-json\/wp\/v2\/posts\/12802\/revisions"}],"wp:attachment":[{"href":"https:\/\/www.visit-ulcinj.com\/blog\/wp-json\/wp\/v2\/media?parent=12802"}],"wp:term":[{"taxonomy":"category","embeddable":true,"href":"https:\/\/www.visit-ulcinj.com\/blog\/wp-json\/wp\/v2\/categories?post=12802"},{"taxonomy":"post_tag","embeddable":true,"href":"https:\/\/www.visit-ulcinj.com\/blog\/wp-json\/wp\/v2\/tags?post=12802"}],"curies":[{"name":"wp","href":"https:\/\/api.w.org\/{rel}","templated":true}]}}