{"id":12832,"date":"2009-03-04T23:39:59","date_gmt":"2009-03-04T22:39:59","guid":{"rendered":"http:\/\/www.visit-ulcinj.com\/blog\/?p=12832"},"modified":"2009-03-04T23:39:59","modified_gmt":"2009-03-04T22:39:59","slug":"erjola-e-zhgenjyer-nga-qetesori","status":"publish","type":"post","link":"https:\/\/www.visit-ulcinj.com\/blog\/2009\/03\/04\/erjola-e-zhgenjyer-nga-qetesori\/","title":{"rendered":"Erjola: E zhg\u00ebnjyer nga Qetesori"},"content":{"rendered":"<p><em><span class=\"newsdate\"><a href=\"http:\/\/www.visit-ulcinj.com\/blog\/wp-content\/uploads\/2009\/03\/qetesori-1.jpg\"><img loading=\"lazy\" class=\"size-full wp-image-12833 alignleft\" title=\"qetesori-big-brother-albania\" src=\"http:\/\/www.visit-ulcinj.com\/blog\/wp-content\/uploads\/2009\/03\/qetesori-1.jpg\" alt=\"qetesori-big-brother-albania\" width=\"300\" height=\"205\" \/><\/a>28\/02\/09 21:35<\/span><\/em><\/p>\n<p>Erjola \u00ebsht\u00eb banorja e par\u00eb e larguar dhe sonte ndodhet n\u00eb studio. Arbana e pyet at\u00eb se si e ka kaluar k\u00ebt\u00eb jav\u00eb, jasht\u00eb sht\u00ebpis\u00eb s\u00eb Big Brother. Ajo i p\u00ebrgjigjet se kjo ka q\u00ebn\u00eb nj\u00eb jav\u00eb me intensitet, me intervista t\u00eb shumta, ka takuar njer\u00ebz t\u00eb cil\u00ebt edhe pse nuk i njihte i kan\u00eb p\u00ebrcjell\u00eb asaj komente mbi dit\u00ebt q\u00eb ka kaluar n\u00eb sht\u00ebpi. Arbana e ka pyetur edhe mbi raportin n\u00eb familje dhe se si kan\u00eb shkuar marr\u00ebdh\u00ebniet me prind\u00ebrit e saj k\u00ebt\u00eb jav\u00eb. Erjola \u00ebsht\u00eb p\u00ebrgjigjur se gj\u00ebrat kan\u00eb filluar t\u00eb shkojn\u00eb n\u00eb rrug\u00eb t\u00eb mbar\u00eb. Ajo ka treguar edhe p\u00ebr vajz\u00ebn e saj e cila ndodhet n\u00eb Elbasan tek familja e saj. Drejtuesja e spektaklit e ka pyetur edhe n\u00ebse i ka ndjekur banor\u00ebt dhe se cfar\u00eb mendimi ka krijuar p\u00ebr ta tani dhe Erjola \u00ebsht\u00eb shprehur se nuk i ka ndjekur shum\u00eb sepse ka q\u00ebn\u00eb e z\u00ebn\u00eb por, me aq sa ka par\u00eb ata i duken ndryshe nga sa i kishte njohur gjat\u00eb q\u00ebndrimit me ta n\u00eb sht\u00ebpi. Arbana e ka pyetur se cili nga banor\u00ebt e ka zhg\u00ebnjyer me komentet e b\u00ebra pas daljes s\u00eb saj dhe Erjola p\u00ebrmend Qet\u00ebsorin. Arbana i jep mund\u00ebsin\u00eb q\u00eb ti shpreh k\u00ebt\u00eb gj\u00eb Qet\u00ebsorit por Erjola ka preferuar thjesht ti pershendes\u00eb t\u00eb gjith\u00eb banor\u00ebt dhe t\u00eb mbaj\u00eb rezerva duke th\u00ebn\u00eb se ai dhe t\u00eb gjith\u00eb banor\u00ebt jan\u00eb t\u00eb tensionuar.<\/p>\n","protected":false},"excerpt":{"rendered":"<p>28\/02\/09 21:35 Erjola \u00ebsht\u00eb banorja e par\u00eb e larguar dhe sonte ndodhet n\u00eb studio. Arbana e pyet at\u00eb se si e ka kaluar k\u00ebt\u00eb jav\u00eb, jasht\u00eb sht\u00ebpis\u00eb s\u00eb Big Brother. Ajo i p\u00ebrgjigjet se kjo ka q\u00ebn\u00eb nj\u00eb jav\u00eb me intensitet, me intervista t\u00eb shumta, ka takuar njer\u00ebz t\u00eb cil\u00ebt edhe pse nuk i njihte [&hellip;]<\/p>\n","protected":false},"author":1,"featured_media":0,"comment_status":"open","ping_status":"closed","sticky":false,"template":"","format":"standard","meta":{"spay_email":"","jetpack_publicize_message":"","jetpack_is_tweetstorm":false,"jetpack_publicize_feature_enabled":true},"categories":[6502],"tags":[5057,6506,6712,7129,6563,7466,7304,6891,6693,6887],"jetpack_publicize_connections":[],"yoast_head":"<!-- This site is optimized with the Yoast SEO plugin v19.1 - https:\/\/yoast.com\/wordpress\/plugins\/seo\/ -->\n<title>Erjola: E zhg\u00c3\u00abnjyer nga Qetesori - Big Brother Albania<\/title>\n<meta name=\"description\" content=\"Erjola \u00c3\u00absht\u00c3\u00ab banorja e par\u00c3\u00ab e larguar dhe sonte ndodhet n\u00c3\u00ab studio. Arbana e pyet at\u00c3\u00ab se si e ka kaluar k\u00c3\u00abt\u00c3\u00ab jav\u00c3\u00ab, jasht\u00c3\u00ab sht\u00c3\u00abpis\u00c3\u00ab s\u00c3\u00ab Big Brother.\" \/>\n<meta name=\"robots\" content=\"index, follow, max-snippet:-1, max-image-preview:large, max-video-preview:-1\" \/>\n<link rel=\"canonical\" href=\"https:\/\/www.visit-ulcinj.com\/blog\/2009\/03\/04\/erjola-e-zhgenjyer-nga-qetesori\/\" \/>\n<meta property=\"og:locale\" content=\"en_US\" \/>\n<meta property=\"og:type\" content=\"article\" \/>\n<meta property=\"og:title\" content=\"Erjola: E zhg\u00c3\u00abnjyer nga Qetesori - Big Brother Albania\" \/>\n<meta property=\"og:description\" content=\"Erjola \u00c3\u00absht\u00c3\u00ab banorja e par\u00c3\u00ab e larguar dhe sonte ndodhet n\u00c3\u00ab studio. Arbana e pyet at\u00c3\u00ab se si e ka kaluar k\u00c3\u00abt\u00c3\u00ab jav\u00c3\u00ab, jasht\u00c3\u00ab sht\u00c3\u00abpis\u00c3\u00ab s\u00c3\u00ab Big Brother.\" \/>\n<meta property=\"og:url\" content=\"https:\/\/www.visit-ulcinj.com\/blog\/2009\/03\/04\/erjola-e-zhgenjyer-nga-qetesori\/\" \/>\n<meta property=\"og:site_name\" content=\"Lajme nga Ulqini\" \/>\n<meta property=\"article:published_time\" content=\"2009-03-04T22:39:59+00:00\" \/>\n<meta property=\"og:image\" content=\"http:\/\/www.visit-ulcinj.com\/blog\/wp-content\/uploads\/2009\/03\/qetesori-1.jpg\" \/>\n<meta name=\"twitter:label1\" content=\"Written by\" \/>\n\t<meta name=\"twitter:data1\" content=\"ulqini\" \/>\n\t<meta name=\"twitter:label2\" content=\"Est. reading time\" \/>\n\t<meta name=\"twitter:data2\" content=\"1 minute\" \/>\n<script type=\"application\/ld+json\" class=\"yoast-schema-graph\">{\"@context\":\"https:\/\/schema.org\",\"@graph\":[{\"@type\":\"WebSite\",\"@id\":\"https:\/\/www.visit-ulcinj.com\/blog\/#website\",\"url\":\"https:\/\/www.visit-ulcinj.com\/blog\/\",\"name\":\"Lajme nga Ulqini\",\"description\":\"Lajme,Vijesti,Ulqini,Ulqin,Crna Gora,Mali i Zi\",\"potentialAction\":[{\"@type\":\"SearchAction\",\"target\":{\"@type\":\"EntryPoint\",\"urlTemplate\":\"https:\/\/www.visit-ulcinj.com\/blog\/?s={search_term_string}\"},\"query-input\":\"required name=search_term_string\"}],\"inLanguage\":\"en-US\"},{\"@type\":\"ImageObject\",\"inLanguage\":\"en-US\",\"@id\":\"https:\/\/www.visit-ulcinj.com\/blog\/2009\/03\/04\/erjola-e-zhgenjyer-nga-qetesori\/#primaryimage\",\"url\":\"http:\/\/www.visit-ulcinj.com\/blog\/wp-content\/uploads\/2009\/03\/qetesori-1.jpg\",\"contentUrl\":\"http:\/\/www.visit-ulcinj.com\/blog\/wp-content\/uploads\/2009\/03\/qetesori-1.jpg\"},{\"@type\":\"WebPage\",\"@id\":\"https:\/\/www.visit-ulcinj.com\/blog\/2009\/03\/04\/erjola-e-zhgenjyer-nga-qetesori\/#webpage\",\"url\":\"https:\/\/www.visit-ulcinj.com\/blog\/2009\/03\/04\/erjola-e-zhgenjyer-nga-qetesori\/\",\"name\":\"Erjola: E zhg\u00c3\u00abnjyer nga Qetesori - Big Brother Albania\",\"isPartOf\":{\"@id\":\"https:\/\/www.visit-ulcinj.com\/blog\/#website\"},\"primaryImageOfPage\":{\"@id\":\"https:\/\/www.visit-ulcinj.com\/blog\/2009\/03\/04\/erjola-e-zhgenjyer-nga-qetesori\/#primaryimage\"},\"datePublished\":\"2009-03-04T22:39:59+00:00\",\"dateModified\":\"2009-03-04T22:39:59+00:00\",\"author\":{\"@id\":\"https:\/\/www.visit-ulcinj.com\/blog\/#\/schema\/person\/dcab619c614d3038751c63bc2aadc06d\"},\"description\":\"Erjola \u00c3\u00absht\u00c3\u00ab banorja e par\u00c3\u00ab e larguar dhe sonte ndodhet n\u00c3\u00ab studio. Arbana e pyet at\u00c3\u00ab se si e ka kaluar k\u00c3\u00abt\u00c3\u00ab jav\u00c3\u00ab, jasht\u00c3\u00ab sht\u00c3\u00abpis\u00c3\u00ab s\u00c3\u00ab Big Brother.\",\"breadcrumb\":{\"@id\":\"https:\/\/www.visit-ulcinj.com\/blog\/2009\/03\/04\/erjola-e-zhgenjyer-nga-qetesori\/#breadcrumb\"},\"inLanguage\":\"en-US\",\"potentialAction\":[{\"@type\":\"ReadAction\",\"target\":[\"https:\/\/www.visit-ulcinj.com\/blog\/2009\/03\/04\/erjola-e-zhgenjyer-nga-qetesori\/\"]}]},{\"@type\":\"BreadcrumbList\",\"@id\":\"https:\/\/www.visit-ulcinj.com\/blog\/2009\/03\/04\/erjola-e-zhgenjyer-nga-qetesori\/#breadcrumb\",\"itemListElement\":[{\"@type\":\"ListItem\",\"position\":1,\"name\":\"Erjola: E zhg\u00ebnjyer nga Qetesori\"}]},{\"@type\":\"Person\",\"@id\":\"https:\/\/www.visit-ulcinj.com\/blog\/#\/schema\/person\/dcab619c614d3038751c63bc2aadc06d\",\"name\":\"ulqini\",\"sameAs\":[\"http:\/\/www.visit-ulcinj.com\"],\"url\":\"https:\/\/www.visit-ulcinj.com\/blog\/author\/admin\/\"}]}<\/script>\n<!-- \/ Yoast SEO plugin. -->","yoast_head_json":{"title":"Erjola: E zhg\u00c3\u00abnjyer nga Qetesori - Big Brother Albania","description":"Erjola \u00c3\u00absht\u00c3\u00ab banorja e par\u00c3\u00ab e larguar dhe sonte ndodhet n\u00c3\u00ab studio. Arbana e pyet at\u00c3\u00ab se si e ka kaluar k\u00c3\u00abt\u00c3\u00ab jav\u00c3\u00ab, jasht\u00c3\u00ab sht\u00c3\u00abpis\u00c3\u00ab s\u00c3\u00ab Big Brother.","robots":{"index":"index","follow":"follow","max-snippet":"max-snippet:-1","max-image-preview":"max-image-preview:large","max-video-preview":"max-video-preview:-1"},"canonical":"https:\/\/www.visit-ulcinj.com\/blog\/2009\/03\/04\/erjola-e-zhgenjyer-nga-qetesori\/","og_locale":"en_US","og_type":"article","og_title":"Erjola: E zhg\u00c3\u00abnjyer nga Qetesori - Big Brother Albania","og_description":"Erjola \u00c3\u00absht\u00c3\u00ab banorja e par\u00c3\u00ab e larguar dhe sonte ndodhet n\u00c3\u00ab studio. Arbana e pyet at\u00c3\u00ab se si e ka kaluar k\u00c3\u00abt\u00c3\u00ab jav\u00c3\u00ab, jasht\u00c3\u00ab sht\u00c3\u00abpis\u00c3\u00ab s\u00c3\u00ab Big Brother.","og_url":"https:\/\/www.visit-ulcinj.com\/blog\/2009\/03\/04\/erjola-e-zhgenjyer-nga-qetesori\/","og_site_name":"Lajme nga Ulqini","article_published_time":"2009-03-04T22:39:59+00:00","og_image":[{"url":"http:\/\/www.visit-ulcinj.com\/blog\/wp-content\/uploads\/2009\/03\/qetesori-1.jpg"}],"twitter_misc":{"Written by":"ulqini","Est. reading time":"1 minute"},"schema":{"@context":"https:\/\/schema.org","@graph":[{"@type":"WebSite","@id":"https:\/\/www.visit-ulcinj.com\/blog\/#website","url":"https:\/\/www.visit-ulcinj.com\/blog\/","name":"Lajme nga Ulqini","description":"Lajme,Vijesti,Ulqini,Ulqin,Crna Gora,Mali i Zi","potentialAction":[{"@type":"SearchAction","target":{"@type":"EntryPoint","urlTemplate":"https:\/\/www.visit-ulcinj.com\/blog\/?s={search_term_string}"},"query-input":"required name=search_term_string"}],"inLanguage":"en-US"},{"@type":"ImageObject","inLanguage":"en-US","@id":"https:\/\/www.visit-ulcinj.com\/blog\/2009\/03\/04\/erjola-e-zhgenjyer-nga-qetesori\/#primaryimage","url":"http:\/\/www.visit-ulcinj.com\/blog\/wp-content\/uploads\/2009\/03\/qetesori-1.jpg","contentUrl":"http:\/\/www.visit-ulcinj.com\/blog\/wp-content\/uploads\/2009\/03\/qetesori-1.jpg"},{"@type":"WebPage","@id":"https:\/\/www.visit-ulcinj.com\/blog\/2009\/03\/04\/erjola-e-zhgenjyer-nga-qetesori\/#webpage","url":"https:\/\/www.visit-ulcinj.com\/blog\/2009\/03\/04\/erjola-e-zhgenjyer-nga-qetesori\/","name":"Erjola: E zhg\u00c3\u00abnjyer nga Qetesori - Big Brother Albania","isPartOf":{"@id":"https:\/\/www.visit-ulcinj.com\/blog\/#website"},"primaryImageOfPage":{"@id":"https:\/\/www.visit-ulcinj.com\/blog\/2009\/03\/04\/erjola-e-zhgenjyer-nga-qetesori\/#primaryimage"},"datePublished":"2009-03-04T22:39:59+00:00","dateModified":"2009-03-04T22:39:59+00:00","author":{"@id":"https:\/\/www.visit-ulcinj.com\/blog\/#\/schema\/person\/dcab619c614d3038751c63bc2aadc06d"},"description":"Erjola \u00c3\u00absht\u00c3\u00ab banorja e par\u00c3\u00ab e larguar dhe sonte ndodhet n\u00c3\u00ab studio. Arbana e pyet at\u00c3\u00ab se si e ka kaluar k\u00c3\u00abt\u00c3\u00ab jav\u00c3\u00ab, jasht\u00c3\u00ab sht\u00c3\u00abpis\u00c3\u00ab s\u00c3\u00ab Big Brother.","breadcrumb":{"@id":"https:\/\/www.visit-ulcinj.com\/blog\/2009\/03\/04\/erjola-e-zhgenjyer-nga-qetesori\/#breadcrumb"},"inLanguage":"en-US","potentialAction":[{"@type":"ReadAction","target":["https:\/\/www.visit-ulcinj.com\/blog\/2009\/03\/04\/erjola-e-zhgenjyer-nga-qetesori\/"]}]},{"@type":"BreadcrumbList","@id":"https:\/\/www.visit-ulcinj.com\/blog\/2009\/03\/04\/erjola-e-zhgenjyer-nga-qetesori\/#breadcrumb","itemListElement":[{"@type":"ListItem","position":1,"name":"Erjola: E zhg\u00ebnjyer nga Qetesori"}]},{"@type":"Person","@id":"https:\/\/www.visit-ulcinj.com\/blog\/#\/schema\/person\/dcab619c614d3038751c63bc2aadc06d","name":"ulqini","sameAs":["http:\/\/www.visit-ulcinj.com"],"url":"https:\/\/www.visit-ulcinj.com\/blog\/author\/admin\/"}]}},"jetpack_featured_media_url":"","jetpack_sharing_enabled":true,"jetpack_shortlink":"https:\/\/wp.me\/pe6lTn-3kY","_links":{"self":[{"href":"https:\/\/www.visit-ulcinj.com\/blog\/wp-json\/wp\/v2\/posts\/12832"}],"collection":[{"href":"https:\/\/www.visit-ulcinj.com\/blog\/wp-json\/wp\/v2\/posts"}],"about":[{"href":"https:\/\/www.visit-ulcinj.com\/blog\/wp-json\/wp\/v2\/types\/post"}],"author":[{"embeddable":true,"href":"https:\/\/www.visit-ulcinj.com\/blog\/wp-json\/wp\/v2\/users\/1"}],"replies":[{"embeddable":true,"href":"https:\/\/www.visit-ulcinj.com\/blog\/wp-json\/wp\/v2\/comments?post=12832"}],"version-history":[{"count":0,"href":"https:\/\/www.visit-ulcinj.com\/blog\/wp-json\/wp\/v2\/posts\/12832\/revisions"}],"wp:attachment":[{"href":"https:\/\/www.visit-ulcinj.com\/blog\/wp-json\/wp\/v2\/media?parent=12832"}],"wp:term":[{"taxonomy":"category","embeddable":true,"href":"https:\/\/www.visit-ulcinj.com\/blog\/wp-json\/wp\/v2\/categories?post=12832"},{"taxonomy":"post_tag","embeddable":true,"href":"https:\/\/www.visit-ulcinj.com\/blog\/wp-json\/wp\/v2\/tags?post=12832"}],"curies":[{"name":"wp","href":"https:\/\/api.w.org\/{rel}","templated":true}]}}