{"id":12840,"date":"2009-03-04T23:48:25","date_gmt":"2009-03-04T22:48:25","guid":{"rendered":"http:\/\/www.visit-ulcinj.com\/blog\/?p=12840"},"modified":"2009-03-04T23:48:25","modified_gmt":"2009-03-04T22:48:25","slug":"agon-gabova-me-adelajden","status":"publish","type":"post","link":"https:\/\/www.visit-ulcinj.com\/blog\/2009\/03\/04\/agon-gabova-me-adelajden\/","title":{"rendered":"Agon: Gabova me Adelajd\u00ebn"},"content":{"rendered":"<p><em><span class=\"newsdate\"><a href=\"http:\/\/www.visit-ulcinj.com\/blog\/wp-content\/uploads\/2009\/03\/agoni-del.jpg\"><img loading=\"lazy\" class=\"alignleft size-full wp-image-12841\" title=\"agoni-del-big-brother-albania\" src=\"http:\/\/www.visit-ulcinj.com\/blog\/wp-content\/uploads\/2009\/03\/agoni-del.jpg\" alt=\"agoni-del-big-brother-albania\" width=\"300\" height=\"205\" \/><\/a>28\/02\/09 23:08<\/span><\/em><\/p>\n<p>Big Brother vendosi q\u00eb personi q\u00eb do largohet sot nga sht\u00ebpia e Big brother \u00ebsht\u00eb Agoni ne baz\u00eb t\u00eb numrit t\u00eb votave q\u00eb kan\u00eb marr\u00eb gjat\u00eb jav\u00ebs. Adela duke e k\u00ebnaqur nga kjo gj\u00eb gjithashtu dhe banor\u00ebt e tjer\u00eb. Pyetjes s\u00eb Arban\u00ebs n\u00ebse ishin t\u00eb m\u00ebrzitur nga largimi i Agonit Qet\u00ebsori i \u00ebsht\u00eb p\u00ebrgjigjur se nuk kishin pse te m\u00ebrziteshin p\u00ebrderisa ishin ato q\u00eb e kishin nominuar. Pyetjes se pse ndoshta publiku jasht\u00eb kishte vendosur q\u00eb Agoni t\u00eb ishte personi q\u00eb t\u00eb dilte nga sht\u00ebpia ai e ka lidhur me raportin qe kishte krijuar me Adelajden dhe \u00ebsht\u00eb shprehur se ndoshta kishte vepruar n\u00eb m\u00ebnyr\u00eb t\u00eb gabuar me t\u00eb.<\/p>\n","protected":false},"excerpt":{"rendered":"<p>28\/02\/09 23:08 Big Brother vendosi q\u00eb personi q\u00eb do largohet sot nga sht\u00ebpia e Big brother \u00ebsht\u00eb Agoni ne baz\u00eb t\u00eb numrit t\u00eb votave q\u00eb kan\u00eb marr\u00eb gjat\u00eb jav\u00ebs. Adela duke e k\u00ebnaqur nga kjo gj\u00eb gjithashtu dhe banor\u00ebt e tjer\u00eb. Pyetjes s\u00eb Arban\u00ebs n\u00ebse ishin t\u00eb m\u00ebrzitur nga largimi i Agonit Qet\u00ebsori i \u00ebsht\u00eb [&hellip;]<\/p>\n","protected":false},"author":1,"featured_media":0,"comment_status":"open","ping_status":"closed","sticky":false,"template":"","format":"standard","meta":{"spay_email":"","jetpack_publicize_message":"","jetpack_is_tweetstorm":false,"jetpack_publicize_feature_enabled":true},"categories":[6502],"tags":[7471,6551,7472,6638,5057,6506,6712,7129,6891,6693,6887],"jetpack_publicize_connections":[],"yoast_head":"<!-- This site is optimized with the Yoast SEO plugin v19.1 - https:\/\/yoast.com\/wordpress\/plugins\/seo\/ -->\n<title>Agon: Gabova me Adelajd\u00c3\u00abn - Big Brother Albania<\/title>\n<meta name=\"description\" content=\"Big Brother Albania - Big Brother vendosi q\u00c3\u00ab personi q\u00c3\u00ab do largohet sot nga sht\u00c3\u00abpia e Big brother \u00c3\u00absht\u00c3\u00ab Agoni ne baz\u00c3\u00ab t\u00c3\u00ab numrit t\u00c3\u00ab votave q\u00c3\u00ab kan\u00c3\u00ab marr\u00c3\u00ab gjat\u00c3\u00ab jav\u00c3\u00abs.\" \/>\n<meta name=\"robots\" content=\"index, follow, max-snippet:-1, max-image-preview:large, max-video-preview:-1\" \/>\n<link rel=\"canonical\" href=\"https:\/\/www.visit-ulcinj.com\/blog\/2009\/03\/04\/agon-gabova-me-adelajden\/\" \/>\n<meta property=\"og:locale\" content=\"en_US\" \/>\n<meta property=\"og:type\" content=\"article\" \/>\n<meta property=\"og:title\" content=\"Agon: Gabova me Adelajd\u00c3\u00abn - Big Brother Albania\" \/>\n<meta property=\"og:description\" content=\"Big Brother Albania - Big Brother vendosi q\u00c3\u00ab personi q\u00c3\u00ab do largohet sot nga sht\u00c3\u00abpia e Big brother \u00c3\u00absht\u00c3\u00ab Agoni ne baz\u00c3\u00ab t\u00c3\u00ab numrit t\u00c3\u00ab votave q\u00c3\u00ab kan\u00c3\u00ab marr\u00c3\u00ab gjat\u00c3\u00ab jav\u00c3\u00abs.\" \/>\n<meta property=\"og:url\" content=\"https:\/\/www.visit-ulcinj.com\/blog\/2009\/03\/04\/agon-gabova-me-adelajden\/\" \/>\n<meta property=\"og:site_name\" content=\"Lajme nga Ulqini\" \/>\n<meta property=\"article:published_time\" content=\"2009-03-04T22:48:25+00:00\" \/>\n<meta property=\"og:image\" content=\"http:\/\/www.visit-ulcinj.com\/blog\/wp-content\/uploads\/2009\/03\/agoni-del.jpg\" \/>\n<meta name=\"twitter:label1\" content=\"Written by\" \/>\n\t<meta name=\"twitter:data1\" content=\"ulqini\" \/>\n\t<meta name=\"twitter:label2\" content=\"Est. reading time\" \/>\n\t<meta name=\"twitter:data2\" content=\"1 minute\" \/>\n<script type=\"application\/ld+json\" class=\"yoast-schema-graph\">{\"@context\":\"https:\/\/schema.org\",\"@graph\":[{\"@type\":\"WebSite\",\"@id\":\"https:\/\/www.visit-ulcinj.com\/blog\/#website\",\"url\":\"https:\/\/www.visit-ulcinj.com\/blog\/\",\"name\":\"Lajme nga Ulqini\",\"description\":\"Lajme,Vijesti,Ulqini,Ulqin,Crna Gora,Mali i Zi\",\"potentialAction\":[{\"@type\":\"SearchAction\",\"target\":{\"@type\":\"EntryPoint\",\"urlTemplate\":\"https:\/\/www.visit-ulcinj.com\/blog\/?s={search_term_string}\"},\"query-input\":\"required name=search_term_string\"}],\"inLanguage\":\"en-US\"},{\"@type\":\"ImageObject\",\"inLanguage\":\"en-US\",\"@id\":\"https:\/\/www.visit-ulcinj.com\/blog\/2009\/03\/04\/agon-gabova-me-adelajden\/#primaryimage\",\"url\":\"http:\/\/www.visit-ulcinj.com\/blog\/wp-content\/uploads\/2009\/03\/agoni-del.jpg\",\"contentUrl\":\"http:\/\/www.visit-ulcinj.com\/blog\/wp-content\/uploads\/2009\/03\/agoni-del.jpg\"},{\"@type\":\"WebPage\",\"@id\":\"https:\/\/www.visit-ulcinj.com\/blog\/2009\/03\/04\/agon-gabova-me-adelajden\/#webpage\",\"url\":\"https:\/\/www.visit-ulcinj.com\/blog\/2009\/03\/04\/agon-gabova-me-adelajden\/\",\"name\":\"Agon: Gabova me Adelajd\u00c3\u00abn - Big Brother Albania\",\"isPartOf\":{\"@id\":\"https:\/\/www.visit-ulcinj.com\/blog\/#website\"},\"primaryImageOfPage\":{\"@id\":\"https:\/\/www.visit-ulcinj.com\/blog\/2009\/03\/04\/agon-gabova-me-adelajden\/#primaryimage\"},\"datePublished\":\"2009-03-04T22:48:25+00:00\",\"dateModified\":\"2009-03-04T22:48:25+00:00\",\"author\":{\"@id\":\"https:\/\/www.visit-ulcinj.com\/blog\/#\/schema\/person\/dcab619c614d3038751c63bc2aadc06d\"},\"description\":\"Big Brother Albania - Big Brother vendosi q\u00c3\u00ab personi q\u00c3\u00ab do largohet sot nga sht\u00c3\u00abpia e Big brother \u00c3\u00absht\u00c3\u00ab Agoni ne baz\u00c3\u00ab t\u00c3\u00ab numrit t\u00c3\u00ab votave q\u00c3\u00ab kan\u00c3\u00ab marr\u00c3\u00ab gjat\u00c3\u00ab jav\u00c3\u00abs.\",\"breadcrumb\":{\"@id\":\"https:\/\/www.visit-ulcinj.com\/blog\/2009\/03\/04\/agon-gabova-me-adelajden\/#breadcrumb\"},\"inLanguage\":\"en-US\",\"potentialAction\":[{\"@type\":\"ReadAction\",\"target\":[\"https:\/\/www.visit-ulcinj.com\/blog\/2009\/03\/04\/agon-gabova-me-adelajden\/\"]}]},{\"@type\":\"BreadcrumbList\",\"@id\":\"https:\/\/www.visit-ulcinj.com\/blog\/2009\/03\/04\/agon-gabova-me-adelajden\/#breadcrumb\",\"itemListElement\":[{\"@type\":\"ListItem\",\"position\":1,\"name\":\"Agon: Gabova me Adelajd\u00ebn\"}]},{\"@type\":\"Person\",\"@id\":\"https:\/\/www.visit-ulcinj.com\/blog\/#\/schema\/person\/dcab619c614d3038751c63bc2aadc06d\",\"name\":\"ulqini\",\"sameAs\":[\"http:\/\/www.visit-ulcinj.com\"],\"url\":\"https:\/\/www.visit-ulcinj.com\/blog\/author\/admin\/\"}]}<\/script>\n<!-- \/ Yoast SEO plugin. -->","yoast_head_json":{"title":"Agon: Gabova me Adelajd\u00c3\u00abn - Big Brother Albania","description":"Big Brother Albania - Big Brother vendosi q\u00c3\u00ab personi q\u00c3\u00ab do largohet sot nga sht\u00c3\u00abpia e Big brother \u00c3\u00absht\u00c3\u00ab Agoni ne baz\u00c3\u00ab t\u00c3\u00ab numrit t\u00c3\u00ab votave q\u00c3\u00ab kan\u00c3\u00ab marr\u00c3\u00ab gjat\u00c3\u00ab jav\u00c3\u00abs.","robots":{"index":"index","follow":"follow","max-snippet":"max-snippet:-1","max-image-preview":"max-image-preview:large","max-video-preview":"max-video-preview:-1"},"canonical":"https:\/\/www.visit-ulcinj.com\/blog\/2009\/03\/04\/agon-gabova-me-adelajden\/","og_locale":"en_US","og_type":"article","og_title":"Agon: Gabova me Adelajd\u00c3\u00abn - Big Brother Albania","og_description":"Big Brother Albania - Big Brother vendosi q\u00c3\u00ab personi q\u00c3\u00ab do largohet sot nga sht\u00c3\u00abpia e Big brother \u00c3\u00absht\u00c3\u00ab Agoni ne baz\u00c3\u00ab t\u00c3\u00ab numrit t\u00c3\u00ab votave q\u00c3\u00ab kan\u00c3\u00ab marr\u00c3\u00ab gjat\u00c3\u00ab jav\u00c3\u00abs.","og_url":"https:\/\/www.visit-ulcinj.com\/blog\/2009\/03\/04\/agon-gabova-me-adelajden\/","og_site_name":"Lajme nga Ulqini","article_published_time":"2009-03-04T22:48:25+00:00","og_image":[{"url":"http:\/\/www.visit-ulcinj.com\/blog\/wp-content\/uploads\/2009\/03\/agoni-del.jpg"}],"twitter_misc":{"Written by":"ulqini","Est. reading time":"1 minute"},"schema":{"@context":"https:\/\/schema.org","@graph":[{"@type":"WebSite","@id":"https:\/\/www.visit-ulcinj.com\/blog\/#website","url":"https:\/\/www.visit-ulcinj.com\/blog\/","name":"Lajme nga Ulqini","description":"Lajme,Vijesti,Ulqini,Ulqin,Crna Gora,Mali i Zi","potentialAction":[{"@type":"SearchAction","target":{"@type":"EntryPoint","urlTemplate":"https:\/\/www.visit-ulcinj.com\/blog\/?s={search_term_string}"},"query-input":"required name=search_term_string"}],"inLanguage":"en-US"},{"@type":"ImageObject","inLanguage":"en-US","@id":"https:\/\/www.visit-ulcinj.com\/blog\/2009\/03\/04\/agon-gabova-me-adelajden\/#primaryimage","url":"http:\/\/www.visit-ulcinj.com\/blog\/wp-content\/uploads\/2009\/03\/agoni-del.jpg","contentUrl":"http:\/\/www.visit-ulcinj.com\/blog\/wp-content\/uploads\/2009\/03\/agoni-del.jpg"},{"@type":"WebPage","@id":"https:\/\/www.visit-ulcinj.com\/blog\/2009\/03\/04\/agon-gabova-me-adelajden\/#webpage","url":"https:\/\/www.visit-ulcinj.com\/blog\/2009\/03\/04\/agon-gabova-me-adelajden\/","name":"Agon: Gabova me Adelajd\u00c3\u00abn - Big Brother Albania","isPartOf":{"@id":"https:\/\/www.visit-ulcinj.com\/blog\/#website"},"primaryImageOfPage":{"@id":"https:\/\/www.visit-ulcinj.com\/blog\/2009\/03\/04\/agon-gabova-me-adelajden\/#primaryimage"},"datePublished":"2009-03-04T22:48:25+00:00","dateModified":"2009-03-04T22:48:25+00:00","author":{"@id":"https:\/\/www.visit-ulcinj.com\/blog\/#\/schema\/person\/dcab619c614d3038751c63bc2aadc06d"},"description":"Big Brother Albania - Big Brother vendosi q\u00c3\u00ab personi q\u00c3\u00ab do largohet sot nga sht\u00c3\u00abpia e Big brother \u00c3\u00absht\u00c3\u00ab Agoni ne baz\u00c3\u00ab t\u00c3\u00ab numrit t\u00c3\u00ab votave q\u00c3\u00ab kan\u00c3\u00ab marr\u00c3\u00ab gjat\u00c3\u00ab jav\u00c3\u00abs.","breadcrumb":{"@id":"https:\/\/www.visit-ulcinj.com\/blog\/2009\/03\/04\/agon-gabova-me-adelajden\/#breadcrumb"},"inLanguage":"en-US","potentialAction":[{"@type":"ReadAction","target":["https:\/\/www.visit-ulcinj.com\/blog\/2009\/03\/04\/agon-gabova-me-adelajden\/"]}]},{"@type":"BreadcrumbList","@id":"https:\/\/www.visit-ulcinj.com\/blog\/2009\/03\/04\/agon-gabova-me-adelajden\/#breadcrumb","itemListElement":[{"@type":"ListItem","position":1,"name":"Agon: Gabova me Adelajd\u00ebn"}]},{"@type":"Person","@id":"https:\/\/www.visit-ulcinj.com\/blog\/#\/schema\/person\/dcab619c614d3038751c63bc2aadc06d","name":"ulqini","sameAs":["http:\/\/www.visit-ulcinj.com"],"url":"https:\/\/www.visit-ulcinj.com\/blog\/author\/admin\/"}]}},"jetpack_featured_media_url":"","jetpack_sharing_enabled":true,"jetpack_shortlink":"https:\/\/wp.me\/pe6lTn-3l6","_links":{"self":[{"href":"https:\/\/www.visit-ulcinj.com\/blog\/wp-json\/wp\/v2\/posts\/12840"}],"collection":[{"href":"https:\/\/www.visit-ulcinj.com\/blog\/wp-json\/wp\/v2\/posts"}],"about":[{"href":"https:\/\/www.visit-ulcinj.com\/blog\/wp-json\/wp\/v2\/types\/post"}],"author":[{"embeddable":true,"href":"https:\/\/www.visit-ulcinj.com\/blog\/wp-json\/wp\/v2\/users\/1"}],"replies":[{"embeddable":true,"href":"https:\/\/www.visit-ulcinj.com\/blog\/wp-json\/wp\/v2\/comments?post=12840"}],"version-history":[{"count":0,"href":"https:\/\/www.visit-ulcinj.com\/blog\/wp-json\/wp\/v2\/posts\/12840\/revisions"}],"wp:attachment":[{"href":"https:\/\/www.visit-ulcinj.com\/blog\/wp-json\/wp\/v2\/media?parent=12840"}],"wp:term":[{"taxonomy":"category","embeddable":true,"href":"https:\/\/www.visit-ulcinj.com\/blog\/wp-json\/wp\/v2\/categories?post=12840"},{"taxonomy":"post_tag","embeddable":true,"href":"https:\/\/www.visit-ulcinj.com\/blog\/wp-json\/wp\/v2\/tags?post=12840"}],"curies":[{"name":"wp","href":"https:\/\/api.w.org\/{rel}","templated":true}]}}