{"id":12849,"date":"2009-03-04T23:56:23","date_gmt":"2009-03-04T22:56:23","guid":{"rendered":"http:\/\/www.visit-ulcinj.com\/blog\/?p=12849"},"modified":"2009-03-04T23:56:23","modified_gmt":"2009-03-04T22:56:23","slug":"bjordi-e-mesida-s%e2%80%99e-kam-ndjekur-big-brother","status":"publish","type":"post","link":"https:\/\/www.visit-ulcinj.com\/blog\/2009\/03\/04\/bjordi-e-mesida-s%e2%80%99e-kam-ndjekur-big-brother\/","title":{"rendered":"Bjordi \u00eb Mesida &#8211; S\u2019e kam ndjekur Big Brother"},"content":{"rendered":"<p><em><span class=\"newsdate\"><span style=\"font-style: normal;\"><a href=\"http:\/\/www.visit-ulcinj.com\/blog\/wp-content\/uploads\/2009\/03\/mesida-bjordi-copy.jpg\"><img loading=\"lazy\" class=\"alignleft size-full wp-image-12850\" title=\"mesida-bjordi-big-brother-albania\" src=\"http:\/\/www.visit-ulcinj.com\/blog\/wp-content\/uploads\/2009\/03\/mesida-bjordi-copy.jpg\" alt=\"mesida-bjordi-big-brother-albania\" width=\"300\" height=\"205\" \/><\/a><\/span>01\/03\/09 00:40<\/span><\/em><\/p>\n<p>Arjoni e ka pyetur Mesid\u00ebn n\u00ebse ua mbante mend emrat apo jo. Ajo ka pohuar dhe Zhuljeta e ka provokuar menj\u00ebher\u00eb. \u201cUn\u00eb jam Aida!\u201d- I ka th\u00ebn\u00eb ajo. \u201cJo, ti nuk je Aida!\u201d- ia ka kthyer Mesida. Ajo ka vazhduar duke th\u00ebn\u00eb se i njihte t\u00eb gjith\u00eb me emra, por nuke kishte ndjekur Big Brother. Kjo sepse ajo donte q\u00eb t\u00ed njihte vet\u00eb ata. \u201cUn\u00eb dua t\u2019i njoh njer\u00ebzit vet\u00eb! \u2013 ka th\u00ebn\u00eb ajo. \u2013 Edhe n\u00eb shoq\u00ebri b\u00ebj t\u00eb nj\u00ebjt\u00ebn gj\u00eb!\u201d<\/p>\n","protected":false},"excerpt":{"rendered":"<p>01\/03\/09 00:40 Arjoni e ka pyetur Mesid\u00ebn n\u00ebse ua mbante mend emrat apo jo. Ajo ka pohuar dhe Zhuljeta e ka provokuar menj\u00ebher\u00eb. \u201cUn\u00eb jam Aida!\u201d- I ka th\u00ebn\u00eb ajo. \u201cJo, ti nuk je Aida!\u201d- ia ka kthyer Mesida. Ajo ka vazhduar duke th\u00ebn\u00eb se i njihte t\u00eb gjith\u00eb me emra, por nuke kishte ndjekur [&hellip;]<\/p>\n","protected":false},"author":1,"featured_media":0,"comment_status":"open","ping_status":"closed","sticky":false,"template":"","format":"standard","meta":{"spay_email":"","jetpack_publicize_message":"","jetpack_is_tweetstorm":false,"jetpack_publicize_feature_enabled":true},"categories":[6502],"tags":[5057,6506,6712,7129,6665,7474,7365,6891,6693,6887],"jetpack_publicize_connections":[],"yoast_head":"<!-- This site is optimized with the Yoast SEO plugin v19.1 - https:\/\/yoast.com\/wordpress\/plugins\/seo\/ -->\n<title>Bjordi \u00c3\u00ab Mesida - S\u00e2\u20ac\u2122e kam ndjekur Big Brother Albania<\/title>\n<meta name=\"description\" content=\"Big Brother Albania - Arjoni e ka pyetur Mesid\u00c3\u00abn n\u00c3\u00abse ua mbante mend emrat apo jo. Ajo ka pohuar dhe Zhuljeta e ka provokuar menj\u00c3\u00abher\u00c3\u00ab. \u00e2\u20ac\u0153Un\u00c3\u00ab jam Aida!\u00e2\u20ac\u009d- I ka th\u00c3\u00abn\u00c3\u00ab ajo\" \/>\n<meta name=\"robots\" content=\"index, follow, max-snippet:-1, max-image-preview:large, max-video-preview:-1\" \/>\n<link rel=\"canonical\" href=\"https:\/\/www.visit-ulcinj.com\/blog\/2009\/03\/04\/bjordi-e-mesida-s\u2019e-kam-ndjekur-big-brother\/\" \/>\n<meta property=\"og:locale\" content=\"en_US\" \/>\n<meta property=\"og:type\" content=\"article\" \/>\n<meta property=\"og:title\" content=\"Bjordi \u00c3\u00ab Mesida - S\u00e2\u20ac\u2122e kam ndjekur Big Brother Albania\" \/>\n<meta property=\"og:description\" content=\"Big Brother Albania - Arjoni e ka pyetur Mesid\u00c3\u00abn n\u00c3\u00abse ua mbante mend emrat apo jo. Ajo ka pohuar dhe Zhuljeta e ka provokuar menj\u00c3\u00abher\u00c3\u00ab. \u00e2\u20ac\u0153Un\u00c3\u00ab jam Aida!\u00e2\u20ac\u009d- I ka th\u00c3\u00abn\u00c3\u00ab ajo\" \/>\n<meta property=\"og:url\" content=\"https:\/\/www.visit-ulcinj.com\/blog\/2009\/03\/04\/bjordi-e-mesida-s\u2019e-kam-ndjekur-big-brother\/\" \/>\n<meta property=\"og:site_name\" content=\"Lajme nga Ulqini\" \/>\n<meta property=\"article:published_time\" content=\"2009-03-04T22:56:23+00:00\" \/>\n<meta property=\"og:image\" content=\"http:\/\/www.visit-ulcinj.com\/blog\/wp-content\/uploads\/2009\/03\/mesida-bjordi-copy.jpg\" \/>\n<meta name=\"twitter:label1\" content=\"Written by\" \/>\n\t<meta name=\"twitter:data1\" content=\"ulqini\" \/>\n<script type=\"application\/ld+json\" class=\"yoast-schema-graph\">{\"@context\":\"https:\/\/schema.org\",\"@graph\":[{\"@type\":\"WebSite\",\"@id\":\"https:\/\/www.visit-ulcinj.com\/blog\/#website\",\"url\":\"https:\/\/www.visit-ulcinj.com\/blog\/\",\"name\":\"Lajme nga Ulqini\",\"description\":\"Lajme,Vijesti,Ulqini,Ulqin,Crna Gora,Mali i Zi\",\"potentialAction\":[{\"@type\":\"SearchAction\",\"target\":{\"@type\":\"EntryPoint\",\"urlTemplate\":\"https:\/\/www.visit-ulcinj.com\/blog\/?s={search_term_string}\"},\"query-input\":\"required name=search_term_string\"}],\"inLanguage\":\"en-US\"},{\"@type\":\"ImageObject\",\"inLanguage\":\"en-US\",\"@id\":\"https:\/\/www.visit-ulcinj.com\/blog\/2009\/03\/04\/bjordi-e-mesida-s%e2%80%99e-kam-ndjekur-big-brother\/#primaryimage\",\"url\":\"http:\/\/www.visit-ulcinj.com\/blog\/wp-content\/uploads\/2009\/03\/mesida-bjordi-copy.jpg\",\"contentUrl\":\"http:\/\/www.visit-ulcinj.com\/blog\/wp-content\/uploads\/2009\/03\/mesida-bjordi-copy.jpg\"},{\"@type\":\"WebPage\",\"@id\":\"https:\/\/www.visit-ulcinj.com\/blog\/2009\/03\/04\/bjordi-e-mesida-s%e2%80%99e-kam-ndjekur-big-brother\/#webpage\",\"url\":\"https:\/\/www.visit-ulcinj.com\/blog\/2009\/03\/04\/bjordi-e-mesida-s%e2%80%99e-kam-ndjekur-big-brother\/\",\"name\":\"Bjordi \u00c3\u00ab Mesida - S\u00e2\u20ac\u2122e kam ndjekur Big Brother Albania\",\"isPartOf\":{\"@id\":\"https:\/\/www.visit-ulcinj.com\/blog\/#website\"},\"primaryImageOfPage\":{\"@id\":\"https:\/\/www.visit-ulcinj.com\/blog\/2009\/03\/04\/bjordi-e-mesida-s%e2%80%99e-kam-ndjekur-big-brother\/#primaryimage\"},\"datePublished\":\"2009-03-04T22:56:23+00:00\",\"dateModified\":\"2009-03-04T22:56:23+00:00\",\"author\":{\"@id\":\"https:\/\/www.visit-ulcinj.com\/blog\/#\/schema\/person\/dcab619c614d3038751c63bc2aadc06d\"},\"description\":\"Big Brother Albania - Arjoni e ka pyetur Mesid\u00c3\u00abn n\u00c3\u00abse ua mbante mend emrat apo jo. Ajo ka pohuar dhe Zhuljeta e ka provokuar menj\u00c3\u00abher\u00c3\u00ab. \u00e2\u20ac\u0153Un\u00c3\u00ab jam Aida!\u00e2\u20ac\u009d- I ka th\u00c3\u00abn\u00c3\u00ab ajo\",\"breadcrumb\":{\"@id\":\"https:\/\/www.visit-ulcinj.com\/blog\/2009\/03\/04\/bjordi-e-mesida-s%e2%80%99e-kam-ndjekur-big-brother\/#breadcrumb\"},\"inLanguage\":\"en-US\",\"potentialAction\":[{\"@type\":\"ReadAction\",\"target\":[\"https:\/\/www.visit-ulcinj.com\/blog\/2009\/03\/04\/bjordi-e-mesida-s%e2%80%99e-kam-ndjekur-big-brother\/\"]}]},{\"@type\":\"BreadcrumbList\",\"@id\":\"https:\/\/www.visit-ulcinj.com\/blog\/2009\/03\/04\/bjordi-e-mesida-s%e2%80%99e-kam-ndjekur-big-brother\/#breadcrumb\",\"itemListElement\":[{\"@type\":\"ListItem\",\"position\":1,\"name\":\"Bjordi \u00eb Mesida &#8211; S\u2019e kam ndjekur Big Brother\"}]},{\"@type\":\"Person\",\"@id\":\"https:\/\/www.visit-ulcinj.com\/blog\/#\/schema\/person\/dcab619c614d3038751c63bc2aadc06d\",\"name\":\"ulqini\",\"sameAs\":[\"http:\/\/www.visit-ulcinj.com\"],\"url\":\"https:\/\/www.visit-ulcinj.com\/blog\/author\/admin\/\"}]}<\/script>\n<!-- \/ Yoast SEO plugin. -->","yoast_head_json":{"title":"Bjordi \u00c3\u00ab Mesida - S\u00e2\u20ac\u2122e kam ndjekur Big Brother Albania","description":"Big Brother Albania - Arjoni e ka pyetur Mesid\u00c3\u00abn n\u00c3\u00abse ua mbante mend emrat apo jo. Ajo ka pohuar dhe Zhuljeta e ka provokuar menj\u00c3\u00abher\u00c3\u00ab. \u00e2\u20ac\u0153Un\u00c3\u00ab jam Aida!\u00e2\u20ac\u009d- I ka th\u00c3\u00abn\u00c3\u00ab ajo","robots":{"index":"index","follow":"follow","max-snippet":"max-snippet:-1","max-image-preview":"max-image-preview:large","max-video-preview":"max-video-preview:-1"},"canonical":"https:\/\/www.visit-ulcinj.com\/blog\/2009\/03\/04\/bjordi-e-mesida-s\u2019e-kam-ndjekur-big-brother\/","og_locale":"en_US","og_type":"article","og_title":"Bjordi \u00c3\u00ab Mesida - S\u00e2\u20ac\u2122e kam ndjekur Big Brother Albania","og_description":"Big Brother Albania - Arjoni e ka pyetur Mesid\u00c3\u00abn n\u00c3\u00abse ua mbante mend emrat apo jo. Ajo ka pohuar dhe Zhuljeta e ka provokuar menj\u00c3\u00abher\u00c3\u00ab. \u00e2\u20ac\u0153Un\u00c3\u00ab jam Aida!\u00e2\u20ac\u009d- I ka th\u00c3\u00abn\u00c3\u00ab ajo","og_url":"https:\/\/www.visit-ulcinj.com\/blog\/2009\/03\/04\/bjordi-e-mesida-s\u2019e-kam-ndjekur-big-brother\/","og_site_name":"Lajme nga Ulqini","article_published_time":"2009-03-04T22:56:23+00:00","og_image":[{"url":"http:\/\/www.visit-ulcinj.com\/blog\/wp-content\/uploads\/2009\/03\/mesida-bjordi-copy.jpg"}],"twitter_misc":{"Written by":"ulqini"},"schema":{"@context":"https:\/\/schema.org","@graph":[{"@type":"WebSite","@id":"https:\/\/www.visit-ulcinj.com\/blog\/#website","url":"https:\/\/www.visit-ulcinj.com\/blog\/","name":"Lajme nga Ulqini","description":"Lajme,Vijesti,Ulqini,Ulqin,Crna Gora,Mali i Zi","potentialAction":[{"@type":"SearchAction","target":{"@type":"EntryPoint","urlTemplate":"https:\/\/www.visit-ulcinj.com\/blog\/?s={search_term_string}"},"query-input":"required name=search_term_string"}],"inLanguage":"en-US"},{"@type":"ImageObject","inLanguage":"en-US","@id":"https:\/\/www.visit-ulcinj.com\/blog\/2009\/03\/04\/bjordi-e-mesida-s%e2%80%99e-kam-ndjekur-big-brother\/#primaryimage","url":"http:\/\/www.visit-ulcinj.com\/blog\/wp-content\/uploads\/2009\/03\/mesida-bjordi-copy.jpg","contentUrl":"http:\/\/www.visit-ulcinj.com\/blog\/wp-content\/uploads\/2009\/03\/mesida-bjordi-copy.jpg"},{"@type":"WebPage","@id":"https:\/\/www.visit-ulcinj.com\/blog\/2009\/03\/04\/bjordi-e-mesida-s%e2%80%99e-kam-ndjekur-big-brother\/#webpage","url":"https:\/\/www.visit-ulcinj.com\/blog\/2009\/03\/04\/bjordi-e-mesida-s%e2%80%99e-kam-ndjekur-big-brother\/","name":"Bjordi \u00c3\u00ab Mesida - S\u00e2\u20ac\u2122e kam ndjekur Big Brother Albania","isPartOf":{"@id":"https:\/\/www.visit-ulcinj.com\/blog\/#website"},"primaryImageOfPage":{"@id":"https:\/\/www.visit-ulcinj.com\/blog\/2009\/03\/04\/bjordi-e-mesida-s%e2%80%99e-kam-ndjekur-big-brother\/#primaryimage"},"datePublished":"2009-03-04T22:56:23+00:00","dateModified":"2009-03-04T22:56:23+00:00","author":{"@id":"https:\/\/www.visit-ulcinj.com\/blog\/#\/schema\/person\/dcab619c614d3038751c63bc2aadc06d"},"description":"Big Brother Albania - Arjoni e ka pyetur Mesid\u00c3\u00abn n\u00c3\u00abse ua mbante mend emrat apo jo. Ajo ka pohuar dhe Zhuljeta e ka provokuar menj\u00c3\u00abher\u00c3\u00ab. \u00e2\u20ac\u0153Un\u00c3\u00ab jam Aida!\u00e2\u20ac\u009d- I ka th\u00c3\u00abn\u00c3\u00ab ajo","breadcrumb":{"@id":"https:\/\/www.visit-ulcinj.com\/blog\/2009\/03\/04\/bjordi-e-mesida-s%e2%80%99e-kam-ndjekur-big-brother\/#breadcrumb"},"inLanguage":"en-US","potentialAction":[{"@type":"ReadAction","target":["https:\/\/www.visit-ulcinj.com\/blog\/2009\/03\/04\/bjordi-e-mesida-s%e2%80%99e-kam-ndjekur-big-brother\/"]}]},{"@type":"BreadcrumbList","@id":"https:\/\/www.visit-ulcinj.com\/blog\/2009\/03\/04\/bjordi-e-mesida-s%e2%80%99e-kam-ndjekur-big-brother\/#breadcrumb","itemListElement":[{"@type":"ListItem","position":1,"name":"Bjordi \u00eb Mesida &#8211; S\u2019e kam ndjekur Big Brother"}]},{"@type":"Person","@id":"https:\/\/www.visit-ulcinj.com\/blog\/#\/schema\/person\/dcab619c614d3038751c63bc2aadc06d","name":"ulqini","sameAs":["http:\/\/www.visit-ulcinj.com"],"url":"https:\/\/www.visit-ulcinj.com\/blog\/author\/admin\/"}]}},"jetpack_featured_media_url":"","jetpack_sharing_enabled":true,"jetpack_shortlink":"https:\/\/wp.me\/pe6lTn-3lf","_links":{"self":[{"href":"https:\/\/www.visit-ulcinj.com\/blog\/wp-json\/wp\/v2\/posts\/12849"}],"collection":[{"href":"https:\/\/www.visit-ulcinj.com\/blog\/wp-json\/wp\/v2\/posts"}],"about":[{"href":"https:\/\/www.visit-ulcinj.com\/blog\/wp-json\/wp\/v2\/types\/post"}],"author":[{"embeddable":true,"href":"https:\/\/www.visit-ulcinj.com\/blog\/wp-json\/wp\/v2\/users\/1"}],"replies":[{"embeddable":true,"href":"https:\/\/www.visit-ulcinj.com\/blog\/wp-json\/wp\/v2\/comments?post=12849"}],"version-history":[{"count":0,"href":"https:\/\/www.visit-ulcinj.com\/blog\/wp-json\/wp\/v2\/posts\/12849\/revisions"}],"wp:attachment":[{"href":"https:\/\/www.visit-ulcinj.com\/blog\/wp-json\/wp\/v2\/media?parent=12849"}],"wp:term":[{"taxonomy":"category","embeddable":true,"href":"https:\/\/www.visit-ulcinj.com\/blog\/wp-json\/wp\/v2\/categories?post=12849"},{"taxonomy":"post_tag","embeddable":true,"href":"https:\/\/www.visit-ulcinj.com\/blog\/wp-json\/wp\/v2\/tags?post=12849"}],"curies":[{"name":"wp","href":"https:\/\/api.w.org\/{rel}","templated":true}]}}