{"id":12852,"date":"2009-03-04T23:58:47","date_gmt":"2009-03-04T22:58:47","guid":{"rendered":"http:\/\/www.visit-ulcinj.com\/blog\/?p=12852"},"modified":"2009-03-04T23:58:47","modified_gmt":"2009-03-04T22:58:47","slug":"mesida-tregon-per-veten","status":"publish","type":"post","link":"https:\/\/www.visit-ulcinj.com\/blog\/2009\/03\/04\/mesida-tregon-per-veten\/","title":{"rendered":"Mesida tregon p\u00ebr veten"},"content":{"rendered":"<p><em><span class=\"newsdate\"><a href=\"http:\/\/www.visit-ulcinj.com\/blog\/wp-content\/uploads\/2009\/03\/mesida-copy.jpg\"><img loading=\"lazy\" class=\"alignleft size-full wp-image-12853\" title=\"mesida-vetem-big-brother-albania\" src=\"http:\/\/www.visit-ulcinj.com\/blog\/wp-content\/uploads\/2009\/03\/mesida-copy.jpg\" alt=\"mesida-vetem-big-brother-albania\" width=\"300\" height=\"205\" \/><\/a>01\/03\/09 00:40<\/span><\/em><\/p>\n<p>Banorja m\u00eb e re e sht\u00ebpis\u00eb s\u00eb Big Brother ka nisur t\u00eb zbuloj\u00eb pak nga vetja e saj duke u treguar banor\u00ebve t\u00eb tjer\u00eb p\u00ebr veten, n\u00eb aspekte t\u00eb ndryshme. P\u00ebrsa i p\u00ebrket pamjes s\u00eb jashtme ajo ka treguar se flok\u00ebt e saj i ka t\u00eb shkurtra, por p\u00ebr momentin i ka zgjatur artificialisht. I p\u00eblqejn\u00eb veshjet e gjera dhe \u00ebsht\u00eb \u201ctip repisteje\u201d. Nj\u00eb nga gj\u00ebrat q\u00eb nuk i p\u00eblqejn\u00eb tek vetja, madje q\u00eb i urren, jan\u00eb dh\u00ebmb\u00ebt, megjith\u00ebse shum\u00eb njer\u00ebz i thon\u00eb se aty e ka t\u00eb gjith\u00eb lezetin. Muzika i p\u00eblqen shum\u00eb dhe k\u00ebnga e saj e preferuar \u00ebsht\u00eb \u201cNo stress\u201dnga Laurent Wolf. Asaj i p\u00eblqen jasht\u00eb mase t\u00eb k\u00ebcej\u00eb, madje, sipas Mesid\u00ebs, arsyeja p\u00ebr t\u00eb cil\u00ebn del me shoq\u00ebrin\u00eb, \u00ebsht\u00eb jo p\u00ebr t\u00eb pir\u00eb, pasi ajo nuk e pi fare alkoolin, por p\u00ebr t\u00eb k\u00ebrcyer.Ajo ka treguar gjithashtu se studion Juridik, ka jetuar n\u00eb Gjermani, ka nj\u00eb v\u00eblla m\u00eb t\u00eb vog\u00ebl q\u00eb bashk\u00ebjeton me nj\u00eb suedeze dhe q\u00eb ka nj\u00eb f\u00ebmij\u00eb me t\u00eb. Pyetjes s\u00eb Lirit\u00ebs se a kuptonte kur fliste ajo iu p\u00ebrgjigj se jo vet\u00ebm e kuptonte, por kur ishte e vog\u00ebl fliste tamam si ajo. Kjo sepse kishte jetuar n\u00eb Gjermani. Mesida ka jetuar edhe n\u00eb Suedi dhe n\u00eb t\u00eb dyja k\u00ebto vende kishte njohur shum\u00eb kosovar\u00eb.<\/p>\n","protected":false},"excerpt":{"rendered":"<p>01\/03\/09 00:40 Banorja m\u00eb e re e sht\u00ebpis\u00eb s\u00eb Big Brother ka nisur t\u00eb zbuloj\u00eb pak nga vetja e saj duke u treguar banor\u00ebve t\u00eb tjer\u00eb p\u00ebr veten, n\u00eb aspekte t\u00eb ndryshme. P\u00ebrsa i p\u00ebrket pamjes s\u00eb jashtme ajo ka treguar se flok\u00ebt e saj i ka t\u00eb shkurtra, por p\u00ebr momentin i ka zgjatur [&hellip;]<\/p>\n","protected":false},"author":1,"featured_media":0,"comment_status":"open","ping_status":"closed","sticky":false,"template":"","format":"standard","meta":{"spay_email":"","jetpack_publicize_message":"","jetpack_is_tweetstorm":false,"jetpack_publicize_feature_enabled":true},"categories":[6502],"tags":[5057,6506,6712,7129,7365,7475,6891,6693,6887],"jetpack_publicize_connections":[],"yoast_head":"<!-- This site is optimized with the Yoast SEO plugin v19.1 - https:\/\/yoast.com\/wordpress\/plugins\/seo\/ -->\n<title>Mesida tregon p\u00c3\u00abr veten - Big Brother Albania<\/title>\n<meta name=\"description\" content=\"Big Brother Albania - Banorja m\u00c3\u00ab e re e sht\u00c3\u00abpis\u00c3\u00ab s\u00c3\u00ab Big Brother ka nisur t\u00c3\u00ab zbuloj\u00c3\u00ab pak nga vetja e saj duke u treguar banor\u00c3\u00abve t\u00c3\u00ab tjer\u00c3\u00ab p\u00c3\u00abr veten, n\u00c3\u00ab aspekte t\u00c3\u00ab ndryshme.\" \/>\n<meta name=\"robots\" content=\"index, follow, max-snippet:-1, max-image-preview:large, max-video-preview:-1\" \/>\n<link rel=\"canonical\" href=\"https:\/\/www.visit-ulcinj.com\/blog\/2009\/03\/04\/mesida-tregon-per-veten\/\" \/>\n<meta property=\"og:locale\" content=\"en_US\" \/>\n<meta property=\"og:type\" content=\"article\" \/>\n<meta property=\"og:title\" content=\"Mesida tregon p\u00c3\u00abr veten - Big Brother Albania\" \/>\n<meta property=\"og:description\" content=\"Big Brother Albania - Banorja m\u00c3\u00ab e re e sht\u00c3\u00abpis\u00c3\u00ab s\u00c3\u00ab Big Brother ka nisur t\u00c3\u00ab zbuloj\u00c3\u00ab pak nga vetja e saj duke u treguar banor\u00c3\u00abve t\u00c3\u00ab tjer\u00c3\u00ab p\u00c3\u00abr veten, n\u00c3\u00ab aspekte t\u00c3\u00ab ndryshme.\" \/>\n<meta property=\"og:url\" content=\"https:\/\/www.visit-ulcinj.com\/blog\/2009\/03\/04\/mesida-tregon-per-veten\/\" \/>\n<meta property=\"og:site_name\" content=\"Lajme nga Ulqini\" \/>\n<meta property=\"article:published_time\" content=\"2009-03-04T22:58:47+00:00\" \/>\n<meta property=\"og:image\" content=\"http:\/\/www.visit-ulcinj.com\/blog\/wp-content\/uploads\/2009\/03\/mesida-copy.jpg\" \/>\n<meta name=\"twitter:label1\" content=\"Written by\" \/>\n\t<meta name=\"twitter:data1\" content=\"ulqini\" \/>\n\t<meta name=\"twitter:label2\" content=\"Est. reading time\" \/>\n\t<meta name=\"twitter:data2\" content=\"1 minute\" \/>\n<script type=\"application\/ld+json\" class=\"yoast-schema-graph\">{\"@context\":\"https:\/\/schema.org\",\"@graph\":[{\"@type\":\"WebSite\",\"@id\":\"https:\/\/www.visit-ulcinj.com\/blog\/#website\",\"url\":\"https:\/\/www.visit-ulcinj.com\/blog\/\",\"name\":\"Lajme nga Ulqini\",\"description\":\"Lajme,Vijesti,Ulqini,Ulqin,Crna Gora,Mali i Zi\",\"potentialAction\":[{\"@type\":\"SearchAction\",\"target\":{\"@type\":\"EntryPoint\",\"urlTemplate\":\"https:\/\/www.visit-ulcinj.com\/blog\/?s={search_term_string}\"},\"query-input\":\"required name=search_term_string\"}],\"inLanguage\":\"en-US\"},{\"@type\":\"ImageObject\",\"inLanguage\":\"en-US\",\"@id\":\"https:\/\/www.visit-ulcinj.com\/blog\/2009\/03\/04\/mesida-tregon-per-veten\/#primaryimage\",\"url\":\"http:\/\/www.visit-ulcinj.com\/blog\/wp-content\/uploads\/2009\/03\/mesida-copy.jpg\",\"contentUrl\":\"http:\/\/www.visit-ulcinj.com\/blog\/wp-content\/uploads\/2009\/03\/mesida-copy.jpg\"},{\"@type\":\"WebPage\",\"@id\":\"https:\/\/www.visit-ulcinj.com\/blog\/2009\/03\/04\/mesida-tregon-per-veten\/#webpage\",\"url\":\"https:\/\/www.visit-ulcinj.com\/blog\/2009\/03\/04\/mesida-tregon-per-veten\/\",\"name\":\"Mesida tregon p\u00c3\u00abr veten - Big Brother Albania\",\"isPartOf\":{\"@id\":\"https:\/\/www.visit-ulcinj.com\/blog\/#website\"},\"primaryImageOfPage\":{\"@id\":\"https:\/\/www.visit-ulcinj.com\/blog\/2009\/03\/04\/mesida-tregon-per-veten\/#primaryimage\"},\"datePublished\":\"2009-03-04T22:58:47+00:00\",\"dateModified\":\"2009-03-04T22:58:47+00:00\",\"author\":{\"@id\":\"https:\/\/www.visit-ulcinj.com\/blog\/#\/schema\/person\/dcab619c614d3038751c63bc2aadc06d\"},\"description\":\"Big Brother Albania - Banorja m\u00c3\u00ab e re e sht\u00c3\u00abpis\u00c3\u00ab s\u00c3\u00ab Big Brother ka nisur t\u00c3\u00ab zbuloj\u00c3\u00ab pak nga vetja e saj duke u treguar banor\u00c3\u00abve t\u00c3\u00ab tjer\u00c3\u00ab p\u00c3\u00abr veten, n\u00c3\u00ab aspekte t\u00c3\u00ab ndryshme.\",\"breadcrumb\":{\"@id\":\"https:\/\/www.visit-ulcinj.com\/blog\/2009\/03\/04\/mesida-tregon-per-veten\/#breadcrumb\"},\"inLanguage\":\"en-US\",\"potentialAction\":[{\"@type\":\"ReadAction\",\"target\":[\"https:\/\/www.visit-ulcinj.com\/blog\/2009\/03\/04\/mesida-tregon-per-veten\/\"]}]},{\"@type\":\"BreadcrumbList\",\"@id\":\"https:\/\/www.visit-ulcinj.com\/blog\/2009\/03\/04\/mesida-tregon-per-veten\/#breadcrumb\",\"itemListElement\":[{\"@type\":\"ListItem\",\"position\":1,\"name\":\"Mesida tregon p\u00ebr veten\"}]},{\"@type\":\"Person\",\"@id\":\"https:\/\/www.visit-ulcinj.com\/blog\/#\/schema\/person\/dcab619c614d3038751c63bc2aadc06d\",\"name\":\"ulqini\",\"sameAs\":[\"http:\/\/www.visit-ulcinj.com\"],\"url\":\"https:\/\/www.visit-ulcinj.com\/blog\/author\/admin\/\"}]}<\/script>\n<!-- \/ Yoast SEO plugin. -->","yoast_head_json":{"title":"Mesida tregon p\u00c3\u00abr veten - Big Brother Albania","description":"Big Brother Albania - Banorja m\u00c3\u00ab e re e sht\u00c3\u00abpis\u00c3\u00ab s\u00c3\u00ab Big Brother ka nisur t\u00c3\u00ab zbuloj\u00c3\u00ab pak nga vetja e saj duke u treguar banor\u00c3\u00abve t\u00c3\u00ab tjer\u00c3\u00ab p\u00c3\u00abr veten, n\u00c3\u00ab aspekte t\u00c3\u00ab ndryshme.","robots":{"index":"index","follow":"follow","max-snippet":"max-snippet:-1","max-image-preview":"max-image-preview:large","max-video-preview":"max-video-preview:-1"},"canonical":"https:\/\/www.visit-ulcinj.com\/blog\/2009\/03\/04\/mesida-tregon-per-veten\/","og_locale":"en_US","og_type":"article","og_title":"Mesida tregon p\u00c3\u00abr veten - Big Brother Albania","og_description":"Big Brother Albania - Banorja m\u00c3\u00ab e re e sht\u00c3\u00abpis\u00c3\u00ab s\u00c3\u00ab Big Brother ka nisur t\u00c3\u00ab zbuloj\u00c3\u00ab pak nga vetja e saj duke u treguar banor\u00c3\u00abve t\u00c3\u00ab tjer\u00c3\u00ab p\u00c3\u00abr veten, n\u00c3\u00ab aspekte t\u00c3\u00ab ndryshme.","og_url":"https:\/\/www.visit-ulcinj.com\/blog\/2009\/03\/04\/mesida-tregon-per-veten\/","og_site_name":"Lajme nga Ulqini","article_published_time":"2009-03-04T22:58:47+00:00","og_image":[{"url":"http:\/\/www.visit-ulcinj.com\/blog\/wp-content\/uploads\/2009\/03\/mesida-copy.jpg"}],"twitter_misc":{"Written by":"ulqini","Est. reading time":"1 minute"},"schema":{"@context":"https:\/\/schema.org","@graph":[{"@type":"WebSite","@id":"https:\/\/www.visit-ulcinj.com\/blog\/#website","url":"https:\/\/www.visit-ulcinj.com\/blog\/","name":"Lajme nga Ulqini","description":"Lajme,Vijesti,Ulqini,Ulqin,Crna Gora,Mali i Zi","potentialAction":[{"@type":"SearchAction","target":{"@type":"EntryPoint","urlTemplate":"https:\/\/www.visit-ulcinj.com\/blog\/?s={search_term_string}"},"query-input":"required name=search_term_string"}],"inLanguage":"en-US"},{"@type":"ImageObject","inLanguage":"en-US","@id":"https:\/\/www.visit-ulcinj.com\/blog\/2009\/03\/04\/mesida-tregon-per-veten\/#primaryimage","url":"http:\/\/www.visit-ulcinj.com\/blog\/wp-content\/uploads\/2009\/03\/mesida-copy.jpg","contentUrl":"http:\/\/www.visit-ulcinj.com\/blog\/wp-content\/uploads\/2009\/03\/mesida-copy.jpg"},{"@type":"WebPage","@id":"https:\/\/www.visit-ulcinj.com\/blog\/2009\/03\/04\/mesida-tregon-per-veten\/#webpage","url":"https:\/\/www.visit-ulcinj.com\/blog\/2009\/03\/04\/mesida-tregon-per-veten\/","name":"Mesida tregon p\u00c3\u00abr veten - Big Brother Albania","isPartOf":{"@id":"https:\/\/www.visit-ulcinj.com\/blog\/#website"},"primaryImageOfPage":{"@id":"https:\/\/www.visit-ulcinj.com\/blog\/2009\/03\/04\/mesida-tregon-per-veten\/#primaryimage"},"datePublished":"2009-03-04T22:58:47+00:00","dateModified":"2009-03-04T22:58:47+00:00","author":{"@id":"https:\/\/www.visit-ulcinj.com\/blog\/#\/schema\/person\/dcab619c614d3038751c63bc2aadc06d"},"description":"Big Brother Albania - Banorja m\u00c3\u00ab e re e sht\u00c3\u00abpis\u00c3\u00ab s\u00c3\u00ab Big Brother ka nisur t\u00c3\u00ab zbuloj\u00c3\u00ab pak nga vetja e saj duke u treguar banor\u00c3\u00abve t\u00c3\u00ab tjer\u00c3\u00ab p\u00c3\u00abr veten, n\u00c3\u00ab aspekte t\u00c3\u00ab ndryshme.","breadcrumb":{"@id":"https:\/\/www.visit-ulcinj.com\/blog\/2009\/03\/04\/mesida-tregon-per-veten\/#breadcrumb"},"inLanguage":"en-US","potentialAction":[{"@type":"ReadAction","target":["https:\/\/www.visit-ulcinj.com\/blog\/2009\/03\/04\/mesida-tregon-per-veten\/"]}]},{"@type":"BreadcrumbList","@id":"https:\/\/www.visit-ulcinj.com\/blog\/2009\/03\/04\/mesida-tregon-per-veten\/#breadcrumb","itemListElement":[{"@type":"ListItem","position":1,"name":"Mesida tregon p\u00ebr veten"}]},{"@type":"Person","@id":"https:\/\/www.visit-ulcinj.com\/blog\/#\/schema\/person\/dcab619c614d3038751c63bc2aadc06d","name":"ulqini","sameAs":["http:\/\/www.visit-ulcinj.com"],"url":"https:\/\/www.visit-ulcinj.com\/blog\/author\/admin\/"}]}},"jetpack_featured_media_url":"","jetpack_sharing_enabled":true,"jetpack_shortlink":"https:\/\/wp.me\/pe6lTn-3li","_links":{"self":[{"href":"https:\/\/www.visit-ulcinj.com\/blog\/wp-json\/wp\/v2\/posts\/12852"}],"collection":[{"href":"https:\/\/www.visit-ulcinj.com\/blog\/wp-json\/wp\/v2\/posts"}],"about":[{"href":"https:\/\/www.visit-ulcinj.com\/blog\/wp-json\/wp\/v2\/types\/post"}],"author":[{"embeddable":true,"href":"https:\/\/www.visit-ulcinj.com\/blog\/wp-json\/wp\/v2\/users\/1"}],"replies":[{"embeddable":true,"href":"https:\/\/www.visit-ulcinj.com\/blog\/wp-json\/wp\/v2\/comments?post=12852"}],"version-history":[{"count":0,"href":"https:\/\/www.visit-ulcinj.com\/blog\/wp-json\/wp\/v2\/posts\/12852\/revisions"}],"wp:attachment":[{"href":"https:\/\/www.visit-ulcinj.com\/blog\/wp-json\/wp\/v2\/media?parent=12852"}],"wp:term":[{"taxonomy":"category","embeddable":true,"href":"https:\/\/www.visit-ulcinj.com\/blog\/wp-json\/wp\/v2\/categories?post=12852"},{"taxonomy":"post_tag","embeddable":true,"href":"https:\/\/www.visit-ulcinj.com\/blog\/wp-json\/wp\/v2\/tags?post=12852"}],"curies":[{"name":"wp","href":"https:\/\/api.w.org\/{rel}","templated":true}]}}