{"id":12858,"date":"2009-03-05T00:04:15","date_gmt":"2009-03-04T23:04:15","guid":{"rendered":"http:\/\/www.visit-ulcinj.com\/blog\/?p=12858"},"modified":"2009-03-05T00:04:15","modified_gmt":"2009-03-04T23:04:15","slug":"bjordi-dhe-adelajda-ti-i-ngjan-shume-babait","status":"publish","type":"post","link":"https:\/\/www.visit-ulcinj.com\/blog\/2009\/03\/05\/bjordi-dhe-adelajda-ti-i-ngjan-shume-babait\/","title":{"rendered":"Bjordi dhe Adelajda : Ti i ngjan shum\u00eb babait"},"content":{"rendered":"<p><em><span class=\"newsdate\"><span style=\"font-style: normal;\"><a href=\"http:\/\/www.visit-ulcinj.com\/blog\/wp-content\/uploads\/2009\/03\/bjordiadela-copy.jpg\"><img loading=\"lazy\" class=\"alignleft size-full wp-image-12859\" title=\"bjordiadela-big-brother-albania\" src=\"http:\/\/www.visit-ulcinj.com\/blog\/wp-content\/uploads\/2009\/03\/bjordiadela-copy.jpg\" alt=\"bjordiadela-big-brother-albania\" width=\"300\" height=\"205\" \/><\/a><\/span>01\/03\/09 01:30<\/span><\/em><\/p>\n<p>Adelajda dhe Bjordi kan\u00eb biseduar n\u00eb lidhje me surpriz\u00ebn q\u00eb i b\u00ebri atij V\u00ebllai i Madh. Ajo i tha Bjordit se ai i ngjan shum\u00eb t\u00eb atit. Kjo sepse, nd\u00ebrsa lexohej letra, ajo kishte d\u00ebgjuar n\u00eb t\u00eb fjal\u00ebt dhe shprehjet e tij. \u201cM\u00eb dukej sikur e kishe shkruar ti at\u00eb let\u00ebr!\u201d- I tha ajo. Edhe Bjordi kishte p\u00ebrjetuar t\u00eb nj\u00ebjt\u00ebn gj\u00eb. Ai u shpreh se kishte gjetur veten n\u00eb fjal\u00ebt e t\u00eb atit.<\/p>\n","protected":false},"excerpt":{"rendered":"<p>01\/03\/09 01:30 Adelajda dhe Bjordi kan\u00eb biseduar n\u00eb lidhje me surpriz\u00ebn q\u00eb i b\u00ebri atij V\u00ebllai i Madh. Ajo i tha Bjordit se ai i ngjan shum\u00eb t\u00eb atit. Kjo sepse, nd\u00ebrsa lexohej letra, ajo kishte d\u00ebgjuar n\u00eb t\u00eb fjal\u00ebt dhe shprehjet e tij. \u201cM\u00eb dukej sikur e kishe shkruar ti at\u00eb let\u00ebr!\u201d- I tha [&hellip;]<\/p>\n","protected":false},"author":1,"featured_media":0,"comment_status":"open","ping_status":"closed","sticky":false,"template":"","format":"standard","meta":{"spay_email":"","jetpack_publicize_message":"","jetpack_is_tweetstorm":false,"jetpack_publicize_feature_enabled":true},"categories":[6502],"tags":[6562,5057,6506,6712,7129,6665,7477,6522,6891,6693,6887],"jetpack_publicize_connections":[],"yoast_head":"<!-- This site is optimized with the Yoast SEO plugin v19.1 - https:\/\/yoast.com\/wordpress\/plugins\/seo\/ -->\n<title>Bjordi dhe Adelajda : Ti i ngjan shum\u00c3\u00ab babait - Big Brother Albania<\/title>\n<meta name=\"description\" content=\"Big Brother Albania - Adelajda dhe Bjordi kan\u00c3\u00ab biseduar n\u00c3\u00ab lidhje me surpriz\u00c3\u00abn q\u00c3\u00ab i b\u00c3\u00abri atij V\u00c3\u00abllai i Madh. Ajo i tha Bjordit se ai i ngjan shum\u00c3\u00ab t\u00c3\u00ab atit.\" \/>\n<meta name=\"robots\" content=\"index, follow, max-snippet:-1, max-image-preview:large, max-video-preview:-1\" \/>\n<link rel=\"canonical\" href=\"https:\/\/www.visit-ulcinj.com\/blog\/2009\/03\/05\/bjordi-dhe-adelajda-ti-i-ngjan-shume-babait\/\" \/>\n<meta property=\"og:locale\" content=\"en_US\" \/>\n<meta property=\"og:type\" content=\"article\" \/>\n<meta property=\"og:title\" content=\"Bjordi dhe Adelajda : Ti i ngjan shum\u00c3\u00ab babait - Big Brother Albania\" \/>\n<meta property=\"og:description\" content=\"Big Brother Albania - Adelajda dhe Bjordi kan\u00c3\u00ab biseduar n\u00c3\u00ab lidhje me surpriz\u00c3\u00abn q\u00c3\u00ab i b\u00c3\u00abri atij V\u00c3\u00abllai i Madh. Ajo i tha Bjordit se ai i ngjan shum\u00c3\u00ab t\u00c3\u00ab atit.\" \/>\n<meta property=\"og:url\" content=\"https:\/\/www.visit-ulcinj.com\/blog\/2009\/03\/05\/bjordi-dhe-adelajda-ti-i-ngjan-shume-babait\/\" \/>\n<meta property=\"og:site_name\" content=\"Lajme nga Ulqini\" \/>\n<meta property=\"article:published_time\" content=\"2009-03-04T23:04:15+00:00\" \/>\n<meta property=\"og:image\" content=\"http:\/\/www.visit-ulcinj.com\/blog\/wp-content\/uploads\/2009\/03\/bjordiadela-copy.jpg\" \/>\n<meta name=\"twitter:label1\" content=\"Written by\" \/>\n\t<meta name=\"twitter:data1\" content=\"ulqini\" \/>\n<script type=\"application\/ld+json\" class=\"yoast-schema-graph\">{\"@context\":\"https:\/\/schema.org\",\"@graph\":[{\"@type\":\"WebSite\",\"@id\":\"https:\/\/www.visit-ulcinj.com\/blog\/#website\",\"url\":\"https:\/\/www.visit-ulcinj.com\/blog\/\",\"name\":\"Lajme nga Ulqini\",\"description\":\"Lajme,Vijesti,Ulqini,Ulqin,Crna Gora,Mali i Zi\",\"potentialAction\":[{\"@type\":\"SearchAction\",\"target\":{\"@type\":\"EntryPoint\",\"urlTemplate\":\"https:\/\/www.visit-ulcinj.com\/blog\/?s={search_term_string}\"},\"query-input\":\"required name=search_term_string\"}],\"inLanguage\":\"en-US\"},{\"@type\":\"ImageObject\",\"inLanguage\":\"en-US\",\"@id\":\"https:\/\/www.visit-ulcinj.com\/blog\/2009\/03\/05\/bjordi-dhe-adelajda-ti-i-ngjan-shume-babait\/#primaryimage\",\"url\":\"http:\/\/www.visit-ulcinj.com\/blog\/wp-content\/uploads\/2009\/03\/bjordiadela-copy.jpg\",\"contentUrl\":\"http:\/\/www.visit-ulcinj.com\/blog\/wp-content\/uploads\/2009\/03\/bjordiadela-copy.jpg\"},{\"@type\":\"WebPage\",\"@id\":\"https:\/\/www.visit-ulcinj.com\/blog\/2009\/03\/05\/bjordi-dhe-adelajda-ti-i-ngjan-shume-babait\/#webpage\",\"url\":\"https:\/\/www.visit-ulcinj.com\/blog\/2009\/03\/05\/bjordi-dhe-adelajda-ti-i-ngjan-shume-babait\/\",\"name\":\"Bjordi dhe Adelajda : Ti i ngjan shum\u00c3\u00ab babait - Big Brother Albania\",\"isPartOf\":{\"@id\":\"https:\/\/www.visit-ulcinj.com\/blog\/#website\"},\"primaryImageOfPage\":{\"@id\":\"https:\/\/www.visit-ulcinj.com\/blog\/2009\/03\/05\/bjordi-dhe-adelajda-ti-i-ngjan-shume-babait\/#primaryimage\"},\"datePublished\":\"2009-03-04T23:04:15+00:00\",\"dateModified\":\"2009-03-04T23:04:15+00:00\",\"author\":{\"@id\":\"https:\/\/www.visit-ulcinj.com\/blog\/#\/schema\/person\/dcab619c614d3038751c63bc2aadc06d\"},\"description\":\"Big Brother Albania - Adelajda dhe Bjordi kan\u00c3\u00ab biseduar n\u00c3\u00ab lidhje me surpriz\u00c3\u00abn q\u00c3\u00ab i b\u00c3\u00abri atij V\u00c3\u00abllai i Madh. Ajo i tha Bjordit se ai i ngjan shum\u00c3\u00ab t\u00c3\u00ab atit.\",\"breadcrumb\":{\"@id\":\"https:\/\/www.visit-ulcinj.com\/blog\/2009\/03\/05\/bjordi-dhe-adelajda-ti-i-ngjan-shume-babait\/#breadcrumb\"},\"inLanguage\":\"en-US\",\"potentialAction\":[{\"@type\":\"ReadAction\",\"target\":[\"https:\/\/www.visit-ulcinj.com\/blog\/2009\/03\/05\/bjordi-dhe-adelajda-ti-i-ngjan-shume-babait\/\"]}]},{\"@type\":\"BreadcrumbList\",\"@id\":\"https:\/\/www.visit-ulcinj.com\/blog\/2009\/03\/05\/bjordi-dhe-adelajda-ti-i-ngjan-shume-babait\/#breadcrumb\",\"itemListElement\":[{\"@type\":\"ListItem\",\"position\":1,\"name\":\"Bjordi dhe Adelajda : Ti i ngjan shum\u00eb babait\"}]},{\"@type\":\"Person\",\"@id\":\"https:\/\/www.visit-ulcinj.com\/blog\/#\/schema\/person\/dcab619c614d3038751c63bc2aadc06d\",\"name\":\"ulqini\",\"sameAs\":[\"http:\/\/www.visit-ulcinj.com\"],\"url\":\"https:\/\/www.visit-ulcinj.com\/blog\/author\/admin\/\"}]}<\/script>\n<!-- \/ Yoast SEO plugin. -->","yoast_head_json":{"title":"Bjordi dhe Adelajda : Ti i ngjan shum\u00c3\u00ab babait - Big Brother Albania","description":"Big Brother Albania - Adelajda dhe Bjordi kan\u00c3\u00ab biseduar n\u00c3\u00ab lidhje me surpriz\u00c3\u00abn q\u00c3\u00ab i b\u00c3\u00abri atij V\u00c3\u00abllai i Madh. Ajo i tha Bjordit se ai i ngjan shum\u00c3\u00ab t\u00c3\u00ab atit.","robots":{"index":"index","follow":"follow","max-snippet":"max-snippet:-1","max-image-preview":"max-image-preview:large","max-video-preview":"max-video-preview:-1"},"canonical":"https:\/\/www.visit-ulcinj.com\/blog\/2009\/03\/05\/bjordi-dhe-adelajda-ti-i-ngjan-shume-babait\/","og_locale":"en_US","og_type":"article","og_title":"Bjordi dhe Adelajda : Ti i ngjan shum\u00c3\u00ab babait - Big Brother Albania","og_description":"Big Brother Albania - Adelajda dhe Bjordi kan\u00c3\u00ab biseduar n\u00c3\u00ab lidhje me surpriz\u00c3\u00abn q\u00c3\u00ab i b\u00c3\u00abri atij V\u00c3\u00abllai i Madh. Ajo i tha Bjordit se ai i ngjan shum\u00c3\u00ab t\u00c3\u00ab atit.","og_url":"https:\/\/www.visit-ulcinj.com\/blog\/2009\/03\/05\/bjordi-dhe-adelajda-ti-i-ngjan-shume-babait\/","og_site_name":"Lajme nga Ulqini","article_published_time":"2009-03-04T23:04:15+00:00","og_image":[{"url":"http:\/\/www.visit-ulcinj.com\/blog\/wp-content\/uploads\/2009\/03\/bjordiadela-copy.jpg"}],"twitter_misc":{"Written by":"ulqini"},"schema":{"@context":"https:\/\/schema.org","@graph":[{"@type":"WebSite","@id":"https:\/\/www.visit-ulcinj.com\/blog\/#website","url":"https:\/\/www.visit-ulcinj.com\/blog\/","name":"Lajme nga Ulqini","description":"Lajme,Vijesti,Ulqini,Ulqin,Crna Gora,Mali i Zi","potentialAction":[{"@type":"SearchAction","target":{"@type":"EntryPoint","urlTemplate":"https:\/\/www.visit-ulcinj.com\/blog\/?s={search_term_string}"},"query-input":"required name=search_term_string"}],"inLanguage":"en-US"},{"@type":"ImageObject","inLanguage":"en-US","@id":"https:\/\/www.visit-ulcinj.com\/blog\/2009\/03\/05\/bjordi-dhe-adelajda-ti-i-ngjan-shume-babait\/#primaryimage","url":"http:\/\/www.visit-ulcinj.com\/blog\/wp-content\/uploads\/2009\/03\/bjordiadela-copy.jpg","contentUrl":"http:\/\/www.visit-ulcinj.com\/blog\/wp-content\/uploads\/2009\/03\/bjordiadela-copy.jpg"},{"@type":"WebPage","@id":"https:\/\/www.visit-ulcinj.com\/blog\/2009\/03\/05\/bjordi-dhe-adelajda-ti-i-ngjan-shume-babait\/#webpage","url":"https:\/\/www.visit-ulcinj.com\/blog\/2009\/03\/05\/bjordi-dhe-adelajda-ti-i-ngjan-shume-babait\/","name":"Bjordi dhe Adelajda : Ti i ngjan shum\u00c3\u00ab babait - Big Brother Albania","isPartOf":{"@id":"https:\/\/www.visit-ulcinj.com\/blog\/#website"},"primaryImageOfPage":{"@id":"https:\/\/www.visit-ulcinj.com\/blog\/2009\/03\/05\/bjordi-dhe-adelajda-ti-i-ngjan-shume-babait\/#primaryimage"},"datePublished":"2009-03-04T23:04:15+00:00","dateModified":"2009-03-04T23:04:15+00:00","author":{"@id":"https:\/\/www.visit-ulcinj.com\/blog\/#\/schema\/person\/dcab619c614d3038751c63bc2aadc06d"},"description":"Big Brother Albania - Adelajda dhe Bjordi kan\u00c3\u00ab biseduar n\u00c3\u00ab lidhje me surpriz\u00c3\u00abn q\u00c3\u00ab i b\u00c3\u00abri atij V\u00c3\u00abllai i Madh. Ajo i tha Bjordit se ai i ngjan shum\u00c3\u00ab t\u00c3\u00ab atit.","breadcrumb":{"@id":"https:\/\/www.visit-ulcinj.com\/blog\/2009\/03\/05\/bjordi-dhe-adelajda-ti-i-ngjan-shume-babait\/#breadcrumb"},"inLanguage":"en-US","potentialAction":[{"@type":"ReadAction","target":["https:\/\/www.visit-ulcinj.com\/blog\/2009\/03\/05\/bjordi-dhe-adelajda-ti-i-ngjan-shume-babait\/"]}]},{"@type":"BreadcrumbList","@id":"https:\/\/www.visit-ulcinj.com\/blog\/2009\/03\/05\/bjordi-dhe-adelajda-ti-i-ngjan-shume-babait\/#breadcrumb","itemListElement":[{"@type":"ListItem","position":1,"name":"Bjordi dhe Adelajda : Ti i ngjan shum\u00eb babait"}]},{"@type":"Person","@id":"https:\/\/www.visit-ulcinj.com\/blog\/#\/schema\/person\/dcab619c614d3038751c63bc2aadc06d","name":"ulqini","sameAs":["http:\/\/www.visit-ulcinj.com"],"url":"https:\/\/www.visit-ulcinj.com\/blog\/author\/admin\/"}]}},"jetpack_featured_media_url":"","jetpack_sharing_enabled":true,"jetpack_shortlink":"https:\/\/wp.me\/pe6lTn-3lo","_links":{"self":[{"href":"https:\/\/www.visit-ulcinj.com\/blog\/wp-json\/wp\/v2\/posts\/12858"}],"collection":[{"href":"https:\/\/www.visit-ulcinj.com\/blog\/wp-json\/wp\/v2\/posts"}],"about":[{"href":"https:\/\/www.visit-ulcinj.com\/blog\/wp-json\/wp\/v2\/types\/post"}],"author":[{"embeddable":true,"href":"https:\/\/www.visit-ulcinj.com\/blog\/wp-json\/wp\/v2\/users\/1"}],"replies":[{"embeddable":true,"href":"https:\/\/www.visit-ulcinj.com\/blog\/wp-json\/wp\/v2\/comments?post=12858"}],"version-history":[{"count":0,"href":"https:\/\/www.visit-ulcinj.com\/blog\/wp-json\/wp\/v2\/posts\/12858\/revisions"}],"wp:attachment":[{"href":"https:\/\/www.visit-ulcinj.com\/blog\/wp-json\/wp\/v2\/media?parent=12858"}],"wp:term":[{"taxonomy":"category","embeddable":true,"href":"https:\/\/www.visit-ulcinj.com\/blog\/wp-json\/wp\/v2\/categories?post=12858"},{"taxonomy":"post_tag","embeddable":true,"href":"https:\/\/www.visit-ulcinj.com\/blog\/wp-json\/wp\/v2\/tags?post=12858"}],"curies":[{"name":"wp","href":"https:\/\/api.w.org\/{rel}","templated":true}]}}