{"id":12861,"date":"2009-03-05T00:07:04","date_gmt":"2009-03-04T23:07:04","guid":{"rendered":"http:\/\/www.visit-ulcinj.com\/blog\/?p=12861"},"modified":"2009-03-05T00:07:04","modified_gmt":"2009-03-04T23:07:04","slug":"mesida-zgjohet-e-para","status":"publish","type":"post","link":"https:\/\/www.visit-ulcinj.com\/blog\/2009\/03\/05\/mesida-zgjohet-e-para\/","title":{"rendered":"Mesida zgjohet e para"},"content":{"rendered":"<p><em><span class=\"newsdate\"><a href=\"http:\/\/www.visit-ulcinj.com\/blog\/wp-content\/uploads\/2009\/03\/mesida-jashte.jpg\"><img loading=\"lazy\" class=\"alignleft size-full wp-image-12862\" title=\"mesida-jashte-big-brother-albania\" src=\"http:\/\/www.visit-ulcinj.com\/blog\/wp-content\/uploads\/2009\/03\/mesida-jashte.jpg\" alt=\"mesida-jashte-big-brother-albania\" width=\"300\" height=\"205\" \/><\/a>01\/03\/09 10:00<\/span><\/em><\/p>\n<p>N\u00eb m\u00ebngjesin e saj t\u00eb par\u00eb n\u00eb sht\u00ebpin\u00eb e Big Brother, Mesida ka qen\u00eb e para, nga vajzat, q\u00eb \u00ebsht\u00eb zgjuar. Ajo ka biseduar n\u00eb oborr me Adin e m\u00eb pas me Bjordin, ka k\u00ebrcyer me k\u00ebng\u00ebt e Bon Jovit, e m\u00eb pas, s\u00eb bashku me Bjordin me k\u00ebng\u00ebt e Michael Jackson. Ajo e ka vazhduar paraditen duke folur e biseduar me banor\u00ebt e sht\u00ebpis\u00eb.<\/p>\n","protected":false},"excerpt":{"rendered":"<p>01\/03\/09 10:00 N\u00eb m\u00ebngjesin e saj t\u00eb par\u00eb n\u00eb sht\u00ebpin\u00eb e Big Brother, Mesida ka qen\u00eb e para, nga vajzat, q\u00eb \u00ebsht\u00eb zgjuar. Ajo ka biseduar n\u00eb oborr me Adin e m\u00eb pas me Bjordin, ka k\u00ebrcyer me k\u00ebng\u00ebt e Bon Jovit, e m\u00eb pas, s\u00eb bashku me Bjordin me k\u00ebng\u00ebt e Michael Jackson. Ajo [&hellip;]<\/p>\n","protected":false},"author":1,"featured_media":0,"comment_status":"open","ping_status":"closed","sticky":false,"template":"","format":"standard","meta":{"spay_email":"","jetpack_publicize_message":"","jetpack_is_tweetstorm":false,"jetpack_publicize_feature_enabled":true},"categories":[6502],"tags":[5057,6506,6712,7129,6665,6522,7365,7364,7479,7478,6970,6891,6693,6887],"jetpack_publicize_connections":[],"yoast_head":"<!-- This site is optimized with the Yoast SEO plugin v19.1 - https:\/\/yoast.com\/wordpress\/plugins\/seo\/ -->\n<title>Mesida zgjohet e para - Big Brother Albania<\/title>\n<meta name=\"description\" content=\"Big Brother Albania - N\u00c3\u00ab m\u00c3\u00abngjesin e saj t\u00c3\u00ab par\u00c3\u00ab n\u00c3\u00ab sht\u00c3\u00abpin\u00c3\u00ab e Big Brother, Mesida ka qen\u00c3\u00ab e para, nga vajzat, q\u00c3\u00ab \u00c3\u00absht\u00c3\u00ab zgjuar.\" \/>\n<meta name=\"robots\" content=\"index, follow, max-snippet:-1, max-image-preview:large, max-video-preview:-1\" \/>\n<link rel=\"canonical\" href=\"https:\/\/www.visit-ulcinj.com\/blog\/2009\/03\/05\/mesida-zgjohet-e-para\/\" \/>\n<meta property=\"og:locale\" content=\"en_US\" \/>\n<meta property=\"og:type\" content=\"article\" \/>\n<meta property=\"og:title\" content=\"Mesida zgjohet e para - Big Brother Albania\" \/>\n<meta property=\"og:description\" content=\"Big Brother Albania - N\u00c3\u00ab m\u00c3\u00abngjesin e saj t\u00c3\u00ab par\u00c3\u00ab n\u00c3\u00ab sht\u00c3\u00abpin\u00c3\u00ab e Big Brother, Mesida ka qen\u00c3\u00ab e para, nga vajzat, q\u00c3\u00ab \u00c3\u00absht\u00c3\u00ab zgjuar.\" \/>\n<meta property=\"og:url\" content=\"https:\/\/www.visit-ulcinj.com\/blog\/2009\/03\/05\/mesida-zgjohet-e-para\/\" \/>\n<meta property=\"og:site_name\" content=\"Lajme nga Ulqini\" \/>\n<meta property=\"article:published_time\" content=\"2009-03-04T23:07:04+00:00\" \/>\n<meta property=\"og:image\" content=\"http:\/\/www.visit-ulcinj.com\/blog\/wp-content\/uploads\/2009\/03\/mesida-jashte.jpg\" \/>\n<meta name=\"twitter:label1\" content=\"Written by\" \/>\n\t<meta name=\"twitter:data1\" content=\"ulqini\" \/>\n<script type=\"application\/ld+json\" class=\"yoast-schema-graph\">{\"@context\":\"https:\/\/schema.org\",\"@graph\":[{\"@type\":\"WebSite\",\"@id\":\"https:\/\/www.visit-ulcinj.com\/blog\/#website\",\"url\":\"https:\/\/www.visit-ulcinj.com\/blog\/\",\"name\":\"Lajme nga Ulqini\",\"description\":\"Lajme,Vijesti,Ulqini,Ulqin,Crna Gora,Mali i Zi\",\"potentialAction\":[{\"@type\":\"SearchAction\",\"target\":{\"@type\":\"EntryPoint\",\"urlTemplate\":\"https:\/\/www.visit-ulcinj.com\/blog\/?s={search_term_string}\"},\"query-input\":\"required name=search_term_string\"}],\"inLanguage\":\"en-US\"},{\"@type\":\"ImageObject\",\"inLanguage\":\"en-US\",\"@id\":\"https:\/\/www.visit-ulcinj.com\/blog\/2009\/03\/05\/mesida-zgjohet-e-para\/#primaryimage\",\"url\":\"http:\/\/www.visit-ulcinj.com\/blog\/wp-content\/uploads\/2009\/03\/mesida-jashte.jpg\",\"contentUrl\":\"http:\/\/www.visit-ulcinj.com\/blog\/wp-content\/uploads\/2009\/03\/mesida-jashte.jpg\"},{\"@type\":\"WebPage\",\"@id\":\"https:\/\/www.visit-ulcinj.com\/blog\/2009\/03\/05\/mesida-zgjohet-e-para\/#webpage\",\"url\":\"https:\/\/www.visit-ulcinj.com\/blog\/2009\/03\/05\/mesida-zgjohet-e-para\/\",\"name\":\"Mesida zgjohet e para - Big Brother Albania\",\"isPartOf\":{\"@id\":\"https:\/\/www.visit-ulcinj.com\/blog\/#website\"},\"primaryImageOfPage\":{\"@id\":\"https:\/\/www.visit-ulcinj.com\/blog\/2009\/03\/05\/mesida-zgjohet-e-para\/#primaryimage\"},\"datePublished\":\"2009-03-04T23:07:04+00:00\",\"dateModified\":\"2009-03-04T23:07:04+00:00\",\"author\":{\"@id\":\"https:\/\/www.visit-ulcinj.com\/blog\/#\/schema\/person\/dcab619c614d3038751c63bc2aadc06d\"},\"description\":\"Big Brother Albania - N\u00c3\u00ab m\u00c3\u00abngjesin e saj t\u00c3\u00ab par\u00c3\u00ab n\u00c3\u00ab sht\u00c3\u00abpin\u00c3\u00ab e Big Brother, Mesida ka qen\u00c3\u00ab e para, nga vajzat, q\u00c3\u00ab \u00c3\u00absht\u00c3\u00ab zgjuar.\",\"breadcrumb\":{\"@id\":\"https:\/\/www.visit-ulcinj.com\/blog\/2009\/03\/05\/mesida-zgjohet-e-para\/#breadcrumb\"},\"inLanguage\":\"en-US\",\"potentialAction\":[{\"@type\":\"ReadAction\",\"target\":[\"https:\/\/www.visit-ulcinj.com\/blog\/2009\/03\/05\/mesida-zgjohet-e-para\/\"]}]},{\"@type\":\"BreadcrumbList\",\"@id\":\"https:\/\/www.visit-ulcinj.com\/blog\/2009\/03\/05\/mesida-zgjohet-e-para\/#breadcrumb\",\"itemListElement\":[{\"@type\":\"ListItem\",\"position\":1,\"name\":\"Mesida zgjohet e para\"}]},{\"@type\":\"Person\",\"@id\":\"https:\/\/www.visit-ulcinj.com\/blog\/#\/schema\/person\/dcab619c614d3038751c63bc2aadc06d\",\"name\":\"ulqini\",\"sameAs\":[\"http:\/\/www.visit-ulcinj.com\"],\"url\":\"https:\/\/www.visit-ulcinj.com\/blog\/author\/admin\/\"}]}<\/script>\n<!-- \/ Yoast SEO plugin. -->","yoast_head_json":{"title":"Mesida zgjohet e para - Big Brother Albania","description":"Big Brother Albania - N\u00c3\u00ab m\u00c3\u00abngjesin e saj t\u00c3\u00ab par\u00c3\u00ab n\u00c3\u00ab sht\u00c3\u00abpin\u00c3\u00ab e Big Brother, Mesida ka qen\u00c3\u00ab e para, nga vajzat, q\u00c3\u00ab \u00c3\u00absht\u00c3\u00ab zgjuar.","robots":{"index":"index","follow":"follow","max-snippet":"max-snippet:-1","max-image-preview":"max-image-preview:large","max-video-preview":"max-video-preview:-1"},"canonical":"https:\/\/www.visit-ulcinj.com\/blog\/2009\/03\/05\/mesida-zgjohet-e-para\/","og_locale":"en_US","og_type":"article","og_title":"Mesida zgjohet e para - Big Brother Albania","og_description":"Big Brother Albania - N\u00c3\u00ab m\u00c3\u00abngjesin e saj t\u00c3\u00ab par\u00c3\u00ab n\u00c3\u00ab sht\u00c3\u00abpin\u00c3\u00ab e Big Brother, Mesida ka qen\u00c3\u00ab e para, nga vajzat, q\u00c3\u00ab \u00c3\u00absht\u00c3\u00ab zgjuar.","og_url":"https:\/\/www.visit-ulcinj.com\/blog\/2009\/03\/05\/mesida-zgjohet-e-para\/","og_site_name":"Lajme nga Ulqini","article_published_time":"2009-03-04T23:07:04+00:00","og_image":[{"url":"http:\/\/www.visit-ulcinj.com\/blog\/wp-content\/uploads\/2009\/03\/mesida-jashte.jpg"}],"twitter_misc":{"Written by":"ulqini"},"schema":{"@context":"https:\/\/schema.org","@graph":[{"@type":"WebSite","@id":"https:\/\/www.visit-ulcinj.com\/blog\/#website","url":"https:\/\/www.visit-ulcinj.com\/blog\/","name":"Lajme nga Ulqini","description":"Lajme,Vijesti,Ulqini,Ulqin,Crna Gora,Mali i Zi","potentialAction":[{"@type":"SearchAction","target":{"@type":"EntryPoint","urlTemplate":"https:\/\/www.visit-ulcinj.com\/blog\/?s={search_term_string}"},"query-input":"required name=search_term_string"}],"inLanguage":"en-US"},{"@type":"ImageObject","inLanguage":"en-US","@id":"https:\/\/www.visit-ulcinj.com\/blog\/2009\/03\/05\/mesida-zgjohet-e-para\/#primaryimage","url":"http:\/\/www.visit-ulcinj.com\/blog\/wp-content\/uploads\/2009\/03\/mesida-jashte.jpg","contentUrl":"http:\/\/www.visit-ulcinj.com\/blog\/wp-content\/uploads\/2009\/03\/mesida-jashte.jpg"},{"@type":"WebPage","@id":"https:\/\/www.visit-ulcinj.com\/blog\/2009\/03\/05\/mesida-zgjohet-e-para\/#webpage","url":"https:\/\/www.visit-ulcinj.com\/blog\/2009\/03\/05\/mesida-zgjohet-e-para\/","name":"Mesida zgjohet e para - Big Brother Albania","isPartOf":{"@id":"https:\/\/www.visit-ulcinj.com\/blog\/#website"},"primaryImageOfPage":{"@id":"https:\/\/www.visit-ulcinj.com\/blog\/2009\/03\/05\/mesida-zgjohet-e-para\/#primaryimage"},"datePublished":"2009-03-04T23:07:04+00:00","dateModified":"2009-03-04T23:07:04+00:00","author":{"@id":"https:\/\/www.visit-ulcinj.com\/blog\/#\/schema\/person\/dcab619c614d3038751c63bc2aadc06d"},"description":"Big Brother Albania - N\u00c3\u00ab m\u00c3\u00abngjesin e saj t\u00c3\u00ab par\u00c3\u00ab n\u00c3\u00ab sht\u00c3\u00abpin\u00c3\u00ab e Big Brother, Mesida ka qen\u00c3\u00ab e para, nga vajzat, q\u00c3\u00ab \u00c3\u00absht\u00c3\u00ab zgjuar.","breadcrumb":{"@id":"https:\/\/www.visit-ulcinj.com\/blog\/2009\/03\/05\/mesida-zgjohet-e-para\/#breadcrumb"},"inLanguage":"en-US","potentialAction":[{"@type":"ReadAction","target":["https:\/\/www.visit-ulcinj.com\/blog\/2009\/03\/05\/mesida-zgjohet-e-para\/"]}]},{"@type":"BreadcrumbList","@id":"https:\/\/www.visit-ulcinj.com\/blog\/2009\/03\/05\/mesida-zgjohet-e-para\/#breadcrumb","itemListElement":[{"@type":"ListItem","position":1,"name":"Mesida zgjohet e para"}]},{"@type":"Person","@id":"https:\/\/www.visit-ulcinj.com\/blog\/#\/schema\/person\/dcab619c614d3038751c63bc2aadc06d","name":"ulqini","sameAs":["http:\/\/www.visit-ulcinj.com"],"url":"https:\/\/www.visit-ulcinj.com\/blog\/author\/admin\/"}]}},"jetpack_featured_media_url":"","jetpack_sharing_enabled":true,"jetpack_shortlink":"https:\/\/wp.me\/pe6lTn-3lr","_links":{"self":[{"href":"https:\/\/www.visit-ulcinj.com\/blog\/wp-json\/wp\/v2\/posts\/12861"}],"collection":[{"href":"https:\/\/www.visit-ulcinj.com\/blog\/wp-json\/wp\/v2\/posts"}],"about":[{"href":"https:\/\/www.visit-ulcinj.com\/blog\/wp-json\/wp\/v2\/types\/post"}],"author":[{"embeddable":true,"href":"https:\/\/www.visit-ulcinj.com\/blog\/wp-json\/wp\/v2\/users\/1"}],"replies":[{"embeddable":true,"href":"https:\/\/www.visit-ulcinj.com\/blog\/wp-json\/wp\/v2\/comments?post=12861"}],"version-history":[{"count":0,"href":"https:\/\/www.visit-ulcinj.com\/blog\/wp-json\/wp\/v2\/posts\/12861\/revisions"}],"wp:attachment":[{"href":"https:\/\/www.visit-ulcinj.com\/blog\/wp-json\/wp\/v2\/media?parent=12861"}],"wp:term":[{"taxonomy":"category","embeddable":true,"href":"https:\/\/www.visit-ulcinj.com\/blog\/wp-json\/wp\/v2\/categories?post=12861"},{"taxonomy":"post_tag","embeddable":true,"href":"https:\/\/www.visit-ulcinj.com\/blog\/wp-json\/wp\/v2\/tags?post=12861"}],"curies":[{"name":"wp","href":"https:\/\/api.w.org\/{rel}","templated":true}]}}