{"id":12864,"date":"2009-03-05T00:10:21","date_gmt":"2009-03-04T23:10:21","guid":{"rendered":"http:\/\/www.visit-ulcinj.com\/blog\/?p=12864"},"modified":"2009-03-05T00:10:21","modified_gmt":"2009-03-04T23:10:21","slug":"adelajda-e-bjordi-duhet-te-rrish-larg-meje","status":"publish","type":"post","link":"https:\/\/www.visit-ulcinj.com\/blog\/2009\/03\/05\/adelajda-e-bjordi-duhet-te-rrish-larg-meje\/","title":{"rendered":"Adelajda \u00eb Bjordi : Duhet t\u00eb rrish larg meje"},"content":{"rendered":"<p><em><span class=\"newsdate\"><span style=\"font-style: normal;\"><a href=\"http:\/\/www.visit-ulcinj.com\/blog\/wp-content\/uploads\/2009\/03\/adelabjordi-kercejne-1-copy.jpg\"><img loading=\"lazy\" class=\"alignleft size-full wp-image-12865\" title=\"adelabjordi-kercejne-1-big-brother.albania\" src=\"http:\/\/www.visit-ulcinj.com\/blog\/wp-content\/uploads\/2009\/03\/adelabjordi-kercejne-1-copy.jpg\" alt=\"adelabjordi-kercejne-1-big-brother.albania\" width=\"300\" height=\"205\" \/><\/a><\/span>02\/03\/09 00:00<\/span><\/em><\/p>\n<p>\u201cDo t\u00eb vish t\u00eb k\u00ebrcejm\u00eb?\u201d- I ka th\u00ebn\u00eb Adelajda Bjordit. Ai nuk ka pranuar dhe i ka th\u00ebn\u00eb q\u00eb m\u00eb mir\u00eb t\u00eb rrinin t\u00eb dy ulur. Ajo ka ngulur k\u00ebmb\u00eb duke i th\u00ebn\u00eb se ishte m\u00eb mir\u00eb t\u00eb arg\u00ebtohej, sesa t\u00eb rrinte shtrir\u00eb n\u00eb divan. Bjordi ia ka kthyer duke I th\u00ebn\u00eb se ajo mund t\u00eb mos e dinte kush ishte m\u00eb e mira p\u00ebr t\u00eb, por duke theksuar q\u00eb me k\u00ebt\u00eb q\u00eb i thoshte, nuk donte aspak ta ofendonte. Adela ka k\u00ebmb\u00ebngulur dhe m\u00eb n\u00eb fund t\u00eb dy i jan\u00eb dor\u00ebzuar tingujve t\u00eb muzik\u00ebs q\u00eb V\u00ebllai i madh kishte v\u00ebn\u00eb p\u00ebr banor\u00ebt e sht\u00ebpis\u00eb. Adela i ka th\u00ebn\u00eb Bjordit se duhej t\u00eb p\u00ebrpiqej t\u00eb b\u00ebnte gj\u00ebrat q\u00eb e b\u00ebnin t\u00eb ndihej m\u00eb mir\u00eb, k\u00ebshtu nuk do t\u00eb m\u00ebrzitej. \u201cDuhet t\u00eb fillosh t\u00eb rrish larg meje, &#8211; i ka th\u00ebn\u00eb ajo Bjordit, teksa k\u00ebrcenin, &#8211; n\u00eb m\u00ebnyr\u00eb q\u00eb t\u00eb kesh mund\u00ebsi t\u00eb rrish me persona t\u00eb tjer\u00eb.\u201d \u201cPo pse nuk mund t\u00eb rri m\u00eb af\u00ebr me ty? \u2013 e ka pyetur ai. Adelajda i \u00ebsht\u00eb p\u00ebrgjigjur se nuk e d\u00ebshiron k\u00ebt\u00eb, t\u00eb pakt\u00ebn jo n\u00eb m\u00ebnyr\u00ebn q\u00eb do ai t\u00eb rrin\u00eb af\u00ebr.<\/p>\n","protected":false},"excerpt":{"rendered":"<p>02\/03\/09 00:00 \u201cDo t\u00eb vish t\u00eb k\u00ebrcejm\u00eb?\u201d- I ka th\u00ebn\u00eb Adelajda Bjordit. Ai nuk ka pranuar dhe i ka th\u00ebn\u00eb q\u00eb m\u00eb mir\u00eb t\u00eb rrinin t\u00eb dy ulur. Ajo ka ngulur k\u00ebmb\u00eb duke i th\u00ebn\u00eb se ishte m\u00eb mir\u00eb t\u00eb arg\u00ebtohej, sesa t\u00eb rrinte shtrir\u00eb n\u00eb divan. Bjordi ia ka kthyer duke I th\u00ebn\u00eb se [&hellip;]<\/p>\n","protected":false},"author":1,"featured_media":0,"comment_status":"open","ping_status":"closed","sticky":false,"template":"","format":"standard","meta":{"spay_email":"","jetpack_publicize_message":"","jetpack_is_tweetstorm":false,"jetpack_publicize_feature_enabled":true},"categories":[6502],"tags":[6562,7480,5057,6506,6712,7129,6665,6522,6891,6693,6887],"jetpack_publicize_connections":[],"yoast_head":"<!-- This site is optimized with the Yoast SEO plugin v19.1 - https:\/\/yoast.com\/wordpress\/plugins\/seo\/ -->\n<title>Adelajda \u00c3\u00ab Bjordi : Duhet t\u00c3\u00ab rrish larg meje - Big Brother Albania<\/title>\n<meta name=\"description\" content=\"Big Brother Albania - \u00e2\u20ac\u0153Do t\u00c3\u00ab vish t\u00c3\u00ab k\u00c3\u00abrcejm\u00c3\u00ab?\u00e2\u20ac\u009d- I ka th\u00c3\u00abn\u00c3\u00ab Adelajda Bjordit.\" \/>\n<meta name=\"robots\" content=\"index, follow, max-snippet:-1, max-image-preview:large, max-video-preview:-1\" \/>\n<link rel=\"canonical\" href=\"https:\/\/www.visit-ulcinj.com\/blog\/2009\/03\/05\/adelajda-e-bjordi-duhet-te-rrish-larg-meje\/\" \/>\n<meta property=\"og:locale\" content=\"en_US\" \/>\n<meta property=\"og:type\" content=\"article\" \/>\n<meta property=\"og:title\" content=\"Adelajda \u00c3\u00ab Bjordi : Duhet t\u00c3\u00ab rrish larg meje - Big Brother Albania\" \/>\n<meta property=\"og:description\" content=\"Big Brother Albania - \u00e2\u20ac\u0153Do t\u00c3\u00ab vish t\u00c3\u00ab k\u00c3\u00abrcejm\u00c3\u00ab?\u00e2\u20ac\u009d- I ka th\u00c3\u00abn\u00c3\u00ab Adelajda Bjordit.\" \/>\n<meta property=\"og:url\" content=\"https:\/\/www.visit-ulcinj.com\/blog\/2009\/03\/05\/adelajda-e-bjordi-duhet-te-rrish-larg-meje\/\" \/>\n<meta property=\"og:site_name\" content=\"Lajme nga Ulqini\" \/>\n<meta property=\"article:published_time\" content=\"2009-03-04T23:10:21+00:00\" \/>\n<meta property=\"og:image\" content=\"http:\/\/www.visit-ulcinj.com\/blog\/wp-content\/uploads\/2009\/03\/adelabjordi-kercejne-1-copy.jpg\" \/>\n<meta name=\"twitter:label1\" content=\"Written by\" \/>\n\t<meta name=\"twitter:data1\" content=\"ulqini\" \/>\n\t<meta name=\"twitter:label2\" content=\"Est. reading time\" \/>\n\t<meta name=\"twitter:data2\" content=\"1 minute\" \/>\n<script type=\"application\/ld+json\" class=\"yoast-schema-graph\">{\"@context\":\"https:\/\/schema.org\",\"@graph\":[{\"@type\":\"WebSite\",\"@id\":\"https:\/\/www.visit-ulcinj.com\/blog\/#website\",\"url\":\"https:\/\/www.visit-ulcinj.com\/blog\/\",\"name\":\"Lajme nga Ulqini\",\"description\":\"Lajme,Vijesti,Ulqini,Ulqin,Crna Gora,Mali i Zi\",\"potentialAction\":[{\"@type\":\"SearchAction\",\"target\":{\"@type\":\"EntryPoint\",\"urlTemplate\":\"https:\/\/www.visit-ulcinj.com\/blog\/?s={search_term_string}\"},\"query-input\":\"required name=search_term_string\"}],\"inLanguage\":\"en-US\"},{\"@type\":\"ImageObject\",\"inLanguage\":\"en-US\",\"@id\":\"https:\/\/www.visit-ulcinj.com\/blog\/2009\/03\/05\/adelajda-e-bjordi-duhet-te-rrish-larg-meje\/#primaryimage\",\"url\":\"http:\/\/www.visit-ulcinj.com\/blog\/wp-content\/uploads\/2009\/03\/adelabjordi-kercejne-1-copy.jpg\",\"contentUrl\":\"http:\/\/www.visit-ulcinj.com\/blog\/wp-content\/uploads\/2009\/03\/adelabjordi-kercejne-1-copy.jpg\"},{\"@type\":\"WebPage\",\"@id\":\"https:\/\/www.visit-ulcinj.com\/blog\/2009\/03\/05\/adelajda-e-bjordi-duhet-te-rrish-larg-meje\/#webpage\",\"url\":\"https:\/\/www.visit-ulcinj.com\/blog\/2009\/03\/05\/adelajda-e-bjordi-duhet-te-rrish-larg-meje\/\",\"name\":\"Adelajda \u00c3\u00ab Bjordi : Duhet t\u00c3\u00ab rrish larg meje - Big Brother Albania\",\"isPartOf\":{\"@id\":\"https:\/\/www.visit-ulcinj.com\/blog\/#website\"},\"primaryImageOfPage\":{\"@id\":\"https:\/\/www.visit-ulcinj.com\/blog\/2009\/03\/05\/adelajda-e-bjordi-duhet-te-rrish-larg-meje\/#primaryimage\"},\"datePublished\":\"2009-03-04T23:10:21+00:00\",\"dateModified\":\"2009-03-04T23:10:21+00:00\",\"author\":{\"@id\":\"https:\/\/www.visit-ulcinj.com\/blog\/#\/schema\/person\/dcab619c614d3038751c63bc2aadc06d\"},\"description\":\"Big Brother Albania - \u00e2\u20ac\u0153Do t\u00c3\u00ab vish t\u00c3\u00ab k\u00c3\u00abrcejm\u00c3\u00ab?\u00e2\u20ac\u009d- I ka th\u00c3\u00abn\u00c3\u00ab Adelajda Bjordit.\",\"breadcrumb\":{\"@id\":\"https:\/\/www.visit-ulcinj.com\/blog\/2009\/03\/05\/adelajda-e-bjordi-duhet-te-rrish-larg-meje\/#breadcrumb\"},\"inLanguage\":\"en-US\",\"potentialAction\":[{\"@type\":\"ReadAction\",\"target\":[\"https:\/\/www.visit-ulcinj.com\/blog\/2009\/03\/05\/adelajda-e-bjordi-duhet-te-rrish-larg-meje\/\"]}]},{\"@type\":\"BreadcrumbList\",\"@id\":\"https:\/\/www.visit-ulcinj.com\/blog\/2009\/03\/05\/adelajda-e-bjordi-duhet-te-rrish-larg-meje\/#breadcrumb\",\"itemListElement\":[{\"@type\":\"ListItem\",\"position\":1,\"name\":\"Adelajda \u00eb Bjordi : Duhet t\u00eb rrish larg meje\"}]},{\"@type\":\"Person\",\"@id\":\"https:\/\/www.visit-ulcinj.com\/blog\/#\/schema\/person\/dcab619c614d3038751c63bc2aadc06d\",\"name\":\"ulqini\",\"sameAs\":[\"http:\/\/www.visit-ulcinj.com\"],\"url\":\"https:\/\/www.visit-ulcinj.com\/blog\/author\/admin\/\"}]}<\/script>\n<!-- \/ Yoast SEO plugin. -->","yoast_head_json":{"title":"Adelajda \u00c3\u00ab Bjordi : Duhet t\u00c3\u00ab rrish larg meje - Big Brother Albania","description":"Big Brother Albania - \u00e2\u20ac\u0153Do t\u00c3\u00ab vish t\u00c3\u00ab k\u00c3\u00abrcejm\u00c3\u00ab?\u00e2\u20ac\u009d- I ka th\u00c3\u00abn\u00c3\u00ab Adelajda Bjordit.","robots":{"index":"index","follow":"follow","max-snippet":"max-snippet:-1","max-image-preview":"max-image-preview:large","max-video-preview":"max-video-preview:-1"},"canonical":"https:\/\/www.visit-ulcinj.com\/blog\/2009\/03\/05\/adelajda-e-bjordi-duhet-te-rrish-larg-meje\/","og_locale":"en_US","og_type":"article","og_title":"Adelajda \u00c3\u00ab Bjordi : Duhet t\u00c3\u00ab rrish larg meje - Big Brother Albania","og_description":"Big Brother Albania - \u00e2\u20ac\u0153Do t\u00c3\u00ab vish t\u00c3\u00ab k\u00c3\u00abrcejm\u00c3\u00ab?\u00e2\u20ac\u009d- I ka th\u00c3\u00abn\u00c3\u00ab Adelajda Bjordit.","og_url":"https:\/\/www.visit-ulcinj.com\/blog\/2009\/03\/05\/adelajda-e-bjordi-duhet-te-rrish-larg-meje\/","og_site_name":"Lajme nga Ulqini","article_published_time":"2009-03-04T23:10:21+00:00","og_image":[{"url":"http:\/\/www.visit-ulcinj.com\/blog\/wp-content\/uploads\/2009\/03\/adelabjordi-kercejne-1-copy.jpg"}],"twitter_misc":{"Written by":"ulqini","Est. reading time":"1 minute"},"schema":{"@context":"https:\/\/schema.org","@graph":[{"@type":"WebSite","@id":"https:\/\/www.visit-ulcinj.com\/blog\/#website","url":"https:\/\/www.visit-ulcinj.com\/blog\/","name":"Lajme nga Ulqini","description":"Lajme,Vijesti,Ulqini,Ulqin,Crna Gora,Mali i Zi","potentialAction":[{"@type":"SearchAction","target":{"@type":"EntryPoint","urlTemplate":"https:\/\/www.visit-ulcinj.com\/blog\/?s={search_term_string}"},"query-input":"required name=search_term_string"}],"inLanguage":"en-US"},{"@type":"ImageObject","inLanguage":"en-US","@id":"https:\/\/www.visit-ulcinj.com\/blog\/2009\/03\/05\/adelajda-e-bjordi-duhet-te-rrish-larg-meje\/#primaryimage","url":"http:\/\/www.visit-ulcinj.com\/blog\/wp-content\/uploads\/2009\/03\/adelabjordi-kercejne-1-copy.jpg","contentUrl":"http:\/\/www.visit-ulcinj.com\/blog\/wp-content\/uploads\/2009\/03\/adelabjordi-kercejne-1-copy.jpg"},{"@type":"WebPage","@id":"https:\/\/www.visit-ulcinj.com\/blog\/2009\/03\/05\/adelajda-e-bjordi-duhet-te-rrish-larg-meje\/#webpage","url":"https:\/\/www.visit-ulcinj.com\/blog\/2009\/03\/05\/adelajda-e-bjordi-duhet-te-rrish-larg-meje\/","name":"Adelajda \u00c3\u00ab Bjordi : Duhet t\u00c3\u00ab rrish larg meje - Big Brother Albania","isPartOf":{"@id":"https:\/\/www.visit-ulcinj.com\/blog\/#website"},"primaryImageOfPage":{"@id":"https:\/\/www.visit-ulcinj.com\/blog\/2009\/03\/05\/adelajda-e-bjordi-duhet-te-rrish-larg-meje\/#primaryimage"},"datePublished":"2009-03-04T23:10:21+00:00","dateModified":"2009-03-04T23:10:21+00:00","author":{"@id":"https:\/\/www.visit-ulcinj.com\/blog\/#\/schema\/person\/dcab619c614d3038751c63bc2aadc06d"},"description":"Big Brother Albania - \u00e2\u20ac\u0153Do t\u00c3\u00ab vish t\u00c3\u00ab k\u00c3\u00abrcejm\u00c3\u00ab?\u00e2\u20ac\u009d- I ka th\u00c3\u00abn\u00c3\u00ab Adelajda Bjordit.","breadcrumb":{"@id":"https:\/\/www.visit-ulcinj.com\/blog\/2009\/03\/05\/adelajda-e-bjordi-duhet-te-rrish-larg-meje\/#breadcrumb"},"inLanguage":"en-US","potentialAction":[{"@type":"ReadAction","target":["https:\/\/www.visit-ulcinj.com\/blog\/2009\/03\/05\/adelajda-e-bjordi-duhet-te-rrish-larg-meje\/"]}]},{"@type":"BreadcrumbList","@id":"https:\/\/www.visit-ulcinj.com\/blog\/2009\/03\/05\/adelajda-e-bjordi-duhet-te-rrish-larg-meje\/#breadcrumb","itemListElement":[{"@type":"ListItem","position":1,"name":"Adelajda \u00eb Bjordi : Duhet t\u00eb rrish larg meje"}]},{"@type":"Person","@id":"https:\/\/www.visit-ulcinj.com\/blog\/#\/schema\/person\/dcab619c614d3038751c63bc2aadc06d","name":"ulqini","sameAs":["http:\/\/www.visit-ulcinj.com"],"url":"https:\/\/www.visit-ulcinj.com\/blog\/author\/admin\/"}]}},"jetpack_featured_media_url":"","jetpack_sharing_enabled":true,"jetpack_shortlink":"https:\/\/wp.me\/pe6lTn-3lu","_links":{"self":[{"href":"https:\/\/www.visit-ulcinj.com\/blog\/wp-json\/wp\/v2\/posts\/12864"}],"collection":[{"href":"https:\/\/www.visit-ulcinj.com\/blog\/wp-json\/wp\/v2\/posts"}],"about":[{"href":"https:\/\/www.visit-ulcinj.com\/blog\/wp-json\/wp\/v2\/types\/post"}],"author":[{"embeddable":true,"href":"https:\/\/www.visit-ulcinj.com\/blog\/wp-json\/wp\/v2\/users\/1"}],"replies":[{"embeddable":true,"href":"https:\/\/www.visit-ulcinj.com\/blog\/wp-json\/wp\/v2\/comments?post=12864"}],"version-history":[{"count":0,"href":"https:\/\/www.visit-ulcinj.com\/blog\/wp-json\/wp\/v2\/posts\/12864\/revisions"}],"wp:attachment":[{"href":"https:\/\/www.visit-ulcinj.com\/blog\/wp-json\/wp\/v2\/media?parent=12864"}],"wp:term":[{"taxonomy":"category","embeddable":true,"href":"https:\/\/www.visit-ulcinj.com\/blog\/wp-json\/wp\/v2\/categories?post=12864"},{"taxonomy":"post_tag","embeddable":true,"href":"https:\/\/www.visit-ulcinj.com\/blog\/wp-json\/wp\/v2\/tags?post=12864"}],"curies":[{"name":"wp","href":"https:\/\/api.w.org\/{rel}","templated":true}]}}