{"id":12867,"date":"2009-03-05T00:13:32","date_gmt":"2009-03-04T23:13:32","guid":{"rendered":"http:\/\/www.visit-ulcinj.com\/blog\/?p=12867"},"modified":"2009-03-05T00:13:32","modified_gmt":"2009-03-04T23:13:32","slug":"qetsori-kush-e-nominoi-agonin","status":"publish","type":"post","link":"https:\/\/www.visit-ulcinj.com\/blog\/2009\/03\/05\/qetsori-kush-e-nominoi-agonin\/","title":{"rendered":"Qetsori : Kush e nominoi Agonin?!"},"content":{"rendered":"<p><em><span class=\"newsdate\"><a href=\"http:\/\/www.visit-ulcinj.com\/blog\/wp-content\/uploads\/2009\/03\/qetsori-pyet-per-agonin-copy.jpg\"><img loading=\"lazy\" class=\"alignleft size-full wp-image-12868\" title=\"qetsori-pyet-per-agonin-big-brother-albania\" src=\"http:\/\/www.visit-ulcinj.com\/blog\/wp-content\/uploads\/2009\/03\/qetsori-pyet-per-agonin-copy.jpg\" alt=\"qetsori-pyet-per-agonin-big-brother-albania\" width=\"300\" height=\"205\" \/><\/a>02\/03\/09 00:20<\/span><\/em><\/p>\n<p>T\u00eb ulur n\u00eb zon\u00ebn e ndenjies, Qetsori ka pyetur banor\u00ebt se kush e kishte nominuar Agonin. Bjordi i ka th\u00ebn\u00eb se rregulli \u00ebsht\u00eb mos treoghet p\u00ebr nominimet, por Qetsori ka vazhduar duke th\u00ebn\u00eb se donte ta dinte thjesht p\u00ebr kuriozitet. E t\u00eb nj\u00ebjtit mendim me Bjordin ka qen\u00eb edhe Lirita, q\u00eb ka th\u00ebn\u00eb se Agoni mund ta marr\u00eb vesh tani q\u00eb \u00ebsht\u00eb jasht\u00eb, por ata aty brenda jo. Qetsori ka th\u00ebn\u00eb se ai, nga e tij, nuk e kishte nominuar asnj\u00ebher\u00eb. Pas k\u00ebsaj, vet\u00ebm Adelajda pranoi se e kishte nominuar, nd\u00ebrsa nj\u00eb pjes\u00eb hesht\u00ebn, pjesa tjet\u00ebr than\u00eb jo. \u201cNuk e kuptoj k\u00ebt\u00eb frik\u00eb, &#8211; ka th\u00ebn\u00eb Pavlini, -un\u00eb p\u00ebr vete nuk kam frik\u00eb t\u00eb them k\u00eb kam nominuar e k\u00eb jo. Banor\u00ebt e tjer\u00eb, kryesisht Lirita e Adi ia kthyen se nuk \u00ebsht\u00eb pun\u00eb frike, por rregullash. N\u00eb momentin q\u00eb t\u00eb gjith\u00eb banor\u00ebt filluan t\u00eb debatonin, Qetsori u ngrit dhe iku. \u201cMir\u00eb jua b\u00ebri, -tha Lirita, &#8211; ju futi n\u00eb loj\u00eb dhe iku!\u201d<\/p>\n","protected":false},"excerpt":{"rendered":"<p>02\/03\/09 00:20 T\u00eb ulur n\u00eb zon\u00ebn e ndenjies, Qetsori ka pyetur banor\u00ebt se kush e kishte nominuar Agonin. Bjordi i ka th\u00ebn\u00eb se rregulli \u00ebsht\u00eb mos treoghet p\u00ebr nominimet, por Qetsori ka vazhduar duke th\u00ebn\u00eb se donte ta dinte thjesht p\u00ebr kuriozitet. E t\u00eb nj\u00ebjtit mendim me Bjordin ka qen\u00eb edhe Lirita, q\u00eb ka th\u00ebn\u00eb [&hellip;]<\/p>\n","protected":false},"author":1,"featured_media":0,"comment_status":"open","ping_status":"closed","sticky":false,"template":"","format":"standard","meta":{"spay_email":"","jetpack_publicize_message":"","jetpack_is_tweetstorm":false,"jetpack_publicize_feature_enabled":true},"categories":[6502],"tags":[6551,6638,5057,6506,6712,7129,7481,6891,6693,6887],"jetpack_publicize_connections":[],"yoast_head":"<!-- This site is optimized with the Yoast SEO plugin v19.1 - https:\/\/yoast.com\/wordpress\/plugins\/seo\/ -->\n<title>Qetsori : Kush e nominoi Agonin?! - Big Brother Albania 2<\/title>\n<meta name=\"description\" content=\"Big Brother Albania 2 - T\u00c3\u00ab ulur n\u00c3\u00ab zon\u00c3\u00abn e ndenjies, Qetsori ka pyetur banor\u00c3\u00abt se kush e kishte nominuar Agonin. Bjordi i ka th\u00c3\u00abn\u00c3\u00ab se rregulli \u00c3\u00absht\u00c3\u00ab mos treoghet p\u00c3\u00abr nominime\" \/>\n<meta name=\"robots\" content=\"index, follow, max-snippet:-1, max-image-preview:large, max-video-preview:-1\" \/>\n<link rel=\"canonical\" href=\"https:\/\/www.visit-ulcinj.com\/blog\/2009\/03\/05\/qetsori-kush-e-nominoi-agonin\/\" \/>\n<meta property=\"og:locale\" content=\"en_US\" \/>\n<meta property=\"og:type\" content=\"article\" \/>\n<meta property=\"og:title\" content=\"Qetsori : Kush e nominoi Agonin?! - Big Brother Albania 2\" \/>\n<meta property=\"og:description\" content=\"Big Brother Albania 2 - T\u00c3\u00ab ulur n\u00c3\u00ab zon\u00c3\u00abn e ndenjies, Qetsori ka pyetur banor\u00c3\u00abt se kush e kishte nominuar Agonin. Bjordi i ka th\u00c3\u00abn\u00c3\u00ab se rregulli \u00c3\u00absht\u00c3\u00ab mos treoghet p\u00c3\u00abr nominime\" \/>\n<meta property=\"og:url\" content=\"https:\/\/www.visit-ulcinj.com\/blog\/2009\/03\/05\/qetsori-kush-e-nominoi-agonin\/\" \/>\n<meta property=\"og:site_name\" content=\"Lajme nga Ulqini\" \/>\n<meta property=\"article:published_time\" content=\"2009-03-04T23:13:32+00:00\" \/>\n<meta property=\"og:image\" content=\"http:\/\/www.visit-ulcinj.com\/blog\/wp-content\/uploads\/2009\/03\/qetsori-pyet-per-agonin-copy.jpg\" \/>\n<meta name=\"twitter:label1\" content=\"Written by\" \/>\n\t<meta name=\"twitter:data1\" content=\"ulqini\" \/>\n\t<meta name=\"twitter:label2\" content=\"Est. reading time\" \/>\n\t<meta name=\"twitter:data2\" content=\"1 minute\" \/>\n<script type=\"application\/ld+json\" class=\"yoast-schema-graph\">{\"@context\":\"https:\/\/schema.org\",\"@graph\":[{\"@type\":\"WebSite\",\"@id\":\"https:\/\/www.visit-ulcinj.com\/blog\/#website\",\"url\":\"https:\/\/www.visit-ulcinj.com\/blog\/\",\"name\":\"Lajme nga Ulqini\",\"description\":\"Lajme,Vijesti,Ulqini,Ulqin,Crna Gora,Mali i Zi\",\"potentialAction\":[{\"@type\":\"SearchAction\",\"target\":{\"@type\":\"EntryPoint\",\"urlTemplate\":\"https:\/\/www.visit-ulcinj.com\/blog\/?s={search_term_string}\"},\"query-input\":\"required name=search_term_string\"}],\"inLanguage\":\"en-US\"},{\"@type\":\"ImageObject\",\"inLanguage\":\"en-US\",\"@id\":\"https:\/\/www.visit-ulcinj.com\/blog\/2009\/03\/05\/qetsori-kush-e-nominoi-agonin\/#primaryimage\",\"url\":\"http:\/\/www.visit-ulcinj.com\/blog\/wp-content\/uploads\/2009\/03\/qetsori-pyet-per-agonin-copy.jpg\",\"contentUrl\":\"http:\/\/www.visit-ulcinj.com\/blog\/wp-content\/uploads\/2009\/03\/qetsori-pyet-per-agonin-copy.jpg\"},{\"@type\":\"WebPage\",\"@id\":\"https:\/\/www.visit-ulcinj.com\/blog\/2009\/03\/05\/qetsori-kush-e-nominoi-agonin\/#webpage\",\"url\":\"https:\/\/www.visit-ulcinj.com\/blog\/2009\/03\/05\/qetsori-kush-e-nominoi-agonin\/\",\"name\":\"Qetsori : Kush e nominoi Agonin?! - Big Brother Albania 2\",\"isPartOf\":{\"@id\":\"https:\/\/www.visit-ulcinj.com\/blog\/#website\"},\"primaryImageOfPage\":{\"@id\":\"https:\/\/www.visit-ulcinj.com\/blog\/2009\/03\/05\/qetsori-kush-e-nominoi-agonin\/#primaryimage\"},\"datePublished\":\"2009-03-04T23:13:32+00:00\",\"dateModified\":\"2009-03-04T23:13:32+00:00\",\"author\":{\"@id\":\"https:\/\/www.visit-ulcinj.com\/blog\/#\/schema\/person\/dcab619c614d3038751c63bc2aadc06d\"},\"description\":\"Big Brother Albania 2 - T\u00c3\u00ab ulur n\u00c3\u00ab zon\u00c3\u00abn e ndenjies, Qetsori ka pyetur banor\u00c3\u00abt se kush e kishte nominuar Agonin. Bjordi i ka th\u00c3\u00abn\u00c3\u00ab se rregulli \u00c3\u00absht\u00c3\u00ab mos treoghet p\u00c3\u00abr nominime\",\"breadcrumb\":{\"@id\":\"https:\/\/www.visit-ulcinj.com\/blog\/2009\/03\/05\/qetsori-kush-e-nominoi-agonin\/#breadcrumb\"},\"inLanguage\":\"en-US\",\"potentialAction\":[{\"@type\":\"ReadAction\",\"target\":[\"https:\/\/www.visit-ulcinj.com\/blog\/2009\/03\/05\/qetsori-kush-e-nominoi-agonin\/\"]}]},{\"@type\":\"BreadcrumbList\",\"@id\":\"https:\/\/www.visit-ulcinj.com\/blog\/2009\/03\/05\/qetsori-kush-e-nominoi-agonin\/#breadcrumb\",\"itemListElement\":[{\"@type\":\"ListItem\",\"position\":1,\"name\":\"Qetsori : Kush e nominoi Agonin?!\"}]},{\"@type\":\"Person\",\"@id\":\"https:\/\/www.visit-ulcinj.com\/blog\/#\/schema\/person\/dcab619c614d3038751c63bc2aadc06d\",\"name\":\"ulqini\",\"sameAs\":[\"http:\/\/www.visit-ulcinj.com\"],\"url\":\"https:\/\/www.visit-ulcinj.com\/blog\/author\/admin\/\"}]}<\/script>\n<!-- \/ Yoast SEO plugin. -->","yoast_head_json":{"title":"Qetsori : Kush e nominoi Agonin?! - Big Brother Albania 2","description":"Big Brother Albania 2 - T\u00c3\u00ab ulur n\u00c3\u00ab zon\u00c3\u00abn e ndenjies, Qetsori ka pyetur banor\u00c3\u00abt se kush e kishte nominuar Agonin. Bjordi i ka th\u00c3\u00abn\u00c3\u00ab se rregulli \u00c3\u00absht\u00c3\u00ab mos treoghet p\u00c3\u00abr nominime","robots":{"index":"index","follow":"follow","max-snippet":"max-snippet:-1","max-image-preview":"max-image-preview:large","max-video-preview":"max-video-preview:-1"},"canonical":"https:\/\/www.visit-ulcinj.com\/blog\/2009\/03\/05\/qetsori-kush-e-nominoi-agonin\/","og_locale":"en_US","og_type":"article","og_title":"Qetsori : Kush e nominoi Agonin?! - Big Brother Albania 2","og_description":"Big Brother Albania 2 - T\u00c3\u00ab ulur n\u00c3\u00ab zon\u00c3\u00abn e ndenjies, Qetsori ka pyetur banor\u00c3\u00abt se kush e kishte nominuar Agonin. Bjordi i ka th\u00c3\u00abn\u00c3\u00ab se rregulli \u00c3\u00absht\u00c3\u00ab mos treoghet p\u00c3\u00abr nominime","og_url":"https:\/\/www.visit-ulcinj.com\/blog\/2009\/03\/05\/qetsori-kush-e-nominoi-agonin\/","og_site_name":"Lajme nga Ulqini","article_published_time":"2009-03-04T23:13:32+00:00","og_image":[{"url":"http:\/\/www.visit-ulcinj.com\/blog\/wp-content\/uploads\/2009\/03\/qetsori-pyet-per-agonin-copy.jpg"}],"twitter_misc":{"Written by":"ulqini","Est. reading time":"1 minute"},"schema":{"@context":"https:\/\/schema.org","@graph":[{"@type":"WebSite","@id":"https:\/\/www.visit-ulcinj.com\/blog\/#website","url":"https:\/\/www.visit-ulcinj.com\/blog\/","name":"Lajme nga Ulqini","description":"Lajme,Vijesti,Ulqini,Ulqin,Crna Gora,Mali i Zi","potentialAction":[{"@type":"SearchAction","target":{"@type":"EntryPoint","urlTemplate":"https:\/\/www.visit-ulcinj.com\/blog\/?s={search_term_string}"},"query-input":"required name=search_term_string"}],"inLanguage":"en-US"},{"@type":"ImageObject","inLanguage":"en-US","@id":"https:\/\/www.visit-ulcinj.com\/blog\/2009\/03\/05\/qetsori-kush-e-nominoi-agonin\/#primaryimage","url":"http:\/\/www.visit-ulcinj.com\/blog\/wp-content\/uploads\/2009\/03\/qetsori-pyet-per-agonin-copy.jpg","contentUrl":"http:\/\/www.visit-ulcinj.com\/blog\/wp-content\/uploads\/2009\/03\/qetsori-pyet-per-agonin-copy.jpg"},{"@type":"WebPage","@id":"https:\/\/www.visit-ulcinj.com\/blog\/2009\/03\/05\/qetsori-kush-e-nominoi-agonin\/#webpage","url":"https:\/\/www.visit-ulcinj.com\/blog\/2009\/03\/05\/qetsori-kush-e-nominoi-agonin\/","name":"Qetsori : Kush e nominoi Agonin?! - Big Brother Albania 2","isPartOf":{"@id":"https:\/\/www.visit-ulcinj.com\/blog\/#website"},"primaryImageOfPage":{"@id":"https:\/\/www.visit-ulcinj.com\/blog\/2009\/03\/05\/qetsori-kush-e-nominoi-agonin\/#primaryimage"},"datePublished":"2009-03-04T23:13:32+00:00","dateModified":"2009-03-04T23:13:32+00:00","author":{"@id":"https:\/\/www.visit-ulcinj.com\/blog\/#\/schema\/person\/dcab619c614d3038751c63bc2aadc06d"},"description":"Big Brother Albania 2 - T\u00c3\u00ab ulur n\u00c3\u00ab zon\u00c3\u00abn e ndenjies, Qetsori ka pyetur banor\u00c3\u00abt se kush e kishte nominuar Agonin. Bjordi i ka th\u00c3\u00abn\u00c3\u00ab se rregulli \u00c3\u00absht\u00c3\u00ab mos treoghet p\u00c3\u00abr nominime","breadcrumb":{"@id":"https:\/\/www.visit-ulcinj.com\/blog\/2009\/03\/05\/qetsori-kush-e-nominoi-agonin\/#breadcrumb"},"inLanguage":"en-US","potentialAction":[{"@type":"ReadAction","target":["https:\/\/www.visit-ulcinj.com\/blog\/2009\/03\/05\/qetsori-kush-e-nominoi-agonin\/"]}]},{"@type":"BreadcrumbList","@id":"https:\/\/www.visit-ulcinj.com\/blog\/2009\/03\/05\/qetsori-kush-e-nominoi-agonin\/#breadcrumb","itemListElement":[{"@type":"ListItem","position":1,"name":"Qetsori : Kush e nominoi Agonin?!"}]},{"@type":"Person","@id":"https:\/\/www.visit-ulcinj.com\/blog\/#\/schema\/person\/dcab619c614d3038751c63bc2aadc06d","name":"ulqini","sameAs":["http:\/\/www.visit-ulcinj.com"],"url":"https:\/\/www.visit-ulcinj.com\/blog\/author\/admin\/"}]}},"jetpack_featured_media_url":"","jetpack_sharing_enabled":true,"jetpack_shortlink":"https:\/\/wp.me\/pe6lTn-3lx","_links":{"self":[{"href":"https:\/\/www.visit-ulcinj.com\/blog\/wp-json\/wp\/v2\/posts\/12867"}],"collection":[{"href":"https:\/\/www.visit-ulcinj.com\/blog\/wp-json\/wp\/v2\/posts"}],"about":[{"href":"https:\/\/www.visit-ulcinj.com\/blog\/wp-json\/wp\/v2\/types\/post"}],"author":[{"embeddable":true,"href":"https:\/\/www.visit-ulcinj.com\/blog\/wp-json\/wp\/v2\/users\/1"}],"replies":[{"embeddable":true,"href":"https:\/\/www.visit-ulcinj.com\/blog\/wp-json\/wp\/v2\/comments?post=12867"}],"version-history":[{"count":0,"href":"https:\/\/www.visit-ulcinj.com\/blog\/wp-json\/wp\/v2\/posts\/12867\/revisions"}],"wp:attachment":[{"href":"https:\/\/www.visit-ulcinj.com\/blog\/wp-json\/wp\/v2\/media?parent=12867"}],"wp:term":[{"taxonomy":"category","embeddable":true,"href":"https:\/\/www.visit-ulcinj.com\/blog\/wp-json\/wp\/v2\/categories?post=12867"},{"taxonomy":"post_tag","embeddable":true,"href":"https:\/\/www.visit-ulcinj.com\/blog\/wp-json\/wp\/v2\/tags?post=12867"}],"curies":[{"name":"wp","href":"https:\/\/api.w.org\/{rel}","templated":true}]}}