{"id":12877,"date":"2009-03-05T00:38:47","date_gmt":"2009-03-04T23:38:47","guid":{"rendered":"http:\/\/www.visit-ulcinj.com\/blog\/?p=12877"},"modified":"2009-03-05T00:38:47","modified_gmt":"2009-03-04T23:38:47","slug":"djemte-protestojne","status":"publish","type":"post","link":"https:\/\/www.visit-ulcinj.com\/blog\/2009\/03\/05\/djemte-protestojne\/","title":{"rendered":"Djemt\u00eb protestojn\u00eb!"},"content":{"rendered":"<p><em><span class=\"newsdate\"><span style=\"font-style: normal;\"><a href=\"http:\/\/www.visit-ulcinj.com\/blog\/wp-content\/uploads\/2009\/03\/debat-per-punet.jpg\"><img loading=\"lazy\" class=\"alignleft size-full wp-image-12878\" title=\"debat-per-punet-big-brother-albania\" src=\"http:\/\/www.visit-ulcinj.com\/blog\/wp-content\/uploads\/2009\/03\/debat-per-punet.jpg\" alt=\"debat-per-punet-big-brother-albania\" width=\"300\" height=\"205\" \/><\/a><\/span>02\/03\/09 11:45<\/span><\/em><\/p>\n<p>Qetsori, q\u00eb n\u00eb m\u00ebngjes, ka filluar t\u00eb thot\u00eb se djemt\u00eb n\u00eb sht\u00ebpi jan\u00eb t\u00eb persekutuar. Sipas tij, ata po i b\u00ebjn\u00eb t\u00eb gjitha pun\u00ebt, po lajn\u00eb en\u00ebt, po lajn\u00eb sht\u00ebpin\u00eb, po gatuajn\u00eb. Sipas tij, ata po paragjykohen nga miqt\u00eb apo njer\u00ebzit jasht\u00eb sht\u00ebpis\u00eb, sepse, gjithmon\u00eb sipas tij, ata jetojn\u00eb n\u00eb shoq\u00ebrin\u00eb shqiptare, ku pun\u00ebt i b\u00ebjn\u00eb femrat dhe jo meshkujt. Nd\u00ebrsa k\u00ebtu ata po b\u00ebjn\u00eb gjithcka e vajzat asgj\u00eb. Edhe Pavlini e Arjoni jan\u00eb bashkuar me t\u00eb. \u201cS\u2019po merret vesh kush jan\u00eb femrat e kush jan\u00eb meshkujt, -ka th\u00ebn\u00eb ai. \u2013Nes\u00ebr do t\u00eb veshim funde!\u201d Lirita, Aida dhe Zhuljeta i kan\u00eb kund\u00ebrshtuar, madje Lirita i ka p\u00ebrjetuar shum\u00eb keq fjal\u00ebt e tij. Ajo ka th\u00ebn\u00eb se nuk ka pse t\u2019i rregulloj\u00eb krevatin nj\u00eb njeriu q\u00eb ka duar e k\u00ebmb\u00eb e mund t\u2019i b\u00ebj\u00eb vet\u00eb. Dritani dhe Qetsori kan\u00eb marr\u00eb edhe shembulin e Republik\u00ebs q\u00eb \u00ebsht\u00eb gjithmon\u00eb ajo q\u00eb i lan en\u00ebt. Republika e ka pranuar k\u00ebt\u00eb, por ka th\u00ebn\u00eb se pavar\u00ebsisht k\u00ebsaj, nuk ishte dakord me t\u00eb. \u201cTi a e ke rregulluar dy jav\u00eb rresht? \u2013 e ka pyetur ajo.- \u00c7\u2019t\u00eb gjeti t\u00eb vazhdosh ta b\u00ebsh?\u201d Bika i ka th\u00ebn\u00eb Sorit se tani ai po e nxjerr veten si nj\u00eb kryefamiljar shum\u00eb ndryshe nga ai q\u00eb ishte n\u00eb fillim dhe se nuk duhet q\u00eb ai t\u2019u vendos\u00eb rregulla, t\u00eb ndikoj\u00eb e t\u2019i komandoj\u00eb se ai tani nuk \u00ebsht\u00eb m\u00eb kryefamiljar dhe ndoshta i vjen keq p\u00ebr k\u00ebt\u00eb fakt. Sori ja ka kthyer se k\u00ebto q\u00eb ai thot\u00eb, jan\u00eb mir\u00eb p\u00ebr t\u00eb gjith\u00eb sepse jan\u00eb nj\u00eb familje, por, n\u00eb familje detyrat jan\u00eb t\u00eb ndara dhe secili duhet t\u00eb b\u00ebj\u00eb at\u00eb q\u00eb i takon: vajzat duhet t\u00eb b\u00ebjn\u00eb detyrat q\u00eb i takojn\u00eb, kurse djemt\u00eb detyrat e tyre. Bika \u00ebsht\u00eb dakord me k\u00ebt\u00eb ide, por jo q\u00eb vajzat t\u00eb b\u00ebjn\u00eb thuajse t\u00eb gjitha kurse djemt\u00eb fare pak pun\u00eb n\u00eb sht\u00ebpi. Me gjith\u00eb debatin e b\u00ebr\u00eb, s\u00ebrish banor\u00ebt nuk kan\u00eb r\u00ebn\u00eb n\u00eb nj\u00eb vendim t\u00eb p\u00ebrbashk\u00ebt se si t\u2019i realizojn\u00eb detyrat e sht\u00ebpis\u00eb.<\/p>\n","protected":false},"excerpt":{"rendered":"<p>02\/03\/09 11:45 Qetsori, q\u00eb n\u00eb m\u00ebngjes, ka filluar t\u00eb thot\u00eb se djemt\u00eb n\u00eb sht\u00ebpi jan\u00eb t\u00eb persekutuar. Sipas tij, ata po i b\u00ebjn\u00eb t\u00eb gjitha pun\u00ebt, po lajn\u00eb en\u00ebt, po lajn\u00eb sht\u00ebpin\u00eb, po gatuajn\u00eb. Sipas tij, ata po paragjykohen nga miqt\u00eb apo njer\u00ebzit jasht\u00eb sht\u00ebpis\u00eb, sepse, gjithmon\u00eb sipas tij, ata jetojn\u00eb n\u00eb shoq\u00ebrin\u00eb shqiptare, ku [&hellip;]<\/p>\n","protected":false},"author":1,"featured_media":0,"comment_status":"open","ping_status":"closed","sticky":false,"template":"","format":"standard","meta":{"spay_email":"","jetpack_publicize_message":"","jetpack_is_tweetstorm":false,"jetpack_publicize_feature_enabled":true},"categories":[6502],"tags":[1414,7486,6738,5057,6506,6712,7129,6665,7484,6905,6751,7485,6891,6693,6887],"jetpack_publicize_connections":[],"yoast_head":"<!-- This site is optimized with the Yoast SEO plugin v19.1 - https:\/\/yoast.com\/wordpress\/plugins\/seo\/ -->\n<title>Djemt\u00c3\u00ab protestojn\u00c3\u00ab! - Big Brother Albania<\/title>\n<meta name=\"description\" content=\"Big Brother Albania - Qetsori, q\u00c3\u00ab n\u00c3\u00ab m\u00c3\u00abngjes, ka filluar t\u00c3\u00ab thot\u00c3\u00ab se djemt\u00c3\u00ab n\u00c3\u00ab sht\u00c3\u00abpi jan\u00c3\u00ab t\u00c3\u00ab persekutuar. Sipas tij, ata po i b\u00c3\u00abjn\u00c3\u00ab t\u00c3\u00ab gjitha pun\u00c3\u00abt, po lajn\u00c3\u00ab en\u00c3\u00abt, po lajn\u00c3\u00ab sht\u00c3\u00abpin\u00c3\u00ab.\" \/>\n<meta name=\"robots\" content=\"index, follow, max-snippet:-1, max-image-preview:large, max-video-preview:-1\" \/>\n<link rel=\"canonical\" href=\"https:\/\/www.visit-ulcinj.com\/blog\/2009\/03\/05\/djemte-protestojne\/\" \/>\n<meta property=\"og:locale\" content=\"en_US\" \/>\n<meta property=\"og:type\" content=\"article\" \/>\n<meta property=\"og:title\" content=\"Djemt\u00c3\u00ab protestojn\u00c3\u00ab! - Big Brother Albania\" \/>\n<meta property=\"og:description\" content=\"Big Brother Albania - Qetsori, q\u00c3\u00ab n\u00c3\u00ab m\u00c3\u00abngjes, ka filluar t\u00c3\u00ab thot\u00c3\u00ab se djemt\u00c3\u00ab n\u00c3\u00ab sht\u00c3\u00abpi jan\u00c3\u00ab t\u00c3\u00ab persekutuar. Sipas tij, ata po i b\u00c3\u00abjn\u00c3\u00ab t\u00c3\u00ab gjitha pun\u00c3\u00abt, po lajn\u00c3\u00ab en\u00c3\u00abt, po lajn\u00c3\u00ab sht\u00c3\u00abpin\u00c3\u00ab.\" \/>\n<meta property=\"og:url\" content=\"https:\/\/www.visit-ulcinj.com\/blog\/2009\/03\/05\/djemte-protestojne\/\" \/>\n<meta property=\"og:site_name\" content=\"Lajme nga Ulqini\" \/>\n<meta property=\"article:published_time\" content=\"2009-03-04T23:38:47+00:00\" \/>\n<meta property=\"og:image\" content=\"http:\/\/www.visit-ulcinj.com\/blog\/wp-content\/uploads\/2009\/03\/debat-per-punet.jpg\" \/>\n<meta name=\"twitter:label1\" content=\"Written by\" \/>\n\t<meta name=\"twitter:data1\" content=\"ulqini\" \/>\n\t<meta name=\"twitter:label2\" content=\"Est. reading time\" \/>\n\t<meta name=\"twitter:data2\" content=\"2 minutes\" \/>\n<script type=\"application\/ld+json\" class=\"yoast-schema-graph\">{\"@context\":\"https:\/\/schema.org\",\"@graph\":[{\"@type\":\"WebSite\",\"@id\":\"https:\/\/www.visit-ulcinj.com\/blog\/#website\",\"url\":\"https:\/\/www.visit-ulcinj.com\/blog\/\",\"name\":\"Lajme nga Ulqini\",\"description\":\"Lajme,Vijesti,Ulqini,Ulqin,Crna Gora,Mali i Zi\",\"potentialAction\":[{\"@type\":\"SearchAction\",\"target\":{\"@type\":\"EntryPoint\",\"urlTemplate\":\"https:\/\/www.visit-ulcinj.com\/blog\/?s={search_term_string}\"},\"query-input\":\"required name=search_term_string\"}],\"inLanguage\":\"en-US\"},{\"@type\":\"ImageObject\",\"inLanguage\":\"en-US\",\"@id\":\"https:\/\/www.visit-ulcinj.com\/blog\/2009\/03\/05\/djemte-protestojne\/#primaryimage\",\"url\":\"http:\/\/www.visit-ulcinj.com\/blog\/wp-content\/uploads\/2009\/03\/debat-per-punet.jpg\",\"contentUrl\":\"http:\/\/www.visit-ulcinj.com\/blog\/wp-content\/uploads\/2009\/03\/debat-per-punet.jpg\"},{\"@type\":\"WebPage\",\"@id\":\"https:\/\/www.visit-ulcinj.com\/blog\/2009\/03\/05\/djemte-protestojne\/#webpage\",\"url\":\"https:\/\/www.visit-ulcinj.com\/blog\/2009\/03\/05\/djemte-protestojne\/\",\"name\":\"Djemt\u00c3\u00ab protestojn\u00c3\u00ab! - Big Brother Albania\",\"isPartOf\":{\"@id\":\"https:\/\/www.visit-ulcinj.com\/blog\/#website\"},\"primaryImageOfPage\":{\"@id\":\"https:\/\/www.visit-ulcinj.com\/blog\/2009\/03\/05\/djemte-protestojne\/#primaryimage\"},\"datePublished\":\"2009-03-04T23:38:47+00:00\",\"dateModified\":\"2009-03-04T23:38:47+00:00\",\"author\":{\"@id\":\"https:\/\/www.visit-ulcinj.com\/blog\/#\/schema\/person\/dcab619c614d3038751c63bc2aadc06d\"},\"description\":\"Big Brother Albania - Qetsori, q\u00c3\u00ab n\u00c3\u00ab m\u00c3\u00abngjes, ka filluar t\u00c3\u00ab thot\u00c3\u00ab se djemt\u00c3\u00ab n\u00c3\u00ab sht\u00c3\u00abpi jan\u00c3\u00ab t\u00c3\u00ab persekutuar. Sipas tij, ata po i b\u00c3\u00abjn\u00c3\u00ab t\u00c3\u00ab gjitha pun\u00c3\u00abt, po lajn\u00c3\u00ab en\u00c3\u00abt, po lajn\u00c3\u00ab sht\u00c3\u00abpin\u00c3\u00ab.\",\"breadcrumb\":{\"@id\":\"https:\/\/www.visit-ulcinj.com\/blog\/2009\/03\/05\/djemte-protestojne\/#breadcrumb\"},\"inLanguage\":\"en-US\",\"potentialAction\":[{\"@type\":\"ReadAction\",\"target\":[\"https:\/\/www.visit-ulcinj.com\/blog\/2009\/03\/05\/djemte-protestojne\/\"]}]},{\"@type\":\"BreadcrumbList\",\"@id\":\"https:\/\/www.visit-ulcinj.com\/blog\/2009\/03\/05\/djemte-protestojne\/#breadcrumb\",\"itemListElement\":[{\"@type\":\"ListItem\",\"position\":1,\"name\":\"Djemt\u00eb protestojn\u00eb!\"}]},{\"@type\":\"Person\",\"@id\":\"https:\/\/www.visit-ulcinj.com\/blog\/#\/schema\/person\/dcab619c614d3038751c63bc2aadc06d\",\"name\":\"ulqini\",\"sameAs\":[\"http:\/\/www.visit-ulcinj.com\"],\"url\":\"https:\/\/www.visit-ulcinj.com\/blog\/author\/admin\/\"}]}<\/script>\n<!-- \/ Yoast SEO plugin. -->","yoast_head_json":{"title":"Djemt\u00c3\u00ab protestojn\u00c3\u00ab! - Big Brother Albania","description":"Big Brother Albania - Qetsori, q\u00c3\u00ab n\u00c3\u00ab m\u00c3\u00abngjes, ka filluar t\u00c3\u00ab thot\u00c3\u00ab se djemt\u00c3\u00ab n\u00c3\u00ab sht\u00c3\u00abpi jan\u00c3\u00ab t\u00c3\u00ab persekutuar. Sipas tij, ata po i b\u00c3\u00abjn\u00c3\u00ab t\u00c3\u00ab gjitha pun\u00c3\u00abt, po lajn\u00c3\u00ab en\u00c3\u00abt, po lajn\u00c3\u00ab sht\u00c3\u00abpin\u00c3\u00ab.","robots":{"index":"index","follow":"follow","max-snippet":"max-snippet:-1","max-image-preview":"max-image-preview:large","max-video-preview":"max-video-preview:-1"},"canonical":"https:\/\/www.visit-ulcinj.com\/blog\/2009\/03\/05\/djemte-protestojne\/","og_locale":"en_US","og_type":"article","og_title":"Djemt\u00c3\u00ab protestojn\u00c3\u00ab! - Big Brother Albania","og_description":"Big Brother Albania - Qetsori, q\u00c3\u00ab n\u00c3\u00ab m\u00c3\u00abngjes, ka filluar t\u00c3\u00ab thot\u00c3\u00ab se djemt\u00c3\u00ab n\u00c3\u00ab sht\u00c3\u00abpi jan\u00c3\u00ab t\u00c3\u00ab persekutuar. Sipas tij, ata po i b\u00c3\u00abjn\u00c3\u00ab t\u00c3\u00ab gjitha pun\u00c3\u00abt, po lajn\u00c3\u00ab en\u00c3\u00abt, po lajn\u00c3\u00ab sht\u00c3\u00abpin\u00c3\u00ab.","og_url":"https:\/\/www.visit-ulcinj.com\/blog\/2009\/03\/05\/djemte-protestojne\/","og_site_name":"Lajme nga Ulqini","article_published_time":"2009-03-04T23:38:47+00:00","og_image":[{"url":"http:\/\/www.visit-ulcinj.com\/blog\/wp-content\/uploads\/2009\/03\/debat-per-punet.jpg"}],"twitter_misc":{"Written by":"ulqini","Est. reading time":"2 minutes"},"schema":{"@context":"https:\/\/schema.org","@graph":[{"@type":"WebSite","@id":"https:\/\/www.visit-ulcinj.com\/blog\/#website","url":"https:\/\/www.visit-ulcinj.com\/blog\/","name":"Lajme nga Ulqini","description":"Lajme,Vijesti,Ulqini,Ulqin,Crna Gora,Mali i Zi","potentialAction":[{"@type":"SearchAction","target":{"@type":"EntryPoint","urlTemplate":"https:\/\/www.visit-ulcinj.com\/blog\/?s={search_term_string}"},"query-input":"required name=search_term_string"}],"inLanguage":"en-US"},{"@type":"ImageObject","inLanguage":"en-US","@id":"https:\/\/www.visit-ulcinj.com\/blog\/2009\/03\/05\/djemte-protestojne\/#primaryimage","url":"http:\/\/www.visit-ulcinj.com\/blog\/wp-content\/uploads\/2009\/03\/debat-per-punet.jpg","contentUrl":"http:\/\/www.visit-ulcinj.com\/blog\/wp-content\/uploads\/2009\/03\/debat-per-punet.jpg"},{"@type":"WebPage","@id":"https:\/\/www.visit-ulcinj.com\/blog\/2009\/03\/05\/djemte-protestojne\/#webpage","url":"https:\/\/www.visit-ulcinj.com\/blog\/2009\/03\/05\/djemte-protestojne\/","name":"Djemt\u00c3\u00ab protestojn\u00c3\u00ab! - Big Brother Albania","isPartOf":{"@id":"https:\/\/www.visit-ulcinj.com\/blog\/#website"},"primaryImageOfPage":{"@id":"https:\/\/www.visit-ulcinj.com\/blog\/2009\/03\/05\/djemte-protestojne\/#primaryimage"},"datePublished":"2009-03-04T23:38:47+00:00","dateModified":"2009-03-04T23:38:47+00:00","author":{"@id":"https:\/\/www.visit-ulcinj.com\/blog\/#\/schema\/person\/dcab619c614d3038751c63bc2aadc06d"},"description":"Big Brother Albania - Qetsori, q\u00c3\u00ab n\u00c3\u00ab m\u00c3\u00abngjes, ka filluar t\u00c3\u00ab thot\u00c3\u00ab se djemt\u00c3\u00ab n\u00c3\u00ab sht\u00c3\u00abpi jan\u00c3\u00ab t\u00c3\u00ab persekutuar. Sipas tij, ata po i b\u00c3\u00abjn\u00c3\u00ab t\u00c3\u00ab gjitha pun\u00c3\u00abt, po lajn\u00c3\u00ab en\u00c3\u00abt, po lajn\u00c3\u00ab sht\u00c3\u00abpin\u00c3\u00ab.","breadcrumb":{"@id":"https:\/\/www.visit-ulcinj.com\/blog\/2009\/03\/05\/djemte-protestojne\/#breadcrumb"},"inLanguage":"en-US","potentialAction":[{"@type":"ReadAction","target":["https:\/\/www.visit-ulcinj.com\/blog\/2009\/03\/05\/djemte-protestojne\/"]}]},{"@type":"BreadcrumbList","@id":"https:\/\/www.visit-ulcinj.com\/blog\/2009\/03\/05\/djemte-protestojne\/#breadcrumb","itemListElement":[{"@type":"ListItem","position":1,"name":"Djemt\u00eb protestojn\u00eb!"}]},{"@type":"Person","@id":"https:\/\/www.visit-ulcinj.com\/blog\/#\/schema\/person\/dcab619c614d3038751c63bc2aadc06d","name":"ulqini","sameAs":["http:\/\/www.visit-ulcinj.com"],"url":"https:\/\/www.visit-ulcinj.com\/blog\/author\/admin\/"}]}},"jetpack_featured_media_url":"","jetpack_sharing_enabled":true,"jetpack_shortlink":"https:\/\/wp.me\/pe6lTn-3lH","_links":{"self":[{"href":"https:\/\/www.visit-ulcinj.com\/blog\/wp-json\/wp\/v2\/posts\/12877"}],"collection":[{"href":"https:\/\/www.visit-ulcinj.com\/blog\/wp-json\/wp\/v2\/posts"}],"about":[{"href":"https:\/\/www.visit-ulcinj.com\/blog\/wp-json\/wp\/v2\/types\/post"}],"author":[{"embeddable":true,"href":"https:\/\/www.visit-ulcinj.com\/blog\/wp-json\/wp\/v2\/users\/1"}],"replies":[{"embeddable":true,"href":"https:\/\/www.visit-ulcinj.com\/blog\/wp-json\/wp\/v2\/comments?post=12877"}],"version-history":[{"count":0,"href":"https:\/\/www.visit-ulcinj.com\/blog\/wp-json\/wp\/v2\/posts\/12877\/revisions"}],"wp:attachment":[{"href":"https:\/\/www.visit-ulcinj.com\/blog\/wp-json\/wp\/v2\/media?parent=12877"}],"wp:term":[{"taxonomy":"category","embeddable":true,"href":"https:\/\/www.visit-ulcinj.com\/blog\/wp-json\/wp\/v2\/categories?post=12877"},{"taxonomy":"post_tag","embeddable":true,"href":"https:\/\/www.visit-ulcinj.com\/blog\/wp-json\/wp\/v2\/tags?post=12877"}],"curies":[{"name":"wp","href":"https:\/\/api.w.org\/{rel}","templated":true}]}}