{"id":12881,"date":"2009-03-05T00:42:38","date_gmt":"2009-03-04T23:42:38","guid":{"rendered":"http:\/\/www.visit-ulcinj.com\/blog\/?p=12881"},"modified":"2009-03-05T00:42:38","modified_gmt":"2009-03-04T23:42:38","slug":"lirita-nuk-jam-sherbetorja-e-qetsorit","status":"publish","type":"post","link":"https:\/\/www.visit-ulcinj.com\/blog\/2009\/03\/05\/lirita-nuk-jam-sherbetorja-e-qetsorit\/","title":{"rendered":"Lirita : Nuk jam sh\u00ebrb\u00ebtorja e Qetsorit"},"content":{"rendered":"<p><em><span class=\"newsdate\"><a href=\"http:\/\/www.visit-ulcinj.com\/blog\/wp-content\/uploads\/2009\/03\/qetsorilirita-copy.jpg\"><img loading=\"lazy\" class=\"alignleft size-full wp-image-12882\" title=\"qetsorilirita-big-brother-albania\" src=\"http:\/\/www.visit-ulcinj.com\/blog\/wp-content\/uploads\/2009\/03\/qetsorilirita-copy.jpg\" alt=\"qetsorilirita-big-brother-albania\" width=\"300\" height=\"205\" \/><\/a>02\/03\/09 11:00<\/span><\/em><\/p>\n<p>Lirita ka th\u00ebn\u00eb se Qetsori nuk ka t\u00eb drejt\u00eb t\u00eb ngrej\u00eb z\u00ebrin me t\u00eb, n\u00ebse do t\u00eb donte t\u00eb fliste, at\u00ebher\u00eb le t\u00eb uleshin n\u00eb tavolin\u00eb e t\u00eb diskutonin tamam. N\u00eb fakt, Qetsori i ka th\u00ebn\u00eb Lirit\u00ebs, n\u00eb dukje me shaka, se n\u00ebse ajo do t\u00eb pengonte ndonj\u00eb nga vajzat q\u00eb t\u2019i rregullonte krevatin atij, at\u00ebher\u00eb Lirita dhe ai do t\u00eb kishin probleme personale.Debati ka nisur nga Qetsori, sipas t\u00eb cilit, djemt\u00eb n\u00eb k\u00ebt\u00eb sht\u00ebpi po b\u00ebnin gjithcka, po lanin, po shplanin, po gatuanin, nd\u00ebrsa vajzat nuk merrnin mundimin as t\u2019u rregullonin ndonj\u00ebher\u00eb krevatin. \u201cEdhe n\u00eb \u00ebnd\u00ebrr m\u00eb duket sikur e kam sfungjerin n\u00eb dor\u00eb!\u201d-ka th\u00ebn\u00eb ai. \u201cUn\u00eb s\u2019jam sh\u00ebrb\u00ebtorja e Qetsorit!\u201d- ka th\u00ebn\u00eb Lirita. Aida i ka th\u00ebn\u00eb t\u00eb mos ia v\u00ebr\u00eb veshin fare e t\u00eb mos merret me t\u00eb.<\/p>\n","protected":false},"excerpt":{"rendered":"<p>02\/03\/09 11:00 Lirita ka th\u00ebn\u00eb se Qetsori nuk ka t\u00eb drejt\u00eb t\u00eb ngrej\u00eb z\u00ebrin me t\u00eb, n\u00ebse do t\u00eb donte t\u00eb fliste, at\u00ebher\u00eb le t\u00eb uleshin n\u00eb tavolin\u00eb e t\u00eb diskutonin tamam. N\u00eb fakt, Qetsori i ka th\u00ebn\u00eb Lirit\u00ebs, n\u00eb dukje me shaka, se n\u00ebse ajo do t\u00eb pengonte ndonj\u00eb nga vajzat q\u00eb t\u2019i rregullonte [&hellip;]<\/p>\n","protected":false},"author":1,"featured_media":0,"comment_status":"open","ping_status":"closed","sticky":false,"template":"","format":"standard","meta":{"spay_email":"","jetpack_publicize_message":"","jetpack_is_tweetstorm":false,"jetpack_publicize_feature_enabled":true},"categories":[6502],"tags":[5057,6506,6712,7129,6567,7487,6900,6891,6693,6887],"jetpack_publicize_connections":[],"yoast_head":"<!-- This site is optimized with the Yoast SEO plugin v19.1 - https:\/\/yoast.com\/wordpress\/plugins\/seo\/ -->\n<title>Lirita : Nuk jam sh\u00c3\u00abrb\u00c3\u00abtorja e Qetsorit - Big Brother Albania<\/title>\n<meta name=\"description\" content=\"Big Brother Albania - Lirita ka th\u00c3\u00abn\u00c3\u00ab se Qetsori nuk ka t\u00c3\u00ab drejt\u00c3\u00ab t\u00c3\u00ab ngrej\u00c3\u00ab z\u00c3\u00abrin me t\u00c3\u00ab, n\u00c3\u00abse do t\u00c3\u00ab donte t\u00c3\u00ab fliste, at\u00c3\u00abher\u00c3\u00ab le t\u00c3\u00ab uleshin n\u00c3\u00ab tavolin\u00c3\u00ab e t\u00c3\u00ab diskutonin tamam.\" \/>\n<meta name=\"robots\" content=\"index, follow, max-snippet:-1, max-image-preview:large, max-video-preview:-1\" \/>\n<link rel=\"canonical\" href=\"https:\/\/www.visit-ulcinj.com\/blog\/2009\/03\/05\/lirita-nuk-jam-sherbetorja-e-qetsorit\/\" \/>\n<meta property=\"og:locale\" content=\"en_US\" \/>\n<meta property=\"og:type\" content=\"article\" \/>\n<meta property=\"og:title\" content=\"Lirita : Nuk jam sh\u00c3\u00abrb\u00c3\u00abtorja e Qetsorit - Big Brother Albania\" \/>\n<meta property=\"og:description\" content=\"Big Brother Albania - Lirita ka th\u00c3\u00abn\u00c3\u00ab se Qetsori nuk ka t\u00c3\u00ab drejt\u00c3\u00ab t\u00c3\u00ab ngrej\u00c3\u00ab z\u00c3\u00abrin me t\u00c3\u00ab, n\u00c3\u00abse do t\u00c3\u00ab donte t\u00c3\u00ab fliste, at\u00c3\u00abher\u00c3\u00ab le t\u00c3\u00ab uleshin n\u00c3\u00ab tavolin\u00c3\u00ab e t\u00c3\u00ab diskutonin tamam.\" \/>\n<meta property=\"og:url\" content=\"https:\/\/www.visit-ulcinj.com\/blog\/2009\/03\/05\/lirita-nuk-jam-sherbetorja-e-qetsorit\/\" \/>\n<meta property=\"og:site_name\" content=\"Lajme nga Ulqini\" \/>\n<meta property=\"article:published_time\" content=\"2009-03-04T23:42:38+00:00\" \/>\n<meta property=\"og:image\" content=\"http:\/\/www.visit-ulcinj.com\/blog\/wp-content\/uploads\/2009\/03\/qetsorilirita-copy.jpg\" \/>\n<meta name=\"twitter:label1\" content=\"Written by\" \/>\n\t<meta name=\"twitter:data1\" content=\"ulqini\" \/>\n\t<meta name=\"twitter:label2\" content=\"Est. reading time\" \/>\n\t<meta name=\"twitter:data2\" content=\"1 minute\" \/>\n<script type=\"application\/ld+json\" class=\"yoast-schema-graph\">{\"@context\":\"https:\/\/schema.org\",\"@graph\":[{\"@type\":\"WebSite\",\"@id\":\"https:\/\/www.visit-ulcinj.com\/blog\/#website\",\"url\":\"https:\/\/www.visit-ulcinj.com\/blog\/\",\"name\":\"Lajme nga Ulqini\",\"description\":\"Lajme,Vijesti,Ulqini,Ulqin,Crna Gora,Mali i Zi\",\"potentialAction\":[{\"@type\":\"SearchAction\",\"target\":{\"@type\":\"EntryPoint\",\"urlTemplate\":\"https:\/\/www.visit-ulcinj.com\/blog\/?s={search_term_string}\"},\"query-input\":\"required name=search_term_string\"}],\"inLanguage\":\"en-US\"},{\"@type\":\"ImageObject\",\"inLanguage\":\"en-US\",\"@id\":\"https:\/\/www.visit-ulcinj.com\/blog\/2009\/03\/05\/lirita-nuk-jam-sherbetorja-e-qetsorit\/#primaryimage\",\"url\":\"http:\/\/www.visit-ulcinj.com\/blog\/wp-content\/uploads\/2009\/03\/qetsorilirita-copy.jpg\",\"contentUrl\":\"http:\/\/www.visit-ulcinj.com\/blog\/wp-content\/uploads\/2009\/03\/qetsorilirita-copy.jpg\"},{\"@type\":\"WebPage\",\"@id\":\"https:\/\/www.visit-ulcinj.com\/blog\/2009\/03\/05\/lirita-nuk-jam-sherbetorja-e-qetsorit\/#webpage\",\"url\":\"https:\/\/www.visit-ulcinj.com\/blog\/2009\/03\/05\/lirita-nuk-jam-sherbetorja-e-qetsorit\/\",\"name\":\"Lirita : Nuk jam sh\u00c3\u00abrb\u00c3\u00abtorja e Qetsorit - Big Brother Albania\",\"isPartOf\":{\"@id\":\"https:\/\/www.visit-ulcinj.com\/blog\/#website\"},\"primaryImageOfPage\":{\"@id\":\"https:\/\/www.visit-ulcinj.com\/blog\/2009\/03\/05\/lirita-nuk-jam-sherbetorja-e-qetsorit\/#primaryimage\"},\"datePublished\":\"2009-03-04T23:42:38+00:00\",\"dateModified\":\"2009-03-04T23:42:38+00:00\",\"author\":{\"@id\":\"https:\/\/www.visit-ulcinj.com\/blog\/#\/schema\/person\/dcab619c614d3038751c63bc2aadc06d\"},\"description\":\"Big Brother Albania - Lirita ka th\u00c3\u00abn\u00c3\u00ab se Qetsori nuk ka t\u00c3\u00ab drejt\u00c3\u00ab t\u00c3\u00ab ngrej\u00c3\u00ab z\u00c3\u00abrin me t\u00c3\u00ab, n\u00c3\u00abse do t\u00c3\u00ab donte t\u00c3\u00ab fliste, at\u00c3\u00abher\u00c3\u00ab le t\u00c3\u00ab uleshin n\u00c3\u00ab tavolin\u00c3\u00ab e t\u00c3\u00ab diskutonin tamam.\",\"breadcrumb\":{\"@id\":\"https:\/\/www.visit-ulcinj.com\/blog\/2009\/03\/05\/lirita-nuk-jam-sherbetorja-e-qetsorit\/#breadcrumb\"},\"inLanguage\":\"en-US\",\"potentialAction\":[{\"@type\":\"ReadAction\",\"target\":[\"https:\/\/www.visit-ulcinj.com\/blog\/2009\/03\/05\/lirita-nuk-jam-sherbetorja-e-qetsorit\/\"]}]},{\"@type\":\"BreadcrumbList\",\"@id\":\"https:\/\/www.visit-ulcinj.com\/blog\/2009\/03\/05\/lirita-nuk-jam-sherbetorja-e-qetsorit\/#breadcrumb\",\"itemListElement\":[{\"@type\":\"ListItem\",\"position\":1,\"name\":\"Lirita : Nuk jam sh\u00ebrb\u00ebtorja e Qetsorit\"}]},{\"@type\":\"Person\",\"@id\":\"https:\/\/www.visit-ulcinj.com\/blog\/#\/schema\/person\/dcab619c614d3038751c63bc2aadc06d\",\"name\":\"ulqini\",\"sameAs\":[\"http:\/\/www.visit-ulcinj.com\"],\"url\":\"https:\/\/www.visit-ulcinj.com\/blog\/author\/admin\/\"}]}<\/script>\n<!-- \/ Yoast SEO plugin. -->","yoast_head_json":{"title":"Lirita : Nuk jam sh\u00c3\u00abrb\u00c3\u00abtorja e Qetsorit - Big Brother Albania","description":"Big Brother Albania - Lirita ka th\u00c3\u00abn\u00c3\u00ab se Qetsori nuk ka t\u00c3\u00ab drejt\u00c3\u00ab t\u00c3\u00ab ngrej\u00c3\u00ab z\u00c3\u00abrin me t\u00c3\u00ab, n\u00c3\u00abse do t\u00c3\u00ab donte t\u00c3\u00ab fliste, at\u00c3\u00abher\u00c3\u00ab le t\u00c3\u00ab uleshin n\u00c3\u00ab tavolin\u00c3\u00ab e t\u00c3\u00ab diskutonin tamam.","robots":{"index":"index","follow":"follow","max-snippet":"max-snippet:-1","max-image-preview":"max-image-preview:large","max-video-preview":"max-video-preview:-1"},"canonical":"https:\/\/www.visit-ulcinj.com\/blog\/2009\/03\/05\/lirita-nuk-jam-sherbetorja-e-qetsorit\/","og_locale":"en_US","og_type":"article","og_title":"Lirita : Nuk jam sh\u00c3\u00abrb\u00c3\u00abtorja e Qetsorit - Big Brother Albania","og_description":"Big Brother Albania - Lirita ka th\u00c3\u00abn\u00c3\u00ab se Qetsori nuk ka t\u00c3\u00ab drejt\u00c3\u00ab t\u00c3\u00ab ngrej\u00c3\u00ab z\u00c3\u00abrin me t\u00c3\u00ab, n\u00c3\u00abse do t\u00c3\u00ab donte t\u00c3\u00ab fliste, at\u00c3\u00abher\u00c3\u00ab le t\u00c3\u00ab uleshin n\u00c3\u00ab tavolin\u00c3\u00ab e t\u00c3\u00ab diskutonin tamam.","og_url":"https:\/\/www.visit-ulcinj.com\/blog\/2009\/03\/05\/lirita-nuk-jam-sherbetorja-e-qetsorit\/","og_site_name":"Lajme nga Ulqini","article_published_time":"2009-03-04T23:42:38+00:00","og_image":[{"url":"http:\/\/www.visit-ulcinj.com\/blog\/wp-content\/uploads\/2009\/03\/qetsorilirita-copy.jpg"}],"twitter_misc":{"Written by":"ulqini","Est. reading time":"1 minute"},"schema":{"@context":"https:\/\/schema.org","@graph":[{"@type":"WebSite","@id":"https:\/\/www.visit-ulcinj.com\/blog\/#website","url":"https:\/\/www.visit-ulcinj.com\/blog\/","name":"Lajme nga Ulqini","description":"Lajme,Vijesti,Ulqini,Ulqin,Crna Gora,Mali i Zi","potentialAction":[{"@type":"SearchAction","target":{"@type":"EntryPoint","urlTemplate":"https:\/\/www.visit-ulcinj.com\/blog\/?s={search_term_string}"},"query-input":"required name=search_term_string"}],"inLanguage":"en-US"},{"@type":"ImageObject","inLanguage":"en-US","@id":"https:\/\/www.visit-ulcinj.com\/blog\/2009\/03\/05\/lirita-nuk-jam-sherbetorja-e-qetsorit\/#primaryimage","url":"http:\/\/www.visit-ulcinj.com\/blog\/wp-content\/uploads\/2009\/03\/qetsorilirita-copy.jpg","contentUrl":"http:\/\/www.visit-ulcinj.com\/blog\/wp-content\/uploads\/2009\/03\/qetsorilirita-copy.jpg"},{"@type":"WebPage","@id":"https:\/\/www.visit-ulcinj.com\/blog\/2009\/03\/05\/lirita-nuk-jam-sherbetorja-e-qetsorit\/#webpage","url":"https:\/\/www.visit-ulcinj.com\/blog\/2009\/03\/05\/lirita-nuk-jam-sherbetorja-e-qetsorit\/","name":"Lirita : Nuk jam sh\u00c3\u00abrb\u00c3\u00abtorja e Qetsorit - Big Brother Albania","isPartOf":{"@id":"https:\/\/www.visit-ulcinj.com\/blog\/#website"},"primaryImageOfPage":{"@id":"https:\/\/www.visit-ulcinj.com\/blog\/2009\/03\/05\/lirita-nuk-jam-sherbetorja-e-qetsorit\/#primaryimage"},"datePublished":"2009-03-04T23:42:38+00:00","dateModified":"2009-03-04T23:42:38+00:00","author":{"@id":"https:\/\/www.visit-ulcinj.com\/blog\/#\/schema\/person\/dcab619c614d3038751c63bc2aadc06d"},"description":"Big Brother Albania - Lirita ka th\u00c3\u00abn\u00c3\u00ab se Qetsori nuk ka t\u00c3\u00ab drejt\u00c3\u00ab t\u00c3\u00ab ngrej\u00c3\u00ab z\u00c3\u00abrin me t\u00c3\u00ab, n\u00c3\u00abse do t\u00c3\u00ab donte t\u00c3\u00ab fliste, at\u00c3\u00abher\u00c3\u00ab le t\u00c3\u00ab uleshin n\u00c3\u00ab tavolin\u00c3\u00ab e t\u00c3\u00ab diskutonin tamam.","breadcrumb":{"@id":"https:\/\/www.visit-ulcinj.com\/blog\/2009\/03\/05\/lirita-nuk-jam-sherbetorja-e-qetsorit\/#breadcrumb"},"inLanguage":"en-US","potentialAction":[{"@type":"ReadAction","target":["https:\/\/www.visit-ulcinj.com\/blog\/2009\/03\/05\/lirita-nuk-jam-sherbetorja-e-qetsorit\/"]}]},{"@type":"BreadcrumbList","@id":"https:\/\/www.visit-ulcinj.com\/blog\/2009\/03\/05\/lirita-nuk-jam-sherbetorja-e-qetsorit\/#breadcrumb","itemListElement":[{"@type":"ListItem","position":1,"name":"Lirita : Nuk jam sh\u00ebrb\u00ebtorja e Qetsorit"}]},{"@type":"Person","@id":"https:\/\/www.visit-ulcinj.com\/blog\/#\/schema\/person\/dcab619c614d3038751c63bc2aadc06d","name":"ulqini","sameAs":["http:\/\/www.visit-ulcinj.com"],"url":"https:\/\/www.visit-ulcinj.com\/blog\/author\/admin\/"}]}},"jetpack_featured_media_url":"","jetpack_sharing_enabled":true,"jetpack_shortlink":"https:\/\/wp.me\/pe6lTn-3lL","_links":{"self":[{"href":"https:\/\/www.visit-ulcinj.com\/blog\/wp-json\/wp\/v2\/posts\/12881"}],"collection":[{"href":"https:\/\/www.visit-ulcinj.com\/blog\/wp-json\/wp\/v2\/posts"}],"about":[{"href":"https:\/\/www.visit-ulcinj.com\/blog\/wp-json\/wp\/v2\/types\/post"}],"author":[{"embeddable":true,"href":"https:\/\/www.visit-ulcinj.com\/blog\/wp-json\/wp\/v2\/users\/1"}],"replies":[{"embeddable":true,"href":"https:\/\/www.visit-ulcinj.com\/blog\/wp-json\/wp\/v2\/comments?post=12881"}],"version-history":[{"count":0,"href":"https:\/\/www.visit-ulcinj.com\/blog\/wp-json\/wp\/v2\/posts\/12881\/revisions"}],"wp:attachment":[{"href":"https:\/\/www.visit-ulcinj.com\/blog\/wp-json\/wp\/v2\/media?parent=12881"}],"wp:term":[{"taxonomy":"category","embeddable":true,"href":"https:\/\/www.visit-ulcinj.com\/blog\/wp-json\/wp\/v2\/categories?post=12881"},{"taxonomy":"post_tag","embeddable":true,"href":"https:\/\/www.visit-ulcinj.com\/blog\/wp-json\/wp\/v2\/tags?post=12881"}],"curies":[{"name":"wp","href":"https:\/\/api.w.org\/{rel}","templated":true}]}}