{"id":12884,"date":"2009-03-05T00:48:04","date_gmt":"2009-03-04T23:48:04","guid":{"rendered":"http:\/\/www.visit-ulcinj.com\/blog\/?p=12884"},"modified":"2009-03-05T00:48:04","modified_gmt":"2009-03-04T23:48:04","slug":"sori-dhe-bika-te-nominoj-se-nuk-lan-enet","status":"publish","type":"post","link":"https:\/\/www.visit-ulcinj.com\/blog\/2009\/03\/05\/sori-dhe-bika-te-nominoj-se-nuk-lan-enet\/","title":{"rendered":"Sori dhe Bika : T\u00eb nominoj se nuk lan en\u00ebt"},"content":{"rendered":"<p><em><span class=\"newsdate\"><a href=\"http:\/\/www.visit-ulcinj.com\/blog\/wp-content\/uploads\/2009\/03\/bika-sori.jpg\"><img loading=\"lazy\" class=\"alignleft size-full wp-image-12885\" title=\"bika-sori-big-brother-albania\" src=\"http:\/\/www.visit-ulcinj.com\/blog\/wp-content\/uploads\/2009\/03\/bika-sori.jpg\" alt=\"bika-sori-big-brother-albania\" width=\"300\" height=\"205\" \/><\/a>02\/03\/09 12:10<\/span><\/em><\/p>\n<p>Qet\u00ebsori dhe Bika vazhdojn\u00eb diskutimin mes tyre por k\u00ebsaj radhe p\u00ebr tem\u00ebn e nominimit. Bika i thot\u00eb me tendenc\u00ebse ai \u00ebsht\u00eb ngritur n\u00eb humor p\u00ebr t\u2019u kapur me t\u00eb gjth\u00eb kurse Sori i thot\u00eb se \u00ebsht\u00eb ngritur me iden\u00eb se pse duhet t\u00eb dalin n\u00eb nominim dhe t\u00eb skualifikohen njer\u00ebz me vlera, nd\u00ebrsa t\u00eb tjer\u00eb t\u00eb pavlefsh\u00ebm vazhdojn\u00eb t\u00eb jen\u00eb n\u00eb sht\u00ebpi. Bika i thot\u00eb se \u00ebsht\u00eb dakord por, ai shprehet gabim duke u munduar t\u2019i v\u00ebr\u00eb t\u00eb gjith\u00eb n\u00eb pun\u00eb. Sipas saj do jet\u00eb m\u00eb mir\u00eb q\u00eb ai t\u2019i marr\u00eb t\u00eb gjith\u00eb k\u00ebta element\u00eb e t\u2019ua thot\u00eb. Sori i thot\u00eb se nuk i p\u00eblqen ta b\u00ebj\u00eb at\u00eb gj\u00eb dhe se n\u00eb sht\u00ebpi \u00ebsht\u00eb p\u00ebr t\u00eb b\u00ebr\u00eb luft\u00eb kund\u00ebr t\u00eb dob\u00ebtit. Ai i thot\u00eb se i vjen inat q\u00eb vajzat, pun\u00ebt q\u00eb ai ka b\u00ebr\u00eb deri m\u00eb tani, i kan\u00eb marr\u00eb p\u00ebr dob\u00ebsi edhe pse ai i ka b\u00ebr\u00eb me qejf. Bika vazhdon t\u2019i thot\u00eb se ai ka zgjedhur nj\u00eb m\u00ebnyr\u00eb t\u00eb gabuar p\u00ebr t\u2019ia b\u00ebr\u00eb t\u00eb ditur t\u00eb tjer\u00ebve k\u00ebt\u00eb edhe pse ajo \u00ebsht\u00eb pjes\u00ebrisht dakord. Sori i habitur me q\u00ebndrimin e saj i thot\u00eb se nuk e kupton pse ajo \u00ebsht\u00eb edhe pro edhe kund\u00ebr. Ai mundohet t\u00eb fus\u00eb n\u00eb bised\u00eb edhe Bjordin duke i th\u00ebn\u00eb se ai rri kot gjith\u00eb koh\u00ebn por Bjordi ja kthen se p\u00ebrsa i p\u00ebrket en\u00ebve, \u00ebsht\u00eb Bika ajo q\u00eb nuk e l\u00eb. Bika shprehet se ky \u00ebsht\u00eb nj\u00eb vendim i saji, por q\u00eb s\u2019do t\u00eb thot\u00eb se vajzat e tjera e mendojn\u00eb k\u00ebshtu. Ajo i thot\u00eb se nuk mund t\u2019u imponojn\u00eb t\u00eb tjer\u00ebve veprime t\u00eb cilat nuk duan t\u2019i b\u00ebjn\u00eb. Bjordi i propozon Sorit q\u00eb ai t\u00eb merret me gatimin dhe Sori t\u00eb b\u00ebj\u00eb at\u00eb q\u00eb b\u00ebn ai. N\u00ebse ndodh k\u00ebshtu, at\u00ebher\u00eb edhe Sori nuk do ket\u00eb cfar\u00eb t\u00eb b\u00ebj\u00eb.\u00a0<br \/>\nN\u00eb debat p\u00ebrfshihen edhe t\u00eb tjer\u00ebt dhe debati fillon t\u00eb marri ngjyra t\u00eb tjera. \u00cbsht\u00eb Adelajda e para q\u00eb i thot\u00eb Sorit ta l\u00ebr\u00eb k\u00ebt\u00eb diskutim sepse n\u00eb t\u00eb kund\u00ebrt mund ta nxjerrin n\u00eb nominim. Sori ja kthen se p\u00ebr nominimet ai nuk ka motive dhe po k\u00ebrkon disa. Bjordi i thot\u00eb se n\u00ebse k\u00ebrkon motive, ai mund t\u2019i jap\u00eb disa por jo q\u00eb ai t\u00eb p\u00ebrdor\u00eb en\u00ebt p\u00ebr t\u00eb tilla. Sori i thot\u00eb Bjordit se ka qejf q\u00eb ta nxjerr\u00eb nj\u00ebher\u00eb n\u00eb nominim se nuk i p\u00eblqen q\u00eb ai t\u00eb shkoj\u00eb n\u00eb finale zvarr\u00eb, n\u00eb finale duhet t\u00eb shkojn\u00eb m\u00eb t\u00eb fort\u00ebt. Bjordi vazhdon me iden\u00eb se Sori duhet t\u00eb gjej\u00eb motive t\u00eb v\u00ebrteta.\u00a0<br \/>\nDiskutimi vazhdon mes Bik\u00ebs dhe Adelajd\u00ebs dhe t\u00eb dyja mendojn\u00eb se Sori ka t\u00eb drejt\u00eb por, asnj\u00eb nuk mund t\u00eb imponoj\u00eb ask\u00ebnd p\u00ebr t\u00eb b\u00ebr\u00eb pun\u00ebt e sht\u00ebpis\u00eb apo edhe p\u00ebr t\u2019u p\u00ebrgatitur p\u00ebr prov\u00ebn e jav\u00ebs. Sipa Adel\u00ebs, gjith\u00eb kjo q\u00eb Sori po b\u00ebn \u00ebsht\u00eb sepse do t\u00eb dij\u00eb n\u00ebse t\u00eb tjer\u00ebt e p\u00eblqejn\u00eb dhe a ja vlen t\u00eb q\u00ebndroj\u00eb, n\u00ebse jo, t\u00eb largohet.<\/p>\n","protected":false},"excerpt":{"rendered":"<p>02\/03\/09 12:10 Qet\u00ebsori dhe Bika vazhdojn\u00eb diskutimin mes tyre por k\u00ebsaj radhe p\u00ebr tem\u00ebn e nominimit. Bika i thot\u00eb me tendenc\u00ebse ai \u00ebsht\u00eb ngritur n\u00eb humor p\u00ebr t\u2019u kapur me t\u00eb gjth\u00eb kurse Sori i thot\u00eb se \u00ebsht\u00eb ngritur me iden\u00eb se pse duhet t\u00eb dalin n\u00eb nominim dhe t\u00eb skualifikohen njer\u00ebz me vlera, nd\u00ebrsa [&hellip;]<\/p>\n","protected":false},"author":1,"featured_media":0,"comment_status":"open","ping_status":"closed","sticky":false,"template":"","format":"standard","meta":{"spay_email":"","jetpack_publicize_message":"","jetpack_is_tweetstorm":false,"jetpack_publicize_feature_enabled":true},"categories":[6502],"tags":[5057,6506,6712,7129,6740,6900,262,7304,6891,6693,6887],"jetpack_publicize_connections":[],"yoast_head":"<!-- This site is optimized with the Yoast SEO plugin v19.1 - https:\/\/yoast.com\/wordpress\/plugins\/seo\/ -->\n<title>Sori dhe Bika : T\u00c3\u00ab nominoj se nuk lan en\u00c3\u00abt - Big Brother Albania<\/title>\n<meta name=\"description\" content=\"Big Brother Albania - Qet\u00c3\u00absori dhe Bika vazhdojn\u00c3\u00ab diskutimin mes tyre por k\u00c3\u00absaj radhe p\u00c3\u00abr tem\u00c3\u00abn e nominimit. Bika i thot\u00c3\u00ab me tendenc\u00c3\u00abse ai \u00c3\u00absht\u00c3\u00ab ngritur n\u00c3\u00ab humor p\u00c3\u00abr t\u00e2\u20ac\u2122u kapur me t\u00c3\u00ab gjth\u00c3\u00ab kurse Sori i thot\u00c3\u00ab se \u00c3\u00absht\u00c3\u00ab ngritur me iden\u00c3\u00ab se pse duhet t\u00c3\u00ab dalin n\u00c3\u00ab nominim dhe t\u00c3\u00ab skualifikohen njer\u00c3\u00abz me vlera, nd\u00c3\u00abrsa t\u00c3\u00ab tjer\u00c3\u00ab t\u00c3\u00ab pavlefsh\u00c3\u00abm vazhdojn\u00c3\u00ab t\u00c3\u00ab jen\u00c3\u00ab n\u00c3\u00ab sht\u00c3\u00abpi\" \/>\n<meta name=\"robots\" content=\"index, follow, max-snippet:-1, max-image-preview:large, max-video-preview:-1\" \/>\n<link rel=\"canonical\" href=\"https:\/\/www.visit-ulcinj.com\/blog\/2009\/03\/05\/sori-dhe-bika-te-nominoj-se-nuk-lan-enet\/\" \/>\n<meta property=\"og:locale\" content=\"en_US\" \/>\n<meta property=\"og:type\" content=\"article\" \/>\n<meta property=\"og:title\" content=\"Sori dhe Bika : T\u00c3\u00ab nominoj se nuk lan en\u00c3\u00abt - Big Brother Albania\" \/>\n<meta property=\"og:description\" content=\"Big Brother Albania - Qet\u00c3\u00absori dhe Bika vazhdojn\u00c3\u00ab diskutimin mes tyre por k\u00c3\u00absaj radhe p\u00c3\u00abr tem\u00c3\u00abn e nominimit. Bika i thot\u00c3\u00ab me tendenc\u00c3\u00abse ai \u00c3\u00absht\u00c3\u00ab ngritur n\u00c3\u00ab humor p\u00c3\u00abr t\u00e2\u20ac\u2122u kapur me t\u00c3\u00ab gjth\u00c3\u00ab kurse Sori i thot\u00c3\u00ab se \u00c3\u00absht\u00c3\u00ab ngritur me iden\u00c3\u00ab se pse duhet t\u00c3\u00ab dalin n\u00c3\u00ab nominim dhe t\u00c3\u00ab skualifikohen njer\u00c3\u00abz me vlera, nd\u00c3\u00abrsa t\u00c3\u00ab tjer\u00c3\u00ab t\u00c3\u00ab pavlefsh\u00c3\u00abm vazhdojn\u00c3\u00ab t\u00c3\u00ab jen\u00c3\u00ab n\u00c3\u00ab sht\u00c3\u00abpi\" \/>\n<meta property=\"og:url\" content=\"https:\/\/www.visit-ulcinj.com\/blog\/2009\/03\/05\/sori-dhe-bika-te-nominoj-se-nuk-lan-enet\/\" \/>\n<meta property=\"og:site_name\" content=\"Lajme nga Ulqini\" \/>\n<meta property=\"article:published_time\" content=\"2009-03-04T23:48:04+00:00\" \/>\n<meta property=\"og:image\" content=\"http:\/\/www.visit-ulcinj.com\/blog\/wp-content\/uploads\/2009\/03\/bika-sori.jpg\" \/>\n<meta name=\"twitter:label1\" content=\"Written by\" \/>\n\t<meta name=\"twitter:data1\" content=\"ulqini\" \/>\n\t<meta name=\"twitter:label2\" content=\"Est. reading time\" \/>\n\t<meta name=\"twitter:data2\" content=\"3 minutes\" \/>\n<script type=\"application\/ld+json\" class=\"yoast-schema-graph\">{\"@context\":\"https:\/\/schema.org\",\"@graph\":[{\"@type\":\"WebSite\",\"@id\":\"https:\/\/www.visit-ulcinj.com\/blog\/#website\",\"url\":\"https:\/\/www.visit-ulcinj.com\/blog\/\",\"name\":\"Lajme nga Ulqini\",\"description\":\"Lajme,Vijesti,Ulqini,Ulqin,Crna Gora,Mali i Zi\",\"potentialAction\":[{\"@type\":\"SearchAction\",\"target\":{\"@type\":\"EntryPoint\",\"urlTemplate\":\"https:\/\/www.visit-ulcinj.com\/blog\/?s={search_term_string}\"},\"query-input\":\"required name=search_term_string\"}],\"inLanguage\":\"en-US\"},{\"@type\":\"ImageObject\",\"inLanguage\":\"en-US\",\"@id\":\"https:\/\/www.visit-ulcinj.com\/blog\/2009\/03\/05\/sori-dhe-bika-te-nominoj-se-nuk-lan-enet\/#primaryimage\",\"url\":\"http:\/\/www.visit-ulcinj.com\/blog\/wp-content\/uploads\/2009\/03\/bika-sori.jpg\",\"contentUrl\":\"http:\/\/www.visit-ulcinj.com\/blog\/wp-content\/uploads\/2009\/03\/bika-sori.jpg\"},{\"@type\":\"WebPage\",\"@id\":\"https:\/\/www.visit-ulcinj.com\/blog\/2009\/03\/05\/sori-dhe-bika-te-nominoj-se-nuk-lan-enet\/#webpage\",\"url\":\"https:\/\/www.visit-ulcinj.com\/blog\/2009\/03\/05\/sori-dhe-bika-te-nominoj-se-nuk-lan-enet\/\",\"name\":\"Sori dhe Bika : T\u00c3\u00ab nominoj se nuk lan en\u00c3\u00abt - Big Brother Albania\",\"isPartOf\":{\"@id\":\"https:\/\/www.visit-ulcinj.com\/blog\/#website\"},\"primaryImageOfPage\":{\"@id\":\"https:\/\/www.visit-ulcinj.com\/blog\/2009\/03\/05\/sori-dhe-bika-te-nominoj-se-nuk-lan-enet\/#primaryimage\"},\"datePublished\":\"2009-03-04T23:48:04+00:00\",\"dateModified\":\"2009-03-04T23:48:04+00:00\",\"author\":{\"@id\":\"https:\/\/www.visit-ulcinj.com\/blog\/#\/schema\/person\/dcab619c614d3038751c63bc2aadc06d\"},\"description\":\"Big Brother Albania - Qet\u00c3\u00absori dhe Bika vazhdojn\u00c3\u00ab diskutimin mes tyre por k\u00c3\u00absaj radhe p\u00c3\u00abr tem\u00c3\u00abn e nominimit. Bika i thot\u00c3\u00ab me tendenc\u00c3\u00abse ai \u00c3\u00absht\u00c3\u00ab ngritur n\u00c3\u00ab humor p\u00c3\u00abr t\u00e2\u20ac\u2122u kapur me t\u00c3\u00ab gjth\u00c3\u00ab kurse Sori i thot\u00c3\u00ab se \u00c3\u00absht\u00c3\u00ab ngritur me iden\u00c3\u00ab se pse duhet t\u00c3\u00ab dalin n\u00c3\u00ab nominim dhe t\u00c3\u00ab skualifikohen njer\u00c3\u00abz me vlera, nd\u00c3\u00abrsa t\u00c3\u00ab tjer\u00c3\u00ab t\u00c3\u00ab pavlefsh\u00c3\u00abm vazhdojn\u00c3\u00ab t\u00c3\u00ab jen\u00c3\u00ab n\u00c3\u00ab sht\u00c3\u00abpi\",\"breadcrumb\":{\"@id\":\"https:\/\/www.visit-ulcinj.com\/blog\/2009\/03\/05\/sori-dhe-bika-te-nominoj-se-nuk-lan-enet\/#breadcrumb\"},\"inLanguage\":\"en-US\",\"potentialAction\":[{\"@type\":\"ReadAction\",\"target\":[\"https:\/\/www.visit-ulcinj.com\/blog\/2009\/03\/05\/sori-dhe-bika-te-nominoj-se-nuk-lan-enet\/\"]}]},{\"@type\":\"BreadcrumbList\",\"@id\":\"https:\/\/www.visit-ulcinj.com\/blog\/2009\/03\/05\/sori-dhe-bika-te-nominoj-se-nuk-lan-enet\/#breadcrumb\",\"itemListElement\":[{\"@type\":\"ListItem\",\"position\":1,\"name\":\"Sori dhe Bika : T\u00eb nominoj se nuk lan en\u00ebt\"}]},{\"@type\":\"Person\",\"@id\":\"https:\/\/www.visit-ulcinj.com\/blog\/#\/schema\/person\/dcab619c614d3038751c63bc2aadc06d\",\"name\":\"ulqini\",\"sameAs\":[\"http:\/\/www.visit-ulcinj.com\"],\"url\":\"https:\/\/www.visit-ulcinj.com\/blog\/author\/admin\/\"}]}<\/script>\n<!-- \/ Yoast SEO plugin. -->","yoast_head_json":{"title":"Sori dhe Bika : T\u00c3\u00ab nominoj se nuk lan en\u00c3\u00abt - Big Brother Albania","description":"Big Brother Albania - Qet\u00c3\u00absori dhe Bika vazhdojn\u00c3\u00ab diskutimin mes tyre por k\u00c3\u00absaj radhe p\u00c3\u00abr tem\u00c3\u00abn e nominimit. Bika i thot\u00c3\u00ab me tendenc\u00c3\u00abse ai \u00c3\u00absht\u00c3\u00ab ngritur n\u00c3\u00ab humor p\u00c3\u00abr t\u00e2\u20ac\u2122u kapur me t\u00c3\u00ab gjth\u00c3\u00ab kurse Sori i thot\u00c3\u00ab se \u00c3\u00absht\u00c3\u00ab ngritur me iden\u00c3\u00ab se pse duhet t\u00c3\u00ab dalin n\u00c3\u00ab nominim dhe t\u00c3\u00ab skualifikohen njer\u00c3\u00abz me vlera, nd\u00c3\u00abrsa t\u00c3\u00ab tjer\u00c3\u00ab t\u00c3\u00ab pavlefsh\u00c3\u00abm vazhdojn\u00c3\u00ab t\u00c3\u00ab jen\u00c3\u00ab n\u00c3\u00ab sht\u00c3\u00abpi","robots":{"index":"index","follow":"follow","max-snippet":"max-snippet:-1","max-image-preview":"max-image-preview:large","max-video-preview":"max-video-preview:-1"},"canonical":"https:\/\/www.visit-ulcinj.com\/blog\/2009\/03\/05\/sori-dhe-bika-te-nominoj-se-nuk-lan-enet\/","og_locale":"en_US","og_type":"article","og_title":"Sori dhe Bika : T\u00c3\u00ab nominoj se nuk lan en\u00c3\u00abt - Big Brother Albania","og_description":"Big Brother Albania - Qet\u00c3\u00absori dhe Bika vazhdojn\u00c3\u00ab diskutimin mes tyre por k\u00c3\u00absaj radhe p\u00c3\u00abr tem\u00c3\u00abn e nominimit. Bika i thot\u00c3\u00ab me tendenc\u00c3\u00abse ai \u00c3\u00absht\u00c3\u00ab ngritur n\u00c3\u00ab humor p\u00c3\u00abr t\u00e2\u20ac\u2122u kapur me t\u00c3\u00ab gjth\u00c3\u00ab kurse Sori i thot\u00c3\u00ab se \u00c3\u00absht\u00c3\u00ab ngritur me iden\u00c3\u00ab se pse duhet t\u00c3\u00ab dalin n\u00c3\u00ab nominim dhe t\u00c3\u00ab skualifikohen njer\u00c3\u00abz me vlera, nd\u00c3\u00abrsa t\u00c3\u00ab tjer\u00c3\u00ab t\u00c3\u00ab pavlefsh\u00c3\u00abm vazhdojn\u00c3\u00ab t\u00c3\u00ab jen\u00c3\u00ab n\u00c3\u00ab sht\u00c3\u00abpi","og_url":"https:\/\/www.visit-ulcinj.com\/blog\/2009\/03\/05\/sori-dhe-bika-te-nominoj-se-nuk-lan-enet\/","og_site_name":"Lajme nga Ulqini","article_published_time":"2009-03-04T23:48:04+00:00","og_image":[{"url":"http:\/\/www.visit-ulcinj.com\/blog\/wp-content\/uploads\/2009\/03\/bika-sori.jpg"}],"twitter_misc":{"Written by":"ulqini","Est. reading time":"3 minutes"},"schema":{"@context":"https:\/\/schema.org","@graph":[{"@type":"WebSite","@id":"https:\/\/www.visit-ulcinj.com\/blog\/#website","url":"https:\/\/www.visit-ulcinj.com\/blog\/","name":"Lajme nga Ulqini","description":"Lajme,Vijesti,Ulqini,Ulqin,Crna Gora,Mali i Zi","potentialAction":[{"@type":"SearchAction","target":{"@type":"EntryPoint","urlTemplate":"https:\/\/www.visit-ulcinj.com\/blog\/?s={search_term_string}"},"query-input":"required name=search_term_string"}],"inLanguage":"en-US"},{"@type":"ImageObject","inLanguage":"en-US","@id":"https:\/\/www.visit-ulcinj.com\/blog\/2009\/03\/05\/sori-dhe-bika-te-nominoj-se-nuk-lan-enet\/#primaryimage","url":"http:\/\/www.visit-ulcinj.com\/blog\/wp-content\/uploads\/2009\/03\/bika-sori.jpg","contentUrl":"http:\/\/www.visit-ulcinj.com\/blog\/wp-content\/uploads\/2009\/03\/bika-sori.jpg"},{"@type":"WebPage","@id":"https:\/\/www.visit-ulcinj.com\/blog\/2009\/03\/05\/sori-dhe-bika-te-nominoj-se-nuk-lan-enet\/#webpage","url":"https:\/\/www.visit-ulcinj.com\/blog\/2009\/03\/05\/sori-dhe-bika-te-nominoj-se-nuk-lan-enet\/","name":"Sori dhe Bika : T\u00c3\u00ab nominoj se nuk lan en\u00c3\u00abt - Big Brother Albania","isPartOf":{"@id":"https:\/\/www.visit-ulcinj.com\/blog\/#website"},"primaryImageOfPage":{"@id":"https:\/\/www.visit-ulcinj.com\/blog\/2009\/03\/05\/sori-dhe-bika-te-nominoj-se-nuk-lan-enet\/#primaryimage"},"datePublished":"2009-03-04T23:48:04+00:00","dateModified":"2009-03-04T23:48:04+00:00","author":{"@id":"https:\/\/www.visit-ulcinj.com\/blog\/#\/schema\/person\/dcab619c614d3038751c63bc2aadc06d"},"description":"Big Brother Albania - Qet\u00c3\u00absori dhe Bika vazhdojn\u00c3\u00ab diskutimin mes tyre por k\u00c3\u00absaj radhe p\u00c3\u00abr tem\u00c3\u00abn e nominimit. Bika i thot\u00c3\u00ab me tendenc\u00c3\u00abse ai \u00c3\u00absht\u00c3\u00ab ngritur n\u00c3\u00ab humor p\u00c3\u00abr t\u00e2\u20ac\u2122u kapur me t\u00c3\u00ab gjth\u00c3\u00ab kurse Sori i thot\u00c3\u00ab se \u00c3\u00absht\u00c3\u00ab ngritur me iden\u00c3\u00ab se pse duhet t\u00c3\u00ab dalin n\u00c3\u00ab nominim dhe t\u00c3\u00ab skualifikohen njer\u00c3\u00abz me vlera, nd\u00c3\u00abrsa t\u00c3\u00ab tjer\u00c3\u00ab t\u00c3\u00ab pavlefsh\u00c3\u00abm vazhdojn\u00c3\u00ab t\u00c3\u00ab jen\u00c3\u00ab n\u00c3\u00ab sht\u00c3\u00abpi","breadcrumb":{"@id":"https:\/\/www.visit-ulcinj.com\/blog\/2009\/03\/05\/sori-dhe-bika-te-nominoj-se-nuk-lan-enet\/#breadcrumb"},"inLanguage":"en-US","potentialAction":[{"@type":"ReadAction","target":["https:\/\/www.visit-ulcinj.com\/blog\/2009\/03\/05\/sori-dhe-bika-te-nominoj-se-nuk-lan-enet\/"]}]},{"@type":"BreadcrumbList","@id":"https:\/\/www.visit-ulcinj.com\/blog\/2009\/03\/05\/sori-dhe-bika-te-nominoj-se-nuk-lan-enet\/#breadcrumb","itemListElement":[{"@type":"ListItem","position":1,"name":"Sori dhe Bika : T\u00eb nominoj se nuk lan en\u00ebt"}]},{"@type":"Person","@id":"https:\/\/www.visit-ulcinj.com\/blog\/#\/schema\/person\/dcab619c614d3038751c63bc2aadc06d","name":"ulqini","sameAs":["http:\/\/www.visit-ulcinj.com"],"url":"https:\/\/www.visit-ulcinj.com\/blog\/author\/admin\/"}]}},"jetpack_featured_media_url":"","jetpack_sharing_enabled":true,"jetpack_shortlink":"https:\/\/wp.me\/pe6lTn-3lO","_links":{"self":[{"href":"https:\/\/www.visit-ulcinj.com\/blog\/wp-json\/wp\/v2\/posts\/12884"}],"collection":[{"href":"https:\/\/www.visit-ulcinj.com\/blog\/wp-json\/wp\/v2\/posts"}],"about":[{"href":"https:\/\/www.visit-ulcinj.com\/blog\/wp-json\/wp\/v2\/types\/post"}],"author":[{"embeddable":true,"href":"https:\/\/www.visit-ulcinj.com\/blog\/wp-json\/wp\/v2\/users\/1"}],"replies":[{"embeddable":true,"href":"https:\/\/www.visit-ulcinj.com\/blog\/wp-json\/wp\/v2\/comments?post=12884"}],"version-history":[{"count":0,"href":"https:\/\/www.visit-ulcinj.com\/blog\/wp-json\/wp\/v2\/posts\/12884\/revisions"}],"wp:attachment":[{"href":"https:\/\/www.visit-ulcinj.com\/blog\/wp-json\/wp\/v2\/media?parent=12884"}],"wp:term":[{"taxonomy":"category","embeddable":true,"href":"https:\/\/www.visit-ulcinj.com\/blog\/wp-json\/wp\/v2\/categories?post=12884"},{"taxonomy":"post_tag","embeddable":true,"href":"https:\/\/www.visit-ulcinj.com\/blog\/wp-json\/wp\/v2\/tags?post=12884"}],"curies":[{"name":"wp","href":"https:\/\/api.w.org\/{rel}","templated":true}]}}