{"id":12891,"date":"2009-03-05T02:00:08","date_gmt":"2009-03-05T01:00:08","guid":{"rendered":"http:\/\/www.visit-ulcinj.com\/blog\/?p=12891"},"modified":"2009-03-05T00:53:48","modified_gmt":"2009-03-04T23:53:48","slug":"pavlini-mesida-lirita-komplimenti-me-ka-cuar-ne-nominim","status":"publish","type":"post","link":"https:\/\/www.visit-ulcinj.com\/blog\/2009\/03\/05\/pavlini-mesida-lirita-komplimenti-me-ka-cuar-ne-nominim\/","title":{"rendered":"Pavlini, Mesida, Lirita : Komplimenti m\u00eb ka cuar n\u00eb nominim"},"content":{"rendered":"<p><em><span class=\"newsdate\"><span style=\"font-style: normal;\"><a href=\"http:\/\/www.visit-ulcinj.com\/blog\/wp-content\/uploads\/2009\/03\/pavlinimesidalirita.jpg\"><img loading=\"lazy\" class=\"alignleft size-full wp-image-12890\" title=\"pavlinimesidalirita-big-brother-albania\" src=\"http:\/\/www.visit-ulcinj.com\/blog\/wp-content\/uploads\/2009\/03\/pavlinimesidalirita.jpg\" alt=\"pavlinimesidalirita-big-brother-albania\" width=\"300\" height=\"205\" \/><\/a><\/span>02\/03\/09 12:15<\/span><\/em><\/p>\n<p>Pavlini, Mesida dhe Lirita diskutojn\u00eb p\u00ebr tipat e banor\u00ebve dhe se si reagojn\u00eb n\u00eb momente t\u00eb ndryshme. Pavlini thot\u00eb se i p\u00eblqen q\u00eb t\u2019i njoh\u00eb banor\u00ebt se cfar\u00eb tipash kan\u00eb dhe k\u00ebt\u00eb mund ta b\u00ebjn\u00eb duke folur p\u00ebr njeri-tjetrin e duke qen\u00eb t\u00eb sinqert\u00eb n\u00eb ato q\u00eb thon\u00eb. Edhe Mesida mendon se duke treguar dicka nga vetja, ata do arrijn\u00eb ta kuptojn\u00eb m\u00eb mir\u00eb njeri-tjetrin dhe thot\u00eb se cdokush tregon aq sa do q\u00eb t\u00eb mund t\u00eb ndihet mir\u00eb me veten. Lirita thot\u00eb se ka qen\u00eb e sinqert\u00eb n\u00eb gjithcka. Pavlini b\u00ebn nj\u00eb batut\u00eb dhe u thot\u00eb gocave se edhe pse i kan\u00eb pyetur n\u00eb fillim n\u00ebse kan\u00eb qen\u00eb t\u00eb lidhura apo jo, disa prej tyre kan\u00eb g\u00ebnjyer e se tani e kan\u00eb pranuar se jan\u00eb t\u00eb lidhura madje se m\u00eb von\u00eb mund t\u00eb thon\u00eb se jan\u00eb t\u00eb martuara e me f\u00ebmij\u00eb. Vajzat i thon\u00eb se mashtrimet nuk jan\u00eb t\u00eb nevojshme dhe se her\u00ebt a von\u00eb, e v\u00ebrteta do dal\u00eb.\u00a0<br \/>\nPavlini tregon se i ka b\u00ebr\u00eb komplimenta gocave dhe mendon se ato mund ta ken\u00eb keqkuptuar dhe ndoshta prej k\u00ebsaj \u00ebsht\u00eb n\u00eb nominim sepse nuk e kan\u00eb kuptuar q\u00ebllimin e v\u00ebrtet\u00eb t\u00eb tij. Ai thot\u00eb se komplimentet i ka b\u00ebr\u00eb se i ka menduar dhe jo me paramendim. Mesida i thot\u00eb se t\u00eb gjith\u00eb i pranojn\u00eb komplimentat, por kushtet n\u00eb t\u00eb cilat ndodhen i ngat\u00ebrrojn\u00eb dhe i b\u00ebjn\u00eb t\u00eb mendojn\u00eb se b\u00ebhen p\u00ebr t\u00eb patur miq\u00ebsi e p\u00ebr t\u00eb mos u nominuar. Pavlini thot\u00eb se n\u00eb k\u00ebt\u00eb m\u00ebnyr\u00eb fiton ai q\u00eb nuk merr pjes\u00eb n\u00eb asgj\u00eb, nuk b\u00ebn debat, q\u00eb nuk flet fare dhe q\u00eb nuk kund\u00ebrshton t\u00eb tjer\u00ebrt por, q\u00eb kjo nuk \u00ebsht\u00eb e drejt\u00eb. Lirita thot\u00eb se kjo ndryshon sipas karaktereve t\u00eb personave. Ajo merr si shembull Adelajd\u00ebn dhe thot\u00eb se \u00ebsht\u00eb ndryshe nga ajo. Lirita i tregon Mesid\u00ebs p\u00ebr tipin e Adel\u00ebs dhe i thot\u00eb se ajo \u00ebsht\u00eb shum\u00eb e mbyllur dhe se shum\u00eb shaka nuk i pranon. Ajo i thot\u00eb se do t\u00eb reagonte ndryshe p\u00ebr t\u00eb nj\u00ebjtat situata me t\u00eb.<\/p>\n","protected":false},"excerpt":{"rendered":"<p>02\/03\/09 12:15 Pavlini, Mesida dhe Lirita diskutojn\u00eb p\u00ebr tipat e banor\u00ebve dhe se si reagojn\u00eb n\u00eb momente t\u00eb ndryshme. Pavlini thot\u00eb se i p\u00eblqen q\u00eb t\u2019i njoh\u00eb banor\u00ebt se cfar\u00eb tipash kan\u00eb dhe k\u00ebt\u00eb mund ta b\u00ebjn\u00eb duke folur p\u00ebr njeri-tjetrin e duke qen\u00eb t\u00eb sinqert\u00eb n\u00eb ato q\u00eb thon\u00eb. Edhe Mesida mendon se duke [&hellip;]<\/p>\n","protected":false},"author":1,"featured_media":0,"comment_status":"open","ping_status":"closed","sticky":false,"template":"","format":"standard","meta":{"spay_email":"","jetpack_publicize_message":"","jetpack_is_tweetstorm":false,"jetpack_publicize_feature_enabled":true},"categories":[6502],"tags":[5057,6506,6712,7129,6567,7365,6540,6751,6891,6693,6887],"jetpack_publicize_connections":[],"yoast_head":"<!-- This site is optimized with the Yoast SEO plugin v19.1 - https:\/\/yoast.com\/wordpress\/plugins\/seo\/ -->\n<title>Pavlini, Mesida, Lirita : Komplimenti m\u00c3\u00ab ka cuar n\u00c3\u00ab nominim - Big Brother Albania<\/title>\n<meta name=\"description\" content=\"Big Brother Albania - Pavlini, Mesida dhe Lirita diskutojn\u00c3\u00ab p\u00c3\u00abr tipat e banor\u00c3\u00abve dhe se si reagojn\u00c3\u00ab n\u00c3\u00ab momente t\u00c3\u00ab ndryshme.\" \/>\n<meta name=\"robots\" content=\"index, follow, max-snippet:-1, max-image-preview:large, max-video-preview:-1\" \/>\n<link rel=\"canonical\" href=\"https:\/\/www.visit-ulcinj.com\/blog\/2009\/03\/05\/pavlini-mesida-lirita-komplimenti-me-ka-cuar-ne-nominim\/\" \/>\n<meta property=\"og:locale\" content=\"en_US\" \/>\n<meta property=\"og:type\" content=\"article\" \/>\n<meta property=\"og:title\" content=\"Pavlini, Mesida, Lirita : Komplimenti m\u00c3\u00ab ka cuar n\u00c3\u00ab nominim - Big Brother Albania\" \/>\n<meta property=\"og:description\" content=\"Big Brother Albania - Pavlini, Mesida dhe Lirita diskutojn\u00c3\u00ab p\u00c3\u00abr tipat e banor\u00c3\u00abve dhe se si reagojn\u00c3\u00ab n\u00c3\u00ab momente t\u00c3\u00ab ndryshme.\" \/>\n<meta property=\"og:url\" content=\"https:\/\/www.visit-ulcinj.com\/blog\/2009\/03\/05\/pavlini-mesida-lirita-komplimenti-me-ka-cuar-ne-nominim\/\" \/>\n<meta property=\"og:site_name\" content=\"Lajme nga Ulqini\" \/>\n<meta property=\"article:published_time\" content=\"2009-03-05T01:00:08+00:00\" \/>\n<meta property=\"article:modified_time\" content=\"2009-03-04T23:53:48+00:00\" \/>\n<meta property=\"og:image\" content=\"http:\/\/www.visit-ulcinj.com\/blog\/wp-content\/uploads\/2009\/03\/pavlinimesidalirita.jpg\" \/>\n<meta name=\"twitter:label1\" content=\"Written by\" \/>\n\t<meta name=\"twitter:data1\" content=\"ulqini\" \/>\n\t<meta name=\"twitter:label2\" content=\"Est. reading time\" \/>\n\t<meta name=\"twitter:data2\" content=\"2 minutes\" \/>\n<script type=\"application\/ld+json\" class=\"yoast-schema-graph\">{\"@context\":\"https:\/\/schema.org\",\"@graph\":[{\"@type\":\"WebSite\",\"@id\":\"https:\/\/www.visit-ulcinj.com\/blog\/#website\",\"url\":\"https:\/\/www.visit-ulcinj.com\/blog\/\",\"name\":\"Lajme nga Ulqini\",\"description\":\"Lajme,Vijesti,Ulqini,Ulqin,Crna Gora,Mali i Zi\",\"potentialAction\":[{\"@type\":\"SearchAction\",\"target\":{\"@type\":\"EntryPoint\",\"urlTemplate\":\"https:\/\/www.visit-ulcinj.com\/blog\/?s={search_term_string}\"},\"query-input\":\"required name=search_term_string\"}],\"inLanguage\":\"en-US\"},{\"@type\":\"ImageObject\",\"inLanguage\":\"en-US\",\"@id\":\"https:\/\/www.visit-ulcinj.com\/blog\/2009\/03\/05\/pavlini-mesida-lirita-komplimenti-me-ka-cuar-ne-nominim\/#primaryimage\",\"url\":\"http:\/\/www.visit-ulcinj.com\/blog\/wp-content\/uploads\/2009\/03\/pavlinimesidalirita.jpg\",\"contentUrl\":\"http:\/\/www.visit-ulcinj.com\/blog\/wp-content\/uploads\/2009\/03\/pavlinimesidalirita.jpg\"},{\"@type\":\"WebPage\",\"@id\":\"https:\/\/www.visit-ulcinj.com\/blog\/2009\/03\/05\/pavlini-mesida-lirita-komplimenti-me-ka-cuar-ne-nominim\/#webpage\",\"url\":\"https:\/\/www.visit-ulcinj.com\/blog\/2009\/03\/05\/pavlini-mesida-lirita-komplimenti-me-ka-cuar-ne-nominim\/\",\"name\":\"Pavlini, Mesida, Lirita : Komplimenti m\u00c3\u00ab ka cuar n\u00c3\u00ab nominim - Big Brother Albania\",\"isPartOf\":{\"@id\":\"https:\/\/www.visit-ulcinj.com\/blog\/#website\"},\"primaryImageOfPage\":{\"@id\":\"https:\/\/www.visit-ulcinj.com\/blog\/2009\/03\/05\/pavlini-mesida-lirita-komplimenti-me-ka-cuar-ne-nominim\/#primaryimage\"},\"datePublished\":\"2009-03-05T01:00:08+00:00\",\"dateModified\":\"2009-03-04T23:53:48+00:00\",\"author\":{\"@id\":\"https:\/\/www.visit-ulcinj.com\/blog\/#\/schema\/person\/dcab619c614d3038751c63bc2aadc06d\"},\"description\":\"Big Brother Albania - Pavlini, Mesida dhe Lirita diskutojn\u00c3\u00ab p\u00c3\u00abr tipat e banor\u00c3\u00abve dhe se si reagojn\u00c3\u00ab n\u00c3\u00ab momente t\u00c3\u00ab ndryshme.\",\"breadcrumb\":{\"@id\":\"https:\/\/www.visit-ulcinj.com\/blog\/2009\/03\/05\/pavlini-mesida-lirita-komplimenti-me-ka-cuar-ne-nominim\/#breadcrumb\"},\"inLanguage\":\"en-US\",\"potentialAction\":[{\"@type\":\"ReadAction\",\"target\":[\"https:\/\/www.visit-ulcinj.com\/blog\/2009\/03\/05\/pavlini-mesida-lirita-komplimenti-me-ka-cuar-ne-nominim\/\"]}]},{\"@type\":\"BreadcrumbList\",\"@id\":\"https:\/\/www.visit-ulcinj.com\/blog\/2009\/03\/05\/pavlini-mesida-lirita-komplimenti-me-ka-cuar-ne-nominim\/#breadcrumb\",\"itemListElement\":[{\"@type\":\"ListItem\",\"position\":1,\"name\":\"Pavlini, Mesida, Lirita : Komplimenti m\u00eb ka cuar n\u00eb nominim\"}]},{\"@type\":\"Person\",\"@id\":\"https:\/\/www.visit-ulcinj.com\/blog\/#\/schema\/person\/dcab619c614d3038751c63bc2aadc06d\",\"name\":\"ulqini\",\"sameAs\":[\"http:\/\/www.visit-ulcinj.com\"],\"url\":\"https:\/\/www.visit-ulcinj.com\/blog\/author\/admin\/\"}]}<\/script>\n<!-- \/ Yoast SEO plugin. -->","yoast_head_json":{"title":"Pavlini, Mesida, Lirita : Komplimenti m\u00c3\u00ab ka cuar n\u00c3\u00ab nominim - Big Brother Albania","description":"Big Brother Albania - Pavlini, Mesida dhe Lirita diskutojn\u00c3\u00ab p\u00c3\u00abr tipat e banor\u00c3\u00abve dhe se si reagojn\u00c3\u00ab n\u00c3\u00ab momente t\u00c3\u00ab ndryshme.","robots":{"index":"index","follow":"follow","max-snippet":"max-snippet:-1","max-image-preview":"max-image-preview:large","max-video-preview":"max-video-preview:-1"},"canonical":"https:\/\/www.visit-ulcinj.com\/blog\/2009\/03\/05\/pavlini-mesida-lirita-komplimenti-me-ka-cuar-ne-nominim\/","og_locale":"en_US","og_type":"article","og_title":"Pavlini, Mesida, Lirita : Komplimenti m\u00c3\u00ab ka cuar n\u00c3\u00ab nominim - Big Brother Albania","og_description":"Big Brother Albania - Pavlini, Mesida dhe Lirita diskutojn\u00c3\u00ab p\u00c3\u00abr tipat e banor\u00c3\u00abve dhe se si reagojn\u00c3\u00ab n\u00c3\u00ab momente t\u00c3\u00ab ndryshme.","og_url":"https:\/\/www.visit-ulcinj.com\/blog\/2009\/03\/05\/pavlini-mesida-lirita-komplimenti-me-ka-cuar-ne-nominim\/","og_site_name":"Lajme nga Ulqini","article_published_time":"2009-03-05T01:00:08+00:00","article_modified_time":"2009-03-04T23:53:48+00:00","og_image":[{"url":"http:\/\/www.visit-ulcinj.com\/blog\/wp-content\/uploads\/2009\/03\/pavlinimesidalirita.jpg"}],"twitter_misc":{"Written by":"ulqini","Est. reading time":"2 minutes"},"schema":{"@context":"https:\/\/schema.org","@graph":[{"@type":"WebSite","@id":"https:\/\/www.visit-ulcinj.com\/blog\/#website","url":"https:\/\/www.visit-ulcinj.com\/blog\/","name":"Lajme nga Ulqini","description":"Lajme,Vijesti,Ulqini,Ulqin,Crna Gora,Mali i Zi","potentialAction":[{"@type":"SearchAction","target":{"@type":"EntryPoint","urlTemplate":"https:\/\/www.visit-ulcinj.com\/blog\/?s={search_term_string}"},"query-input":"required name=search_term_string"}],"inLanguage":"en-US"},{"@type":"ImageObject","inLanguage":"en-US","@id":"https:\/\/www.visit-ulcinj.com\/blog\/2009\/03\/05\/pavlini-mesida-lirita-komplimenti-me-ka-cuar-ne-nominim\/#primaryimage","url":"http:\/\/www.visit-ulcinj.com\/blog\/wp-content\/uploads\/2009\/03\/pavlinimesidalirita.jpg","contentUrl":"http:\/\/www.visit-ulcinj.com\/blog\/wp-content\/uploads\/2009\/03\/pavlinimesidalirita.jpg"},{"@type":"WebPage","@id":"https:\/\/www.visit-ulcinj.com\/blog\/2009\/03\/05\/pavlini-mesida-lirita-komplimenti-me-ka-cuar-ne-nominim\/#webpage","url":"https:\/\/www.visit-ulcinj.com\/blog\/2009\/03\/05\/pavlini-mesida-lirita-komplimenti-me-ka-cuar-ne-nominim\/","name":"Pavlini, Mesida, Lirita : Komplimenti m\u00c3\u00ab ka cuar n\u00c3\u00ab nominim - Big Brother Albania","isPartOf":{"@id":"https:\/\/www.visit-ulcinj.com\/blog\/#website"},"primaryImageOfPage":{"@id":"https:\/\/www.visit-ulcinj.com\/blog\/2009\/03\/05\/pavlini-mesida-lirita-komplimenti-me-ka-cuar-ne-nominim\/#primaryimage"},"datePublished":"2009-03-05T01:00:08+00:00","dateModified":"2009-03-04T23:53:48+00:00","author":{"@id":"https:\/\/www.visit-ulcinj.com\/blog\/#\/schema\/person\/dcab619c614d3038751c63bc2aadc06d"},"description":"Big Brother Albania - Pavlini, Mesida dhe Lirita diskutojn\u00c3\u00ab p\u00c3\u00abr tipat e banor\u00c3\u00abve dhe se si reagojn\u00c3\u00ab n\u00c3\u00ab momente t\u00c3\u00ab ndryshme.","breadcrumb":{"@id":"https:\/\/www.visit-ulcinj.com\/blog\/2009\/03\/05\/pavlini-mesida-lirita-komplimenti-me-ka-cuar-ne-nominim\/#breadcrumb"},"inLanguage":"en-US","potentialAction":[{"@type":"ReadAction","target":["https:\/\/www.visit-ulcinj.com\/blog\/2009\/03\/05\/pavlini-mesida-lirita-komplimenti-me-ka-cuar-ne-nominim\/"]}]},{"@type":"BreadcrumbList","@id":"https:\/\/www.visit-ulcinj.com\/blog\/2009\/03\/05\/pavlini-mesida-lirita-komplimenti-me-ka-cuar-ne-nominim\/#breadcrumb","itemListElement":[{"@type":"ListItem","position":1,"name":"Pavlini, Mesida, Lirita : Komplimenti m\u00eb ka cuar n\u00eb nominim"}]},{"@type":"Person","@id":"https:\/\/www.visit-ulcinj.com\/blog\/#\/schema\/person\/dcab619c614d3038751c63bc2aadc06d","name":"ulqini","sameAs":["http:\/\/www.visit-ulcinj.com"],"url":"https:\/\/www.visit-ulcinj.com\/blog\/author\/admin\/"}]}},"jetpack_featured_media_url":"","jetpack_sharing_enabled":true,"jetpack_shortlink":"https:\/\/wp.me\/pe6lTn-3lV","_links":{"self":[{"href":"https:\/\/www.visit-ulcinj.com\/blog\/wp-json\/wp\/v2\/posts\/12891"}],"collection":[{"href":"https:\/\/www.visit-ulcinj.com\/blog\/wp-json\/wp\/v2\/posts"}],"about":[{"href":"https:\/\/www.visit-ulcinj.com\/blog\/wp-json\/wp\/v2\/types\/post"}],"author":[{"embeddable":true,"href":"https:\/\/www.visit-ulcinj.com\/blog\/wp-json\/wp\/v2\/users\/1"}],"replies":[{"embeddable":true,"href":"https:\/\/www.visit-ulcinj.com\/blog\/wp-json\/wp\/v2\/comments?post=12891"}],"version-history":[{"count":0,"href":"https:\/\/www.visit-ulcinj.com\/blog\/wp-json\/wp\/v2\/posts\/12891\/revisions"}],"wp:attachment":[{"href":"https:\/\/www.visit-ulcinj.com\/blog\/wp-json\/wp\/v2\/media?parent=12891"}],"wp:term":[{"taxonomy":"category","embeddable":true,"href":"https:\/\/www.visit-ulcinj.com\/blog\/wp-json\/wp\/v2\/categories?post=12891"},{"taxonomy":"post_tag","embeddable":true,"href":"https:\/\/www.visit-ulcinj.com\/blog\/wp-json\/wp\/v2\/tags?post=12891"}],"curies":[{"name":"wp","href":"https:\/\/api.w.org\/{rel}","templated":true}]}}