{"id":12896,"date":"2009-03-05T04:00:46","date_gmt":"2009-03-05T03:00:46","guid":{"rendered":"http:\/\/www.visit-ulcinj.com\/blog\/?p=12896"},"modified":"2009-03-05T01:00:54","modified_gmt":"2009-03-05T00:00:54","slug":"mimota-dhe-bika-ajo-eshte-xheloze","status":"publish","type":"post","link":"https:\/\/www.visit-ulcinj.com\/blog\/2009\/03\/05\/mimota-dhe-bika-ajo-eshte-xheloze\/","title":{"rendered":"Mimota dhe Bika : Ajo \u00ebsht\u00eb xheloze!"},"content":{"rendered":"<p><em><span class=\"newsdate\"><span style=\"font-style: normal;\"><a href=\"http:\/\/www.visit-ulcinj.com\/blog\/wp-content\/uploads\/2009\/03\/moza-dhe-bika.jpg\"><img loading=\"lazy\" class=\"alignleft size-full wp-image-12897\" title=\"moza-dhe-bika-big-brother-albania\" src=\"http:\/\/www.visit-ulcinj.com\/blog\/wp-content\/uploads\/2009\/03\/moza-dhe-bika.jpg\" alt=\"moza-dhe-bika-big-brother-albania\" width=\"300\" height=\"205\" \/><\/a><\/span>02\/03\/09 19:30<\/span><\/em><\/p>\n<p>Republika dhe Mimoza duke q\u00ebndruar n\u00eb kop\u00ebsht fillojn\u00eb diskutojn\u00eb p\u00ebr sjelljen e Adelajdes n\u00eb lidhje me Bjordin. Republika shpreh nj\u00eb lloj acarimi q\u00eb ka filluar t\u00eb ndjej\u00eb karshi Adel\u00ebs n\u00eb lidhje me Bjordin pasi duket sikur e p\u00eblqen dhe nuk e pranon. Ajo thot\u00eb se k\u00ebt\u00eb p\u00ebrshtypje ka dh\u00ebn\u00eb brenda n\u00eb sht\u00ebpi tek t\u00eb gjith\u00eb. Mimoza mundohet ta justifikoj\u00eb sjelljen e Adel\u00ebs me faktin q\u00eb ndoshta nuk shprehet p\u00ebr vet\u00eb situat\u00ebn q\u00eb ka ajo jasht\u00eb. Ajo thot\u00eb se ajo cka nuk p\u00eblqen tek Adela \u00ebsht\u00eb fakti q\u00eb ajo flet p\u00ebr njer\u00ebzit e tjer\u00eb dhe nuk shikon veten e saj. Republika shprehet se Adela ka dal\u00eb nga tipi i saj nuk \u00ebsht\u00eb ai person q\u00eb ka njohur q\u00eb n\u00eb fillim dhe del ndryshe nga ato q\u00eb thot\u00eb. Ajo thot\u00eb q\u00eb nuk i p\u00eblqen fakti se p\u00ebr cdo situat\u00eb ajo k\u00ebrkon aprovimin e Dritanit, pasi cdo person duhet t\u00eb shpreh mendimin e vet. Mimoza shprehet se ka v\u00ebn\u00eb re nj\u00eb lloj distancimi t\u00eb Adelajd\u00ebs k\u00ebto dit\u00ebt e fundit. Republika thot\u00eb se dhe ajo e ka v\u00ebn\u00eb re k\u00ebt\u00eb gj\u00eb dhe kjo lidhet me faktin se Adelajda \u00ebsht\u00eb xheloze per Mimoz\u00ebn.K\u00ebt\u00eb gj\u00eb ajo e ka v\u00ebn\u00eb re n\u00eb lidhje me veshjen,fzikun p\u00ebr shum\u00eb gj\u00ebra. Bika i thot\u00eb se Adelajda do q\u00eb ti ngjaj\u00eb Mimoz\u00ebs.<\/p>\n","protected":false},"excerpt":{"rendered":"<p>02\/03\/09 19:30 Republika dhe Mimoza duke q\u00ebndruar n\u00eb kop\u00ebsht fillojn\u00eb diskutojn\u00eb p\u00ebr sjelljen e Adelajdes n\u00eb lidhje me Bjordin. Republika shpreh nj\u00eb lloj acarimi q\u00eb ka filluar t\u00eb ndjej\u00eb karshi Adel\u00ebs n\u00eb lidhje me Bjordin pasi duket sikur e p\u00eblqen dhe nuk e pranon. Ajo thot\u00eb se k\u00ebt\u00eb p\u00ebrshtypje ka dh\u00ebn\u00eb brenda n\u00eb sht\u00ebpi tek [&hellip;]<\/p>\n","protected":false},"author":1,"featured_media":0,"comment_status":"open","ping_status":"closed","sticky":false,"template":"","format":"standard","meta":{"spay_email":"","jetpack_publicize_message":"","jetpack_is_tweetstorm":false,"jetpack_publicize_feature_enabled":true},"categories":[6502],"tags":[5057,6506,6712,7129,6665,6568,262,6891,6693,6887],"jetpack_publicize_connections":[],"yoast_head":"<!-- This site is optimized with the Yoast SEO plugin v19.1 - https:\/\/yoast.com\/wordpress\/plugins\/seo\/ -->\n<title>Mimota dhe Bika : Ajo \u00c3\u00absht\u00c3\u00ab xheloze! - Big Brother Albania<\/title>\n<meta name=\"description\" content=\"Big Brother Albania - Republika dhe Mimoza duke q\u00c3\u00abndruar n\u00c3\u00ab kop\u00c3\u00absht fillojn\u00c3\u00ab diskutojn\u00c3\u00ab p\u00c3\u00abr sjelljen e Adelajdes n\u00c3\u00ab lidhje me Bjordin.\" \/>\n<meta name=\"robots\" content=\"index, follow, max-snippet:-1, max-image-preview:large, max-video-preview:-1\" \/>\n<link rel=\"canonical\" href=\"https:\/\/www.visit-ulcinj.com\/blog\/2009\/03\/05\/mimota-dhe-bika-ajo-eshte-xheloze\/\" \/>\n<meta property=\"og:locale\" content=\"en_US\" \/>\n<meta property=\"og:type\" content=\"article\" \/>\n<meta property=\"og:title\" content=\"Mimota dhe Bika : Ajo \u00c3\u00absht\u00c3\u00ab xheloze! - Big Brother Albania\" \/>\n<meta property=\"og:description\" content=\"Big Brother Albania - Republika dhe Mimoza duke q\u00c3\u00abndruar n\u00c3\u00ab kop\u00c3\u00absht fillojn\u00c3\u00ab diskutojn\u00c3\u00ab p\u00c3\u00abr sjelljen e Adelajdes n\u00c3\u00ab lidhje me Bjordin.\" \/>\n<meta property=\"og:url\" content=\"https:\/\/www.visit-ulcinj.com\/blog\/2009\/03\/05\/mimota-dhe-bika-ajo-eshte-xheloze\/\" \/>\n<meta property=\"og:site_name\" content=\"Lajme nga Ulqini\" \/>\n<meta property=\"article:published_time\" content=\"2009-03-05T03:00:46+00:00\" \/>\n<meta property=\"article:modified_time\" content=\"2009-03-05T00:00:54+00:00\" \/>\n<meta property=\"og:image\" content=\"http:\/\/www.visit-ulcinj.com\/blog\/wp-content\/uploads\/2009\/03\/moza-dhe-bika.jpg\" \/>\n<meta name=\"twitter:label1\" content=\"Written by\" \/>\n\t<meta name=\"twitter:data1\" content=\"ulqini\" \/>\n\t<meta name=\"twitter:label2\" content=\"Est. reading time\" \/>\n\t<meta name=\"twitter:data2\" content=\"1 minute\" \/>\n<script type=\"application\/ld+json\" class=\"yoast-schema-graph\">{\"@context\":\"https:\/\/schema.org\",\"@graph\":[{\"@type\":\"WebSite\",\"@id\":\"https:\/\/www.visit-ulcinj.com\/blog\/#website\",\"url\":\"https:\/\/www.visit-ulcinj.com\/blog\/\",\"name\":\"Lajme nga Ulqini\",\"description\":\"Lajme,Vijesti,Ulqini,Ulqin,Crna Gora,Mali i Zi\",\"potentialAction\":[{\"@type\":\"SearchAction\",\"target\":{\"@type\":\"EntryPoint\",\"urlTemplate\":\"https:\/\/www.visit-ulcinj.com\/blog\/?s={search_term_string}\"},\"query-input\":\"required name=search_term_string\"}],\"inLanguage\":\"en-US\"},{\"@type\":\"ImageObject\",\"inLanguage\":\"en-US\",\"@id\":\"https:\/\/www.visit-ulcinj.com\/blog\/2009\/03\/05\/mimota-dhe-bika-ajo-eshte-xheloze\/#primaryimage\",\"url\":\"http:\/\/www.visit-ulcinj.com\/blog\/wp-content\/uploads\/2009\/03\/moza-dhe-bika.jpg\",\"contentUrl\":\"http:\/\/www.visit-ulcinj.com\/blog\/wp-content\/uploads\/2009\/03\/moza-dhe-bika.jpg\"},{\"@type\":\"WebPage\",\"@id\":\"https:\/\/www.visit-ulcinj.com\/blog\/2009\/03\/05\/mimota-dhe-bika-ajo-eshte-xheloze\/#webpage\",\"url\":\"https:\/\/www.visit-ulcinj.com\/blog\/2009\/03\/05\/mimota-dhe-bika-ajo-eshte-xheloze\/\",\"name\":\"Mimota dhe Bika : Ajo \u00c3\u00absht\u00c3\u00ab xheloze! - Big Brother Albania\",\"isPartOf\":{\"@id\":\"https:\/\/www.visit-ulcinj.com\/blog\/#website\"},\"primaryImageOfPage\":{\"@id\":\"https:\/\/www.visit-ulcinj.com\/blog\/2009\/03\/05\/mimota-dhe-bika-ajo-eshte-xheloze\/#primaryimage\"},\"datePublished\":\"2009-03-05T03:00:46+00:00\",\"dateModified\":\"2009-03-05T00:00:54+00:00\",\"author\":{\"@id\":\"https:\/\/www.visit-ulcinj.com\/blog\/#\/schema\/person\/dcab619c614d3038751c63bc2aadc06d\"},\"description\":\"Big Brother Albania - Republika dhe Mimoza duke q\u00c3\u00abndruar n\u00c3\u00ab kop\u00c3\u00absht fillojn\u00c3\u00ab diskutojn\u00c3\u00ab p\u00c3\u00abr sjelljen e Adelajdes n\u00c3\u00ab lidhje me Bjordin.\",\"breadcrumb\":{\"@id\":\"https:\/\/www.visit-ulcinj.com\/blog\/2009\/03\/05\/mimota-dhe-bika-ajo-eshte-xheloze\/#breadcrumb\"},\"inLanguage\":\"en-US\",\"potentialAction\":[{\"@type\":\"ReadAction\",\"target\":[\"https:\/\/www.visit-ulcinj.com\/blog\/2009\/03\/05\/mimota-dhe-bika-ajo-eshte-xheloze\/\"]}]},{\"@type\":\"BreadcrumbList\",\"@id\":\"https:\/\/www.visit-ulcinj.com\/blog\/2009\/03\/05\/mimota-dhe-bika-ajo-eshte-xheloze\/#breadcrumb\",\"itemListElement\":[{\"@type\":\"ListItem\",\"position\":1,\"name\":\"Mimota dhe Bika : Ajo \u00ebsht\u00eb xheloze!\"}]},{\"@type\":\"Person\",\"@id\":\"https:\/\/www.visit-ulcinj.com\/blog\/#\/schema\/person\/dcab619c614d3038751c63bc2aadc06d\",\"name\":\"ulqini\",\"sameAs\":[\"http:\/\/www.visit-ulcinj.com\"],\"url\":\"https:\/\/www.visit-ulcinj.com\/blog\/author\/admin\/\"}]}<\/script>\n<!-- \/ Yoast SEO plugin. -->","yoast_head_json":{"title":"Mimota dhe Bika : Ajo \u00c3\u00absht\u00c3\u00ab xheloze! - Big Brother Albania","description":"Big Brother Albania - Republika dhe Mimoza duke q\u00c3\u00abndruar n\u00c3\u00ab kop\u00c3\u00absht fillojn\u00c3\u00ab diskutojn\u00c3\u00ab p\u00c3\u00abr sjelljen e Adelajdes n\u00c3\u00ab lidhje me Bjordin.","robots":{"index":"index","follow":"follow","max-snippet":"max-snippet:-1","max-image-preview":"max-image-preview:large","max-video-preview":"max-video-preview:-1"},"canonical":"https:\/\/www.visit-ulcinj.com\/blog\/2009\/03\/05\/mimota-dhe-bika-ajo-eshte-xheloze\/","og_locale":"en_US","og_type":"article","og_title":"Mimota dhe Bika : Ajo \u00c3\u00absht\u00c3\u00ab xheloze! - Big Brother Albania","og_description":"Big Brother Albania - Republika dhe Mimoza duke q\u00c3\u00abndruar n\u00c3\u00ab kop\u00c3\u00absht fillojn\u00c3\u00ab diskutojn\u00c3\u00ab p\u00c3\u00abr sjelljen e Adelajdes n\u00c3\u00ab lidhje me Bjordin.","og_url":"https:\/\/www.visit-ulcinj.com\/blog\/2009\/03\/05\/mimota-dhe-bika-ajo-eshte-xheloze\/","og_site_name":"Lajme nga Ulqini","article_published_time":"2009-03-05T03:00:46+00:00","article_modified_time":"2009-03-05T00:00:54+00:00","og_image":[{"url":"http:\/\/www.visit-ulcinj.com\/blog\/wp-content\/uploads\/2009\/03\/moza-dhe-bika.jpg"}],"twitter_misc":{"Written by":"ulqini","Est. reading time":"1 minute"},"schema":{"@context":"https:\/\/schema.org","@graph":[{"@type":"WebSite","@id":"https:\/\/www.visit-ulcinj.com\/blog\/#website","url":"https:\/\/www.visit-ulcinj.com\/blog\/","name":"Lajme nga Ulqini","description":"Lajme,Vijesti,Ulqini,Ulqin,Crna Gora,Mali i Zi","potentialAction":[{"@type":"SearchAction","target":{"@type":"EntryPoint","urlTemplate":"https:\/\/www.visit-ulcinj.com\/blog\/?s={search_term_string}"},"query-input":"required name=search_term_string"}],"inLanguage":"en-US"},{"@type":"ImageObject","inLanguage":"en-US","@id":"https:\/\/www.visit-ulcinj.com\/blog\/2009\/03\/05\/mimota-dhe-bika-ajo-eshte-xheloze\/#primaryimage","url":"http:\/\/www.visit-ulcinj.com\/blog\/wp-content\/uploads\/2009\/03\/moza-dhe-bika.jpg","contentUrl":"http:\/\/www.visit-ulcinj.com\/blog\/wp-content\/uploads\/2009\/03\/moza-dhe-bika.jpg"},{"@type":"WebPage","@id":"https:\/\/www.visit-ulcinj.com\/blog\/2009\/03\/05\/mimota-dhe-bika-ajo-eshte-xheloze\/#webpage","url":"https:\/\/www.visit-ulcinj.com\/blog\/2009\/03\/05\/mimota-dhe-bika-ajo-eshte-xheloze\/","name":"Mimota dhe Bika : Ajo \u00c3\u00absht\u00c3\u00ab xheloze! - Big Brother Albania","isPartOf":{"@id":"https:\/\/www.visit-ulcinj.com\/blog\/#website"},"primaryImageOfPage":{"@id":"https:\/\/www.visit-ulcinj.com\/blog\/2009\/03\/05\/mimota-dhe-bika-ajo-eshte-xheloze\/#primaryimage"},"datePublished":"2009-03-05T03:00:46+00:00","dateModified":"2009-03-05T00:00:54+00:00","author":{"@id":"https:\/\/www.visit-ulcinj.com\/blog\/#\/schema\/person\/dcab619c614d3038751c63bc2aadc06d"},"description":"Big Brother Albania - Republika dhe Mimoza duke q\u00c3\u00abndruar n\u00c3\u00ab kop\u00c3\u00absht fillojn\u00c3\u00ab diskutojn\u00c3\u00ab p\u00c3\u00abr sjelljen e Adelajdes n\u00c3\u00ab lidhje me Bjordin.","breadcrumb":{"@id":"https:\/\/www.visit-ulcinj.com\/blog\/2009\/03\/05\/mimota-dhe-bika-ajo-eshte-xheloze\/#breadcrumb"},"inLanguage":"en-US","potentialAction":[{"@type":"ReadAction","target":["https:\/\/www.visit-ulcinj.com\/blog\/2009\/03\/05\/mimota-dhe-bika-ajo-eshte-xheloze\/"]}]},{"@type":"BreadcrumbList","@id":"https:\/\/www.visit-ulcinj.com\/blog\/2009\/03\/05\/mimota-dhe-bika-ajo-eshte-xheloze\/#breadcrumb","itemListElement":[{"@type":"ListItem","position":1,"name":"Mimota dhe Bika : Ajo \u00ebsht\u00eb xheloze!"}]},{"@type":"Person","@id":"https:\/\/www.visit-ulcinj.com\/blog\/#\/schema\/person\/dcab619c614d3038751c63bc2aadc06d","name":"ulqini","sameAs":["http:\/\/www.visit-ulcinj.com"],"url":"https:\/\/www.visit-ulcinj.com\/blog\/author\/admin\/"}]}},"jetpack_featured_media_url":"","jetpack_sharing_enabled":true,"jetpack_shortlink":"https:\/\/wp.me\/pe6lTn-3m0","_links":{"self":[{"href":"https:\/\/www.visit-ulcinj.com\/blog\/wp-json\/wp\/v2\/posts\/12896"}],"collection":[{"href":"https:\/\/www.visit-ulcinj.com\/blog\/wp-json\/wp\/v2\/posts"}],"about":[{"href":"https:\/\/www.visit-ulcinj.com\/blog\/wp-json\/wp\/v2\/types\/post"}],"author":[{"embeddable":true,"href":"https:\/\/www.visit-ulcinj.com\/blog\/wp-json\/wp\/v2\/users\/1"}],"replies":[{"embeddable":true,"href":"https:\/\/www.visit-ulcinj.com\/blog\/wp-json\/wp\/v2\/comments?post=12896"}],"version-history":[{"count":0,"href":"https:\/\/www.visit-ulcinj.com\/blog\/wp-json\/wp\/v2\/posts\/12896\/revisions"}],"wp:attachment":[{"href":"https:\/\/www.visit-ulcinj.com\/blog\/wp-json\/wp\/v2\/media?parent=12896"}],"wp:term":[{"taxonomy":"category","embeddable":true,"href":"https:\/\/www.visit-ulcinj.com\/blog\/wp-json\/wp\/v2\/categories?post=12896"},{"taxonomy":"post_tag","embeddable":true,"href":"https:\/\/www.visit-ulcinj.com\/blog\/wp-json\/wp\/v2\/tags?post=12896"}],"curies":[{"name":"wp","href":"https:\/\/api.w.org\/{rel}","templated":true}]}}