{"id":12930,"date":"2009-03-05T20:19:48","date_gmt":"2009-03-05T19:19:48","guid":{"rendered":"http:\/\/www.visit-ulcinj.com\/blog\/?p=12930"},"modified":"2009-03-05T20:20:43","modified_gmt":"2009-03-05T19:20:43","slug":"ne-mal-te-zi-shqiptaret-te-kenaqur-me-bashkejetesa","status":"publish","type":"post","link":"https:\/\/www.visit-ulcinj.com\/blog\/2009\/03\/05\/ne-mal-te-zi-shqiptaret-te-kenaqur-me-bashkejetesa\/","title":{"rendered":"N\u00eb Mal t\u00eb Zi, shqiptar\u00ebt t\u00eb k\u00ebnaqur me bashk\u00ebjetes"},"content":{"rendered":"<p><a href=\"http:\/\/www.visit-ulcinj.com\/blog\/wp-content\/uploads\/2009\/03\/fuad-nimani_seance-te-okb-se-ne-gjeneve.jpg\"><img loading=\"lazy\" class=\"alignleft size-full wp-image-12931\" title=\"fuad-nimani_seance-te-okb-se-ne-gjeneve\" src=\"http:\/\/www.visit-ulcinj.com\/blog\/wp-content\/uploads\/2009\/03\/fuad-nimani_seance-te-okb-se-ne-gjeneve.jpg\" alt=\"fuad-nimani_seance-te-okb-se-ne-gjeneve\" width=\"570\" height=\"400\" \/><\/a>Shqiptar\u00ebt n\u00eb Mal t\u00eb Zi i respektojn\u00eb simbolet e tyre komb\u00ebtare dhe jan\u00eb b\u00ebr\u00eb pjes\u00eb e jet\u00ebs politike pa qene nevoja te marrin pushk\u00ebt e t\u00eb luftojn\u00eb, sikund\u00ebr b\u00ebn\u00eb kosovar\u00ebt, apo shqiptar\u00ebt n\u00eb Maqedoni.<br \/>\nFaktori shqiptar \u00ebsht\u00eb shprehur i k\u00ebnaqur me bashk\u00ebjetes\u00ebn me malazez\u00ebt, n\u00eb nj\u00eb seanc\u00eb t\u00eb OKB-s\u00eb n\u00eb Gjenev\u00eb p\u00ebr \u00e7\u00ebshtjet raciale n\u00eb Malin e Zi.<br \/>\nKomiteti kund\u00ebr diskriminimit racor shqyrtoi t\u00eb drejtat e njeriut n\u00eb Mal t\u00eb Zi dhe ekspert\u00ebt konstatuan se n\u00eb k\u00ebto vite t\u00eb shk\u00ebputjes nga Serbia, vendi e ka p\u00ebrmir\u00ebsuar imazhin, sidomos p\u00ebr pakicat.<br \/>\nMinistri p\u00ebr t\u00eb Drejtat e Njeriut, Fuat Nimani, tha n\u00eb Gjenev\u00eb se pavar\u00ebsia dhe funksionimi i shtetit juridik b\u00ebri q\u00eb minoritetet n\u00eb k\u00ebt\u00eb shtet t\u00eb jen\u00eb t\u00eb barabarta.<br \/>\nN\u00eb parlamentin 81 vendesh t\u00eb Podgoric\u00ebs 5 deputet\u00eb jan\u00eb shqiptar\u00eb, nd\u00ebrsa shqiptar\u00ebt q\u00eb p\u00ebrbejn\u00eb 7 perqind t\u00eb popullsis\u00eb ndihen t\u00eb mir\u00ebintegruar. Nimani tha se shqiptar\u00ebt e Malit t\u00eb Zi nuk dol\u00ebn ne male p\u00ebr flamur e t\u00eb drejta komb\u00ebtare, por i fituan ato me negociata me institucionet e Podgoric\u00ebs.<br \/>\nSot ne Mal te Zi lejohet p\u00ebrdorimi i simboleve dhe pritet q\u00eb kjo t\u00eb miratohet edhe nga parlamenti.<br \/>\n<strong>Top Channel<\/strong><\/p>\n","protected":false},"excerpt":{"rendered":"<p>Shqiptar\u00ebt n\u00eb Mal t\u00eb Zi i respektojn\u00eb simbolet e tyre komb\u00ebtare dhe jan\u00eb b\u00ebr\u00eb pjes\u00eb e jet\u00ebs politike pa qene nevoja te marrin pushk\u00ebt e t\u00eb luftojn\u00eb, sikund\u00ebr b\u00ebn\u00eb kosovar\u00ebt, apo shqiptar\u00ebt n\u00eb Maqedoni. Faktori shqiptar \u00ebsht\u00eb shprehur i k\u00ebnaqur me bashk\u00ebjetes\u00ebn me malazez\u00ebt, n\u00eb nj\u00eb seanc\u00eb t\u00eb OKB-s\u00eb n\u00eb Gjenev\u00eb p\u00ebr \u00e7\u00ebshtjet raciale n\u00eb [&hellip;]<\/p>\n","protected":false},"author":1,"featured_media":0,"comment_status":"open","ping_status":"closed","sticky":false,"template":"","format":"standard","meta":{"spay_email":"","jetpack_publicize_message":"","jetpack_is_tweetstorm":false,"jetpack_publicize_feature_enabled":true},"categories":[5],"tags":[7498,329,7496,7500,7499,7501,7497],"jetpack_publicize_connections":[],"yoast_head":"<!-- This site is optimized with the Yoast SEO plugin v19.1 - https:\/\/yoast.com\/wordpress\/plugins\/seo\/ -->\n<title>N\u00eb Mal t\u00eb Zi, shqiptar\u00ebt t\u00eb k\u00ebnaqur me bashk\u00ebjetes - Lajme nga Ulqini<\/title>\n<meta name=\"description\" content=\"Shqiptar\u00ebt n\u00eb Mal t\u00eb Zi i respektojn\u00eb simbolet e tyre komb\u00ebtare dhe jan\u00eb b\u00ebr\u00eb pjes\u00eb e jet\u00ebs politike pa qene nevoja te marrin pushk\u00ebt e t\u00eb luftojn\u00eb,\" \/>\n<meta name=\"robots\" content=\"index, follow, max-snippet:-1, max-image-preview:large, max-video-preview:-1\" \/>\n<link rel=\"canonical\" href=\"https:\/\/www.visit-ulcinj.com\/blog\/2009\/03\/05\/ne-mal-te-zi-shqiptaret-te-kenaqur-me-bashkejetesa\/\" \/>\n<meta property=\"og:locale\" content=\"en_US\" \/>\n<meta property=\"og:type\" content=\"article\" \/>\n<meta property=\"og:title\" content=\"N\u00eb Mal t\u00eb Zi, shqiptar\u00ebt t\u00eb k\u00ebnaqur me bashk\u00ebjetes - Lajme nga Ulqini\" \/>\n<meta property=\"og:description\" content=\"Shqiptar\u00ebt n\u00eb Mal t\u00eb Zi i respektojn\u00eb simbolet e tyre komb\u00ebtare dhe jan\u00eb b\u00ebr\u00eb pjes\u00eb e jet\u00ebs politike pa qene nevoja te marrin pushk\u00ebt e t\u00eb luftojn\u00eb,\" \/>\n<meta property=\"og:url\" content=\"https:\/\/www.visit-ulcinj.com\/blog\/2009\/03\/05\/ne-mal-te-zi-shqiptaret-te-kenaqur-me-bashkejetesa\/\" \/>\n<meta property=\"og:site_name\" content=\"Lajme nga Ulqini\" \/>\n<meta property=\"article:published_time\" content=\"2009-03-05T19:19:48+00:00\" \/>\n<meta property=\"article:modified_time\" content=\"2009-03-05T19:20:43+00:00\" \/>\n<meta property=\"og:image\" content=\"http:\/\/www.visit-ulcinj.com\/blog\/wp-content\/uploads\/2009\/03\/fuad-nimani_seance-te-okb-se-ne-gjeneve.jpg\" \/>\n<meta name=\"twitter:label1\" content=\"Written by\" \/>\n\t<meta name=\"twitter:data1\" content=\"ulqini\" \/>\n\t<meta name=\"twitter:label2\" content=\"Est. reading time\" \/>\n\t<meta name=\"twitter:data2\" content=\"1 minute\" \/>\n<script type=\"application\/ld+json\" class=\"yoast-schema-graph\">{\"@context\":\"https:\/\/schema.org\",\"@graph\":[{\"@type\":\"WebSite\",\"@id\":\"https:\/\/www.visit-ulcinj.com\/blog\/#website\",\"url\":\"https:\/\/www.visit-ulcinj.com\/blog\/\",\"name\":\"Lajme nga Ulqini\",\"description\":\"Lajme,Vijesti,Ulqini,Ulqin,Crna Gora,Mali i Zi\",\"potentialAction\":[{\"@type\":\"SearchAction\",\"target\":{\"@type\":\"EntryPoint\",\"urlTemplate\":\"https:\/\/www.visit-ulcinj.com\/blog\/?s={search_term_string}\"},\"query-input\":\"required name=search_term_string\"}],\"inLanguage\":\"en-US\"},{\"@type\":\"ImageObject\",\"inLanguage\":\"en-US\",\"@id\":\"https:\/\/www.visit-ulcinj.com\/blog\/2009\/03\/05\/ne-mal-te-zi-shqiptaret-te-kenaqur-me-bashkejetesa\/#primaryimage\",\"url\":\"https:\/\/www.visit-ulcinj.com\/blog\/wp-content\/uploads\/2009\/03\/fuad-nimani_seance-te-okb-se-ne-gjeneve.jpg\",\"contentUrl\":\"https:\/\/www.visit-ulcinj.com\/blog\/wp-content\/uploads\/2009\/03\/fuad-nimani_seance-te-okb-se-ne-gjeneve.jpg\",\"width\":\"640\",\"height\":\"480\"},{\"@type\":\"WebPage\",\"@id\":\"https:\/\/www.visit-ulcinj.com\/blog\/2009\/03\/05\/ne-mal-te-zi-shqiptaret-te-kenaqur-me-bashkejetesa\/#webpage\",\"url\":\"https:\/\/www.visit-ulcinj.com\/blog\/2009\/03\/05\/ne-mal-te-zi-shqiptaret-te-kenaqur-me-bashkejetesa\/\",\"name\":\"N\u00eb Mal t\u00eb Zi, shqiptar\u00ebt t\u00eb k\u00ebnaqur me bashk\u00ebjetes - Lajme nga Ulqini\",\"isPartOf\":{\"@id\":\"https:\/\/www.visit-ulcinj.com\/blog\/#website\"},\"primaryImageOfPage\":{\"@id\":\"https:\/\/www.visit-ulcinj.com\/blog\/2009\/03\/05\/ne-mal-te-zi-shqiptaret-te-kenaqur-me-bashkejetesa\/#primaryimage\"},\"datePublished\":\"2009-03-05T19:19:48+00:00\",\"dateModified\":\"2009-03-05T19:20:43+00:00\",\"author\":{\"@id\":\"https:\/\/www.visit-ulcinj.com\/blog\/#\/schema\/person\/dcab619c614d3038751c63bc2aadc06d\"},\"description\":\"Shqiptar\u00ebt n\u00eb Mal t\u00eb Zi i respektojn\u00eb simbolet e tyre komb\u00ebtare dhe jan\u00eb b\u00ebr\u00eb pjes\u00eb e jet\u00ebs politike pa qene nevoja te marrin pushk\u00ebt e t\u00eb luftojn\u00eb,\",\"breadcrumb\":{\"@id\":\"https:\/\/www.visit-ulcinj.com\/blog\/2009\/03\/05\/ne-mal-te-zi-shqiptaret-te-kenaqur-me-bashkejetesa\/#breadcrumb\"},\"inLanguage\":\"en-US\",\"potentialAction\":[{\"@type\":\"ReadAction\",\"target\":[\"https:\/\/www.visit-ulcinj.com\/blog\/2009\/03\/05\/ne-mal-te-zi-shqiptaret-te-kenaqur-me-bashkejetesa\/\"]}]},{\"@type\":\"BreadcrumbList\",\"@id\":\"https:\/\/www.visit-ulcinj.com\/blog\/2009\/03\/05\/ne-mal-te-zi-shqiptaret-te-kenaqur-me-bashkejetesa\/#breadcrumb\",\"itemListElement\":[{\"@type\":\"ListItem\",\"position\":1,\"name\":\"N\u00eb Mal t\u00eb Zi, shqiptar\u00ebt t\u00eb k\u00ebnaqur me bashk\u00ebjetes\"}]},{\"@type\":\"Person\",\"@id\":\"https:\/\/www.visit-ulcinj.com\/blog\/#\/schema\/person\/dcab619c614d3038751c63bc2aadc06d\",\"name\":\"ulqini\",\"sameAs\":[\"http:\/\/www.visit-ulcinj.com\"],\"url\":\"https:\/\/www.visit-ulcinj.com\/blog\/author\/admin\/\"}]}<\/script>\n<!-- \/ Yoast SEO plugin. -->","yoast_head_json":{"title":"N\u00eb Mal t\u00eb Zi, shqiptar\u00ebt t\u00eb k\u00ebnaqur me bashk\u00ebjetes - Lajme nga Ulqini","description":"Shqiptar\u00ebt n\u00eb Mal t\u00eb Zi i respektojn\u00eb simbolet e tyre komb\u00ebtare dhe jan\u00eb b\u00ebr\u00eb pjes\u00eb e jet\u00ebs politike pa qene nevoja te marrin pushk\u00ebt e t\u00eb luftojn\u00eb,","robots":{"index":"index","follow":"follow","max-snippet":"max-snippet:-1","max-image-preview":"max-image-preview:large","max-video-preview":"max-video-preview:-1"},"canonical":"https:\/\/www.visit-ulcinj.com\/blog\/2009\/03\/05\/ne-mal-te-zi-shqiptaret-te-kenaqur-me-bashkejetesa\/","og_locale":"en_US","og_type":"article","og_title":"N\u00eb Mal t\u00eb Zi, shqiptar\u00ebt t\u00eb k\u00ebnaqur me bashk\u00ebjetes - Lajme nga Ulqini","og_description":"Shqiptar\u00ebt n\u00eb Mal t\u00eb Zi i respektojn\u00eb simbolet e tyre komb\u00ebtare dhe jan\u00eb b\u00ebr\u00eb pjes\u00eb e jet\u00ebs politike pa qene nevoja te marrin pushk\u00ebt e t\u00eb luftojn\u00eb,","og_url":"https:\/\/www.visit-ulcinj.com\/blog\/2009\/03\/05\/ne-mal-te-zi-shqiptaret-te-kenaqur-me-bashkejetesa\/","og_site_name":"Lajme nga Ulqini","article_published_time":"2009-03-05T19:19:48+00:00","article_modified_time":"2009-03-05T19:20:43+00:00","og_image":[{"url":"http:\/\/www.visit-ulcinj.com\/blog\/wp-content\/uploads\/2009\/03\/fuad-nimani_seance-te-okb-se-ne-gjeneve.jpg"}],"twitter_misc":{"Written by":"ulqini","Est. reading time":"1 minute"},"schema":{"@context":"https:\/\/schema.org","@graph":[{"@type":"WebSite","@id":"https:\/\/www.visit-ulcinj.com\/blog\/#website","url":"https:\/\/www.visit-ulcinj.com\/blog\/","name":"Lajme nga Ulqini","description":"Lajme,Vijesti,Ulqini,Ulqin,Crna Gora,Mali i Zi","potentialAction":[{"@type":"SearchAction","target":{"@type":"EntryPoint","urlTemplate":"https:\/\/www.visit-ulcinj.com\/blog\/?s={search_term_string}"},"query-input":"required name=search_term_string"}],"inLanguage":"en-US"},{"@type":"ImageObject","inLanguage":"en-US","@id":"https:\/\/www.visit-ulcinj.com\/blog\/2009\/03\/05\/ne-mal-te-zi-shqiptaret-te-kenaqur-me-bashkejetesa\/#primaryimage","url":"https:\/\/www.visit-ulcinj.com\/blog\/wp-content\/uploads\/2009\/03\/fuad-nimani_seance-te-okb-se-ne-gjeneve.jpg","contentUrl":"https:\/\/www.visit-ulcinj.com\/blog\/wp-content\/uploads\/2009\/03\/fuad-nimani_seance-te-okb-se-ne-gjeneve.jpg","width":"640","height":"480"},{"@type":"WebPage","@id":"https:\/\/www.visit-ulcinj.com\/blog\/2009\/03\/05\/ne-mal-te-zi-shqiptaret-te-kenaqur-me-bashkejetesa\/#webpage","url":"https:\/\/www.visit-ulcinj.com\/blog\/2009\/03\/05\/ne-mal-te-zi-shqiptaret-te-kenaqur-me-bashkejetesa\/","name":"N\u00eb Mal t\u00eb Zi, shqiptar\u00ebt t\u00eb k\u00ebnaqur me bashk\u00ebjetes - Lajme nga Ulqini","isPartOf":{"@id":"https:\/\/www.visit-ulcinj.com\/blog\/#website"},"primaryImageOfPage":{"@id":"https:\/\/www.visit-ulcinj.com\/blog\/2009\/03\/05\/ne-mal-te-zi-shqiptaret-te-kenaqur-me-bashkejetesa\/#primaryimage"},"datePublished":"2009-03-05T19:19:48+00:00","dateModified":"2009-03-05T19:20:43+00:00","author":{"@id":"https:\/\/www.visit-ulcinj.com\/blog\/#\/schema\/person\/dcab619c614d3038751c63bc2aadc06d"},"description":"Shqiptar\u00ebt n\u00eb Mal t\u00eb Zi i respektojn\u00eb simbolet e tyre komb\u00ebtare dhe jan\u00eb b\u00ebr\u00eb pjes\u00eb e jet\u00ebs politike pa qene nevoja te marrin pushk\u00ebt e t\u00eb luftojn\u00eb,","breadcrumb":{"@id":"https:\/\/www.visit-ulcinj.com\/blog\/2009\/03\/05\/ne-mal-te-zi-shqiptaret-te-kenaqur-me-bashkejetesa\/#breadcrumb"},"inLanguage":"en-US","potentialAction":[{"@type":"ReadAction","target":["https:\/\/www.visit-ulcinj.com\/blog\/2009\/03\/05\/ne-mal-te-zi-shqiptaret-te-kenaqur-me-bashkejetesa\/"]}]},{"@type":"BreadcrumbList","@id":"https:\/\/www.visit-ulcinj.com\/blog\/2009\/03\/05\/ne-mal-te-zi-shqiptaret-te-kenaqur-me-bashkejetesa\/#breadcrumb","itemListElement":[{"@type":"ListItem","position":1,"name":"N\u00eb Mal t\u00eb Zi, shqiptar\u00ebt t\u00eb k\u00ebnaqur me bashk\u00ebjetes"}]},{"@type":"Person","@id":"https:\/\/www.visit-ulcinj.com\/blog\/#\/schema\/person\/dcab619c614d3038751c63bc2aadc06d","name":"ulqini","sameAs":["http:\/\/www.visit-ulcinj.com"],"url":"https:\/\/www.visit-ulcinj.com\/blog\/author\/admin\/"}]}},"jetpack_featured_media_url":"","jetpack_sharing_enabled":true,"jetpack_shortlink":"https:\/\/wp.me\/pe6lTn-3my","_links":{"self":[{"href":"https:\/\/www.visit-ulcinj.com\/blog\/wp-json\/wp\/v2\/posts\/12930"}],"collection":[{"href":"https:\/\/www.visit-ulcinj.com\/blog\/wp-json\/wp\/v2\/posts"}],"about":[{"href":"https:\/\/www.visit-ulcinj.com\/blog\/wp-json\/wp\/v2\/types\/post"}],"author":[{"embeddable":true,"href":"https:\/\/www.visit-ulcinj.com\/blog\/wp-json\/wp\/v2\/users\/1"}],"replies":[{"embeddable":true,"href":"https:\/\/www.visit-ulcinj.com\/blog\/wp-json\/wp\/v2\/comments?post=12930"}],"version-history":[{"count":0,"href":"https:\/\/www.visit-ulcinj.com\/blog\/wp-json\/wp\/v2\/posts\/12930\/revisions"}],"wp:attachment":[{"href":"https:\/\/www.visit-ulcinj.com\/blog\/wp-json\/wp\/v2\/media?parent=12930"}],"wp:term":[{"taxonomy":"category","embeddable":true,"href":"https:\/\/www.visit-ulcinj.com\/blog\/wp-json\/wp\/v2\/categories?post=12930"},{"taxonomy":"post_tag","embeddable":true,"href":"https:\/\/www.visit-ulcinj.com\/blog\/wp-json\/wp\/v2\/tags?post=12930"}],"curies":[{"name":"wp","href":"https:\/\/api.w.org\/{rel}","templated":true}]}}