{"id":12937,"date":"2009-03-05T20:33:20","date_gmt":"2009-03-05T19:33:20","guid":{"rendered":"http:\/\/www.visit-ulcinj.com\/blog\/?p=12937"},"modified":"2009-03-05T20:33:20","modified_gmt":"2009-03-05T19:33:20","slug":"mali-i-zi-shqiperi-thellim-bashkepunimi-midis-policive","status":"publish","type":"post","link":"https:\/\/www.visit-ulcinj.com\/blog\/2009\/03\/05\/mali-i-zi-shqiperi-thellim-bashkepunimi-midis-policive\/","title":{"rendered":"Mali i Zi-Shqip\u00ebri, thellim bashk\u00ebpunimi midis policive"},"content":{"rendered":"<p><a href=\"http:\/\/www.visit-ulcinj.com\/blog\/wp-content\/uploads\/2009\/03\/veselin-veljovic_ahmet-prenci.jpg\"><img loading=\"lazy\" class=\"alignleft size-full wp-image-12938\" title=\"veselin-veljovic_ahmet-prenci\" src=\"http:\/\/www.visit-ulcinj.com\/blog\/wp-content\/uploads\/2009\/03\/veselin-veljovic_ahmet-prenci.jpg\" alt=\"veselin-veljovic_ahmet-prenci\" width=\"570\" height=\"400\" \/><\/a>Drejtori i p\u00ebrgjithsh\u00ebm i Policis\u00eb s\u00eb Shtetit shqiptar, Ahmet Pren\u00e7i, ka zhvilluar nj\u00eb takim homologun malazez n\u00eb Podgoric\u00eb Veselin Veljovi\u00e7, ku \u00ebsht\u00eb diskutuar thellimi i m\u00ebtejsh\u00ebm i bashk\u00ebpunimit mjaft t\u00eb suksessh\u00ebm policor nd\u00ebrmjet dy vendeve.<br \/>\nGjat\u00eb nj\u00eb konference t\u00eb p\u00ebrbashk\u00ebt shtypi, t\u00eb m\u00ebrkur\u00ebn, Pren\u00e7i dhe Veljovi\u00e7, konfirmuan edhe nj\u00eb her\u00eb bashk\u00ebpunimin e frytsh\u00ebm midis dy policive n\u00eb luft\u00ebn kund\u00ebr krimit dhe trafiqeve t\u00eb paligjshme, ku \u00ebsht\u00eb theksuar operacioni i p\u00ebrbashk\u00ebt i zhvilluar nd\u00ebrmjet Policis\u00eb shqiptare dhe asaj malazeze, m\u00eb dat\u00eb 26 shkurt.<br \/>\n\u201cBashk\u00ebpunimi yn\u00eb konsiston n\u00eb operacione dypal\u00ebshe dhe patrulla t\u00eb p\u00ebrbashk\u00ebta nd\u00ebrkufitare, t\u00eb cilat dhan\u00eb rezultatet e tyre tep\u00ebr eficente n\u00eb goditjen e rrjetit kriminal, ku u arrestuan 25 shtetas dhe u kap nj\u00eb sasi e konsiderueshme l\u00ebnd\u00ebsh narkotike\u201d, tha n\u00eb fjal\u00ebn e tij drejtori i p\u00ebrgjithsh\u00ebm i Policis\u00eb s\u00eb Malit t\u00eb Zi.<br \/>\n&#8220;Vazhdim\u00ebsia e operacioneve t\u00eb ngjashme do t\u00eb thellohet dhe m\u00eb tej n\u00eb t\u00eb ardhmen p\u00ebr menaxhimin perfekt e t\u00eb integruar nd\u00ebrkufitar. Bashk\u00ebpunimi reciprok dhe eficent midis policive t\u00eb vendeve t\u00eb rajonit \u00ebsht\u00eb mesazh i qart\u00eb integrues drejt vendeve t\u00eb BE-s\u00eb dhe aleanc\u00ebs euroatlantike\u201d, theksoi nd\u00ebrkaq n\u00eb p\u00ebrfundim t\u00eb fjal\u00ebs s\u00eb tij Prem\u00e7i.<br \/>\n<strong>Gazeta Start<\/strong><\/p>\n<p><strong>\n\t\t<style type=\"text\/css\">\n\t\t\t#gallery-1 {\n\t\t\t\tmargin: auto;\n\t\t\t}\n\t\t\t#gallery-1 .gallery-item {\n\t\t\t\tfloat: left;\n\t\t\t\tmargin-top: 10px;\n\t\t\t\ttext-align: center;\n\t\t\t\twidth: 33%;\n\t\t\t}\n\t\t\t#gallery-1 img {\n\t\t\t\tborder: 2px solid #cfcfcf;\n\t\t\t}\n\t\t\t#gallery-1 .gallery-caption {\n\t\t\t\tmargin-left: 0;\n\t\t\t}\n\t\t\t\/* see gallery_shortcode() in wp-includes\/media.php *\/\n\t\t<\/style>\n\t\t<div id='gallery-1' class='gallery galleryid-12937 gallery-columns-3 gallery-size-thumbnail'><dl class='gallery-item'>\n\t\t\t<dt class='gallery-icon landscape'>\n\t\t\t\t<a href='https:\/\/www.visit-ulcinj.com\/blog\/2009\/03\/05\/mali-i-zi-shqiperi-thellim-bashkepunimi-midis-policive\/veselin-veljovic_ahmet-prenci\/'><img width=\"150\" height=\"150\" src=\"https:\/\/www.visit-ulcinj.com\/blog\/wp-content\/uploads\/2009\/03\/veselin-veljovic_ahmet-prenci-150x150.jpg\" class=\"attachment-thumbnail size-thumbnail\" alt=\"\" loading=\"lazy\" \/><\/a>\n\t\t\t<\/dt><\/dl><dl class='gallery-item'>\n\t\t\t<dt class='gallery-icon landscape'>\n\t\t\t\t<a href='https:\/\/www.visit-ulcinj.com\/blog\/2009\/03\/05\/mali-i-zi-shqiperi-thellim-bashkepunimi-midis-policive\/veselin-veljovic_ahmet-prenci1\/'><img width=\"150\" height=\"150\" src=\"https:\/\/www.visit-ulcinj.com\/blog\/wp-content\/uploads\/2009\/03\/veselin-veljovic_ahmet-prenci1-150x150.jpg\" class=\"attachment-thumbnail size-thumbnail\" alt=\"\" loading=\"lazy\" \/><\/a>\n\t\t\t<\/dt><\/dl><dl class='gallery-item'>\n\t\t\t<dt class='gallery-icon portrait'>\n\t\t\t\t<a href='https:\/\/www.visit-ulcinj.com\/blog\/2009\/03\/05\/mali-i-zi-shqiperi-thellim-bashkepunimi-midis-policive\/ahmet-prenci\/'><img width=\"150\" height=\"150\" src=\"https:\/\/www.visit-ulcinj.com\/blog\/wp-content\/uploads\/2009\/03\/ahmet-prenci-150x150.jpg\" class=\"attachment-thumbnail size-thumbnail\" alt=\"\" loading=\"lazy\" \/><\/a>\n\t\t\t<\/dt><\/dl><br style=\"clear: both\" \/>\n\t\t<\/div>\n<br \/>\n<\/strong><\/p>\n","protected":false},"excerpt":{"rendered":"<p>Drejtori i p\u00ebrgjithsh\u00ebm i Policis\u00eb s\u00eb Shtetit shqiptar, Ahmet Pren\u00e7i, ka zhvilluar nj\u00eb takim homologun malazez n\u00eb Podgoric\u00eb Veselin Veljovi\u00e7, ku \u00ebsht\u00eb diskutuar thellimi i m\u00ebtejsh\u00ebm i bashk\u00ebpunimit mjaft t\u00eb suksessh\u00ebm policor nd\u00ebrmjet dy vendeve. Gjat\u00eb nj\u00eb konference t\u00eb p\u00ebrbashk\u00ebt shtypi, t\u00eb m\u00ebrkur\u00ebn, Pren\u00e7i dhe Veljovi\u00e7, konfirmuan edhe nj\u00eb her\u00eb bashk\u00ebpunimin e frytsh\u00ebm midis dy [&hellip;]<\/p>\n","protected":false},"author":1,"featured_media":0,"comment_status":"open","ping_status":"closed","sticky":false,"template":"","format":"standard","meta":{"spay_email":"","jetpack_publicize_message":"","jetpack_is_tweetstorm":false,"jetpack_publicize_feature_enabled":true},"categories":[11],"tags":[7504,7506,7503,7505,7251,7508,7507,7502],"jetpack_publicize_connections":[],"yoast_head":"<!-- This site is optimized with the Yoast SEO plugin v19.1 - https:\/\/yoast.com\/wordpress\/plugins\/seo\/ -->\n<title>Mali i Zi-Shqip\u00ebri, thellim bashk\u00ebpunimi midis policive - Lajme nga Ulqini<\/title>\n<meta name=\"description\" content=\"Drejtori i p\u00ebrgjithsh\u00ebm i Policis\u00eb s\u00eb Shtetit shqiptar, Ahmet Pren\u00e7i, ka zhvilluar nj\u00eb takim homologun malazez n\u00eb Podgoric\u00eb Veselin Veljovi\u00e7, ku \u00ebsht\u00eb\" \/>\n<meta name=\"robots\" content=\"index, follow, max-snippet:-1, max-image-preview:large, max-video-preview:-1\" \/>\n<link rel=\"canonical\" href=\"https:\/\/www.visit-ulcinj.com\/blog\/2009\/03\/05\/mali-i-zi-shqiperi-thellim-bashkepunimi-midis-policive\/\" \/>\n<meta property=\"og:locale\" content=\"en_US\" \/>\n<meta property=\"og:type\" content=\"article\" \/>\n<meta property=\"og:title\" content=\"Mali i Zi-Shqip\u00ebri, thellim bashk\u00ebpunimi midis policive - Lajme nga Ulqini\" \/>\n<meta property=\"og:description\" content=\"Drejtori i p\u00ebrgjithsh\u00ebm i Policis\u00eb s\u00eb Shtetit shqiptar, Ahmet Pren\u00e7i, ka zhvilluar nj\u00eb takim homologun malazez n\u00eb Podgoric\u00eb Veselin Veljovi\u00e7, ku \u00ebsht\u00eb\" \/>\n<meta property=\"og:url\" content=\"https:\/\/www.visit-ulcinj.com\/blog\/2009\/03\/05\/mali-i-zi-shqiperi-thellim-bashkepunimi-midis-policive\/\" \/>\n<meta property=\"og:site_name\" content=\"Lajme nga Ulqini\" \/>\n<meta property=\"article:published_time\" content=\"2009-03-05T19:33:20+00:00\" \/>\n<meta property=\"og:image\" content=\"https:\/\/www.visit-ulcinj.com\/blog\/wp-content\/uploads\/2009\/03\/veselin-veljovic_ahmet-prenci-150x150.jpg\" \/>\n<meta name=\"twitter:label1\" content=\"Written by\" \/>\n\t<meta name=\"twitter:data1\" content=\"ulqini\" \/>\n\t<meta name=\"twitter:label2\" content=\"Est. reading time\" \/>\n\t<meta name=\"twitter:data2\" content=\"1 minute\" \/>\n<script type=\"application\/ld+json\" class=\"yoast-schema-graph\">{\"@context\":\"https:\/\/schema.org\",\"@graph\":[{\"@type\":\"WebSite\",\"@id\":\"https:\/\/www.visit-ulcinj.com\/blog\/#website\",\"url\":\"https:\/\/www.visit-ulcinj.com\/blog\/\",\"name\":\"Lajme nga Ulqini\",\"description\":\"Lajme,Vijesti,Ulqini,Ulqin,Crna Gora,Mali i Zi\",\"potentialAction\":[{\"@type\":\"SearchAction\",\"target\":{\"@type\":\"EntryPoint\",\"urlTemplate\":\"https:\/\/www.visit-ulcinj.com\/blog\/?s={search_term_string}\"},\"query-input\":\"required name=search_term_string\"}],\"inLanguage\":\"en-US\"},{\"@type\":\"ImageObject\",\"inLanguage\":\"en-US\",\"@id\":\"https:\/\/www.visit-ulcinj.com\/blog\/2009\/03\/05\/mali-i-zi-shqiperi-thellim-bashkepunimi-midis-policive\/#primaryimage\",\"url\":\"https:\/\/www.visit-ulcinj.com\/blog\/wp-content\/uploads\/2009\/03\/veselin-veljovic_ahmet-prenci.jpg\",\"contentUrl\":\"https:\/\/www.visit-ulcinj.com\/blog\/wp-content\/uploads\/2009\/03\/veselin-veljovic_ahmet-prenci.jpg\",\"width\":\"640\",\"height\":\"471\"},{\"@type\":\"WebPage\",\"@id\":\"https:\/\/www.visit-ulcinj.com\/blog\/2009\/03\/05\/mali-i-zi-shqiperi-thellim-bashkepunimi-midis-policive\/#webpage\",\"url\":\"https:\/\/www.visit-ulcinj.com\/blog\/2009\/03\/05\/mali-i-zi-shqiperi-thellim-bashkepunimi-midis-policive\/\",\"name\":\"Mali i Zi-Shqip\u00ebri, thellim bashk\u00ebpunimi midis policive - Lajme nga Ulqini\",\"isPartOf\":{\"@id\":\"https:\/\/www.visit-ulcinj.com\/blog\/#website\"},\"primaryImageOfPage\":{\"@id\":\"https:\/\/www.visit-ulcinj.com\/blog\/2009\/03\/05\/mali-i-zi-shqiperi-thellim-bashkepunimi-midis-policive\/#primaryimage\"},\"datePublished\":\"2009-03-05T19:33:20+00:00\",\"dateModified\":\"2009-03-05T19:33:20+00:00\",\"author\":{\"@id\":\"https:\/\/www.visit-ulcinj.com\/blog\/#\/schema\/person\/dcab619c614d3038751c63bc2aadc06d\"},\"description\":\"Drejtori i p\u00ebrgjithsh\u00ebm i Policis\u00eb s\u00eb Shtetit shqiptar, Ahmet Pren\u00e7i, ka zhvilluar nj\u00eb takim homologun malazez n\u00eb Podgoric\u00eb Veselin Veljovi\u00e7, ku \u00ebsht\u00eb\",\"breadcrumb\":{\"@id\":\"https:\/\/www.visit-ulcinj.com\/blog\/2009\/03\/05\/mali-i-zi-shqiperi-thellim-bashkepunimi-midis-policive\/#breadcrumb\"},\"inLanguage\":\"en-US\",\"potentialAction\":[{\"@type\":\"ReadAction\",\"target\":[\"https:\/\/www.visit-ulcinj.com\/blog\/2009\/03\/05\/mali-i-zi-shqiperi-thellim-bashkepunimi-midis-policive\/\"]}]},{\"@type\":\"BreadcrumbList\",\"@id\":\"https:\/\/www.visit-ulcinj.com\/blog\/2009\/03\/05\/mali-i-zi-shqiperi-thellim-bashkepunimi-midis-policive\/#breadcrumb\",\"itemListElement\":[{\"@type\":\"ListItem\",\"position\":1,\"name\":\"Mali i Zi-Shqip\u00ebri, thellim bashk\u00ebpunimi midis policive\"}]},{\"@type\":\"Person\",\"@id\":\"https:\/\/www.visit-ulcinj.com\/blog\/#\/schema\/person\/dcab619c614d3038751c63bc2aadc06d\",\"name\":\"ulqini\",\"sameAs\":[\"http:\/\/www.visit-ulcinj.com\"],\"url\":\"https:\/\/www.visit-ulcinj.com\/blog\/author\/admin\/\"}]}<\/script>\n<!-- \/ Yoast SEO plugin. -->","yoast_head_json":{"title":"Mali i Zi-Shqip\u00ebri, thellim bashk\u00ebpunimi midis policive - Lajme nga Ulqini","description":"Drejtori i p\u00ebrgjithsh\u00ebm i Policis\u00eb s\u00eb Shtetit shqiptar, Ahmet Pren\u00e7i, ka zhvilluar nj\u00eb takim homologun malazez n\u00eb Podgoric\u00eb Veselin Veljovi\u00e7, ku \u00ebsht\u00eb","robots":{"index":"index","follow":"follow","max-snippet":"max-snippet:-1","max-image-preview":"max-image-preview:large","max-video-preview":"max-video-preview:-1"},"canonical":"https:\/\/www.visit-ulcinj.com\/blog\/2009\/03\/05\/mali-i-zi-shqiperi-thellim-bashkepunimi-midis-policive\/","og_locale":"en_US","og_type":"article","og_title":"Mali i Zi-Shqip\u00ebri, thellim bashk\u00ebpunimi midis policive - Lajme nga Ulqini","og_description":"Drejtori i p\u00ebrgjithsh\u00ebm i Policis\u00eb s\u00eb Shtetit shqiptar, Ahmet Pren\u00e7i, ka zhvilluar nj\u00eb takim homologun malazez n\u00eb Podgoric\u00eb Veselin Veljovi\u00e7, ku \u00ebsht\u00eb","og_url":"https:\/\/www.visit-ulcinj.com\/blog\/2009\/03\/05\/mali-i-zi-shqiperi-thellim-bashkepunimi-midis-policive\/","og_site_name":"Lajme nga Ulqini","article_published_time":"2009-03-05T19:33:20+00:00","og_image":[{"url":"https:\/\/www.visit-ulcinj.com\/blog\/wp-content\/uploads\/2009\/03\/veselin-veljovic_ahmet-prenci-150x150.jpg"}],"twitter_misc":{"Written by":"ulqini","Est. reading time":"1 minute"},"schema":{"@context":"https:\/\/schema.org","@graph":[{"@type":"WebSite","@id":"https:\/\/www.visit-ulcinj.com\/blog\/#website","url":"https:\/\/www.visit-ulcinj.com\/blog\/","name":"Lajme nga Ulqini","description":"Lajme,Vijesti,Ulqini,Ulqin,Crna Gora,Mali i Zi","potentialAction":[{"@type":"SearchAction","target":{"@type":"EntryPoint","urlTemplate":"https:\/\/www.visit-ulcinj.com\/blog\/?s={search_term_string}"},"query-input":"required name=search_term_string"}],"inLanguage":"en-US"},{"@type":"ImageObject","inLanguage":"en-US","@id":"https:\/\/www.visit-ulcinj.com\/blog\/2009\/03\/05\/mali-i-zi-shqiperi-thellim-bashkepunimi-midis-policive\/#primaryimage","url":"https:\/\/www.visit-ulcinj.com\/blog\/wp-content\/uploads\/2009\/03\/veselin-veljovic_ahmet-prenci.jpg","contentUrl":"https:\/\/www.visit-ulcinj.com\/blog\/wp-content\/uploads\/2009\/03\/veselin-veljovic_ahmet-prenci.jpg","width":"640","height":"471"},{"@type":"WebPage","@id":"https:\/\/www.visit-ulcinj.com\/blog\/2009\/03\/05\/mali-i-zi-shqiperi-thellim-bashkepunimi-midis-policive\/#webpage","url":"https:\/\/www.visit-ulcinj.com\/blog\/2009\/03\/05\/mali-i-zi-shqiperi-thellim-bashkepunimi-midis-policive\/","name":"Mali i Zi-Shqip\u00ebri, thellim bashk\u00ebpunimi midis policive - Lajme nga Ulqini","isPartOf":{"@id":"https:\/\/www.visit-ulcinj.com\/blog\/#website"},"primaryImageOfPage":{"@id":"https:\/\/www.visit-ulcinj.com\/blog\/2009\/03\/05\/mali-i-zi-shqiperi-thellim-bashkepunimi-midis-policive\/#primaryimage"},"datePublished":"2009-03-05T19:33:20+00:00","dateModified":"2009-03-05T19:33:20+00:00","author":{"@id":"https:\/\/www.visit-ulcinj.com\/blog\/#\/schema\/person\/dcab619c614d3038751c63bc2aadc06d"},"description":"Drejtori i p\u00ebrgjithsh\u00ebm i Policis\u00eb s\u00eb Shtetit shqiptar, Ahmet Pren\u00e7i, ka zhvilluar nj\u00eb takim homologun malazez n\u00eb Podgoric\u00eb Veselin Veljovi\u00e7, ku \u00ebsht\u00eb","breadcrumb":{"@id":"https:\/\/www.visit-ulcinj.com\/blog\/2009\/03\/05\/mali-i-zi-shqiperi-thellim-bashkepunimi-midis-policive\/#breadcrumb"},"inLanguage":"en-US","potentialAction":[{"@type":"ReadAction","target":["https:\/\/www.visit-ulcinj.com\/blog\/2009\/03\/05\/mali-i-zi-shqiperi-thellim-bashkepunimi-midis-policive\/"]}]},{"@type":"BreadcrumbList","@id":"https:\/\/www.visit-ulcinj.com\/blog\/2009\/03\/05\/mali-i-zi-shqiperi-thellim-bashkepunimi-midis-policive\/#breadcrumb","itemListElement":[{"@type":"ListItem","position":1,"name":"Mali i Zi-Shqip\u00ebri, thellim bashk\u00ebpunimi midis policive"}]},{"@type":"Person","@id":"https:\/\/www.visit-ulcinj.com\/blog\/#\/schema\/person\/dcab619c614d3038751c63bc2aadc06d","name":"ulqini","sameAs":["http:\/\/www.visit-ulcinj.com"],"url":"https:\/\/www.visit-ulcinj.com\/blog\/author\/admin\/"}]}},"jetpack_featured_media_url":"","jetpack_sharing_enabled":true,"jetpack_shortlink":"https:\/\/wp.me\/pe6lTn-3mF","_links":{"self":[{"href":"https:\/\/www.visit-ulcinj.com\/blog\/wp-json\/wp\/v2\/posts\/12937"}],"collection":[{"href":"https:\/\/www.visit-ulcinj.com\/blog\/wp-json\/wp\/v2\/posts"}],"about":[{"href":"https:\/\/www.visit-ulcinj.com\/blog\/wp-json\/wp\/v2\/types\/post"}],"author":[{"embeddable":true,"href":"https:\/\/www.visit-ulcinj.com\/blog\/wp-json\/wp\/v2\/users\/1"}],"replies":[{"embeddable":true,"href":"https:\/\/www.visit-ulcinj.com\/blog\/wp-json\/wp\/v2\/comments?post=12937"}],"version-history":[{"count":0,"href":"https:\/\/www.visit-ulcinj.com\/blog\/wp-json\/wp\/v2\/posts\/12937\/revisions"}],"wp:attachment":[{"href":"https:\/\/www.visit-ulcinj.com\/blog\/wp-json\/wp\/v2\/media?parent=12937"}],"wp:term":[{"taxonomy":"category","embeddable":true,"href":"https:\/\/www.visit-ulcinj.com\/blog\/wp-json\/wp\/v2\/categories?post=12937"},{"taxonomy":"post_tag","embeddable":true,"href":"https:\/\/www.visit-ulcinj.com\/blog\/wp-json\/wp\/v2\/tags?post=12937"}],"curies":[{"name":"wp","href":"https:\/\/api.w.org\/{rel}","templated":true}]}}