{"id":1295,"date":"2008-04-18T05:06:07","date_gmt":"2008-04-18T10:06:07","guid":{"rendered":"http:\/\/www.visit-ulcinj.com\/blog\/?p=1295"},"modified":"2008-04-18T05:06:07","modified_gmt":"2008-04-18T10:06:07","slug":"mehmet-bardhiankimet-e-shqiptareve-ne-mal-te-zi","status":"publish","type":"post","link":"https:\/\/www.visit-ulcinj.com\/blog\/2008\/04\/18\/mehmet-bardhiankimet-e-shqiptareve-ne-mal-te-zi\/","title":{"rendered":"Mehmet Bardhi:Ankimet e shqiptar\u00ebve n\u00eb Mal t\u00eb Zi"},"content":{"rendered":"<p><a href=\"http:\/\/www.visit-ulcinj.com\/blog\/wp-content\/uploads\/2008\/04\/atedheu-na-bashkon.jpg\"><img loading=\"lazy\" class=\"alignleft attachment wp-att-1296\" style=\"float: left;\" src=\"http:\/\/www.visit-ulcinj.com\/blog\/wp-content\/uploads\/2008\/04\/atedheu-na-bashkon.thumbnail.jpg\" alt=\"Gjith\u00eb partit politike ne mal te zi\" width=\"200\" height=\"150\" \/><\/a>PODGORIC\u00cb, 14 PRILL- Pushteti aktual malazias b\u00ebn diskriminimin e pakicave mbi baza nacionale dhe partiake n\u00eb fush\u00ebn e pun\u00ebsimit, than\u00eb t\u00eb h\u00ebn\u00ebn Mehmet Bardhi, kryetar i Lidhjes Demokratike n\u00eb Mal t\u00eb Zi (LDMZ) dhe Sulo Mustafic, z\u00ebdh\u00ebn\u00ebs i Partis\u00eb Boshnjake. Sipas Bardhit,t\u00eb k\u00ebrkosh pun\u00eb, paraprakisht duhet t\u00eb jesh apo t\u00eb b\u00ebhesh an\u00ebtar i Partis\u00eb Demokratike t\u00eb Socialist\u00ebve n\u00eb pushtet. \u201cN\u00eb shkall\u00eb republike, shqiptar\u00ebt marrin marrin pjes\u00eb me 7 p\u00ebr qind. Por, ky nivel i p\u00ebrfaq\u00ebsimit mungon n\u00eb<br \/>\nsh\u00ebrbimet publike, polici, gjykat\u00eb.Pushteti malazias, shqiptar\u00ebt i ka larguar nga integrimet evropiane.<br \/>\nN\u00eb qeveri \u00ebsht\u00eb vet\u00ebm nj\u00eb shqiptar,an\u00ebtar i partis\u00eb n\u00eb pushtet.Mir\u00ebpo, sa \u00ebsht\u00eb ai p\u00ebrfaq\u00ebsues autentik i shqiptar\u00ebve\u201d, tha Mehmet Bardhi. T\u00eb nj\u00ebjt\u00ebn ankes\u00eb kan\u00eb edhe p\u00ebrfaq\u00ebsuesit e pakic\u00ebs boshnjake n\u00eb Mal t\u00eb Zi. Mbi bazat e regjistrimit t\u00eb popullsis\u00eb n\u00eb vitin 2003, n\u00eb Mal t\u00eb Zi komuniteti boshnjak merr pjes\u00eb me 9.4 p\u00ebr qind. Z\u00ebdh\u00ebn\u00ebsi i Partis\u00eb Boshnjake, Sulo Mustafic, thot\u00eb se \u00ebsht\u00eb shum\u00eb v\u00ebshtir\u00eb t\u00eb gjesh pun\u00eb n\u00eb Mal t\u00eb Zi n\u00ebse je pjes\u00ebtar i nj\u00eb pakice. Megjithat\u00eb, ai shpreson se strategjia e politik\u00ebs s\u00eb zhvillimit t\u00eb pakicave n\u00eb Mal t\u00eb Zi, t\u00eb cil\u00ebn po e p\u00ebrgatit Ministria mbi t\u00eb Drejtat e Njeriut dhe t\u00eb Pakicave, do ta zgjidh\u00eb k\u00ebt\u00eb proble.<\/p>\n<p><strong>Gazeta Express<\/strong><\/p>\n","protected":false},"excerpt":{"rendered":"<p><img loading=\"lazy\" class=\"alignleft attachment wp-att-1296\" style=\"float: left;\" src=\"http:\/\/www.visit-ulcinj.com\/blog\/wp-content\/uploads\/2008\/04\/atedheu-na-bashkon.thumbnail.jpg\" alt=\"Gjith\u00eb partit politike ne mal te zi\" width=\"140\" height=\"140\" \/><\/p>\n","protected":false},"author":1,"featured_media":0,"comment_status":"open","ping_status":"closed","sticky":false,"template":"","format":"standard","meta":{"spay_email":"","jetpack_publicize_message":"","jetpack_is_tweetstorm":false,"jetpack_publicize_feature_enabled":true},"categories":[1,12],"tags":[1888,1303,97,347,118,2545,2226],"jetpack_publicize_connections":[],"yoast_head":"<!-- This site is optimized with the Yoast SEO plugin v19.1 - https:\/\/yoast.com\/wordpress\/plugins\/seo\/ -->\n<title>Mehmet Bardhi:Ankimet e shqiptar\u00ebve n\u00eb Mal t\u00eb Zi - Lajme nga Ulqini<\/title>\n<meta name=\"robots\" content=\"index, follow, max-snippet:-1, max-image-preview:large, max-video-preview:-1\" \/>\n<link rel=\"canonical\" href=\"https:\/\/www.visit-ulcinj.com\/blog\/2008\/04\/18\/mehmet-bardhiankimet-e-shqiptareve-ne-mal-te-zi\/\" \/>\n<meta property=\"og:locale\" content=\"en_US\" \/>\n<meta property=\"og:type\" content=\"article\" \/>\n<meta property=\"og:title\" content=\"Mehmet Bardhi:Ankimet e shqiptar\u00ebve n\u00eb Mal t\u00eb Zi - Lajme nga Ulqini\" \/>\n<meta property=\"og:url\" content=\"https:\/\/www.visit-ulcinj.com\/blog\/2008\/04\/18\/mehmet-bardhiankimet-e-shqiptareve-ne-mal-te-zi\/\" \/>\n<meta property=\"og:site_name\" content=\"Lajme nga Ulqini\" \/>\n<meta property=\"article:published_time\" content=\"2008-04-18T10:06:07+00:00\" \/>\n<meta property=\"og:image\" content=\"http:\/\/www.visit-ulcinj.com\/blog\/wp-content\/uploads\/2008\/04\/atedheu-na-bashkon.thumbnail.jpg\" \/>\n<meta name=\"twitter:label1\" content=\"Written by\" \/>\n\t<meta name=\"twitter:data1\" content=\"ulqini\" \/>\n\t<meta name=\"twitter:label2\" content=\"Est. reading time\" \/>\n\t<meta name=\"twitter:data2\" content=\"1 minute\" \/>\n<script type=\"application\/ld+json\" class=\"yoast-schema-graph\">{\"@context\":\"https:\/\/schema.org\",\"@graph\":[{\"@type\":\"WebSite\",\"@id\":\"https:\/\/www.visit-ulcinj.com\/blog\/#website\",\"url\":\"https:\/\/www.visit-ulcinj.com\/blog\/\",\"name\":\"Lajme nga Ulqini\",\"description\":\"Lajme,Vijesti,Ulqini,Ulqin,Crna Gora,Mali i Zi\",\"potentialAction\":[{\"@type\":\"SearchAction\",\"target\":{\"@type\":\"EntryPoint\",\"urlTemplate\":\"https:\/\/www.visit-ulcinj.com\/blog\/?s={search_term_string}\"},\"query-input\":\"required name=search_term_string\"}],\"inLanguage\":\"en-US\"},{\"@type\":\"ImageObject\",\"inLanguage\":\"en-US\",\"@id\":\"https:\/\/www.visit-ulcinj.com\/blog\/2008\/04\/18\/mehmet-bardhiankimet-e-shqiptareve-ne-mal-te-zi\/#primaryimage\",\"url\":\"http:\/\/www.visit-ulcinj.com\/blog\/wp-content\/uploads\/2008\/04\/atedheu-na-bashkon.thumbnail.jpg\",\"contentUrl\":\"http:\/\/www.visit-ulcinj.com\/blog\/wp-content\/uploads\/2008\/04\/atedheu-na-bashkon.thumbnail.jpg\"},{\"@type\":\"WebPage\",\"@id\":\"https:\/\/www.visit-ulcinj.com\/blog\/2008\/04\/18\/mehmet-bardhiankimet-e-shqiptareve-ne-mal-te-zi\/#webpage\",\"url\":\"https:\/\/www.visit-ulcinj.com\/blog\/2008\/04\/18\/mehmet-bardhiankimet-e-shqiptareve-ne-mal-te-zi\/\",\"name\":\"Mehmet Bardhi:Ankimet e shqiptar\u00ebve n\u00eb Mal t\u00eb Zi - Lajme nga Ulqini\",\"isPartOf\":{\"@id\":\"https:\/\/www.visit-ulcinj.com\/blog\/#website\"},\"primaryImageOfPage\":{\"@id\":\"https:\/\/www.visit-ulcinj.com\/blog\/2008\/04\/18\/mehmet-bardhiankimet-e-shqiptareve-ne-mal-te-zi\/#primaryimage\"},\"datePublished\":\"2008-04-18T10:06:07+00:00\",\"dateModified\":\"2008-04-18T10:06:07+00:00\",\"author\":{\"@id\":\"https:\/\/www.visit-ulcinj.com\/blog\/#\/schema\/person\/dcab619c614d3038751c63bc2aadc06d\"},\"breadcrumb\":{\"@id\":\"https:\/\/www.visit-ulcinj.com\/blog\/2008\/04\/18\/mehmet-bardhiankimet-e-shqiptareve-ne-mal-te-zi\/#breadcrumb\"},\"inLanguage\":\"en-US\",\"potentialAction\":[{\"@type\":\"ReadAction\",\"target\":[\"https:\/\/www.visit-ulcinj.com\/blog\/2008\/04\/18\/mehmet-bardhiankimet-e-shqiptareve-ne-mal-te-zi\/\"]}]},{\"@type\":\"BreadcrumbList\",\"@id\":\"https:\/\/www.visit-ulcinj.com\/blog\/2008\/04\/18\/mehmet-bardhiankimet-e-shqiptareve-ne-mal-te-zi\/#breadcrumb\",\"itemListElement\":[{\"@type\":\"ListItem\",\"position\":1,\"name\":\"Mehmet Bardhi:Ankimet e shqiptar\u00ebve n\u00eb Mal t\u00eb Zi\"}]},{\"@type\":\"Person\",\"@id\":\"https:\/\/www.visit-ulcinj.com\/blog\/#\/schema\/person\/dcab619c614d3038751c63bc2aadc06d\",\"name\":\"ulqini\",\"sameAs\":[\"http:\/\/www.visit-ulcinj.com\"],\"url\":\"https:\/\/www.visit-ulcinj.com\/blog\/author\/admin\/\"}]}<\/script>\n<!-- \/ Yoast SEO plugin. -->","yoast_head_json":{"title":"Mehmet Bardhi:Ankimet e shqiptar\u00ebve n\u00eb Mal t\u00eb Zi - Lajme nga Ulqini","robots":{"index":"index","follow":"follow","max-snippet":"max-snippet:-1","max-image-preview":"max-image-preview:large","max-video-preview":"max-video-preview:-1"},"canonical":"https:\/\/www.visit-ulcinj.com\/blog\/2008\/04\/18\/mehmet-bardhiankimet-e-shqiptareve-ne-mal-te-zi\/","og_locale":"en_US","og_type":"article","og_title":"Mehmet Bardhi:Ankimet e shqiptar\u00ebve n\u00eb Mal t\u00eb Zi - Lajme nga Ulqini","og_url":"https:\/\/www.visit-ulcinj.com\/blog\/2008\/04\/18\/mehmet-bardhiankimet-e-shqiptareve-ne-mal-te-zi\/","og_site_name":"Lajme nga Ulqini","article_published_time":"2008-04-18T10:06:07+00:00","og_image":[{"url":"http:\/\/www.visit-ulcinj.com\/blog\/wp-content\/uploads\/2008\/04\/atedheu-na-bashkon.thumbnail.jpg"}],"twitter_misc":{"Written by":"ulqini","Est. reading time":"1 minute"},"schema":{"@context":"https:\/\/schema.org","@graph":[{"@type":"WebSite","@id":"https:\/\/www.visit-ulcinj.com\/blog\/#website","url":"https:\/\/www.visit-ulcinj.com\/blog\/","name":"Lajme nga Ulqini","description":"Lajme,Vijesti,Ulqini,Ulqin,Crna Gora,Mali i Zi","potentialAction":[{"@type":"SearchAction","target":{"@type":"EntryPoint","urlTemplate":"https:\/\/www.visit-ulcinj.com\/blog\/?s={search_term_string}"},"query-input":"required name=search_term_string"}],"inLanguage":"en-US"},{"@type":"ImageObject","inLanguage":"en-US","@id":"https:\/\/www.visit-ulcinj.com\/blog\/2008\/04\/18\/mehmet-bardhiankimet-e-shqiptareve-ne-mal-te-zi\/#primaryimage","url":"http:\/\/www.visit-ulcinj.com\/blog\/wp-content\/uploads\/2008\/04\/atedheu-na-bashkon.thumbnail.jpg","contentUrl":"http:\/\/www.visit-ulcinj.com\/blog\/wp-content\/uploads\/2008\/04\/atedheu-na-bashkon.thumbnail.jpg"},{"@type":"WebPage","@id":"https:\/\/www.visit-ulcinj.com\/blog\/2008\/04\/18\/mehmet-bardhiankimet-e-shqiptareve-ne-mal-te-zi\/#webpage","url":"https:\/\/www.visit-ulcinj.com\/blog\/2008\/04\/18\/mehmet-bardhiankimet-e-shqiptareve-ne-mal-te-zi\/","name":"Mehmet Bardhi:Ankimet e shqiptar\u00ebve n\u00eb Mal t\u00eb Zi - Lajme nga Ulqini","isPartOf":{"@id":"https:\/\/www.visit-ulcinj.com\/blog\/#website"},"primaryImageOfPage":{"@id":"https:\/\/www.visit-ulcinj.com\/blog\/2008\/04\/18\/mehmet-bardhiankimet-e-shqiptareve-ne-mal-te-zi\/#primaryimage"},"datePublished":"2008-04-18T10:06:07+00:00","dateModified":"2008-04-18T10:06:07+00:00","author":{"@id":"https:\/\/www.visit-ulcinj.com\/blog\/#\/schema\/person\/dcab619c614d3038751c63bc2aadc06d"},"breadcrumb":{"@id":"https:\/\/www.visit-ulcinj.com\/blog\/2008\/04\/18\/mehmet-bardhiankimet-e-shqiptareve-ne-mal-te-zi\/#breadcrumb"},"inLanguage":"en-US","potentialAction":[{"@type":"ReadAction","target":["https:\/\/www.visit-ulcinj.com\/blog\/2008\/04\/18\/mehmet-bardhiankimet-e-shqiptareve-ne-mal-te-zi\/"]}]},{"@type":"BreadcrumbList","@id":"https:\/\/www.visit-ulcinj.com\/blog\/2008\/04\/18\/mehmet-bardhiankimet-e-shqiptareve-ne-mal-te-zi\/#breadcrumb","itemListElement":[{"@type":"ListItem","position":1,"name":"Mehmet Bardhi:Ankimet e shqiptar\u00ebve n\u00eb Mal t\u00eb Zi"}]},{"@type":"Person","@id":"https:\/\/www.visit-ulcinj.com\/blog\/#\/schema\/person\/dcab619c614d3038751c63bc2aadc06d","name":"ulqini","sameAs":["http:\/\/www.visit-ulcinj.com"],"url":"https:\/\/www.visit-ulcinj.com\/blog\/author\/admin\/"}]}},"jetpack_featured_media_url":"","jetpack_sharing_enabled":true,"jetpack_shortlink":"https:\/\/wp.me\/pe6lTn-kT","_links":{"self":[{"href":"https:\/\/www.visit-ulcinj.com\/blog\/wp-json\/wp\/v2\/posts\/1295"}],"collection":[{"href":"https:\/\/www.visit-ulcinj.com\/blog\/wp-json\/wp\/v2\/posts"}],"about":[{"href":"https:\/\/www.visit-ulcinj.com\/blog\/wp-json\/wp\/v2\/types\/post"}],"author":[{"embeddable":true,"href":"https:\/\/www.visit-ulcinj.com\/blog\/wp-json\/wp\/v2\/users\/1"}],"replies":[{"embeddable":true,"href":"https:\/\/www.visit-ulcinj.com\/blog\/wp-json\/wp\/v2\/comments?post=1295"}],"version-history":[{"count":0,"href":"https:\/\/www.visit-ulcinj.com\/blog\/wp-json\/wp\/v2\/posts\/1295\/revisions"}],"wp:attachment":[{"href":"https:\/\/www.visit-ulcinj.com\/blog\/wp-json\/wp\/v2\/media?parent=1295"}],"wp:term":[{"taxonomy":"category","embeddable":true,"href":"https:\/\/www.visit-ulcinj.com\/blog\/wp-json\/wp\/v2\/categories?post=1295"},{"taxonomy":"post_tag","embeddable":true,"href":"https:\/\/www.visit-ulcinj.com\/blog\/wp-json\/wp\/v2\/tags?post=1295"}],"curies":[{"name":"wp","href":"https:\/\/api.w.org\/{rel}","templated":true}]}}