{"id":12950,"date":"2009-03-06T00:01:10","date_gmt":"2009-03-05T23:01:10","guid":{"rendered":"http:\/\/www.visit-ulcinj.com\/blog\/?p=12950"},"modified":"2009-03-07T10:22:04","modified_gmt":"2009-03-07T09:22:04","slug":"mesida-arjoni-pelqen-zhuljeten","status":"publish","type":"post","link":"https:\/\/www.visit-ulcinj.com\/blog\/2009\/03\/06\/mesida-arjoni-pelqen-zhuljeten\/","title":{"rendered":"Mesida : Arjoni p\u00eblqen Zhuljet\u00ebn!"},"content":{"rendered":"<p><em><span class=\"newsdate\"><span style=\"font-style: normal;\"><a href=\"http:\/\/www.visit-ulcinj.com\/blog\/wp-content\/uploads\/2009\/03\/mesida-5.jpg\"><img loading=\"lazy\" class=\"alignleft size-full wp-image-12951\" title=\"mesida-big-brother-albania\" src=\"http:\/\/www.visit-ulcinj.com\/blog\/wp-content\/uploads\/2009\/03\/mesida-5.jpg\" alt=\"mesida-big-brother-albania\" width=\"300\" height=\"205\" \/><\/a><\/span>03\/03\/09 22:15<\/span><\/em><\/p>\n<p>Mesida shprehet me Ardjanin n\u00eb lidhje me hyrjen e saj n\u00eb sht\u00ebpi. Ajo thot\u00eb q\u00eb e ka pak t\u00eb v\u00ebshtir\u00eb p\u00ebr faktin q\u00eb ka hyr\u00eb n\u00eb nj\u00eb moment kur t\u00eb gjith\u00eb e kan\u00eb njohur nj\u00ebri-tjetrin. Ajo vazhdon se po t\u00eb kishte hyr\u00eb dhe ajo q\u00eb n\u00eb fillim do kishte q\u00ebn\u00eb ndryshe,do kishte q\u00ebn\u00eb m\u00eb e hapur. Adi i thot\u00eb se kjo gj\u00eb ndodh p\u00ebr arsye se brenda n\u00eb sht\u00ebpi kan\u00eb hyr\u00eb persona me karaktere t\u00eb ndryshme. Mesida e aprovon dhe shton faktin se ndoshta ajo ne jet\u00ebn e p\u00ebrditshme nuk do i kishte njohur ndonj\u00ebher\u00eb k\u00ebto persona. Disa persona thot\u00eb ajo,do i kisha b\u00ebr\u00eb miq q\u00eb n\u00eb fillim pasi kan\u00eb gj\u00ebra t\u00eb p\u00ebrbashk\u00ebta,nd\u00ebrsa disa t\u00eb tjer\u00eb nuk do i kishte r\u00ebn\u00eb rasti as t`i njihte. Ajo \u00ebsht\u00eb shprehur tek Zhuljeta se shoq\u00ebria \u00ebsht\u00eb shum\u00eb e r\u00ebnd\u00ebsishme p\u00ebr t\u00eb,dhe se ndjehet pak e coroditur aty brenda. Ato diskutojn\u00eb p\u00ebr disa persona brenda n\u00eb sht\u00ebpi. Mesida n\u00eb lidhje me Arjonin i thot\u00eb q\u00eb sipas mendimit t\u00eb saj,ai e p\u00eblqen Zhuljet\u00ebn. Mesida thot\u00eb p\u00ebr Aid\u00ebn q\u00eb \u00ebsht\u00eb nj\u00eb nga konkurentet m\u00eb t\u00eb fort\u00eb,nd\u00ebrsa p\u00ebr Bjordin thot\u00eb se ka shum\u00eb nivel por q\u00eb e kufizon gjuha. Asaj i kishte p\u00eblqyer m\u00ebnyra se si e p\u00ebrballoi debatin me Qetsorin. Mesida thot\u00eb se \u00ebsht\u00eb e k\u00ebnaqur q\u00eb \u00ebsht\u00eb n\u00eb Big Brother.<\/p>\n","protected":false},"excerpt":{"rendered":"<p>03\/03\/09 22:15 Mesida shprehet me Ardjanin n\u00eb lidhje me hyrjen e saj n\u00eb sht\u00ebpi. Ajo thot\u00eb q\u00eb e ka pak t\u00eb v\u00ebshtir\u00eb p\u00ebr faktin q\u00eb ka hyr\u00eb n\u00eb nj\u00eb moment kur t\u00eb gjith\u00eb e kan\u00eb njohur nj\u00ebri-tjetrin. Ajo vazhdon se po t\u00eb kishte hyr\u00eb dhe ajo q\u00eb n\u00eb fillim do kishte q\u00ebn\u00eb ndryshe,do kishte q\u00ebn\u00eb [&hellip;]<\/p>\n","protected":false},"author":1,"featured_media":0,"comment_status":"open","ping_status":"closed","sticky":false,"template":"","format":"standard","meta":{"spay_email":"","jetpack_publicize_message":"","jetpack_is_tweetstorm":false,"jetpack_publicize_feature_enabled":true},"categories":[6502],"tags":[6558,5057,6506,6712,7129,7365,7510,7364,6891,6693,6887,6564],"jetpack_publicize_connections":[],"yoast_head":"<!-- This site is optimized with the Yoast SEO plugin v19.1 - https:\/\/yoast.com\/wordpress\/plugins\/seo\/ -->\n<title>Mesida : Arjoni p\u00c3\u00ablqen Zhuljet\u00c3\u00abn! - Big Brother Albania<\/title>\n<meta name=\"description\" content=\"Big Brother Albania - Mesida shprehet me Ardjanin n\u00c3\u00ab lidhje me hyrjen e saj n\u00c3\u00ab sht\u00c3\u00abpi. Ajo thot\u00c3\u00ab q\u00c3\u00ab e ka pak t\u00c3\u00ab v\u00c3\u00abshtir\u00c3\u00ab p\u00c3\u00abr faktin q\u00c3\u00ab ka hyr\u00c3\u00ab n\u00c3\u00ab nj\u00c3\u00ab moment kur t\u00c3\u00ab gjith\u00c3\u00ab e kan\u00c3\u00ab njohur nj\u00c3\u00abri-tjetrin\" \/>\n<meta name=\"robots\" content=\"index, follow, max-snippet:-1, max-image-preview:large, max-video-preview:-1\" \/>\n<link rel=\"canonical\" href=\"https:\/\/www.visit-ulcinj.com\/blog\/2009\/03\/06\/mesida-arjoni-pelqen-zhuljeten\/\" \/>\n<meta property=\"og:locale\" content=\"en_US\" \/>\n<meta property=\"og:type\" content=\"article\" \/>\n<meta property=\"og:title\" content=\"Mesida : Arjoni p\u00c3\u00ablqen Zhuljet\u00c3\u00abn! - Big Brother Albania\" \/>\n<meta property=\"og:description\" content=\"Big Brother Albania - Mesida shprehet me Ardjanin n\u00c3\u00ab lidhje me hyrjen e saj n\u00c3\u00ab sht\u00c3\u00abpi. Ajo thot\u00c3\u00ab q\u00c3\u00ab e ka pak t\u00c3\u00ab v\u00c3\u00abshtir\u00c3\u00ab p\u00c3\u00abr faktin q\u00c3\u00ab ka hyr\u00c3\u00ab n\u00c3\u00ab nj\u00c3\u00ab moment kur t\u00c3\u00ab gjith\u00c3\u00ab e kan\u00c3\u00ab njohur nj\u00c3\u00abri-tjetrin\" \/>\n<meta property=\"og:url\" content=\"https:\/\/www.visit-ulcinj.com\/blog\/2009\/03\/06\/mesida-arjoni-pelqen-zhuljeten\/\" \/>\n<meta property=\"og:site_name\" content=\"Lajme nga Ulqini\" \/>\n<meta property=\"article:published_time\" content=\"2009-03-05T23:01:10+00:00\" \/>\n<meta property=\"article:modified_time\" content=\"2009-03-07T09:22:04+00:00\" \/>\n<meta property=\"og:image\" content=\"http:\/\/www.visit-ulcinj.com\/blog\/wp-content\/uploads\/2009\/03\/mesida-5.jpg\" \/>\n<meta name=\"twitter:label1\" content=\"Written by\" \/>\n\t<meta name=\"twitter:data1\" content=\"ulqini\" \/>\n\t<meta name=\"twitter:label2\" content=\"Est. reading time\" \/>\n\t<meta name=\"twitter:data2\" content=\"1 minute\" \/>\n<script type=\"application\/ld+json\" class=\"yoast-schema-graph\">{\"@context\":\"https:\/\/schema.org\",\"@graph\":[{\"@type\":\"WebSite\",\"@id\":\"https:\/\/www.visit-ulcinj.com\/blog\/#website\",\"url\":\"https:\/\/www.visit-ulcinj.com\/blog\/\",\"name\":\"Lajme nga Ulqini\",\"description\":\"Lajme,Vijesti,Ulqini,Ulqin,Crna Gora,Mali i Zi\",\"potentialAction\":[{\"@type\":\"SearchAction\",\"target\":{\"@type\":\"EntryPoint\",\"urlTemplate\":\"https:\/\/www.visit-ulcinj.com\/blog\/?s={search_term_string}\"},\"query-input\":\"required name=search_term_string\"}],\"inLanguage\":\"en-US\"},{\"@type\":\"ImageObject\",\"inLanguage\":\"en-US\",\"@id\":\"https:\/\/www.visit-ulcinj.com\/blog\/2009\/03\/06\/mesida-arjoni-pelqen-zhuljeten\/#primaryimage\",\"url\":\"http:\/\/www.visit-ulcinj.com\/blog\/wp-content\/uploads\/2009\/03\/mesida-5.jpg\",\"contentUrl\":\"http:\/\/www.visit-ulcinj.com\/blog\/wp-content\/uploads\/2009\/03\/mesida-5.jpg\"},{\"@type\":\"WebPage\",\"@id\":\"https:\/\/www.visit-ulcinj.com\/blog\/2009\/03\/06\/mesida-arjoni-pelqen-zhuljeten\/#webpage\",\"url\":\"https:\/\/www.visit-ulcinj.com\/blog\/2009\/03\/06\/mesida-arjoni-pelqen-zhuljeten\/\",\"name\":\"Mesida : Arjoni p\u00c3\u00ablqen Zhuljet\u00c3\u00abn! - Big Brother Albania\",\"isPartOf\":{\"@id\":\"https:\/\/www.visit-ulcinj.com\/blog\/#website\"},\"primaryImageOfPage\":{\"@id\":\"https:\/\/www.visit-ulcinj.com\/blog\/2009\/03\/06\/mesida-arjoni-pelqen-zhuljeten\/#primaryimage\"},\"datePublished\":\"2009-03-05T23:01:10+00:00\",\"dateModified\":\"2009-03-07T09:22:04+00:00\",\"author\":{\"@id\":\"https:\/\/www.visit-ulcinj.com\/blog\/#\/schema\/person\/dcab619c614d3038751c63bc2aadc06d\"},\"description\":\"Big Brother Albania - Mesida shprehet me Ardjanin n\u00c3\u00ab lidhje me hyrjen e saj n\u00c3\u00ab sht\u00c3\u00abpi. Ajo thot\u00c3\u00ab q\u00c3\u00ab e ka pak t\u00c3\u00ab v\u00c3\u00abshtir\u00c3\u00ab p\u00c3\u00abr faktin q\u00c3\u00ab ka hyr\u00c3\u00ab n\u00c3\u00ab nj\u00c3\u00ab moment kur t\u00c3\u00ab gjith\u00c3\u00ab e kan\u00c3\u00ab njohur nj\u00c3\u00abri-tjetrin\",\"breadcrumb\":{\"@id\":\"https:\/\/www.visit-ulcinj.com\/blog\/2009\/03\/06\/mesida-arjoni-pelqen-zhuljeten\/#breadcrumb\"},\"inLanguage\":\"en-US\",\"potentialAction\":[{\"@type\":\"ReadAction\",\"target\":[\"https:\/\/www.visit-ulcinj.com\/blog\/2009\/03\/06\/mesida-arjoni-pelqen-zhuljeten\/\"]}]},{\"@type\":\"BreadcrumbList\",\"@id\":\"https:\/\/www.visit-ulcinj.com\/blog\/2009\/03\/06\/mesida-arjoni-pelqen-zhuljeten\/#breadcrumb\",\"itemListElement\":[{\"@type\":\"ListItem\",\"position\":1,\"name\":\"Mesida : Arjoni p\u00eblqen Zhuljet\u00ebn!\"}]},{\"@type\":\"Person\",\"@id\":\"https:\/\/www.visit-ulcinj.com\/blog\/#\/schema\/person\/dcab619c614d3038751c63bc2aadc06d\",\"name\":\"ulqini\",\"sameAs\":[\"http:\/\/www.visit-ulcinj.com\"],\"url\":\"https:\/\/www.visit-ulcinj.com\/blog\/author\/admin\/\"}]}<\/script>\n<!-- \/ Yoast SEO plugin. -->","yoast_head_json":{"title":"Mesida : Arjoni p\u00c3\u00ablqen Zhuljet\u00c3\u00abn! - Big Brother Albania","description":"Big Brother Albania - Mesida shprehet me Ardjanin n\u00c3\u00ab lidhje me hyrjen e saj n\u00c3\u00ab sht\u00c3\u00abpi. Ajo thot\u00c3\u00ab q\u00c3\u00ab e ka pak t\u00c3\u00ab v\u00c3\u00abshtir\u00c3\u00ab p\u00c3\u00abr faktin q\u00c3\u00ab ka hyr\u00c3\u00ab n\u00c3\u00ab nj\u00c3\u00ab moment kur t\u00c3\u00ab gjith\u00c3\u00ab e kan\u00c3\u00ab njohur nj\u00c3\u00abri-tjetrin","robots":{"index":"index","follow":"follow","max-snippet":"max-snippet:-1","max-image-preview":"max-image-preview:large","max-video-preview":"max-video-preview:-1"},"canonical":"https:\/\/www.visit-ulcinj.com\/blog\/2009\/03\/06\/mesida-arjoni-pelqen-zhuljeten\/","og_locale":"en_US","og_type":"article","og_title":"Mesida : Arjoni p\u00c3\u00ablqen Zhuljet\u00c3\u00abn! - Big Brother Albania","og_description":"Big Brother Albania - Mesida shprehet me Ardjanin n\u00c3\u00ab lidhje me hyrjen e saj n\u00c3\u00ab sht\u00c3\u00abpi. Ajo thot\u00c3\u00ab q\u00c3\u00ab e ka pak t\u00c3\u00ab v\u00c3\u00abshtir\u00c3\u00ab p\u00c3\u00abr faktin q\u00c3\u00ab ka hyr\u00c3\u00ab n\u00c3\u00ab nj\u00c3\u00ab moment kur t\u00c3\u00ab gjith\u00c3\u00ab e kan\u00c3\u00ab njohur nj\u00c3\u00abri-tjetrin","og_url":"https:\/\/www.visit-ulcinj.com\/blog\/2009\/03\/06\/mesida-arjoni-pelqen-zhuljeten\/","og_site_name":"Lajme nga Ulqini","article_published_time":"2009-03-05T23:01:10+00:00","article_modified_time":"2009-03-07T09:22:04+00:00","og_image":[{"url":"http:\/\/www.visit-ulcinj.com\/blog\/wp-content\/uploads\/2009\/03\/mesida-5.jpg"}],"twitter_misc":{"Written by":"ulqini","Est. reading time":"1 minute"},"schema":{"@context":"https:\/\/schema.org","@graph":[{"@type":"WebSite","@id":"https:\/\/www.visit-ulcinj.com\/blog\/#website","url":"https:\/\/www.visit-ulcinj.com\/blog\/","name":"Lajme nga Ulqini","description":"Lajme,Vijesti,Ulqini,Ulqin,Crna Gora,Mali i Zi","potentialAction":[{"@type":"SearchAction","target":{"@type":"EntryPoint","urlTemplate":"https:\/\/www.visit-ulcinj.com\/blog\/?s={search_term_string}"},"query-input":"required name=search_term_string"}],"inLanguage":"en-US"},{"@type":"ImageObject","inLanguage":"en-US","@id":"https:\/\/www.visit-ulcinj.com\/blog\/2009\/03\/06\/mesida-arjoni-pelqen-zhuljeten\/#primaryimage","url":"http:\/\/www.visit-ulcinj.com\/blog\/wp-content\/uploads\/2009\/03\/mesida-5.jpg","contentUrl":"http:\/\/www.visit-ulcinj.com\/blog\/wp-content\/uploads\/2009\/03\/mesida-5.jpg"},{"@type":"WebPage","@id":"https:\/\/www.visit-ulcinj.com\/blog\/2009\/03\/06\/mesida-arjoni-pelqen-zhuljeten\/#webpage","url":"https:\/\/www.visit-ulcinj.com\/blog\/2009\/03\/06\/mesida-arjoni-pelqen-zhuljeten\/","name":"Mesida : Arjoni p\u00c3\u00ablqen Zhuljet\u00c3\u00abn! - Big Brother Albania","isPartOf":{"@id":"https:\/\/www.visit-ulcinj.com\/blog\/#website"},"primaryImageOfPage":{"@id":"https:\/\/www.visit-ulcinj.com\/blog\/2009\/03\/06\/mesida-arjoni-pelqen-zhuljeten\/#primaryimage"},"datePublished":"2009-03-05T23:01:10+00:00","dateModified":"2009-03-07T09:22:04+00:00","author":{"@id":"https:\/\/www.visit-ulcinj.com\/blog\/#\/schema\/person\/dcab619c614d3038751c63bc2aadc06d"},"description":"Big Brother Albania - Mesida shprehet me Ardjanin n\u00c3\u00ab lidhje me hyrjen e saj n\u00c3\u00ab sht\u00c3\u00abpi. Ajo thot\u00c3\u00ab q\u00c3\u00ab e ka pak t\u00c3\u00ab v\u00c3\u00abshtir\u00c3\u00ab p\u00c3\u00abr faktin q\u00c3\u00ab ka hyr\u00c3\u00ab n\u00c3\u00ab nj\u00c3\u00ab moment kur t\u00c3\u00ab gjith\u00c3\u00ab e kan\u00c3\u00ab njohur nj\u00c3\u00abri-tjetrin","breadcrumb":{"@id":"https:\/\/www.visit-ulcinj.com\/blog\/2009\/03\/06\/mesida-arjoni-pelqen-zhuljeten\/#breadcrumb"},"inLanguage":"en-US","potentialAction":[{"@type":"ReadAction","target":["https:\/\/www.visit-ulcinj.com\/blog\/2009\/03\/06\/mesida-arjoni-pelqen-zhuljeten\/"]}]},{"@type":"BreadcrumbList","@id":"https:\/\/www.visit-ulcinj.com\/blog\/2009\/03\/06\/mesida-arjoni-pelqen-zhuljeten\/#breadcrumb","itemListElement":[{"@type":"ListItem","position":1,"name":"Mesida : Arjoni p\u00eblqen Zhuljet\u00ebn!"}]},{"@type":"Person","@id":"https:\/\/www.visit-ulcinj.com\/blog\/#\/schema\/person\/dcab619c614d3038751c63bc2aadc06d","name":"ulqini","sameAs":["http:\/\/www.visit-ulcinj.com"],"url":"https:\/\/www.visit-ulcinj.com\/blog\/author\/admin\/"}]}},"jetpack_featured_media_url":"","jetpack_sharing_enabled":true,"jetpack_shortlink":"https:\/\/wp.me\/pe6lTn-3mS","_links":{"self":[{"href":"https:\/\/www.visit-ulcinj.com\/blog\/wp-json\/wp\/v2\/posts\/12950"}],"collection":[{"href":"https:\/\/www.visit-ulcinj.com\/blog\/wp-json\/wp\/v2\/posts"}],"about":[{"href":"https:\/\/www.visit-ulcinj.com\/blog\/wp-json\/wp\/v2\/types\/post"}],"author":[{"embeddable":true,"href":"https:\/\/www.visit-ulcinj.com\/blog\/wp-json\/wp\/v2\/users\/1"}],"replies":[{"embeddable":true,"href":"https:\/\/www.visit-ulcinj.com\/blog\/wp-json\/wp\/v2\/comments?post=12950"}],"version-history":[{"count":0,"href":"https:\/\/www.visit-ulcinj.com\/blog\/wp-json\/wp\/v2\/posts\/12950\/revisions"}],"wp:attachment":[{"href":"https:\/\/www.visit-ulcinj.com\/blog\/wp-json\/wp\/v2\/media?parent=12950"}],"wp:term":[{"taxonomy":"category","embeddable":true,"href":"https:\/\/www.visit-ulcinj.com\/blog\/wp-json\/wp\/v2\/categories?post=12950"},{"taxonomy":"post_tag","embeddable":true,"href":"https:\/\/www.visit-ulcinj.com\/blog\/wp-json\/wp\/v2\/tags?post=12950"}],"curies":[{"name":"wp","href":"https:\/\/api.w.org\/{rel}","templated":true}]}}