{"id":12958,"date":"2009-03-05T23:14:14","date_gmt":"2009-03-05T22:14:14","guid":{"rendered":"http:\/\/www.visit-ulcinj.com\/blog\/?p=12958"},"modified":"2009-03-05T23:14:14","modified_gmt":"2009-03-05T22:14:14","slug":"tema-e-aides","status":"publish","type":"post","link":"https:\/\/www.visit-ulcinj.com\/blog\/2009\/03\/05\/tema-e-aides\/","title":{"rendered":"Tema e Aid\u00ebs"},"content":{"rendered":"<p><em><span class=\"newsdate\"><a href=\"http:\/\/www.visit-ulcinj.com\/blog\/wp-content\/uploads\/2009\/03\/tema-aida-troka.jpg\"><img loading=\"lazy\" class=\"alignleft size-full wp-image-12959\" title=\"tema-aida-troka-big-brother-albania\" src=\"http:\/\/www.visit-ulcinj.com\/blog\/wp-content\/uploads\/2009\/03\/tema-aida-troka.jpg\" alt=\"tema-aida-troka-big-brother-albania\" width=\"300\" height=\"205\" \/><\/a>03\/03\/09 18:08<\/span><\/em><\/p>\n<p>\u00cbsht\u00eb radha e Aid\u00ebs q\u00eb sot t\u00eb organizoj\u00eb debatin q\u00eb banor\u00ebt b\u00ebjn\u00eb p\u00ebrher\u00eb n\u00eb form\u00eb emisioni dhe ajo ka zgjedhur si tem\u00eb t\u00eb flasin p\u00ebr shoq\u00ebrin\u00eb. T\u00eb gjith\u00eb jan\u00eb mbledhur n\u00eb sallon dhe Aida si fillim thot\u00eb k\u00ebrkesat e saja q\u00eb emisioni t\u2019i dal\u00eb sa m\u00eb mir\u00eb. Aida b\u00ebn hapjen e emisionit dhe prezanton tem\u00ebn mbi t\u00eb cil\u00ebn do t\u00eb diskutohet. Ajo i pyet t\u00eb gjith\u00eb me radh\u00eb se si e konceptojn\u00eb ata me pak fjal\u00eb shoq\u00ebrin\u00eb dhe banor\u00ebt japin mendimet e tyre t\u00eb ndryshme. Banor\u00ebt e kan\u00eb b\u00ebr\u00eb me fjal\u00eb q\u00eb m\u00eb par\u00eb q\u00eb debati i Aid\u00ebs t\u00eb mos realizohet. Inisiatore e k\u00ebtij plani \u00ebsht\u00eb Adelajda e cila u ka th\u00ebn\u00eb banor\u00ebve se n\u00eb momentin q\u00eb Aida t\u00eb prezantoj\u00eb tem\u00ebn, ata t\u00eb fillojn\u00eb t\u00eb flasin pa radh\u00eb e ta inatosin at\u00eb. Adelajd\u00ebn e ka mb\u00ebshtetur edhe Dritani i cili ka instruktuar nj\u00eb pjes\u00eb t\u00eb banor\u00ebve p\u00ebr ta realizuar k\u00ebt\u00eb plan. Dhe n\u00eb fakt banor\u00ebt e kan\u00eb cuar k\u00ebt\u00eb plan deri n\u00eb fund dhe n\u00eb momentin e duhur ata fillojn\u00eb t\u00eb b\u00ebjn\u00eb zhurm\u00eb duke e b\u00ebr\u00eb Aid\u00ebn t\u00eb ngrihet e t\u00eb dal\u00eb jasht\u00eb n\u00eb kop\u00ebsht. Aida duket shum\u00eb e m\u00ebrzitur. Bika shkon n\u00eb kop\u00ebsht p\u00ebr ta qet\u00ebsuar dhe i thot\u00eb se kjo ishte vec nj\u00eb loj\u00eb e menduar p\u00ebr t\u2019u arg\u00ebtuar. Aida i thot\u00eb se nuk ka nd\u00ebrmend q\u00eb ta realizoj\u00eb m\u00eb debatin e saj. Aty vjen edhe Lirita p\u00ebr t\u2019i b\u00ebr\u00eb shoq\u00ebri dhe Aida i thot\u00eb se me k\u00ebt\u00eb loj\u00eb arrit\u00ebn vec ta m\u00ebrzisnin e jo ta nervozonin. M\u00eb pas t\u00eb gjith\u00eb banor\u00ebt dalin n\u00eb kop\u00ebsht dhe duke q\u00ebndruar para saj i thon\u00eb n\u00eb kor \u201cNa fal!\u201d Edhe pse banor\u00ebt i k\u00ebrkuan t\u00eb falur, Aida vazhdon t\u00eb ndihet e m\u00ebrzitur dhe mendon se t\u00eb gjith\u00eb jan\u00eb p\u00ebrgjegj\u00ebs. Banor\u00ebt nga ana e tyre komentojn\u00eb situat\u00ebn: disa mendojn\u00eb se edhe ata po t\u00eb ishin n\u00eb vend t\u00eb Aid\u00ebs do t\u00eb m\u00ebrziteshin kurse t\u00eb tjer\u00eb thon\u00eb se k\u00ebtu s\u2019ka asgj\u00eb p\u00ebr t\u00eb t\u00eb ngelur qejfi sepse kjo ishte vec nj\u00eb loj\u00eb.<\/p>\n","protected":false},"excerpt":{"rendered":"<p>03\/03\/09 18:08 \u00cbsht\u00eb radha e Aid\u00ebs q\u00eb sot t\u00eb organizoj\u00eb debatin q\u00eb banor\u00ebt b\u00ebjn\u00eb p\u00ebrher\u00eb n\u00eb form\u00eb emisioni dhe ajo ka zgjedhur si tem\u00eb t\u00eb flasin p\u00ebr shoq\u00ebrin\u00eb. T\u00eb gjith\u00eb jan\u00eb mbledhur n\u00eb sallon dhe Aida si fillim thot\u00eb k\u00ebrkesat e saja q\u00eb emisioni t\u2019i dal\u00eb sa m\u00eb mir\u00eb. Aida b\u00ebn hapjen e emisionit dhe [&hellip;]<\/p>\n","protected":false},"author":1,"featured_media":0,"comment_status":"open","ping_status":"closed","sticky":false,"template":"","format":"standard","meta":{"spay_email":"","jetpack_publicize_message":"","jetpack_is_tweetstorm":false,"jetpack_publicize_feature_enabled":true},"categories":[6502],"tags":[6566,6537,5057,6506,6712,7129,7513,6891,6693,6887],"jetpack_publicize_connections":[],"yoast_head":"<!-- This site is optimized with the Yoast SEO plugin v19.1 - https:\/\/yoast.com\/wordpress\/plugins\/seo\/ -->\n<title>Tema e Aid\u00c3\u00abs - Big Brother Albania<\/title>\n<meta name=\"description\" content=\"Big Brother Albania - \u00c3\u2039sht\u00c3\u00ab radha e Aid\u00c3\u00abs q\u00c3\u00ab sot t\u00c3\u00ab organizoj\u00c3\u00ab debatin q\u00c3\u00ab banor\u00c3\u00abt b\u00c3\u00abjn\u00c3\u00ab p\u00c3\u00abrher\u00c3\u00ab n\u00c3\u00ab form\u00c3\u00ab emisioni dhe ajo ka zgjedhur si tem\u00c3\u00ab t\u00c3\u00ab flasin p\u00c3\u00abr shoq\u00c3\u00abrin\u00c3\u00ab.\" \/>\n<meta name=\"robots\" content=\"index, follow, max-snippet:-1, max-image-preview:large, max-video-preview:-1\" \/>\n<link rel=\"canonical\" href=\"https:\/\/www.visit-ulcinj.com\/blog\/2009\/03\/05\/tema-e-aides\/\" \/>\n<meta property=\"og:locale\" content=\"en_US\" \/>\n<meta property=\"og:type\" content=\"article\" \/>\n<meta property=\"og:title\" content=\"Tema e Aid\u00c3\u00abs - Big Brother Albania\" \/>\n<meta property=\"og:description\" content=\"Big Brother Albania - \u00c3\u2039sht\u00c3\u00ab radha e Aid\u00c3\u00abs q\u00c3\u00ab sot t\u00c3\u00ab organizoj\u00c3\u00ab debatin q\u00c3\u00ab banor\u00c3\u00abt b\u00c3\u00abjn\u00c3\u00ab p\u00c3\u00abrher\u00c3\u00ab n\u00c3\u00ab form\u00c3\u00ab emisioni dhe ajo ka zgjedhur si tem\u00c3\u00ab t\u00c3\u00ab flasin p\u00c3\u00abr shoq\u00c3\u00abrin\u00c3\u00ab.\" \/>\n<meta property=\"og:url\" content=\"https:\/\/www.visit-ulcinj.com\/blog\/2009\/03\/05\/tema-e-aides\/\" \/>\n<meta property=\"og:site_name\" content=\"Lajme nga Ulqini\" \/>\n<meta property=\"article:published_time\" content=\"2009-03-05T22:14:14+00:00\" \/>\n<meta property=\"og:image\" content=\"http:\/\/www.visit-ulcinj.com\/blog\/wp-content\/uploads\/2009\/03\/tema-aida-troka.jpg\" \/>\n<meta name=\"twitter:label1\" content=\"Written by\" \/>\n\t<meta name=\"twitter:data1\" content=\"ulqini\" \/>\n\t<meta name=\"twitter:label2\" content=\"Est. reading time\" \/>\n\t<meta name=\"twitter:data2\" content=\"2 minutes\" \/>\n<script type=\"application\/ld+json\" class=\"yoast-schema-graph\">{\"@context\":\"https:\/\/schema.org\",\"@graph\":[{\"@type\":\"WebSite\",\"@id\":\"https:\/\/www.visit-ulcinj.com\/blog\/#website\",\"url\":\"https:\/\/www.visit-ulcinj.com\/blog\/\",\"name\":\"Lajme nga Ulqini\",\"description\":\"Lajme,Vijesti,Ulqini,Ulqin,Crna Gora,Mali i Zi\",\"potentialAction\":[{\"@type\":\"SearchAction\",\"target\":{\"@type\":\"EntryPoint\",\"urlTemplate\":\"https:\/\/www.visit-ulcinj.com\/blog\/?s={search_term_string}\"},\"query-input\":\"required name=search_term_string\"}],\"inLanguage\":\"en-US\"},{\"@type\":\"ImageObject\",\"inLanguage\":\"en-US\",\"@id\":\"https:\/\/www.visit-ulcinj.com\/blog\/2009\/03\/05\/tema-e-aides\/#primaryimage\",\"url\":\"http:\/\/www.visit-ulcinj.com\/blog\/wp-content\/uploads\/2009\/03\/tema-aida-troka.jpg\",\"contentUrl\":\"http:\/\/www.visit-ulcinj.com\/blog\/wp-content\/uploads\/2009\/03\/tema-aida-troka.jpg\"},{\"@type\":\"WebPage\",\"@id\":\"https:\/\/www.visit-ulcinj.com\/blog\/2009\/03\/05\/tema-e-aides\/#webpage\",\"url\":\"https:\/\/www.visit-ulcinj.com\/blog\/2009\/03\/05\/tema-e-aides\/\",\"name\":\"Tema e Aid\u00c3\u00abs - Big Brother Albania\",\"isPartOf\":{\"@id\":\"https:\/\/www.visit-ulcinj.com\/blog\/#website\"},\"primaryImageOfPage\":{\"@id\":\"https:\/\/www.visit-ulcinj.com\/blog\/2009\/03\/05\/tema-e-aides\/#primaryimage\"},\"datePublished\":\"2009-03-05T22:14:14+00:00\",\"dateModified\":\"2009-03-05T22:14:14+00:00\",\"author\":{\"@id\":\"https:\/\/www.visit-ulcinj.com\/blog\/#\/schema\/person\/dcab619c614d3038751c63bc2aadc06d\"},\"description\":\"Big Brother Albania - \u00c3\u2039sht\u00c3\u00ab radha e Aid\u00c3\u00abs q\u00c3\u00ab sot t\u00c3\u00ab organizoj\u00c3\u00ab debatin q\u00c3\u00ab banor\u00c3\u00abt b\u00c3\u00abjn\u00c3\u00ab p\u00c3\u00abrher\u00c3\u00ab n\u00c3\u00ab form\u00c3\u00ab emisioni dhe ajo ka zgjedhur si tem\u00c3\u00ab t\u00c3\u00ab flasin p\u00c3\u00abr shoq\u00c3\u00abrin\u00c3\u00ab.\",\"breadcrumb\":{\"@id\":\"https:\/\/www.visit-ulcinj.com\/blog\/2009\/03\/05\/tema-e-aides\/#breadcrumb\"},\"inLanguage\":\"en-US\",\"potentialAction\":[{\"@type\":\"ReadAction\",\"target\":[\"https:\/\/www.visit-ulcinj.com\/blog\/2009\/03\/05\/tema-e-aides\/\"]}]},{\"@type\":\"BreadcrumbList\",\"@id\":\"https:\/\/www.visit-ulcinj.com\/blog\/2009\/03\/05\/tema-e-aides\/#breadcrumb\",\"itemListElement\":[{\"@type\":\"ListItem\",\"position\":1,\"name\":\"Tema e Aid\u00ebs\"}]},{\"@type\":\"Person\",\"@id\":\"https:\/\/www.visit-ulcinj.com\/blog\/#\/schema\/person\/dcab619c614d3038751c63bc2aadc06d\",\"name\":\"ulqini\",\"sameAs\":[\"http:\/\/www.visit-ulcinj.com\"],\"url\":\"https:\/\/www.visit-ulcinj.com\/blog\/author\/admin\/\"}]}<\/script>\n<!-- \/ Yoast SEO plugin. -->","yoast_head_json":{"title":"Tema e Aid\u00c3\u00abs - Big Brother Albania","description":"Big Brother Albania - \u00c3\u2039sht\u00c3\u00ab radha e Aid\u00c3\u00abs q\u00c3\u00ab sot t\u00c3\u00ab organizoj\u00c3\u00ab debatin q\u00c3\u00ab banor\u00c3\u00abt b\u00c3\u00abjn\u00c3\u00ab p\u00c3\u00abrher\u00c3\u00ab n\u00c3\u00ab form\u00c3\u00ab emisioni dhe ajo ka zgjedhur si tem\u00c3\u00ab t\u00c3\u00ab flasin p\u00c3\u00abr shoq\u00c3\u00abrin\u00c3\u00ab.","robots":{"index":"index","follow":"follow","max-snippet":"max-snippet:-1","max-image-preview":"max-image-preview:large","max-video-preview":"max-video-preview:-1"},"canonical":"https:\/\/www.visit-ulcinj.com\/blog\/2009\/03\/05\/tema-e-aides\/","og_locale":"en_US","og_type":"article","og_title":"Tema e Aid\u00c3\u00abs - Big Brother Albania","og_description":"Big Brother Albania - \u00c3\u2039sht\u00c3\u00ab radha e Aid\u00c3\u00abs q\u00c3\u00ab sot t\u00c3\u00ab organizoj\u00c3\u00ab debatin q\u00c3\u00ab banor\u00c3\u00abt b\u00c3\u00abjn\u00c3\u00ab p\u00c3\u00abrher\u00c3\u00ab n\u00c3\u00ab form\u00c3\u00ab emisioni dhe ajo ka zgjedhur si tem\u00c3\u00ab t\u00c3\u00ab flasin p\u00c3\u00abr shoq\u00c3\u00abrin\u00c3\u00ab.","og_url":"https:\/\/www.visit-ulcinj.com\/blog\/2009\/03\/05\/tema-e-aides\/","og_site_name":"Lajme nga Ulqini","article_published_time":"2009-03-05T22:14:14+00:00","og_image":[{"url":"http:\/\/www.visit-ulcinj.com\/blog\/wp-content\/uploads\/2009\/03\/tema-aida-troka.jpg"}],"twitter_misc":{"Written by":"ulqini","Est. reading time":"2 minutes"},"schema":{"@context":"https:\/\/schema.org","@graph":[{"@type":"WebSite","@id":"https:\/\/www.visit-ulcinj.com\/blog\/#website","url":"https:\/\/www.visit-ulcinj.com\/blog\/","name":"Lajme nga Ulqini","description":"Lajme,Vijesti,Ulqini,Ulqin,Crna Gora,Mali i Zi","potentialAction":[{"@type":"SearchAction","target":{"@type":"EntryPoint","urlTemplate":"https:\/\/www.visit-ulcinj.com\/blog\/?s={search_term_string}"},"query-input":"required name=search_term_string"}],"inLanguage":"en-US"},{"@type":"ImageObject","inLanguage":"en-US","@id":"https:\/\/www.visit-ulcinj.com\/blog\/2009\/03\/05\/tema-e-aides\/#primaryimage","url":"http:\/\/www.visit-ulcinj.com\/blog\/wp-content\/uploads\/2009\/03\/tema-aida-troka.jpg","contentUrl":"http:\/\/www.visit-ulcinj.com\/blog\/wp-content\/uploads\/2009\/03\/tema-aida-troka.jpg"},{"@type":"WebPage","@id":"https:\/\/www.visit-ulcinj.com\/blog\/2009\/03\/05\/tema-e-aides\/#webpage","url":"https:\/\/www.visit-ulcinj.com\/blog\/2009\/03\/05\/tema-e-aides\/","name":"Tema e Aid\u00c3\u00abs - Big Brother Albania","isPartOf":{"@id":"https:\/\/www.visit-ulcinj.com\/blog\/#website"},"primaryImageOfPage":{"@id":"https:\/\/www.visit-ulcinj.com\/blog\/2009\/03\/05\/tema-e-aides\/#primaryimage"},"datePublished":"2009-03-05T22:14:14+00:00","dateModified":"2009-03-05T22:14:14+00:00","author":{"@id":"https:\/\/www.visit-ulcinj.com\/blog\/#\/schema\/person\/dcab619c614d3038751c63bc2aadc06d"},"description":"Big Brother Albania - \u00c3\u2039sht\u00c3\u00ab radha e Aid\u00c3\u00abs q\u00c3\u00ab sot t\u00c3\u00ab organizoj\u00c3\u00ab debatin q\u00c3\u00ab banor\u00c3\u00abt b\u00c3\u00abjn\u00c3\u00ab p\u00c3\u00abrher\u00c3\u00ab n\u00c3\u00ab form\u00c3\u00ab emisioni dhe ajo ka zgjedhur si tem\u00c3\u00ab t\u00c3\u00ab flasin p\u00c3\u00abr shoq\u00c3\u00abrin\u00c3\u00ab.","breadcrumb":{"@id":"https:\/\/www.visit-ulcinj.com\/blog\/2009\/03\/05\/tema-e-aides\/#breadcrumb"},"inLanguage":"en-US","potentialAction":[{"@type":"ReadAction","target":["https:\/\/www.visit-ulcinj.com\/blog\/2009\/03\/05\/tema-e-aides\/"]}]},{"@type":"BreadcrumbList","@id":"https:\/\/www.visit-ulcinj.com\/blog\/2009\/03\/05\/tema-e-aides\/#breadcrumb","itemListElement":[{"@type":"ListItem","position":1,"name":"Tema e Aid\u00ebs"}]},{"@type":"Person","@id":"https:\/\/www.visit-ulcinj.com\/blog\/#\/schema\/person\/dcab619c614d3038751c63bc2aadc06d","name":"ulqini","sameAs":["http:\/\/www.visit-ulcinj.com"],"url":"https:\/\/www.visit-ulcinj.com\/blog\/author\/admin\/"}]}},"jetpack_featured_media_url":"","jetpack_sharing_enabled":true,"jetpack_shortlink":"https:\/\/wp.me\/pe6lTn-3n0","_links":{"self":[{"href":"https:\/\/www.visit-ulcinj.com\/blog\/wp-json\/wp\/v2\/posts\/12958"}],"collection":[{"href":"https:\/\/www.visit-ulcinj.com\/blog\/wp-json\/wp\/v2\/posts"}],"about":[{"href":"https:\/\/www.visit-ulcinj.com\/blog\/wp-json\/wp\/v2\/types\/post"}],"author":[{"embeddable":true,"href":"https:\/\/www.visit-ulcinj.com\/blog\/wp-json\/wp\/v2\/users\/1"}],"replies":[{"embeddable":true,"href":"https:\/\/www.visit-ulcinj.com\/blog\/wp-json\/wp\/v2\/comments?post=12958"}],"version-history":[{"count":0,"href":"https:\/\/www.visit-ulcinj.com\/blog\/wp-json\/wp\/v2\/posts\/12958\/revisions"}],"wp:attachment":[{"href":"https:\/\/www.visit-ulcinj.com\/blog\/wp-json\/wp\/v2\/media?parent=12958"}],"wp:term":[{"taxonomy":"category","embeddable":true,"href":"https:\/\/www.visit-ulcinj.com\/blog\/wp-json\/wp\/v2\/categories?post=12958"},{"taxonomy":"post_tag","embeddable":true,"href":"https:\/\/www.visit-ulcinj.com\/blog\/wp-json\/wp\/v2\/tags?post=12958"}],"curies":[{"name":"wp","href":"https:\/\/api.w.org\/{rel}","templated":true}]}}