{"id":12964,"date":"2009-03-06T00:18:02","date_gmt":"2009-03-05T23:18:02","guid":{"rendered":"http:\/\/www.visit-ulcinj.com\/blog\/?p=12964"},"modified":"2009-03-05T23:21:15","modified_gmt":"2009-03-05T22:21:15","slug":"qetsori-cfare-do-bejme-kur-te-dalim","status":"publish","type":"post","link":"https:\/\/www.visit-ulcinj.com\/blog\/2009\/03\/06\/qetsori-cfare-do-bejme-kur-te-dalim\/","title":{"rendered":"Qetsori : Cfar\u00eb do b\u00ebjm\u00eb kur t\u00eb dalim?"},"content":{"rendered":"<p><em><span class=\"newsdate\"><a href=\"http:\/\/www.visit-ulcinj.com\/blog\/wp-content\/uploads\/2009\/03\/zhuljetasoriarjoni.jpg\"><img loading=\"lazy\" class=\"alignleft size-full wp-image-12965\" title=\"zhuljetasoriarjoni-big-brother-albania\" src=\"http:\/\/www.visit-ulcinj.com\/blog\/wp-content\/uploads\/2009\/03\/zhuljetasoriarjoni.jpg\" alt=\"zhuljetasoriarjoni-big-brother-albania\" width=\"300\" height=\"205\" \/><\/a>03\/03\/09 14:40<\/span><\/em><\/p>\n<p>Zhuljeta, Sori dhe Arjoni diskutojn\u00eb n\u00eb kuzhin\u00eb duke p\u00ebrgatitur drek\u00ebn. \u00cbsht\u00eb Sori ai q\u00eb pyet i pari se cfar\u00eb do t\u00eb b\u00ebj\u00eb Bjordi kur t\u00eb dal\u00eb nga sht\u00ebpia. Arjoni i thot\u00eb se i uron Bjordit t\u00eb arrij\u00eb at\u00eb q\u00eb d\u00ebshiron dhe se n\u00eb nj\u00ebfar\u00eb m\u00ebnyre ai \u00ebsht\u00eb i arritur. Arjoni pyet se cfar\u00eb do t\u00eb b\u00ebhet me Moz\u00ebn dhe Sori ja kthen me shaka se do t\u00eb b\u00ebhet \u201cmiss\u201d. Arjoni vazhdon me pyetje dhe k\u00ebsaj radhe pyet p\u00ebr Adin. Sori i p\u00ebrgjigjet se at\u00eb do ta marrin tek portokallia t\u00eb b\u00ebr\u00eb tironsin ose do b\u00ebhet roje. Ai thot\u00eb se t\u00eb gjitha k\u00ebto nuk do t\u00eb ndodhin por, secili do t\u00eb shkoj\u00eb n\u00eb sht\u00ebpin\u00eb e vet\u00eb e do t\u00eb b\u00ebjn\u00eb jet\u00ebn q\u00eb kan\u00eb b\u00ebr\u00eb. Arjoni tregon p\u00ebr veten se do t\u00eb d\u00ebshironte q\u00eb t\u00eb kishte fat e t\u00eb b\u00ebhej i njohur dhe t\u00eb prezantonte ndonj\u00eb spektak\u00ebl. Zhuljeta e pyet e habitur n\u00ebse e kishte v\u00ebrtet\u00eb apo jo dhe ai i thot\u00eb po. Ai i thot\u00eb Zhuljet\u00ebs se ajo mund t\u00eb b\u00ebj\u00eb kontrafigur\u00ebn e Ciljet\u00ebs por ajo ja kthen se s\u2019do ta b\u00ebj\u00eb asnj\u00ebher\u00eb. Ajo fillon t\u00eb tregoj\u00eb p\u00ebr Ciljet\u00ebn dhe thot\u00eb se e ka njohur dhe tregon p\u00ebr t\u00eb se \u00ebsht\u00eb nj\u00eb person shum\u00eb i cilt\u00ebr dhe e shoq\u00ebris\u00eb.<\/p>\n","protected":false},"excerpt":{"rendered":"<p>03\/03\/09 14:40 Zhuljeta, Sori dhe Arjoni diskutojn\u00eb n\u00eb kuzhin\u00eb duke p\u00ebrgatitur drek\u00ebn. \u00cbsht\u00eb Sori ai q\u00eb pyet i pari se cfar\u00eb do t\u00eb b\u00ebj\u00eb Bjordi kur t\u00eb dal\u00eb nga sht\u00ebpia. Arjoni i thot\u00eb se i uron Bjordit t\u00eb arrij\u00eb at\u00eb q\u00eb d\u00ebshiron dhe se n\u00eb nj\u00ebfar\u00eb m\u00ebnyre ai \u00ebsht\u00eb i arritur. Arjoni pyet se cfar\u00eb [&hellip;]<\/p>\n","protected":false},"author":1,"featured_media":0,"comment_status":"open","ping_status":"closed","sticky":false,"template":"","format":"standard","meta":{"spay_email":"","jetpack_publicize_message":"","jetpack_is_tweetstorm":false,"jetpack_publicize_feature_enabled":true},"categories":[6502],"tags":[6558,6738,5057,6506,6712,7129,6665,5191,6900,6891,6693,6887,6564],"jetpack_publicize_connections":[],"yoast_head":"<!-- This site is optimized with the Yoast SEO plugin v19.1 - https:\/\/yoast.com\/wordpress\/plugins\/seo\/ -->\n<title>Qetsori : Cfar\u00c3\u00ab do b\u00c3\u00abjm\u00c3\u00ab kur t\u00c3\u00ab dalim? - Big Brother Albania<\/title>\n<meta name=\"description\" content=\"Big Brother Albania - Zhuljeta, Sori dhe Arjoni diskutojn\u00c3\u00ab n\u00c3\u00ab kuzhin\u00c3\u00ab duke p\u00c3\u00abrgatitur drek\u00c3\u00abn. \u00c3\u2039sht\u00c3\u00ab Sori ai q\u00c3\u00ab pyet i pari se cfar\u00c3\u00ab do t\u00c3\u00ab b\u00c3\u00abj\u00c3\u00ab Bjordi kur t\u00c3\u00ab dal\u00c3\u00ab nga sht\u00c3\u00abpia.\" \/>\n<meta name=\"robots\" content=\"index, follow, max-snippet:-1, max-image-preview:large, max-video-preview:-1\" \/>\n<link rel=\"canonical\" href=\"https:\/\/www.visit-ulcinj.com\/blog\/2009\/03\/06\/qetsori-cfare-do-bejme-kur-te-dalim\/\" \/>\n<meta property=\"og:locale\" content=\"en_US\" \/>\n<meta property=\"og:type\" content=\"article\" \/>\n<meta property=\"og:title\" content=\"Qetsori : Cfar\u00c3\u00ab do b\u00c3\u00abjm\u00c3\u00ab kur t\u00c3\u00ab dalim? - Big Brother Albania\" \/>\n<meta property=\"og:description\" content=\"Big Brother Albania - Zhuljeta, Sori dhe Arjoni diskutojn\u00c3\u00ab n\u00c3\u00ab kuzhin\u00c3\u00ab duke p\u00c3\u00abrgatitur drek\u00c3\u00abn. \u00c3\u2039sht\u00c3\u00ab Sori ai q\u00c3\u00ab pyet i pari se cfar\u00c3\u00ab do t\u00c3\u00ab b\u00c3\u00abj\u00c3\u00ab Bjordi kur t\u00c3\u00ab dal\u00c3\u00ab nga sht\u00c3\u00abpia.\" \/>\n<meta property=\"og:url\" content=\"https:\/\/www.visit-ulcinj.com\/blog\/2009\/03\/06\/qetsori-cfare-do-bejme-kur-te-dalim\/\" \/>\n<meta property=\"og:site_name\" content=\"Lajme nga Ulqini\" \/>\n<meta property=\"article:published_time\" content=\"2009-03-05T23:18:02+00:00\" \/>\n<meta property=\"article:modified_time\" content=\"2009-03-05T22:21:15+00:00\" \/>\n<meta property=\"og:image\" content=\"http:\/\/www.visit-ulcinj.com\/blog\/wp-content\/uploads\/2009\/03\/zhuljetasoriarjoni.jpg\" \/>\n<meta name=\"twitter:label1\" content=\"Written by\" \/>\n\t<meta name=\"twitter:data1\" content=\"ulqini\" \/>\n\t<meta name=\"twitter:label2\" content=\"Est. reading time\" \/>\n\t<meta name=\"twitter:data2\" content=\"1 minute\" \/>\n<script type=\"application\/ld+json\" class=\"yoast-schema-graph\">{\"@context\":\"https:\/\/schema.org\",\"@graph\":[{\"@type\":\"WebSite\",\"@id\":\"https:\/\/www.visit-ulcinj.com\/blog\/#website\",\"url\":\"https:\/\/www.visit-ulcinj.com\/blog\/\",\"name\":\"Lajme nga Ulqini\",\"description\":\"Lajme,Vijesti,Ulqini,Ulqin,Crna Gora,Mali i Zi\",\"potentialAction\":[{\"@type\":\"SearchAction\",\"target\":{\"@type\":\"EntryPoint\",\"urlTemplate\":\"https:\/\/www.visit-ulcinj.com\/blog\/?s={search_term_string}\"},\"query-input\":\"required name=search_term_string\"}],\"inLanguage\":\"en-US\"},{\"@type\":\"ImageObject\",\"inLanguage\":\"en-US\",\"@id\":\"https:\/\/www.visit-ulcinj.com\/blog\/2009\/03\/06\/qetsori-cfare-do-bejme-kur-te-dalim\/#primaryimage\",\"url\":\"http:\/\/www.visit-ulcinj.com\/blog\/wp-content\/uploads\/2009\/03\/zhuljetasoriarjoni.jpg\",\"contentUrl\":\"http:\/\/www.visit-ulcinj.com\/blog\/wp-content\/uploads\/2009\/03\/zhuljetasoriarjoni.jpg\"},{\"@type\":\"WebPage\",\"@id\":\"https:\/\/www.visit-ulcinj.com\/blog\/2009\/03\/06\/qetsori-cfare-do-bejme-kur-te-dalim\/#webpage\",\"url\":\"https:\/\/www.visit-ulcinj.com\/blog\/2009\/03\/06\/qetsori-cfare-do-bejme-kur-te-dalim\/\",\"name\":\"Qetsori : Cfar\u00c3\u00ab do b\u00c3\u00abjm\u00c3\u00ab kur t\u00c3\u00ab dalim? - Big Brother Albania\",\"isPartOf\":{\"@id\":\"https:\/\/www.visit-ulcinj.com\/blog\/#website\"},\"primaryImageOfPage\":{\"@id\":\"https:\/\/www.visit-ulcinj.com\/blog\/2009\/03\/06\/qetsori-cfare-do-bejme-kur-te-dalim\/#primaryimage\"},\"datePublished\":\"2009-03-05T23:18:02+00:00\",\"dateModified\":\"2009-03-05T22:21:15+00:00\",\"author\":{\"@id\":\"https:\/\/www.visit-ulcinj.com\/blog\/#\/schema\/person\/dcab619c614d3038751c63bc2aadc06d\"},\"description\":\"Big Brother Albania - Zhuljeta, Sori dhe Arjoni diskutojn\u00c3\u00ab n\u00c3\u00ab kuzhin\u00c3\u00ab duke p\u00c3\u00abrgatitur drek\u00c3\u00abn. \u00c3\u2039sht\u00c3\u00ab Sori ai q\u00c3\u00ab pyet i pari se cfar\u00c3\u00ab do t\u00c3\u00ab b\u00c3\u00abj\u00c3\u00ab Bjordi kur t\u00c3\u00ab dal\u00c3\u00ab nga sht\u00c3\u00abpia.\",\"breadcrumb\":{\"@id\":\"https:\/\/www.visit-ulcinj.com\/blog\/2009\/03\/06\/qetsori-cfare-do-bejme-kur-te-dalim\/#breadcrumb\"},\"inLanguage\":\"en-US\",\"potentialAction\":[{\"@type\":\"ReadAction\",\"target\":[\"https:\/\/www.visit-ulcinj.com\/blog\/2009\/03\/06\/qetsori-cfare-do-bejme-kur-te-dalim\/\"]}]},{\"@type\":\"BreadcrumbList\",\"@id\":\"https:\/\/www.visit-ulcinj.com\/blog\/2009\/03\/06\/qetsori-cfare-do-bejme-kur-te-dalim\/#breadcrumb\",\"itemListElement\":[{\"@type\":\"ListItem\",\"position\":1,\"name\":\"Qetsori : Cfar\u00eb do b\u00ebjm\u00eb kur t\u00eb dalim?\"}]},{\"@type\":\"Person\",\"@id\":\"https:\/\/www.visit-ulcinj.com\/blog\/#\/schema\/person\/dcab619c614d3038751c63bc2aadc06d\",\"name\":\"ulqini\",\"sameAs\":[\"http:\/\/www.visit-ulcinj.com\"],\"url\":\"https:\/\/www.visit-ulcinj.com\/blog\/author\/admin\/\"}]}<\/script>\n<!-- \/ Yoast SEO plugin. -->","yoast_head_json":{"title":"Qetsori : Cfar\u00c3\u00ab do b\u00c3\u00abjm\u00c3\u00ab kur t\u00c3\u00ab dalim? - Big Brother Albania","description":"Big Brother Albania - Zhuljeta, Sori dhe Arjoni diskutojn\u00c3\u00ab n\u00c3\u00ab kuzhin\u00c3\u00ab duke p\u00c3\u00abrgatitur drek\u00c3\u00abn. \u00c3\u2039sht\u00c3\u00ab Sori ai q\u00c3\u00ab pyet i pari se cfar\u00c3\u00ab do t\u00c3\u00ab b\u00c3\u00abj\u00c3\u00ab Bjordi kur t\u00c3\u00ab dal\u00c3\u00ab nga sht\u00c3\u00abpia.","robots":{"index":"index","follow":"follow","max-snippet":"max-snippet:-1","max-image-preview":"max-image-preview:large","max-video-preview":"max-video-preview:-1"},"canonical":"https:\/\/www.visit-ulcinj.com\/blog\/2009\/03\/06\/qetsori-cfare-do-bejme-kur-te-dalim\/","og_locale":"en_US","og_type":"article","og_title":"Qetsori : Cfar\u00c3\u00ab do b\u00c3\u00abjm\u00c3\u00ab kur t\u00c3\u00ab dalim? - Big Brother Albania","og_description":"Big Brother Albania - Zhuljeta, Sori dhe Arjoni diskutojn\u00c3\u00ab n\u00c3\u00ab kuzhin\u00c3\u00ab duke p\u00c3\u00abrgatitur drek\u00c3\u00abn. \u00c3\u2039sht\u00c3\u00ab Sori ai q\u00c3\u00ab pyet i pari se cfar\u00c3\u00ab do t\u00c3\u00ab b\u00c3\u00abj\u00c3\u00ab Bjordi kur t\u00c3\u00ab dal\u00c3\u00ab nga sht\u00c3\u00abpia.","og_url":"https:\/\/www.visit-ulcinj.com\/blog\/2009\/03\/06\/qetsori-cfare-do-bejme-kur-te-dalim\/","og_site_name":"Lajme nga Ulqini","article_published_time":"2009-03-05T23:18:02+00:00","article_modified_time":"2009-03-05T22:21:15+00:00","og_image":[{"url":"http:\/\/www.visit-ulcinj.com\/blog\/wp-content\/uploads\/2009\/03\/zhuljetasoriarjoni.jpg"}],"twitter_misc":{"Written by":"ulqini","Est. reading time":"1 minute"},"schema":{"@context":"https:\/\/schema.org","@graph":[{"@type":"WebSite","@id":"https:\/\/www.visit-ulcinj.com\/blog\/#website","url":"https:\/\/www.visit-ulcinj.com\/blog\/","name":"Lajme nga Ulqini","description":"Lajme,Vijesti,Ulqini,Ulqin,Crna Gora,Mali i Zi","potentialAction":[{"@type":"SearchAction","target":{"@type":"EntryPoint","urlTemplate":"https:\/\/www.visit-ulcinj.com\/blog\/?s={search_term_string}"},"query-input":"required name=search_term_string"}],"inLanguage":"en-US"},{"@type":"ImageObject","inLanguage":"en-US","@id":"https:\/\/www.visit-ulcinj.com\/blog\/2009\/03\/06\/qetsori-cfare-do-bejme-kur-te-dalim\/#primaryimage","url":"http:\/\/www.visit-ulcinj.com\/blog\/wp-content\/uploads\/2009\/03\/zhuljetasoriarjoni.jpg","contentUrl":"http:\/\/www.visit-ulcinj.com\/blog\/wp-content\/uploads\/2009\/03\/zhuljetasoriarjoni.jpg"},{"@type":"WebPage","@id":"https:\/\/www.visit-ulcinj.com\/blog\/2009\/03\/06\/qetsori-cfare-do-bejme-kur-te-dalim\/#webpage","url":"https:\/\/www.visit-ulcinj.com\/blog\/2009\/03\/06\/qetsori-cfare-do-bejme-kur-te-dalim\/","name":"Qetsori : Cfar\u00c3\u00ab do b\u00c3\u00abjm\u00c3\u00ab kur t\u00c3\u00ab dalim? - Big Brother Albania","isPartOf":{"@id":"https:\/\/www.visit-ulcinj.com\/blog\/#website"},"primaryImageOfPage":{"@id":"https:\/\/www.visit-ulcinj.com\/blog\/2009\/03\/06\/qetsori-cfare-do-bejme-kur-te-dalim\/#primaryimage"},"datePublished":"2009-03-05T23:18:02+00:00","dateModified":"2009-03-05T22:21:15+00:00","author":{"@id":"https:\/\/www.visit-ulcinj.com\/blog\/#\/schema\/person\/dcab619c614d3038751c63bc2aadc06d"},"description":"Big Brother Albania - Zhuljeta, Sori dhe Arjoni diskutojn\u00c3\u00ab n\u00c3\u00ab kuzhin\u00c3\u00ab duke p\u00c3\u00abrgatitur drek\u00c3\u00abn. \u00c3\u2039sht\u00c3\u00ab Sori ai q\u00c3\u00ab pyet i pari se cfar\u00c3\u00ab do t\u00c3\u00ab b\u00c3\u00abj\u00c3\u00ab Bjordi kur t\u00c3\u00ab dal\u00c3\u00ab nga sht\u00c3\u00abpia.","breadcrumb":{"@id":"https:\/\/www.visit-ulcinj.com\/blog\/2009\/03\/06\/qetsori-cfare-do-bejme-kur-te-dalim\/#breadcrumb"},"inLanguage":"en-US","potentialAction":[{"@type":"ReadAction","target":["https:\/\/www.visit-ulcinj.com\/blog\/2009\/03\/06\/qetsori-cfare-do-bejme-kur-te-dalim\/"]}]},{"@type":"BreadcrumbList","@id":"https:\/\/www.visit-ulcinj.com\/blog\/2009\/03\/06\/qetsori-cfare-do-bejme-kur-te-dalim\/#breadcrumb","itemListElement":[{"@type":"ListItem","position":1,"name":"Qetsori : Cfar\u00eb do b\u00ebjm\u00eb kur t\u00eb dalim?"}]},{"@type":"Person","@id":"https:\/\/www.visit-ulcinj.com\/blog\/#\/schema\/person\/dcab619c614d3038751c63bc2aadc06d","name":"ulqini","sameAs":["http:\/\/www.visit-ulcinj.com"],"url":"https:\/\/www.visit-ulcinj.com\/blog\/author\/admin\/"}]}},"jetpack_featured_media_url":"","jetpack_sharing_enabled":true,"jetpack_shortlink":"https:\/\/wp.me\/pe6lTn-3n6","_links":{"self":[{"href":"https:\/\/www.visit-ulcinj.com\/blog\/wp-json\/wp\/v2\/posts\/12964"}],"collection":[{"href":"https:\/\/www.visit-ulcinj.com\/blog\/wp-json\/wp\/v2\/posts"}],"about":[{"href":"https:\/\/www.visit-ulcinj.com\/blog\/wp-json\/wp\/v2\/types\/post"}],"author":[{"embeddable":true,"href":"https:\/\/www.visit-ulcinj.com\/blog\/wp-json\/wp\/v2\/users\/1"}],"replies":[{"embeddable":true,"href":"https:\/\/www.visit-ulcinj.com\/blog\/wp-json\/wp\/v2\/comments?post=12964"}],"version-history":[{"count":0,"href":"https:\/\/www.visit-ulcinj.com\/blog\/wp-json\/wp\/v2\/posts\/12964\/revisions"}],"wp:attachment":[{"href":"https:\/\/www.visit-ulcinj.com\/blog\/wp-json\/wp\/v2\/media?parent=12964"}],"wp:term":[{"taxonomy":"category","embeddable":true,"href":"https:\/\/www.visit-ulcinj.com\/blog\/wp-json\/wp\/v2\/categories?post=12964"},{"taxonomy":"post_tag","embeddable":true,"href":"https:\/\/www.visit-ulcinj.com\/blog\/wp-json\/wp\/v2\/tags?post=12964"}],"curies":[{"name":"wp","href":"https:\/\/api.w.org\/{rel}","templated":true}]}}