{"id":12972,"date":"2009-03-06T00:26:12","date_gmt":"2009-03-05T23:26:12","guid":{"rendered":"http:\/\/www.visit-ulcinj.com\/blog\/?p=12972"},"modified":"2009-03-05T23:29:51","modified_gmt":"2009-03-05T22:29:51","slug":"arjon-une-jam-per-barazine-gjinore","status":"publish","type":"post","link":"https:\/\/www.visit-ulcinj.com\/blog\/2009\/03\/06\/arjon-une-jam-per-barazine-gjinore\/","title":{"rendered":"Arjon : Un\u00eb jam p\u00ebr barazin\u00eb gjinore"},"content":{"rendered":"<p><em><span class=\"newsdate\"><a href=\"http:\/\/www.visit-ulcinj.com\/blog\/wp-content\/uploads\/2009\/03\/arjoni-per-barazine-copy.jpg\"><img loading=\"lazy\" class=\"alignleft size-full wp-image-12974\" title=\"arjoni-per-barazine-big-brother-albania\" src=\"http:\/\/www.visit-ulcinj.com\/blog\/wp-content\/uploads\/2009\/03\/arjoni-per-barazine-copy.jpg\" alt=\"arjoni-per-barazine-big-brother-albania\" width=\"300\" height=\"205\" \/><\/a>04\/03\/09 04:30<\/span><\/em><\/p>\n<p>Sipas Arjonit, t\u00eb rejat shqiptare jan\u00eb n\u00eb nj\u00eb faz\u00eb emancipimi, por jetojn\u00eb akoma n\u00eb familje konservatore. Kjo krijon, sipas tij, nj\u00eb situat\u00eb mjaft delikate. Ai thot\u00eb se \u00ebsht\u00eb p\u00ebr nj\u00eb rol t\u00eb barabart\u00eb t\u00eb gruas dhe t\u00eb burrit n\u00eb familje e n\u00eb sht\u00ebpi, por \u00ebsht\u00eb kund\u00ebr atyre grave q\u00eb edhe e zgjedhin vet t\u00eb b\u00ebjn\u00eb sht\u00ebpiaken, edhe pretendojn\u00eb q\u00eb kur burri t\u00eb kthehet nga puna, t\u2019u b\u00ebj\u00eb pun\u00ebt e sht\u00ebpis\u00eb. N\u00ebse edhe gruaja edhe burri punojn\u00eb diku, t\u00eb dy duhet t\u00eb kontribuojn\u00eb kur kthehen, por n\u00ebse gruaja nuk ka d\u00ebshir\u00eb t\u00eb punoj\u00eb dhe zgjedh t\u00eb jet\u00eb sht\u00ebpiake, at\u00ebher\u00eb duhet ta luaj\u00eb k\u00ebt\u00eb rol deri n\u00eb fund.<\/p>\n","protected":false},"excerpt":{"rendered":"<p>04\/03\/09 04:30 Sipas Arjonit, t\u00eb rejat shqiptare jan\u00eb n\u00eb nj\u00eb faz\u00eb emancipimi, por jetojn\u00eb akoma n\u00eb familje konservatore. Kjo krijon, sipas tij, nj\u00eb situat\u00eb mjaft delikate. Ai thot\u00eb se \u00ebsht\u00eb p\u00ebr nj\u00eb rol t\u00eb barabart\u00eb t\u00eb gruas dhe t\u00eb burrit n\u00eb familje e n\u00eb sht\u00ebpi, por \u00ebsht\u00eb kund\u00ebr atyre grave q\u00eb edhe e zgjedhin vet [&hellip;]<\/p>\n","protected":false},"author":1,"featured_media":0,"comment_status":"open","ping_status":"closed","sticky":false,"template":"","format":"standard","meta":{"spay_email":"","jetpack_publicize_message":"","jetpack_is_tweetstorm":false,"jetpack_publicize_feature_enabled":true},"categories":[6502],"tags":[7521,6525,5057,6506,6712,7129,6891,6693,6887,7522],"jetpack_publicize_connections":[],"yoast_head":"<!-- This site is optimized with the Yoast SEO plugin v19.1 - https:\/\/yoast.com\/wordpress\/plugins\/seo\/ -->\n<title>Arjon : Un\u00c3\u00ab jam p\u00c3\u00abr barazin\u00c3\u00ab gjinore! - Big Brother Albania<\/title>\n<meta name=\"description\" content=\"Big Brother Albania - Sipas Arjonit, t\u00c3\u00ab rejat shqiptare jan\u00c3\u00ab n\u00c3\u00ab nj\u00c3\u00ab faz\u00c3\u00ab emancipimi, por jetojn\u00c3\u00ab akoma n\u00c3\u00ab familje konservatore.\" \/>\n<meta name=\"robots\" content=\"index, follow, max-snippet:-1, max-image-preview:large, max-video-preview:-1\" \/>\n<link rel=\"canonical\" href=\"https:\/\/www.visit-ulcinj.com\/blog\/2009\/03\/06\/arjon-une-jam-per-barazine-gjinore\/\" \/>\n<meta property=\"og:locale\" content=\"en_US\" \/>\n<meta property=\"og:type\" content=\"article\" \/>\n<meta property=\"og:title\" content=\"Arjon : Un\u00c3\u00ab jam p\u00c3\u00abr barazin\u00c3\u00ab gjinore! - Big Brother Albania\" \/>\n<meta property=\"og:description\" content=\"Big Brother Albania - Sipas Arjonit, t\u00c3\u00ab rejat shqiptare jan\u00c3\u00ab n\u00c3\u00ab nj\u00c3\u00ab faz\u00c3\u00ab emancipimi, por jetojn\u00c3\u00ab akoma n\u00c3\u00ab familje konservatore.\" \/>\n<meta property=\"og:url\" content=\"https:\/\/www.visit-ulcinj.com\/blog\/2009\/03\/06\/arjon-une-jam-per-barazine-gjinore\/\" \/>\n<meta property=\"og:site_name\" content=\"Lajme nga Ulqini\" \/>\n<meta property=\"article:published_time\" content=\"2009-03-05T23:26:12+00:00\" \/>\n<meta property=\"article:modified_time\" content=\"2009-03-05T22:29:51+00:00\" \/>\n<meta property=\"og:image\" content=\"http:\/\/www.visit-ulcinj.com\/blog\/wp-content\/uploads\/2009\/03\/arjoni-per-barazine-copy.jpg\" \/>\n<meta name=\"twitter:label1\" content=\"Written by\" \/>\n\t<meta name=\"twitter:data1\" content=\"ulqini\" \/>\n\t<meta name=\"twitter:label2\" content=\"Est. reading time\" \/>\n\t<meta name=\"twitter:data2\" content=\"1 minute\" \/>\n<script type=\"application\/ld+json\" class=\"yoast-schema-graph\">{\"@context\":\"https:\/\/schema.org\",\"@graph\":[{\"@type\":\"WebSite\",\"@id\":\"https:\/\/www.visit-ulcinj.com\/blog\/#website\",\"url\":\"https:\/\/www.visit-ulcinj.com\/blog\/\",\"name\":\"Lajme nga Ulqini\",\"description\":\"Lajme,Vijesti,Ulqini,Ulqin,Crna Gora,Mali i Zi\",\"potentialAction\":[{\"@type\":\"SearchAction\",\"target\":{\"@type\":\"EntryPoint\",\"urlTemplate\":\"https:\/\/www.visit-ulcinj.com\/blog\/?s={search_term_string}\"},\"query-input\":\"required name=search_term_string\"}],\"inLanguage\":\"en-US\"},{\"@type\":\"ImageObject\",\"inLanguage\":\"en-US\",\"@id\":\"https:\/\/www.visit-ulcinj.com\/blog\/2009\/03\/06\/arjon-une-jam-per-barazine-gjinore\/#primaryimage\",\"url\":\"http:\/\/www.visit-ulcinj.com\/blog\/wp-content\/uploads\/2009\/03\/arjoni-per-barazine-copy.jpg\",\"contentUrl\":\"http:\/\/www.visit-ulcinj.com\/blog\/wp-content\/uploads\/2009\/03\/arjoni-per-barazine-copy.jpg\"},{\"@type\":\"WebPage\",\"@id\":\"https:\/\/www.visit-ulcinj.com\/blog\/2009\/03\/06\/arjon-une-jam-per-barazine-gjinore\/#webpage\",\"url\":\"https:\/\/www.visit-ulcinj.com\/blog\/2009\/03\/06\/arjon-une-jam-per-barazine-gjinore\/\",\"name\":\"Arjon : Un\u00c3\u00ab jam p\u00c3\u00abr barazin\u00c3\u00ab gjinore! - Big Brother Albania\",\"isPartOf\":{\"@id\":\"https:\/\/www.visit-ulcinj.com\/blog\/#website\"},\"primaryImageOfPage\":{\"@id\":\"https:\/\/www.visit-ulcinj.com\/blog\/2009\/03\/06\/arjon-une-jam-per-barazine-gjinore\/#primaryimage\"},\"datePublished\":\"2009-03-05T23:26:12+00:00\",\"dateModified\":\"2009-03-05T22:29:51+00:00\",\"author\":{\"@id\":\"https:\/\/www.visit-ulcinj.com\/blog\/#\/schema\/person\/dcab619c614d3038751c63bc2aadc06d\"},\"description\":\"Big Brother Albania - Sipas Arjonit, t\u00c3\u00ab rejat shqiptare jan\u00c3\u00ab n\u00c3\u00ab nj\u00c3\u00ab faz\u00c3\u00ab emancipimi, por jetojn\u00c3\u00ab akoma n\u00c3\u00ab familje konservatore.\",\"breadcrumb\":{\"@id\":\"https:\/\/www.visit-ulcinj.com\/blog\/2009\/03\/06\/arjon-une-jam-per-barazine-gjinore\/#breadcrumb\"},\"inLanguage\":\"en-US\",\"potentialAction\":[{\"@type\":\"ReadAction\",\"target\":[\"https:\/\/www.visit-ulcinj.com\/blog\/2009\/03\/06\/arjon-une-jam-per-barazine-gjinore\/\"]}]},{\"@type\":\"BreadcrumbList\",\"@id\":\"https:\/\/www.visit-ulcinj.com\/blog\/2009\/03\/06\/arjon-une-jam-per-barazine-gjinore\/#breadcrumb\",\"itemListElement\":[{\"@type\":\"ListItem\",\"position\":1,\"name\":\"Arjon : Un\u00eb jam p\u00ebr barazin\u00eb gjinore\"}]},{\"@type\":\"Person\",\"@id\":\"https:\/\/www.visit-ulcinj.com\/blog\/#\/schema\/person\/dcab619c614d3038751c63bc2aadc06d\",\"name\":\"ulqini\",\"sameAs\":[\"http:\/\/www.visit-ulcinj.com\"],\"url\":\"https:\/\/www.visit-ulcinj.com\/blog\/author\/admin\/\"}]}<\/script>\n<!-- \/ Yoast SEO plugin. -->","yoast_head_json":{"title":"Arjon : Un\u00c3\u00ab jam p\u00c3\u00abr barazin\u00c3\u00ab gjinore! - Big Brother Albania","description":"Big Brother Albania - Sipas Arjonit, t\u00c3\u00ab rejat shqiptare jan\u00c3\u00ab n\u00c3\u00ab nj\u00c3\u00ab faz\u00c3\u00ab emancipimi, por jetojn\u00c3\u00ab akoma n\u00c3\u00ab familje konservatore.","robots":{"index":"index","follow":"follow","max-snippet":"max-snippet:-1","max-image-preview":"max-image-preview:large","max-video-preview":"max-video-preview:-1"},"canonical":"https:\/\/www.visit-ulcinj.com\/blog\/2009\/03\/06\/arjon-une-jam-per-barazine-gjinore\/","og_locale":"en_US","og_type":"article","og_title":"Arjon : Un\u00c3\u00ab jam p\u00c3\u00abr barazin\u00c3\u00ab gjinore! - Big Brother Albania","og_description":"Big Brother Albania - Sipas Arjonit, t\u00c3\u00ab rejat shqiptare jan\u00c3\u00ab n\u00c3\u00ab nj\u00c3\u00ab faz\u00c3\u00ab emancipimi, por jetojn\u00c3\u00ab akoma n\u00c3\u00ab familje konservatore.","og_url":"https:\/\/www.visit-ulcinj.com\/blog\/2009\/03\/06\/arjon-une-jam-per-barazine-gjinore\/","og_site_name":"Lajme nga Ulqini","article_published_time":"2009-03-05T23:26:12+00:00","article_modified_time":"2009-03-05T22:29:51+00:00","og_image":[{"url":"http:\/\/www.visit-ulcinj.com\/blog\/wp-content\/uploads\/2009\/03\/arjoni-per-barazine-copy.jpg"}],"twitter_misc":{"Written by":"ulqini","Est. reading time":"1 minute"},"schema":{"@context":"https:\/\/schema.org","@graph":[{"@type":"WebSite","@id":"https:\/\/www.visit-ulcinj.com\/blog\/#website","url":"https:\/\/www.visit-ulcinj.com\/blog\/","name":"Lajme nga Ulqini","description":"Lajme,Vijesti,Ulqini,Ulqin,Crna Gora,Mali i Zi","potentialAction":[{"@type":"SearchAction","target":{"@type":"EntryPoint","urlTemplate":"https:\/\/www.visit-ulcinj.com\/blog\/?s={search_term_string}"},"query-input":"required name=search_term_string"}],"inLanguage":"en-US"},{"@type":"ImageObject","inLanguage":"en-US","@id":"https:\/\/www.visit-ulcinj.com\/blog\/2009\/03\/06\/arjon-une-jam-per-barazine-gjinore\/#primaryimage","url":"http:\/\/www.visit-ulcinj.com\/blog\/wp-content\/uploads\/2009\/03\/arjoni-per-barazine-copy.jpg","contentUrl":"http:\/\/www.visit-ulcinj.com\/blog\/wp-content\/uploads\/2009\/03\/arjoni-per-barazine-copy.jpg"},{"@type":"WebPage","@id":"https:\/\/www.visit-ulcinj.com\/blog\/2009\/03\/06\/arjon-une-jam-per-barazine-gjinore\/#webpage","url":"https:\/\/www.visit-ulcinj.com\/blog\/2009\/03\/06\/arjon-une-jam-per-barazine-gjinore\/","name":"Arjon : Un\u00c3\u00ab jam p\u00c3\u00abr barazin\u00c3\u00ab gjinore! - Big Brother Albania","isPartOf":{"@id":"https:\/\/www.visit-ulcinj.com\/blog\/#website"},"primaryImageOfPage":{"@id":"https:\/\/www.visit-ulcinj.com\/blog\/2009\/03\/06\/arjon-une-jam-per-barazine-gjinore\/#primaryimage"},"datePublished":"2009-03-05T23:26:12+00:00","dateModified":"2009-03-05T22:29:51+00:00","author":{"@id":"https:\/\/www.visit-ulcinj.com\/blog\/#\/schema\/person\/dcab619c614d3038751c63bc2aadc06d"},"description":"Big Brother Albania - Sipas Arjonit, t\u00c3\u00ab rejat shqiptare jan\u00c3\u00ab n\u00c3\u00ab nj\u00c3\u00ab faz\u00c3\u00ab emancipimi, por jetojn\u00c3\u00ab akoma n\u00c3\u00ab familje konservatore.","breadcrumb":{"@id":"https:\/\/www.visit-ulcinj.com\/blog\/2009\/03\/06\/arjon-une-jam-per-barazine-gjinore\/#breadcrumb"},"inLanguage":"en-US","potentialAction":[{"@type":"ReadAction","target":["https:\/\/www.visit-ulcinj.com\/blog\/2009\/03\/06\/arjon-une-jam-per-barazine-gjinore\/"]}]},{"@type":"BreadcrumbList","@id":"https:\/\/www.visit-ulcinj.com\/blog\/2009\/03\/06\/arjon-une-jam-per-barazine-gjinore\/#breadcrumb","itemListElement":[{"@type":"ListItem","position":1,"name":"Arjon : Un\u00eb jam p\u00ebr barazin\u00eb gjinore"}]},{"@type":"Person","@id":"https:\/\/www.visit-ulcinj.com\/blog\/#\/schema\/person\/dcab619c614d3038751c63bc2aadc06d","name":"ulqini","sameAs":["http:\/\/www.visit-ulcinj.com"],"url":"https:\/\/www.visit-ulcinj.com\/blog\/author\/admin\/"}]}},"jetpack_featured_media_url":"","jetpack_sharing_enabled":true,"jetpack_shortlink":"https:\/\/wp.me\/pe6lTn-3ne","_links":{"self":[{"href":"https:\/\/www.visit-ulcinj.com\/blog\/wp-json\/wp\/v2\/posts\/12972"}],"collection":[{"href":"https:\/\/www.visit-ulcinj.com\/blog\/wp-json\/wp\/v2\/posts"}],"about":[{"href":"https:\/\/www.visit-ulcinj.com\/blog\/wp-json\/wp\/v2\/types\/post"}],"author":[{"embeddable":true,"href":"https:\/\/www.visit-ulcinj.com\/blog\/wp-json\/wp\/v2\/users\/1"}],"replies":[{"embeddable":true,"href":"https:\/\/www.visit-ulcinj.com\/blog\/wp-json\/wp\/v2\/comments?post=12972"}],"version-history":[{"count":0,"href":"https:\/\/www.visit-ulcinj.com\/blog\/wp-json\/wp\/v2\/posts\/12972\/revisions"}],"wp:attachment":[{"href":"https:\/\/www.visit-ulcinj.com\/blog\/wp-json\/wp\/v2\/media?parent=12972"}],"wp:term":[{"taxonomy":"category","embeddable":true,"href":"https:\/\/www.visit-ulcinj.com\/blog\/wp-json\/wp\/v2\/categories?post=12972"},{"taxonomy":"post_tag","embeddable":true,"href":"https:\/\/www.visit-ulcinj.com\/blog\/wp-json\/wp\/v2\/tags?post=12972"}],"curies":[{"name":"wp","href":"https:\/\/api.w.org\/{rel}","templated":true}]}}