{"id":1298,"date":"2008-04-18T09:16:59","date_gmt":"2008-04-18T14:16:59","guid":{"rendered":"http:\/\/www.visit-ulcinj.com\/blog\/?p=1298"},"modified":"2008-04-18T09:16:59","modified_gmt":"2008-04-18T14:16:59","slug":"xhamia-e-lamit-ne-ulqin","status":"publish","type":"post","link":"https:\/\/www.visit-ulcinj.com\/blog\/2008\/04\/18\/xhamia-e-lamit-ne-ulqin\/","title":{"rendered":"Xhamia e Lamit n\u00eb Ulqin"},"content":{"rendered":"<p><a href=\"http:\/\/www.visit-ulcinj.com\/blog\/wp-content\/uploads\/2008\/04\/xhamija-e-lamit4.jpg\"><img loading=\"lazy\" class=\"alignleft attachment wp-att-1299\" style=\"float: left;\" src=\"http:\/\/www.visit-ulcinj.com\/blog\/wp-content\/uploads\/2008\/04\/xhamija-e-lamit4.thumbnail.jpg\" alt=\"xhamija e lamit ulqin\" width=\"159\" height=\"200\" \/><\/a>Pas ardhjes s\u00eb turqve n\u00eb Ulqin, n\u00eb vitin 1571, u nd\u00ebrtuan disa xhami dhe mejtepe, si dhe ruzhdije-medreseja e cila ka luajtur rolin e nj\u00eb shkolle t\u00eb mesme. N\u00eb koh\u00ebn e administrat\u00ebs turke, n\u00eb Ulqin kan\u00eb ekzistuar 9 xhami, n\u00eb mesin e t\u00eb cilave edhe xhamia e Lamit,q\u00eb gjendet n\u00eb lagjen \u2018Mahalla e re\u2019 t\u00eb Ulqinit.N\u00eb hyrje t\u00eb k\u00ebsaj xhamie ekziston pllaka ku shkruan se at\u00eb e nd\u00ebrtoi Haxhi Alija n\u00eb vitin 1689. Ekzistojn\u00eb disa goj\u00ebdh\u00ebna lidhur me emrin e saj.Supozohet se m\u00eb e v\u00ebrteta \u00ebsht\u00eb ajo sipas s\u00eb cil\u00ebs emrin e ka marr\u00eb, sipas vendit pra, lami p\u00ebr punimin e drithit.Nd\u00ebrkaq burime historike lidhur me k\u00ebt\u00eb \u00e7\u00ebshtje nuk ekzistojn\u00eb.Pas Luft\u00ebs s\u00eb Dyt\u00eb Bot\u00ebrore disa persona t\u00eb pand\u00ebrgjegjsh\u00ebm kan\u00eb zhdukur shum\u00eb dokumente q\u00eb flasin p\u00ebr xhamit\u00eb.Imam\u00ebt e k\u00ebsaj xhamie kan\u00eb qen\u00eb Haxhi Hafiz Jusuf Cungu, i cili ka sh\u00ebrbyer nga viti 1897 \u2013 1924, Hafiz Halil Hoxha nga viti 1924 \u2013 1936,Ibrahim Zejnelaga 1936 \u20131941, Jakup Milla 1948 \u2013 1951, Shefqet Jusuf Cungu n\u00eb vitin 1962, kurse nj\u00eb koh\u00eb t\u00eb shkurt\u00ebr si Imam kan\u00eb sh\u00ebrbyer efendi Rifat Jusufi, dhe efendi Suad Ukushota.Si Imam ka qen\u00eb edhe Teufik Bilali.Si muezin kan\u00eb qen\u00eb Sulejman dhe Ibrahim \u00c7apunja.Prej vitit 1999 si Imam i k\u00ebsaj xhamie \u00ebsht\u00eb em\u00ebruar Safet Resulbegu, i cili gjendet n\u00eb studime universitare n\u00eb Kajro t\u00eb Egjiptit. Ky Imam ka nj\u00eb perspektiv\u00eb t\u00eb shk\u00eblqyer n\u00eb p\u00ebrvet\u00ebsimin e diturive fetare Islame. Momentalisht namazin e xhumas\u00eb e fal Omer Kajoshaj n\u00ebnpun\u00ebs i Meshihatit t\u00eb Bashk\u00ebsis\u00eb Islame nga Podgorica.Dikur kjo xhami ka pasur ullisht\u00ebn e vet n\u00eb nj\u00eb sip\u00ebrfaqe prej 90 ari dhe nj\u00eb sasi t\u00eb hollash.Me t\u00ebrmetin katastrofal t\u00eb vitit 1979, xhamia u shkat\u00ebrrua krejt\u00ebsisht dhe p\u00ebr disa vjet nuk ka funksionuar. Mir\u00ebpo me aktivitetin e Bashk\u00ebsis\u00eb Islame dhe qytetar\u00ebve u nd\u00ebrtua xhamia n\u00eb t\u00eb nj\u00ebjtat themele me nj\u00eb minare madh\u00ebshtore.Sip\u00ebrfaqja e saj p\u00ebrb\u00ebhet prej 136 metrave katror\u00eb pa llogaritur ballkonet. Pran\u00eb xhamis\u00eb gjendet gasulhanja q\u00eb i plot\u00ebson t\u00eb gjitha<a href=\"http:\/\/www.visit-ulcinj.com\/blog\/wp-content\/uploads\/2008\/04\/sahat-kulla.jpg\"><img loading=\"lazy\" class=\"alignright attachment wp-att-1300\" style=\"float: right;\" src=\"http:\/\/www.visit-ulcinj.com\/blog\/wp-content\/uploads\/2008\/04\/sahat-kulla.thumbnail.jpg\" alt=\"sahat kulla ulqin1\" width=\"200\" height=\"150\" \/><\/a> kushtet higjienike p\u00ebr rregullimin e rahmetlinjve,t\u00eb vdekurve. N\u00eb kuad\u00ebr t\u00eb xhamis\u00eb ndodhet edhe vendi p\u00ebr faljen e xhenazeve,gj\u00eb q\u00eb \u00ebsht\u00eb e mir\u00ebseardhur p\u00ebr qytet dhe m\u00eb gjer\u00eb.N\u00eb nd\u00ebrtimin e xhamis\u00eb s\u00eb Lamit kan\u00eb ndihmuar qytetar\u00ebt e Ulqinit dhe disa bashk\u00ebvend\u00ebs nga diaspora. Mir\u00ebpo duhet p\u00ebrmendur se p\u00ebr nd\u00ebrtimin e saj ka pasur pengesa nga disa persona t\u00eb asaj kohe.P\u00ebr nd\u00ebrtimin dhe ekzistimin e k\u00ebsaj xhamie nj\u00eb rol t\u00eb r\u00ebnd\u00ebsish\u00ebm ka luajtur edhe i ndjeri rahmetli Ibrahim Bajramoviq,ish kryeimami i Bashk\u00ebsis\u00eb Islame t\u00eb Ulqinit. N\u00eb nj\u00eb bised\u00eb q\u00eb kam pasur me t\u00eb, m\u00eb ka treguar se vendi ku \u00ebsht\u00eb nd\u00ebrtuar xhamia ka qen\u00eb planifikuar t\u00eb mbetet si vend parkimi p\u00ebr automjetet dhe se n\u00eb vend t\u00eb saj, xhamis\u00eb kan\u00eb dashur ti japin nj\u00eb vend tjet\u00ebr n\u00eb periferi t\u00eb qytetit. N\u00eb fund duhet theksuar se \u00e7do njeri, qoft\u00eb nga vendi apo nga jasht\u00eb, mbetet i mahnitur dhe me p\u00ebrshtypje t\u00eb thella nga bukuria e brendshme dhe e jashtme e k\u00ebtij objekti fetar.<br \/>\n<strong>Hilmi Cungu<\/strong><\/p>\n","protected":false},"excerpt":{"rendered":"<p><img loading=\"lazy\" class=\"alignleft attachment wp-att-1299\" style=\"float: left;\" src=\"http:\/\/www.visit-ulcinj.com\/blog\/wp-content\/uploads\/2008\/04\/xhamija-e-lamit4.thumbnail.jpg\" alt=\"xhamija e lamit ulqin\" width=\"140\" height=\"140\" \/><\/p>\n","protected":false},"author":1,"featured_media":0,"comment_status":"open","ping_status":"closed","sticky":false,"template":"","format":"standard","meta":{"spay_email":"","jetpack_publicize_message":"","jetpack_is_tweetstorm":false,"jetpack_publicize_feature_enabled":true},"categories":[4,11],"tags":[2547,2548,2557,2558,2551,2550,2549,2559,2546,2556,2555,2552,2554,2553,2501],"jetpack_publicize_connections":[],"yoast_head":"<!-- This site is optimized with the Yoast SEO plugin v19.1 - https:\/\/yoast.com\/wordpress\/plugins\/seo\/ -->\n<title>Xhamia e Lamit n\u00eb Ulqin - Lajme nga Ulqini<\/title>\n<meta name=\"robots\" content=\"index, follow, max-snippet:-1, max-image-preview:large, max-video-preview:-1\" \/>\n<link rel=\"canonical\" href=\"https:\/\/www.visit-ulcinj.com\/blog\/2008\/04\/18\/xhamia-e-lamit-ne-ulqin\/\" \/>\n<meta property=\"og:locale\" content=\"en_US\" \/>\n<meta property=\"og:type\" content=\"article\" \/>\n<meta property=\"og:title\" content=\"Xhamia e Lamit n\u00eb Ulqin - Lajme nga Ulqini\" \/>\n<meta property=\"og:url\" content=\"https:\/\/www.visit-ulcinj.com\/blog\/2008\/04\/18\/xhamia-e-lamit-ne-ulqin\/\" \/>\n<meta property=\"og:site_name\" content=\"Lajme nga Ulqini\" \/>\n<meta property=\"article:published_time\" content=\"2008-04-18T14:16:59+00:00\" \/>\n<meta property=\"og:image\" content=\"http:\/\/www.visit-ulcinj.com\/blog\/wp-content\/uploads\/2008\/04\/xhamija-e-lamit4.thumbnail.jpg\" \/>\n<meta name=\"twitter:label1\" content=\"Written by\" \/>\n\t<meta name=\"twitter:data1\" content=\"ulqini\" \/>\n\t<meta name=\"twitter:label2\" content=\"Est. reading time\" \/>\n\t<meta name=\"twitter:data2\" content=\"3 minutes\" \/>\n<script type=\"application\/ld+json\" class=\"yoast-schema-graph\">{\"@context\":\"https:\/\/schema.org\",\"@graph\":[{\"@type\":\"WebSite\",\"@id\":\"https:\/\/www.visit-ulcinj.com\/blog\/#website\",\"url\":\"https:\/\/www.visit-ulcinj.com\/blog\/\",\"name\":\"Lajme nga Ulqini\",\"description\":\"Lajme,Vijesti,Ulqini,Ulqin,Crna Gora,Mali i Zi\",\"potentialAction\":[{\"@type\":\"SearchAction\",\"target\":{\"@type\":\"EntryPoint\",\"urlTemplate\":\"https:\/\/www.visit-ulcinj.com\/blog\/?s={search_term_string}\"},\"query-input\":\"required name=search_term_string\"}],\"inLanguage\":\"en-US\"},{\"@type\":\"ImageObject\",\"inLanguage\":\"en-US\",\"@id\":\"https:\/\/www.visit-ulcinj.com\/blog\/2008\/04\/18\/xhamia-e-lamit-ne-ulqin\/#primaryimage\",\"url\":\"http:\/\/www.visit-ulcinj.com\/blog\/wp-content\/uploads\/2008\/04\/xhamija-e-lamit4.thumbnail.jpg\",\"contentUrl\":\"http:\/\/www.visit-ulcinj.com\/blog\/wp-content\/uploads\/2008\/04\/xhamija-e-lamit4.thumbnail.jpg\"},{\"@type\":\"WebPage\",\"@id\":\"https:\/\/www.visit-ulcinj.com\/blog\/2008\/04\/18\/xhamia-e-lamit-ne-ulqin\/#webpage\",\"url\":\"https:\/\/www.visit-ulcinj.com\/blog\/2008\/04\/18\/xhamia-e-lamit-ne-ulqin\/\",\"name\":\"Xhamia e Lamit n\u00eb Ulqin - Lajme nga Ulqini\",\"isPartOf\":{\"@id\":\"https:\/\/www.visit-ulcinj.com\/blog\/#website\"},\"primaryImageOfPage\":{\"@id\":\"https:\/\/www.visit-ulcinj.com\/blog\/2008\/04\/18\/xhamia-e-lamit-ne-ulqin\/#primaryimage\"},\"datePublished\":\"2008-04-18T14:16:59+00:00\",\"dateModified\":\"2008-04-18T14:16:59+00:00\",\"author\":{\"@id\":\"https:\/\/www.visit-ulcinj.com\/blog\/#\/schema\/person\/dcab619c614d3038751c63bc2aadc06d\"},\"breadcrumb\":{\"@id\":\"https:\/\/www.visit-ulcinj.com\/blog\/2008\/04\/18\/xhamia-e-lamit-ne-ulqin\/#breadcrumb\"},\"inLanguage\":\"en-US\",\"potentialAction\":[{\"@type\":\"ReadAction\",\"target\":[\"https:\/\/www.visit-ulcinj.com\/blog\/2008\/04\/18\/xhamia-e-lamit-ne-ulqin\/\"]}]},{\"@type\":\"BreadcrumbList\",\"@id\":\"https:\/\/www.visit-ulcinj.com\/blog\/2008\/04\/18\/xhamia-e-lamit-ne-ulqin\/#breadcrumb\",\"itemListElement\":[{\"@type\":\"ListItem\",\"position\":1,\"name\":\"Xhamia e Lamit n\u00eb Ulqin\"}]},{\"@type\":\"Person\",\"@id\":\"https:\/\/www.visit-ulcinj.com\/blog\/#\/schema\/person\/dcab619c614d3038751c63bc2aadc06d\",\"name\":\"ulqini\",\"sameAs\":[\"http:\/\/www.visit-ulcinj.com\"],\"url\":\"https:\/\/www.visit-ulcinj.com\/blog\/author\/admin\/\"}]}<\/script>\n<!-- \/ Yoast SEO plugin. -->","yoast_head_json":{"title":"Xhamia e Lamit n\u00eb Ulqin - Lajme nga Ulqini","robots":{"index":"index","follow":"follow","max-snippet":"max-snippet:-1","max-image-preview":"max-image-preview:large","max-video-preview":"max-video-preview:-1"},"canonical":"https:\/\/www.visit-ulcinj.com\/blog\/2008\/04\/18\/xhamia-e-lamit-ne-ulqin\/","og_locale":"en_US","og_type":"article","og_title":"Xhamia e Lamit n\u00eb Ulqin - Lajme nga Ulqini","og_url":"https:\/\/www.visit-ulcinj.com\/blog\/2008\/04\/18\/xhamia-e-lamit-ne-ulqin\/","og_site_name":"Lajme nga Ulqini","article_published_time":"2008-04-18T14:16:59+00:00","og_image":[{"url":"http:\/\/www.visit-ulcinj.com\/blog\/wp-content\/uploads\/2008\/04\/xhamija-e-lamit4.thumbnail.jpg"}],"twitter_misc":{"Written by":"ulqini","Est. reading time":"3 minutes"},"schema":{"@context":"https:\/\/schema.org","@graph":[{"@type":"WebSite","@id":"https:\/\/www.visit-ulcinj.com\/blog\/#website","url":"https:\/\/www.visit-ulcinj.com\/blog\/","name":"Lajme nga Ulqini","description":"Lajme,Vijesti,Ulqini,Ulqin,Crna Gora,Mali i Zi","potentialAction":[{"@type":"SearchAction","target":{"@type":"EntryPoint","urlTemplate":"https:\/\/www.visit-ulcinj.com\/blog\/?s={search_term_string}"},"query-input":"required name=search_term_string"}],"inLanguage":"en-US"},{"@type":"ImageObject","inLanguage":"en-US","@id":"https:\/\/www.visit-ulcinj.com\/blog\/2008\/04\/18\/xhamia-e-lamit-ne-ulqin\/#primaryimage","url":"http:\/\/www.visit-ulcinj.com\/blog\/wp-content\/uploads\/2008\/04\/xhamija-e-lamit4.thumbnail.jpg","contentUrl":"http:\/\/www.visit-ulcinj.com\/blog\/wp-content\/uploads\/2008\/04\/xhamija-e-lamit4.thumbnail.jpg"},{"@type":"WebPage","@id":"https:\/\/www.visit-ulcinj.com\/blog\/2008\/04\/18\/xhamia-e-lamit-ne-ulqin\/#webpage","url":"https:\/\/www.visit-ulcinj.com\/blog\/2008\/04\/18\/xhamia-e-lamit-ne-ulqin\/","name":"Xhamia e Lamit n\u00eb Ulqin - Lajme nga Ulqini","isPartOf":{"@id":"https:\/\/www.visit-ulcinj.com\/blog\/#website"},"primaryImageOfPage":{"@id":"https:\/\/www.visit-ulcinj.com\/blog\/2008\/04\/18\/xhamia-e-lamit-ne-ulqin\/#primaryimage"},"datePublished":"2008-04-18T14:16:59+00:00","dateModified":"2008-04-18T14:16:59+00:00","author":{"@id":"https:\/\/www.visit-ulcinj.com\/blog\/#\/schema\/person\/dcab619c614d3038751c63bc2aadc06d"},"breadcrumb":{"@id":"https:\/\/www.visit-ulcinj.com\/blog\/2008\/04\/18\/xhamia-e-lamit-ne-ulqin\/#breadcrumb"},"inLanguage":"en-US","potentialAction":[{"@type":"ReadAction","target":["https:\/\/www.visit-ulcinj.com\/blog\/2008\/04\/18\/xhamia-e-lamit-ne-ulqin\/"]}]},{"@type":"BreadcrumbList","@id":"https:\/\/www.visit-ulcinj.com\/blog\/2008\/04\/18\/xhamia-e-lamit-ne-ulqin\/#breadcrumb","itemListElement":[{"@type":"ListItem","position":1,"name":"Xhamia e Lamit n\u00eb Ulqin"}]},{"@type":"Person","@id":"https:\/\/www.visit-ulcinj.com\/blog\/#\/schema\/person\/dcab619c614d3038751c63bc2aadc06d","name":"ulqini","sameAs":["http:\/\/www.visit-ulcinj.com"],"url":"https:\/\/www.visit-ulcinj.com\/blog\/author\/admin\/"}]}},"jetpack_featured_media_url":"","jetpack_sharing_enabled":true,"jetpack_shortlink":"https:\/\/wp.me\/pe6lTn-kW","_links":{"self":[{"href":"https:\/\/www.visit-ulcinj.com\/blog\/wp-json\/wp\/v2\/posts\/1298"}],"collection":[{"href":"https:\/\/www.visit-ulcinj.com\/blog\/wp-json\/wp\/v2\/posts"}],"about":[{"href":"https:\/\/www.visit-ulcinj.com\/blog\/wp-json\/wp\/v2\/types\/post"}],"author":[{"embeddable":true,"href":"https:\/\/www.visit-ulcinj.com\/blog\/wp-json\/wp\/v2\/users\/1"}],"replies":[{"embeddable":true,"href":"https:\/\/www.visit-ulcinj.com\/blog\/wp-json\/wp\/v2\/comments?post=1298"}],"version-history":[{"count":0,"href":"https:\/\/www.visit-ulcinj.com\/blog\/wp-json\/wp\/v2\/posts\/1298\/revisions"}],"wp:attachment":[{"href":"https:\/\/www.visit-ulcinj.com\/blog\/wp-json\/wp\/v2\/media?parent=1298"}],"wp:term":[{"taxonomy":"category","embeddable":true,"href":"https:\/\/www.visit-ulcinj.com\/blog\/wp-json\/wp\/v2\/categories?post=1298"},{"taxonomy":"post_tag","embeddable":true,"href":"https:\/\/www.visit-ulcinj.com\/blog\/wp-json\/wp\/v2\/tags?post=1298"}],"curies":[{"name":"wp","href":"https:\/\/api.w.org\/{rel}","templated":true}]}}