{"id":12988,"date":"2009-03-06T01:55:28","date_gmt":"2009-03-06T00:55:28","guid":{"rendered":"http:\/\/www.visit-ulcinj.com\/blog\/?p=12988"},"modified":"2009-03-06T00:00:32","modified_gmt":"2009-03-05T23:00:32","slug":"mesida-mashkulli-im-ideal","status":"publish","type":"post","link":"https:\/\/www.visit-ulcinj.com\/blog\/2009\/03\/06\/mesida-mashkulli-im-ideal\/","title":{"rendered":"Mesida : Mashkulli im ideal"},"content":{"rendered":"<p><em><span class=\"newsdate\"><a href=\"http:\/\/www.visit-ulcinj.com\/blog\/wp-content\/uploads\/2009\/03\/mesida-per-mashkullin-ideal-copy.jpg\"><img loading=\"lazy\" class=\"alignleft size-full wp-image-12989\" title=\"mesida-per-mashkullin-ideal-big-brother-albania\" src=\"http:\/\/www.visit-ulcinj.com\/blog\/wp-content\/uploads\/2009\/03\/mesida-per-mashkullin-ideal-copy.jpg\" alt=\"mesida-per-mashkullin-ideal-big-brother-albania\" width=\"300\" height=\"205\" \/><\/a>04\/03\/09 00:15<\/span><\/em><\/p>\n<p>Mimoza e ka pyetur Mesid\u00ebn se cili do t\u00eb ishte p\u00ebr t\u00eb mashkulli ideal. Ajo ka th\u00ebn\u00eb se nuk kishte nj\u00eb t\u00eb till\u00eb. Mesida ka shtuar se p\u00ebr t\u00eb nuk ka r\u00ebnd\u00ebsi pamja fizike, sesa i bukur \u00ebsht\u00eb, p\u00ebr t\u00eb e r\u00ebnd\u00ebsishme \u00ebsht\u00eb q\u00eb t\u00eb jet\u00eb njeri i mir\u00eb e ta respektoj\u00eb at\u00eb. Ajo ka th\u00ebn\u00eb se ka njer\u00ebz q\u00eb nuk jan\u00eb t\u00eb bukur fizikisht , por sa m\u00eb shum\u00eb t\u00eb rrish me ta, aq m\u00eb shum\u00eb ata zbukurohen n\u00eb syt\u00eb e tjer\u00ebve. Po ashtu asaj do t\u2019i p\u00eblqente q\u00eb v\u00ebshtrimi i mashkullit t\u00eb saj, t\u00eb rrezatonte mir\u00ebsi. \u201cNdoshta, nj\u00eb dit\u00eb, p\u00ebrfundoj me dik\u00eb q\u00eb s\u2019ka pamje t\u00eb bukur, por q\u00eb p\u00ebr mua mund t\u00eb jet\u00eb njeriu m\u00eb i bukur n\u00eb bot\u00eb!\u201d \u2013 ka p\u00ebrfunduar ajo.<\/p>\n","protected":false},"excerpt":{"rendered":"<p>04\/03\/09 00:15 Mimoza e ka pyetur Mesid\u00ebn se cili do t\u00eb ishte p\u00ebr t\u00eb mashkulli ideal. Ajo ka th\u00ebn\u00eb se nuk kishte nj\u00eb t\u00eb till\u00eb. Mesida ka shtuar se p\u00ebr t\u00eb nuk ka r\u00ebnd\u00ebsi pamja fizike, sesa i bukur \u00ebsht\u00eb, p\u00ebr t\u00eb e r\u00ebnd\u00ebsishme \u00ebsht\u00eb q\u00eb t\u00eb jet\u00eb njeri i mir\u00eb e ta respektoj\u00eb at\u00eb. [&hellip;]<\/p>\n","protected":false},"author":1,"featured_media":0,"comment_status":"open","ping_status":"closed","sticky":false,"template":"","format":"standard","meta":{"spay_email":"","jetpack_publicize_message":"","jetpack_is_tweetstorm":false,"jetpack_publicize_feature_enabled":true},"categories":[6502],"tags":[6738,5057,6506,6712,7129,6665,7526,7525,7365,7364,6568,6544,6891,6693,6887],"jetpack_publicize_connections":[],"yoast_head":"<!-- This site is optimized with the Yoast SEO plugin v19.1 - https:\/\/yoast.com\/wordpress\/plugins\/seo\/ -->\n<title>Mesida : Mashkulli im ideal - Big Brother Albania<\/title>\n<meta name=\"description\" content=\"Big Brother Albania - Mimoza e ka pyetur Mesid\u00c3\u00abn se cili do t\u00c3\u00ab ishte p\u00c3\u00abr t\u00c3\u00ab mashkulli ideal. Ajo ka th\u00c3\u00abn\u00c3\u00ab se nuk kishte nj\u00c3\u00ab t\u00c3\u00ab till\u00c3\u00ab.\" \/>\n<meta name=\"robots\" content=\"index, follow, max-snippet:-1, max-image-preview:large, max-video-preview:-1\" \/>\n<link rel=\"canonical\" href=\"https:\/\/www.visit-ulcinj.com\/blog\/2009\/03\/06\/mesida-mashkulli-im-ideal\/\" \/>\n<meta property=\"og:locale\" content=\"en_US\" \/>\n<meta property=\"og:type\" content=\"article\" \/>\n<meta property=\"og:title\" content=\"Mesida : Mashkulli im ideal - Big Brother Albania\" \/>\n<meta property=\"og:description\" content=\"Big Brother Albania - Mimoza e ka pyetur Mesid\u00c3\u00abn se cili do t\u00c3\u00ab ishte p\u00c3\u00abr t\u00c3\u00ab mashkulli ideal. Ajo ka th\u00c3\u00abn\u00c3\u00ab se nuk kishte nj\u00c3\u00ab t\u00c3\u00ab till\u00c3\u00ab.\" \/>\n<meta property=\"og:url\" content=\"https:\/\/www.visit-ulcinj.com\/blog\/2009\/03\/06\/mesida-mashkulli-im-ideal\/\" \/>\n<meta property=\"og:site_name\" content=\"Lajme nga Ulqini\" \/>\n<meta property=\"article:published_time\" content=\"2009-03-06T00:55:28+00:00\" \/>\n<meta property=\"article:modified_time\" content=\"2009-03-05T23:00:32+00:00\" \/>\n<meta property=\"og:image\" content=\"http:\/\/www.visit-ulcinj.com\/blog\/wp-content\/uploads\/2009\/03\/mesida-per-mashkullin-ideal-copy.jpg\" \/>\n<meta name=\"twitter:label1\" content=\"Written by\" \/>\n\t<meta name=\"twitter:data1\" content=\"ulqini\" \/>\n\t<meta name=\"twitter:label2\" content=\"Est. reading time\" \/>\n\t<meta name=\"twitter:data2\" content=\"1 minute\" \/>\n<script type=\"application\/ld+json\" class=\"yoast-schema-graph\">{\"@context\":\"https:\/\/schema.org\",\"@graph\":[{\"@type\":\"WebSite\",\"@id\":\"https:\/\/www.visit-ulcinj.com\/blog\/#website\",\"url\":\"https:\/\/www.visit-ulcinj.com\/blog\/\",\"name\":\"Lajme nga Ulqini\",\"description\":\"Lajme,Vijesti,Ulqini,Ulqin,Crna Gora,Mali i Zi\",\"potentialAction\":[{\"@type\":\"SearchAction\",\"target\":{\"@type\":\"EntryPoint\",\"urlTemplate\":\"https:\/\/www.visit-ulcinj.com\/blog\/?s={search_term_string}\"},\"query-input\":\"required name=search_term_string\"}],\"inLanguage\":\"en-US\"},{\"@type\":\"ImageObject\",\"inLanguage\":\"en-US\",\"@id\":\"https:\/\/www.visit-ulcinj.com\/blog\/2009\/03\/06\/mesida-mashkulli-im-ideal\/#primaryimage\",\"url\":\"http:\/\/www.visit-ulcinj.com\/blog\/wp-content\/uploads\/2009\/03\/mesida-per-mashkullin-ideal-copy.jpg\",\"contentUrl\":\"http:\/\/www.visit-ulcinj.com\/blog\/wp-content\/uploads\/2009\/03\/mesida-per-mashkullin-ideal-copy.jpg\"},{\"@type\":\"WebPage\",\"@id\":\"https:\/\/www.visit-ulcinj.com\/blog\/2009\/03\/06\/mesida-mashkulli-im-ideal\/#webpage\",\"url\":\"https:\/\/www.visit-ulcinj.com\/blog\/2009\/03\/06\/mesida-mashkulli-im-ideal\/\",\"name\":\"Mesida : Mashkulli im ideal - Big Brother Albania\",\"isPartOf\":{\"@id\":\"https:\/\/www.visit-ulcinj.com\/blog\/#website\"},\"primaryImageOfPage\":{\"@id\":\"https:\/\/www.visit-ulcinj.com\/blog\/2009\/03\/06\/mesida-mashkulli-im-ideal\/#primaryimage\"},\"datePublished\":\"2009-03-06T00:55:28+00:00\",\"dateModified\":\"2009-03-05T23:00:32+00:00\",\"author\":{\"@id\":\"https:\/\/www.visit-ulcinj.com\/blog\/#\/schema\/person\/dcab619c614d3038751c63bc2aadc06d\"},\"description\":\"Big Brother Albania - Mimoza e ka pyetur Mesid\u00c3\u00abn se cili do t\u00c3\u00ab ishte p\u00c3\u00abr t\u00c3\u00ab mashkulli ideal. Ajo ka th\u00c3\u00abn\u00c3\u00ab se nuk kishte nj\u00c3\u00ab t\u00c3\u00ab till\u00c3\u00ab.\",\"breadcrumb\":{\"@id\":\"https:\/\/www.visit-ulcinj.com\/blog\/2009\/03\/06\/mesida-mashkulli-im-ideal\/#breadcrumb\"},\"inLanguage\":\"en-US\",\"potentialAction\":[{\"@type\":\"ReadAction\",\"target\":[\"https:\/\/www.visit-ulcinj.com\/blog\/2009\/03\/06\/mesida-mashkulli-im-ideal\/\"]}]},{\"@type\":\"BreadcrumbList\",\"@id\":\"https:\/\/www.visit-ulcinj.com\/blog\/2009\/03\/06\/mesida-mashkulli-im-ideal\/#breadcrumb\",\"itemListElement\":[{\"@type\":\"ListItem\",\"position\":1,\"name\":\"Mesida : Mashkulli im ideal\"}]},{\"@type\":\"Person\",\"@id\":\"https:\/\/www.visit-ulcinj.com\/blog\/#\/schema\/person\/dcab619c614d3038751c63bc2aadc06d\",\"name\":\"ulqini\",\"sameAs\":[\"http:\/\/www.visit-ulcinj.com\"],\"url\":\"https:\/\/www.visit-ulcinj.com\/blog\/author\/admin\/\"}]}<\/script>\n<!-- \/ Yoast SEO plugin. -->","yoast_head_json":{"title":"Mesida : Mashkulli im ideal - Big Brother Albania","description":"Big Brother Albania - Mimoza e ka pyetur Mesid\u00c3\u00abn se cili do t\u00c3\u00ab ishte p\u00c3\u00abr t\u00c3\u00ab mashkulli ideal. Ajo ka th\u00c3\u00abn\u00c3\u00ab se nuk kishte nj\u00c3\u00ab t\u00c3\u00ab till\u00c3\u00ab.","robots":{"index":"index","follow":"follow","max-snippet":"max-snippet:-1","max-image-preview":"max-image-preview:large","max-video-preview":"max-video-preview:-1"},"canonical":"https:\/\/www.visit-ulcinj.com\/blog\/2009\/03\/06\/mesida-mashkulli-im-ideal\/","og_locale":"en_US","og_type":"article","og_title":"Mesida : Mashkulli im ideal - Big Brother Albania","og_description":"Big Brother Albania - Mimoza e ka pyetur Mesid\u00c3\u00abn se cili do t\u00c3\u00ab ishte p\u00c3\u00abr t\u00c3\u00ab mashkulli ideal. Ajo ka th\u00c3\u00abn\u00c3\u00ab se nuk kishte nj\u00c3\u00ab t\u00c3\u00ab till\u00c3\u00ab.","og_url":"https:\/\/www.visit-ulcinj.com\/blog\/2009\/03\/06\/mesida-mashkulli-im-ideal\/","og_site_name":"Lajme nga Ulqini","article_published_time":"2009-03-06T00:55:28+00:00","article_modified_time":"2009-03-05T23:00:32+00:00","og_image":[{"url":"http:\/\/www.visit-ulcinj.com\/blog\/wp-content\/uploads\/2009\/03\/mesida-per-mashkullin-ideal-copy.jpg"}],"twitter_misc":{"Written by":"ulqini","Est. reading time":"1 minute"},"schema":{"@context":"https:\/\/schema.org","@graph":[{"@type":"WebSite","@id":"https:\/\/www.visit-ulcinj.com\/blog\/#website","url":"https:\/\/www.visit-ulcinj.com\/blog\/","name":"Lajme nga Ulqini","description":"Lajme,Vijesti,Ulqini,Ulqin,Crna Gora,Mali i Zi","potentialAction":[{"@type":"SearchAction","target":{"@type":"EntryPoint","urlTemplate":"https:\/\/www.visit-ulcinj.com\/blog\/?s={search_term_string}"},"query-input":"required name=search_term_string"}],"inLanguage":"en-US"},{"@type":"ImageObject","inLanguage":"en-US","@id":"https:\/\/www.visit-ulcinj.com\/blog\/2009\/03\/06\/mesida-mashkulli-im-ideal\/#primaryimage","url":"http:\/\/www.visit-ulcinj.com\/blog\/wp-content\/uploads\/2009\/03\/mesida-per-mashkullin-ideal-copy.jpg","contentUrl":"http:\/\/www.visit-ulcinj.com\/blog\/wp-content\/uploads\/2009\/03\/mesida-per-mashkullin-ideal-copy.jpg"},{"@type":"WebPage","@id":"https:\/\/www.visit-ulcinj.com\/blog\/2009\/03\/06\/mesida-mashkulli-im-ideal\/#webpage","url":"https:\/\/www.visit-ulcinj.com\/blog\/2009\/03\/06\/mesida-mashkulli-im-ideal\/","name":"Mesida : Mashkulli im ideal - Big Brother Albania","isPartOf":{"@id":"https:\/\/www.visit-ulcinj.com\/blog\/#website"},"primaryImageOfPage":{"@id":"https:\/\/www.visit-ulcinj.com\/blog\/2009\/03\/06\/mesida-mashkulli-im-ideal\/#primaryimage"},"datePublished":"2009-03-06T00:55:28+00:00","dateModified":"2009-03-05T23:00:32+00:00","author":{"@id":"https:\/\/www.visit-ulcinj.com\/blog\/#\/schema\/person\/dcab619c614d3038751c63bc2aadc06d"},"description":"Big Brother Albania - Mimoza e ka pyetur Mesid\u00c3\u00abn se cili do t\u00c3\u00ab ishte p\u00c3\u00abr t\u00c3\u00ab mashkulli ideal. Ajo ka th\u00c3\u00abn\u00c3\u00ab se nuk kishte nj\u00c3\u00ab t\u00c3\u00ab till\u00c3\u00ab.","breadcrumb":{"@id":"https:\/\/www.visit-ulcinj.com\/blog\/2009\/03\/06\/mesida-mashkulli-im-ideal\/#breadcrumb"},"inLanguage":"en-US","potentialAction":[{"@type":"ReadAction","target":["https:\/\/www.visit-ulcinj.com\/blog\/2009\/03\/06\/mesida-mashkulli-im-ideal\/"]}]},{"@type":"BreadcrumbList","@id":"https:\/\/www.visit-ulcinj.com\/blog\/2009\/03\/06\/mesida-mashkulli-im-ideal\/#breadcrumb","itemListElement":[{"@type":"ListItem","position":1,"name":"Mesida : Mashkulli im ideal"}]},{"@type":"Person","@id":"https:\/\/www.visit-ulcinj.com\/blog\/#\/schema\/person\/dcab619c614d3038751c63bc2aadc06d","name":"ulqini","sameAs":["http:\/\/www.visit-ulcinj.com"],"url":"https:\/\/www.visit-ulcinj.com\/blog\/author\/admin\/"}]}},"jetpack_featured_media_url":"","jetpack_sharing_enabled":true,"jetpack_shortlink":"https:\/\/wp.me\/pe6lTn-3nu","_links":{"self":[{"href":"https:\/\/www.visit-ulcinj.com\/blog\/wp-json\/wp\/v2\/posts\/12988"}],"collection":[{"href":"https:\/\/www.visit-ulcinj.com\/blog\/wp-json\/wp\/v2\/posts"}],"about":[{"href":"https:\/\/www.visit-ulcinj.com\/blog\/wp-json\/wp\/v2\/types\/post"}],"author":[{"embeddable":true,"href":"https:\/\/www.visit-ulcinj.com\/blog\/wp-json\/wp\/v2\/users\/1"}],"replies":[{"embeddable":true,"href":"https:\/\/www.visit-ulcinj.com\/blog\/wp-json\/wp\/v2\/comments?post=12988"}],"version-history":[{"count":0,"href":"https:\/\/www.visit-ulcinj.com\/blog\/wp-json\/wp\/v2\/posts\/12988\/revisions"}],"wp:attachment":[{"href":"https:\/\/www.visit-ulcinj.com\/blog\/wp-json\/wp\/v2\/media?parent=12988"}],"wp:term":[{"taxonomy":"category","embeddable":true,"href":"https:\/\/www.visit-ulcinj.com\/blog\/wp-json\/wp\/v2\/categories?post=12988"},{"taxonomy":"post_tag","embeddable":true,"href":"https:\/\/www.visit-ulcinj.com\/blog\/wp-json\/wp\/v2\/tags?post=12988"}],"curies":[{"name":"wp","href":"https:\/\/api.w.org\/{rel}","templated":true}]}}